{"id":687,"date":"2025-04-11T03:13:00","date_gmt":"2025-04-11T07:13:00","guid":{"rendered":"https:\/\/cleefbible.com\/?p=687"},"modified":"2025-04-13T04:14:14","modified_gmt":"2025-04-13T08:14:14","slug":"livre-de-la-genese","status":"publish","type":"post","link":"https:\/\/cleefbible.com\/fr\/livre-de-la-genese\/","title":{"rendered":"Livre de la Gen\u00e8se : L&#039;origine de tout r\u00e9v\u00e9l\u00e9e"},"content":{"rendered":"[et_pb_section fb_built=\u201d1\u2033 _builder_version=\u201d4.16\u2033 global_colors_info=\u201d{}\u201d theme_builder_area=\u201dpost_content\u201d][et_pb_row _builder_version=\u201d4.16\u2033 background_size=\u201dinitial\u201d background_position=\u201dtop_left\u201d background_repeat=\u201drepeat\u201d global_colors_info=\u201d{}\u201d theme_builder_area=\u201dpost_content\u201d][et_pb_column type=\u201d4_4\u2033 _builder_version=\u201d4.16\u2033 custom_padding=\u201d|||\u201d global_colors_info=\u201d{}\u201d custom_padding__hover=\u201d|||\u201d theme_builder_area=\u201dpost_content\u201d][et_pb_text _builder_version=\u201d4.27.4\u2033 background_size=\u201dinitial\u201d background_position=\u201dtop_left\u201d background_repeat=\u201drepeat\u201d global_colors_info=\u201d{}\u201d theme_builder_area=\u201dpost_content\u201d]<p><b>Et si les r\u00e9ponses \u00e0 l\u2019origine de l\u2019univers, de la vie et de votre but se trouvaient dans le premier livre de la Bible ?<\/b><\/p>\n<p><span style=\"font-weight: 400;\">Vous \u00eates-vous d\u00e9j\u00e0 demand\u00e9 pourquoi nous sommes ici, comment tout a commenc\u00e9 ou s\u2019il y a un but au-del\u00e0 de ce qui est visible ?<\/span><span style=\"font-weight: 400;\"><br \/><\/span><span style=\"font-weight: 400;\"> Depuis l\u2019aube de l\u2019humanit\u00e9, ces questions suscitent curiosit\u00e9, d\u00e9bats, th\u00e9ories\u2026 et espoir.<\/span><span style=\"font-weight: 400;\"><br \/><\/span><span style=\"font-weight: 400;\"> Ce qui est surprenant, c&#039;est que <\/span><b>le livre de la Gen\u00e8se<\/b><span style=\"font-weight: 400;\"> \u2014le premier texte de la Bible\u2014 non seulement les \u00e9l\u00e8ve, mais <\/span><b>offre des r\u00e9ponses puissantes qui sont toujours d&#039;actualit\u00e9 aujourd&#039;hui<\/b><span style=\"font-weight: 400;\">.<\/span><\/p>\n<p><span style=\"font-weight: 400;\">Dans ses pages se trouvent les fondements de l\u2019univers, la dignit\u00e9 de l\u2019\u00eatre humain, la racine du mal et la promesse de la r\u00e9demption.<\/span><span style=\"font-weight: 400;\"><br \/><\/span><span style=\"font-weight: 400;\"> Ce n\u2019est pas seulement un conte ancien, mais le point de d\u00e9part d\u2019une histoire \u00e9ternelle dans laquelle vous aussi \u00eates inclus.<\/span><\/p>\n<p><span style=\"font-weight: 400;\">Pr\u00e9parez-vous \u00e0 d\u00e9couvrir pourquoi <\/span><b>La Gen\u00e8se n\u2019est pas simplement un commencement, mais le cadre complet de l\u2019histoire humaine selon l\u2019esprit et le c\u0153ur de Dieu.<\/b><\/p>\n<div id=\"ez-toc-container\" class=\"ez-toc-v2_0_82_2 counter-hierarchy ez-toc-counter ez-toc-grey ez-toc-container-direction\">\n<div class=\"ez-toc-title-container\">\n<p class=\"ez-toc-title\" style=\"cursor:inherit\">Table des mati\u00e8res<\/p>\n<span class=\"ez-toc-title-toggle\"><a href=\"#\" class=\"ez-toc-pull-right ez-toc-btn ez-toc-btn-xs ez-toc-btn-default ez-toc-toggle\" aria-label=\"Basculer la table des mati\u00e8res\"><span class=\"ez-toc-js-icon-con\"><span class=\"\"><span class=\"eztoc-hide\" style=\"display:none;\">Basculer<\/span><span class=\"ez-toc-icon-toggle-span\"><svg style=\"fill: #999;color:#999\" xmlns=\"http:\/\/www.w3.org\/2000\/svg\" class=\"list-377408\" width=\"20px\" height=\"20px\" viewbox=\"0 0 24 24\" fill=\"none\"><path d=\"M6 6H4v2h2V6zm14 0H8v2h12V6zM4 11h2v2H4v-2zm16 0H8v2h12v-2zM4 16h2v2H4v-2zm16 0H8v2h12v-2z\" fill=\"currentColor\"><\/path><\/svg><svg style=\"fill: #999;color:#999\" class=\"arrow-unsorted-368013\" xmlns=\"http:\/\/www.w3.org\/2000\/svg\" width=\"10px\" height=\"10px\" viewbox=\"0 0 24 24\" version=\"1.2\" baseprofile=\"tiny\"><path d=\"M18.2 9.3l-6.2-6.3-6.2 6.3c-.2.2-.3.4-.3.7s.1.5.3.7c.2.2.4.3.7.3h11c.3 0 .5-.1.7-.3.2-.2.3-.5.3-.7s-.1-.5-.3-.7zM5.8 14.7l6.2 6.3 6.2-6.3c.2-.2.3-.5.3-.7s-.1-.5-.3-.7c-.2-.2-.4-.3-.7-.3h-11c-.3 0-.5.1-.7.3-.2.2-.3.5-.3.7s.1.5.3.7z\"\/><\/svg><\/span><\/span><\/span><\/a><\/span><\/div>\n<nav><ul class='ez-toc-list ez-toc-list-level-1' ><li class='ez-toc-page-1 ez-toc-heading-level-2'><a class=\"ez-toc-link ez-toc-heading-1\" href=\"https:\/\/cleefbible.com\/fr\/livre-de-la-genese\/#%C2%BFQue_significa_la_palabra_%E2%80%9CGenesis%E2%80%9D\" >Que signifie le mot \u00ab Gen\u00e8se \u00bb ?<\/a><\/li><li class='ez-toc-page-1 ez-toc-heading-level-2'><a class=\"ez-toc-link ez-toc-heading-2\" href=\"https:\/\/cleefbible.com\/fr\/livre-de-la-genese\/#Importancia_del_primer_libro_de_la_Biblia\" >Importance du premier livre de la Bible<\/a><\/li><li class='ez-toc-page-1 ez-toc-heading-level-2'><a class=\"ez-toc-link ez-toc-heading-3\" href=\"https:\/\/cleefbible.com\/fr\/livre-de-la-genese\/#Su_influencia_en_la_teologia_la_historia_y_la_cultura\" >Son influence sur la th\u00e9ologie, l\u2019histoire et la culture<\/a><\/li><li class='ez-toc-page-1 ez-toc-heading-level-2'><a class=\"ez-toc-link ez-toc-heading-4\" href=\"https:\/\/cleefbible.com\/fr\/livre-de-la-genese\/#Autoria_y_fecha_del_Genesis\" >Auteur et date de la Gen\u00e8se<\/a><\/li><li class='ez-toc-page-1 ez-toc-heading-level-2'><a class=\"ez-toc-link ez-toc-heading-5\" href=\"https:\/\/cleefbible.com\/fr\/livre-de-la-genese\/#Estructura_literaria_del_Genesis\" >Structure litt\u00e9raire de la Gen\u00e8se<\/a><\/li><li class='ez-toc-page-1 ez-toc-heading-level-2'><a class=\"ez-toc-link ez-toc-heading-6\" href=\"https:\/\/cleefbible.com\/fr\/livre-de-la-genese\/#Temas_principales_del_Libro_de_Genesis\" >Th\u00e8mes principaux du livre de la Gen\u00e8se<\/a><\/li><li class='ez-toc-page-1 ez-toc-heading-level-2'><a class=\"ez-toc-link ez-toc-heading-7\" href=\"https:\/\/cleefbible.com\/fr\/livre-de-la-genese\/#Los_primeros_once_capitulos_Genesis_primitivo\" >Les onze premiers chapitres : La Gen\u00e8se primitive<\/a><\/li><li class='ez-toc-page-1 ez-toc-heading-level-2'><a class=\"ez-toc-link ez-toc-heading-8\" href=\"https:\/\/cleefbible.com\/fr\/livre-de-la-genese\/#Patriarcas_y_promesas_Genesis_12%E2%80%9350\" >Patriarches et promesses : Gen\u00e8se 12\u201350<\/a><\/li><li class='ez-toc-page-1 ez-toc-heading-level-2'><a class=\"ez-toc-link ez-toc-heading-9\" href=\"https:\/\/cleefbible.com\/fr\/livre-de-la-genese\/#Genesis_y_la_teologia_biblica\" >Gen\u00e8se et th\u00e9ologie biblique<\/a><\/li><li class='ez-toc-page-1 ez-toc-heading-level-2'><a class=\"ez-toc-link ez-toc-heading-10\" href=\"https:\/\/cleefbible.com\/fr\/livre-de-la-genese\/#Generos_literarios_presentes_en_el_Genesis\" >Genres litt\u00e9raires pr\u00e9sents dans la Gen\u00e8se<\/a><\/li><li class='ez-toc-page-1 ez-toc-heading-level-2'><a class=\"ez-toc-link ez-toc-heading-11\" href=\"https:\/\/cleefbible.com\/fr\/livre-de-la-genese\/#Simbolismos_clave_en_el_Libro_de_Genesis\" >Symbolismes cl\u00e9s du livre de la Gen\u00e8se<\/a><\/li><li class='ez-toc-page-1 ez-toc-heading-level-2'><a class=\"ez-toc-link ez-toc-heading-12\" href=\"https:\/\/cleefbible.com\/fr\/livre-de-la-genese\/#El_Libro_de_Genesis_en_el_contexto_del_Pentateuco\" >Le livre de la Gen\u00e8se dans le contexte du Pentateuque<\/a><\/li><li class='ez-toc-page-1 ez-toc-heading-level-2'><a class=\"ez-toc-link ez-toc-heading-13\" href=\"https:\/\/cleefbible.com\/fr\/livre-de-la-genese\/#Influencia_del_Libro_de_Genesis_en_el_Nuevo_Testamento\" >Influence du livre de la Gen\u00e8se sur le Nouveau Testament<\/a><\/li><li class='ez-toc-page-1 ez-toc-heading-level-2'><a class=\"ez-toc-link ez-toc-heading-14\" href=\"https:\/\/cleefbible.com\/fr\/livre-de-la-genese\/#Genesis_y_ciencia_creacionismo_vs_evolucion\" >Gen\u00e8se et science : cr\u00e9ationnisme contre \u00e9volution<\/a><\/li><li class='ez-toc-page-1 ez-toc-heading-level-2'><a class=\"ez-toc-link ez-toc-heading-15\" href=\"https:\/\/cleefbible.com\/fr\/livre-de-la-genese\/#Ensenanzas_practicas_del_Libro_de_Genesis_para_hoy\" >Enseignements pratiques du livre de la Gen\u00e8se pour aujourd&#039;hui<\/a><\/li><li class='ez-toc-page-1 ez-toc-heading-level-2'><a class=\"ez-toc-link ez-toc-heading-16\" href=\"https:\/\/cleefbible.com\/fr\/livre-de-la-genese\/#Como_estudiar_el_Libro_de_Genesis_eficazmente\" >Comment \u00e9tudier efficacement le livre de la Gen\u00e8se<\/a><\/li><li class='ez-toc-page-1 ez-toc-heading-level-2'><a class=\"ez-toc-link ez-toc-heading-17\" href=\"https:\/\/cleefbible.com\/fr\/livre-de-la-genese\/#El_Genesis_en_el_arte_la_musica_y_la_literatura\" >Gen\u00e8se dans l&#039;art, la musique et la litt\u00e9rature<\/a><\/li><li class='ez-toc-page-1 ez-toc-heading-level-2'><a class=\"ez-toc-link ez-toc-heading-18\" href=\"https:\/\/cleefbible.com\/fr\/livre-de-la-genese\/#Relevancia_del_Genesis_para_el_mundo_contemporaneo\" >Pertinence de la Gen\u00e8se pour le monde contemporain<\/a><\/li><li class='ez-toc-page-1 ez-toc-heading-level-2'><a class=\"ez-toc-link ez-toc-heading-19\" href=\"https:\/\/cleefbible.com\/fr\/livre-de-la-genese\/#%F0%9F%93%97_Recomendaciones_de_libros_sobre_el_Libro_de_Genesis_Amazon\" >\ud83d\udcd7 Recommandations de livres sur le livre de la Gen\u00e8se (Amazon)<\/a><\/li><li class='ez-toc-page-1 ez-toc-heading-level-2'><a class=\"ez-toc-link ez-toc-heading-20\" href=\"https:\/\/cleefbible.com\/fr\/livre-de-la-genese\/#Preguntas_frecuentes_sobre_el_Libro_de_Genesis\" >Questions fr\u00e9quemment pos\u00e9es sur le livre de la Gen\u00e8se<\/a><\/li><li class='ez-toc-page-1 ez-toc-heading-level-2'><a class=\"ez-toc-link ez-toc-heading-21\" href=\"https:\/\/cleefbible.com\/fr\/livre-de-la-genese\/#Conclusion\" >Conclusion<\/a><\/li><\/ul><\/nav><\/div>\n<h2><span class=\"ez-toc-section\" id=\"%C2%BFQue_significa_la_palabra_%E2%80%9CGenesis%E2%80%9D\"><\/span><b>Que signifie le mot \u00ab Gen\u00e8se \u00bb ?<\/b><span class=\"ez-toc-section-end\"><\/span><\/h2>\n<p><span style=\"font-weight: 400;\">Le mot \u00ab Gen\u00e8se \u00bb vient du grec <\/span><b>gen\u00e8se<\/b><span style=\"font-weight: 400;\">, qui signifie \u00ab origine \u00bb, \u00ab commencement \u00bb ou \u00ab naissance \u00bb.<\/span><span style=\"font-weight: 400;\"><br \/><\/span><span style=\"font-weight: 400;\"> Ce titre est tir\u00e9 de la traduction grecque de l&#039;Ancien Testament, le <\/span><b>Septante<\/b><span style=\"font-weight: 400;\">, o\u00f9 il est utilis\u00e9 pour d\u00e9crire <\/span><b>le commencement de toutes choses : l\u2019univers, l\u2019humanit\u00e9, le p\u00e9ch\u00e9, la r\u00e9demption et le peuple de Dieu.<\/b><\/p>\n<p><span style=\"font-weight: 400;\">En h\u00e9breu, le livre s&#039;intitule <\/span><b>\u00ab Beresheet \u00bb<\/b><span style=\"font-weight: 400;\">, qui signifie litt\u00e9ralement \u00ab Au commencement \u00bb, en r\u00e9f\u00e9rence aux premiers mots du texte original :<\/span><\/p>\n<p><span style=\"font-weight: 400;\">\u00ab Au commencement, Dieu cr\u00e9a les cieux et la terre \u00bb (Gen\u00e8se 1:1)<\/span><\/p>\n<p><span style=\"font-weight: 400;\">Les deux noms capturent parfaitement l\u2019essence du livre : <\/span><b>une histoire de d\u00e9buts fondamentaux<\/b><span style=\"font-weight: 400;\"> qui marquera le d\u00e9veloppement de toute la r\u00e9v\u00e9lation biblique.<\/span><\/p>\n<h2><span class=\"ez-toc-section\" id=\"Importancia_del_primer_libro_de_la_Biblia\"><\/span><b>Importance du premier livre de la Bible<\/b><span class=\"ez-toc-section-end\"><\/span><\/h2>\n<p><span style=\"font-weight: 400;\">La Gen\u00e8se est la <\/span><b>fondement th\u00e9ologique et narratif de toute l&#039;\u00c9criture<\/b><span style=\"font-weight: 400;\">.<\/span><span style=\"font-weight: 400;\"><br \/><\/span><span style=\"font-weight: 400;\"> Ce n\u2019est pas simplement un prologue, mais <\/span><b>le fondement sur lequel sont construits les grands th\u00e8mes de la foi chr\u00e9tienne et juive<\/b><span style=\"font-weight: 400;\">.<\/span><\/p>\n<p><span style=\"font-weight: 400;\">Importance cl\u00e9 :<\/span><\/p>\n<ul>\n<li style=\"font-weight: 400;\" aria-level=\"1\"><b>R\u00e9v\u00e8le Dieu comme Cr\u00e9ateur souverain<\/b><span style=\"font-weight: 400;\">, \u00e9ternel et personnel.<\/span><span style=\"font-weight: 400;\">\n<p><\/span><\/li>\n<li style=\"font-weight: 400;\" aria-level=\"1\"><span style=\"font-weight: 400;\">Expliquer <\/span><b>l&#039;origine du p\u00e9ch\u00e9 et le besoin de r\u00e9demption<\/b><span style=\"font-weight: 400;\">, racontant la chute de l&#039;homme.<\/span><span style=\"font-weight: 400;\">\n<p><\/span><\/li>\n<li style=\"font-weight: 400;\" aria-level=\"1\"><span style=\"font-weight: 400;\">Pr\u00e9sente le <\/span><b>pactes divins<\/b><span style=\"font-weight: 400;\"> qui d\u00e9finissent l\u2019histoire du salut, en particulier l\u2019alliance avec Abraham.<\/span><span style=\"font-weight: 400;\">\n<p><\/span><\/li>\n<li style=\"font-weight: 400;\" aria-level=\"1\"><span style=\"font-weight: 400;\">Introduit le concept de <\/span><b>l&#039;image de Dieu dans l&#039;\u00eatre humain<\/b><span style=\"font-weight: 400;\">, donnant dignit\u00e9 et but \u00e0 l&#039;existence.<\/span><span style=\"font-weight: 400;\">\n<p><\/span><\/li>\n<li style=\"font-weight: 400;\" aria-level=\"1\"><span style=\"font-weight: 400;\">\u00c9tablit la g\u00e9n\u00e9alogie et la lign\u00e9e qui <\/span><b>conduit \u00e0 la venue du Christ<\/b><span style=\"font-weight: 400;\">.<\/span><\/li>\n<\/ul>\n<p><span style=\"font-weight: 400;\">Sans la Gen\u00e8se, les autres livres de la Bible perdraient leur contexte.<\/span><span style=\"font-weight: 400;\"><br \/><\/span><span style=\"font-weight: 400;\"> C\u2019est le d\u00e9but de l\u2019histoire r\u00e9demptrice de Dieu avec l\u2019humanit\u00e9.<\/span><\/p>\n<h2><span class=\"ez-toc-section\" id=\"Su_influencia_en_la_teologia_la_historia_y_la_cultura\"><\/span><b>Son influence sur la th\u00e9ologie, l\u2019histoire et la culture<\/b><span class=\"ez-toc-section-end\"><\/span><\/h2>\n<p><span style=\"font-weight: 400;\">L&#039;impact du livre de la Gen\u00e8se <\/span><b>va bien au-del\u00e0 de la sph\u00e8re religieuse.<\/b><b><br \/><\/b><span style=\"font-weight: 400;\"> A profond\u00e9ment influenc\u00e9 :<\/span><\/p>\n<ol>\n<li><b> Th\u00e9ologie:<\/b><\/li>\n<\/ol>\n<ul>\n<li style=\"font-weight: 400;\" aria-level=\"1\"><span style=\"font-weight: 400;\">Les attributs de Dieu en tant que Cr\u00e9ateur, Juge et R\u00e9dempteur.<\/span><span style=\"font-weight: 400;\">\n<p><\/span><\/li>\n<li style=\"font-weight: 400;\" aria-level=\"1\"><span style=\"font-weight: 400;\">La doctrine du p\u00e9ch\u00e9 originel et l\u2019esp\u00e9rance messianique.<\/span><span style=\"font-weight: 400;\">\n<p><\/span><\/li>\n<li style=\"font-weight: 400;\" aria-level=\"1\"><span style=\"font-weight: 400;\">La base du monoth\u00e9isme biblique.<\/span><\/li>\n<\/ul>\n<ol start=\"2\">\n<li><b> L&#039;histoire :<\/b><\/li>\n<\/ol>\n<ul>\n<li style=\"font-weight: 400;\" aria-level=\"1\"><span style=\"font-weight: 400;\">Fournit une vision th\u00e9ologique des origines humaines, des civilisations anciennes et du dessein divin dans l\u2019histoire.<\/span><span style=\"font-weight: 400;\">\n<p><\/span><\/li>\n<li style=\"font-weight: 400;\" aria-level=\"1\"><span style=\"font-weight: 400;\">C\u2019est essentiel pour comprendre le d\u00e9veloppement du peuple d\u2019Isra\u00ebl.<\/span><\/li>\n<\/ul>\n<ol start=\"3\">\n<li><b> La culture :<\/b><\/li>\n<\/ol>\n<ul>\n<li style=\"font-weight: 400;\" aria-level=\"1\"><span style=\"font-weight: 400;\">A inspir\u00e9 <\/span><b>litt\u00e9rature, peinture, cin\u00e9ma, musique et philosophie.<\/b><b>\n<p><\/b><\/li>\n<li style=\"font-weight: 400;\" aria-level=\"1\"><span style=\"font-weight: 400;\">Des sc\u00e8nes telles que la cr\u00e9ation, l\u2019\u00c9den, l\u2019arche de No\u00e9 et la tour de Babel sont des r\u00e9f\u00e9rences universelles.<\/span><span style=\"font-weight: 400;\">\n<p><\/span><\/li>\n<li style=\"font-weight: 400;\" aria-level=\"1\"><span style=\"font-weight: 400;\">Elle a influenc\u00e9 les concepts de droit, de mariage, d\u2019\u00e9cologie, de justice et de dignit\u00e9 humaine.<\/span><\/li>\n<\/ul>\n<p><span style=\"font-weight: 400;\">La Gen\u00e8se n\u2019explique pas seulement comment tout a commenc\u00e9, <\/span><b>mais pourquoi tout existe<\/b><span style=\"font-weight: 400;\">, quelle est sa signification et <\/span><b>o\u00f9 l&#039;histoire nous m\u00e8ne<\/b><span style=\"font-weight: 400;\"> d\u2019une vision du monde centr\u00e9e sur Dieu.<\/span><span style=\"font-weight: 400;\"><br \/><\/span><span style=\"font-weight: 400;\"> C&#039;est un livre ancien avec un message qui <\/span><b>continue de fa\u00e7onner les c\u0153urs, les esprits et les civilisations.<\/b><\/p>\n<h2><span class=\"ez-toc-section\" id=\"Autoria_y_fecha_del_Genesis\"><\/span><b>Auteur et date de la Gen\u00e8se<\/b><span class=\"ez-toc-section-end\"><\/span><\/h2>\n<h3><b>Mo\u00efse est-il l\u2019auteur traditionnel de la Gen\u00e8se ?<\/b><\/h3>\n<p><span style=\"font-weight: 400;\">La tradition jud\u00e9o-chr\u00e9tienne attribue la paternit\u00e9 du livre de la Gen\u00e8se \u00e0 <\/span><b>Mo\u00efse<\/b><span style=\"font-weight: 400;\">, ainsi que les quatre autres livres qui composent le Pentateuque (Exode, L\u00e9vitique, Nombres et Deut\u00e9ronome).<\/span><span style=\"font-weight: 400;\"><br \/><\/span><span style=\"font-weight: 400;\"> Ce point de vue est d\u00e9fendu depuis des si\u00e8cles, sur la base de :<\/span><\/p>\n<ul>\n<li style=\"font-weight: 400;\" aria-level=\"1\"><span style=\"font-weight: 400;\">R\u00e9f\u00e9rences bibliques \u00e0 <\/span><b>\u00ab le livre de la loi de Mo\u00efse \u00bb<\/b><span style=\"font-weight: 400;\"> (Josu\u00e9 8:31; 2 Chroniques 34:14)<\/span><span style=\"font-weight: 400;\">\n<p><\/span><\/li>\n<li style=\"font-weight: 400;\" aria-level=\"1\"><span style=\"font-weight: 400;\">Paroles de <\/span><b>J\u00e9sus et les ap\u00f4tres<\/b><span style=\"font-weight: 400;\">, qui a fait r\u00e9f\u00e9rence \u00e0 Mo\u00efse comme l&#039;auteur de la loi (Jean 5:46-47 ; Marc 12:26)<\/span><span style=\"font-weight: 400;\">\n<p><\/span><\/li>\n<li style=\"font-weight: 400;\" aria-level=\"1\"><span style=\"font-weight: 400;\">La tradition rabbinique, qui a toujours consid\u00e9r\u00e9 Mo\u00efse comme le m\u00e9diateur et le gardien de la r\u00e9v\u00e9lation divine<\/span><\/li>\n<\/ul>\n<p><span style=\"font-weight: 400;\">Bien que la Gen\u00e8se ne mentionne pas directement Mo\u00efse comme son auteur, sa coh\u00e9rence avec le reste du Pentateuque, sa fonction introductive et sa transmission \u00e0 travers le peuple d&#039;Isra\u00ebl <\/span><b>renforcer cette paternit\u00e9 traditionnelle.<\/b><\/p>\n<h3><b>Arguments internes et preuves historiques<\/b><\/h3>\n<p><span style=\"font-weight: 400;\">En interne, Genesis montre <\/span><b>une structure unifi\u00e9e et une continuit\u00e9 th\u00e9matique<\/b><span style=\"font-weight: 400;\"> sugg\u00e9rant l\u2019intervention d\u2019un auteur ou d\u2019un compilateur principal guid\u00e9 par Dieu.<\/span><span style=\"font-weight: 400;\"><br \/><\/span><span style=\"font-weight: 400;\"> Les arguments en faveur de la paternit\u00e9 de Mosaic incluent :<\/span><\/p>\n<ul>\n<li style=\"font-weight: 400;\" aria-level=\"1\"><b>Liens linguistiques et stylistiques<\/b><span style=\"font-weight: 400;\"> entre la Gen\u00e8se et l&#039;Exode<\/span><span style=\"font-weight: 400;\">\n<p><\/span><\/li>\n<li style=\"font-weight: 400;\" aria-level=\"1\"><span style=\"font-weight: 400;\">L&#039;utilisation r\u00e9p\u00e9t\u00e9e d&#039;expressions typiques du contexte h\u00e9breu ancien<\/span><span style=\"font-weight: 400;\">\n<p><\/span><\/li>\n<li style=\"font-weight: 400;\" aria-level=\"1\"><span style=\"font-weight: 400;\">Une vision du monde coh\u00e9rente avec la th\u00e9ologie de l&#039;alliance que Mo\u00efse a enseign\u00e9e au peuple d&#039;Isra\u00ebl<\/span><span style=\"font-weight: 400;\">\n<p><\/span><\/li>\n<li style=\"font-weight: 400;\" aria-level=\"1\"><span style=\"font-weight: 400;\">Le fait que Mo\u00efse, en tant que chef du peuple et proph\u00e8te, ait <\/span><b>acc\u00e8s \u00e0 la fois \u00e0 la tradition orale et \u00e0 la r\u00e9v\u00e9lation divine directe<\/b><\/li>\n<\/ul>\n<p><span style=\"font-weight: 400;\">Historiquement, les scribes et copistes juifs ont pr\u00e9serv\u00e9 ces textes de la p\u00e9riode du d\u00e9sert (vers le XVe si\u00e8cle avant J.-C.) et les ont consid\u00e9r\u00e9s comme faisant partie de la <\/span><b>La Torah r\u00e9v\u00e9l\u00e9e par Mo\u00efse.<\/b><\/p>\n<h3><b>D\u00e9bats modernes sur sa composition<\/b><\/h3>\n<p><span style=\"font-weight: 400;\">Au cours des derniers si\u00e8cles, en particulier depuis l\u2019essor du rationalisme et de la critique textuelle, <\/span><b>La paternit\u00e9 mosa\u00efque de la Gen\u00e8se a \u00e9t\u00e9 remise en question.<\/b><\/p>\n<p><span style=\"font-weight: 400;\">L\u2019une des th\u00e9ories les plus influentes a \u00e9t\u00e9 la <\/span><b>Hypoth\u00e8se documentaire<\/b><span style=\"font-weight: 400;\">, qui propose que le Pentateuque ait \u00e9t\u00e9 \u00e9crit \u00e0 partir de <\/span><b>sources multiples<\/b><span style=\"font-weight: 400;\"> (connu sous les noms de J, E, D et P) compil\u00e9 plus tard par des \u00e9diteurs inconnus.<\/span><\/p>\n<p><span style=\"font-weight: 400;\">Leurs arguments incluent :<\/span><\/p>\n<ul>\n<li style=\"font-weight: 400;\" aria-level=\"1\"><span style=\"font-weight: 400;\">Diff\u00e9rents noms pour Dieu dans des passages parall\u00e8les (YHWH et Elohim)<\/span><span style=\"font-weight: 400;\">\n<p><\/span><\/li>\n<li style=\"font-weight: 400;\" aria-level=\"1\"><span style=\"font-weight: 400;\">R\u00e9p\u00e9titions et contradictions narratives pr\u00e9sum\u00e9es<\/span><span style=\"font-weight: 400;\">\n<p><\/span><\/li>\n<li style=\"font-weight: 400;\" aria-level=\"1\"><span style=\"font-weight: 400;\">Diff\u00e9rents styles litt\u00e9raires<\/span><\/li>\n<\/ul>\n<p><span style=\"font-weight: 400;\">Cependant, cette th\u00e9orie a \u00e9t\u00e9 fortement critiqu\u00e9e pour ses hypoth\u00e8ses arbitraires et son manque de preuves textuelles solides.<\/span><span style=\"font-weight: 400;\"><br \/><\/span><span style=\"font-weight: 400;\"> De nombreux chercheurs conservateurs soutiennent que <\/span><b>La vari\u00e9t\u00e9 litt\u00e9raire refl\u00e8te la richesse narrative et non la pluralit\u00e9 des auteurs.<\/b><\/p>\n<p><span style=\"font-weight: 400;\">La position actuelle, plus \u00e9quilibr\u00e9e, reconna\u00eet que Mo\u00efse aurait pu <\/span><b>re\u00e7u des traditions orales ou des \u00e9crits anciens<\/b><span style=\"font-weight: 400;\">, et sous la direction divine <\/span><b>les a organis\u00e9s et \u00e9crits<\/b><span style=\"font-weight: 400;\"> sous la forme que nous connaissons aujourd\u2019hui sous le nom de Gen\u00e8se.<\/span><span style=\"font-weight: 400;\"><br \/><\/span><span style=\"font-weight: 400;\"> En ce sens, <\/span><b>L\u2019autorit\u00e9 finale du texte ne r\u00e9side pas dans son processus de composition, mais dans son inspiration par Dieu.<\/b><\/p>\n<h2><span class=\"ez-toc-section\" id=\"Estructura_literaria_del_Genesis\"><\/span><b>Structure litt\u00e9raire de la Gen\u00e8se<\/b><span class=\"ez-toc-section-end\"><\/span><\/h2>\n<h3><b>Division entre Gen\u00e8se 1\u201311 et Gen\u00e8se 12\u201350<\/b><\/h3>\n<p><span style=\"font-weight: 400;\">Le livre de la Gen\u00e8se est clairement divis\u00e9 en deux sections principales :<\/span><\/p>\n<ol>\n<li><b> Gen\u00e8se 1\u201311\u00a0: \u00ab\u00a0Histoire ancienne\u00a0\u00bb<\/b><\/li>\n<\/ol>\n<ul>\n<li style=\"font-weight: 400;\" aria-level=\"1\"><span style=\"font-weight: 400;\">Il raconte les origines de l\u2019univers, de l\u2019humanit\u00e9, du p\u00e9ch\u00e9, du jugement et des nations.<\/span><span style=\"font-weight: 400;\">\n<p><\/span><\/li>\n<li style=\"font-weight: 400;\" aria-level=\"1\"><span style=\"font-weight: 400;\">Il comprend les histoires de la cr\u00e9ation, d\u2019Eden, de Ca\u00efn et d\u2019Abel, du D\u00e9luge et de la Tour de Babel.<\/span><span style=\"font-weight: 400;\">\n<p><\/span><\/li>\n<li style=\"font-weight: 400;\" aria-level=\"1\"><span style=\"font-weight: 400;\">Il a une approche universelle et cosmique.<\/span><\/li>\n<\/ul>\n<ol start=\"2\">\n<li><b> Gen\u00e8se 12\u201350\u00a0: \u00ab\u00a0Histoire patriarcale\u00a0\u00bb<\/b><\/li>\n<\/ol>\n<ul>\n<li style=\"font-weight: 400;\" aria-level=\"1\"><span style=\"font-weight: 400;\">Il se concentre sur les patriarches d\u2019Isra\u00ebl : Abraham, Isaac, Jacob et Joseph.<\/span><span style=\"font-weight: 400;\">\n<p><\/span><\/li>\n<li style=\"font-weight: 400;\" aria-level=\"1\"><span style=\"font-weight: 400;\">Il raconte l\u2019alliance de Dieu avec Abraham et le d\u00e9veloppement du peuple \u00e9lu.<\/span><span style=\"font-weight: 400;\">\n<p><\/span><\/li>\n<li style=\"font-weight: 400;\" aria-level=\"1\"><span style=\"font-weight: 400;\">Elle a une orientation particuli\u00e8re, descendante, g\u00e9n\u00e9alogique et messianique.<\/span><\/li>\n<\/ul>\n<p><span style=\"font-weight: 400;\">Cette division n\u2019est pas seulement narrative, mais aussi th\u00e9ologique :<\/span><span style=\"font-weight: 400;\"><br \/><\/span> <b>De la chute universelle au d\u00e9but de la r\u00e9demption sp\u00e9cifique.<\/b><b><br \/><\/b><span style=\"font-weight: 400;\"> De l&#039;humanit\u00e9 d\u00e9chue \u00e0 <\/span><b>une famille appel\u00e9e \u00e0 b\u00e9nir toutes les nations.<\/b><\/p>\n<h3><b>L&#039;utilisation des g\u00e9n\u00e9alogies et des r\u00e9cits narratifs<\/b><\/h3>\n<p><span style=\"font-weight: 400;\">Une caract\u00e9ristique cl\u00e9 de Genesis est sa combinaison de <\/span><b>des r\u00e9cits vivants et des listes g\u00e9n\u00e9alogiques pr\u00e9cises.<\/b><b><br \/><\/b><span style=\"font-weight: 400;\"> Ce style remplit de multiples fonctions :<\/span><\/p>\n<ul>\n<li style=\"font-weight: 400;\" aria-level=\"1\"><b>Assure la continuit\u00e9 historique :<\/b><span style=\"font-weight: 400;\"> relie les personnages et les \u00e9v\u00e9nements \u00e0 travers les g\u00e9n\u00e9rations.<\/span><span style=\"font-weight: 400;\">\n<p><\/span><\/li>\n<li style=\"font-weight: 400;\" aria-level=\"1\"><b>Marquer les transitions th\u00e9matiques :<\/b><span style=\"font-weight: 400;\"> les g\u00e9n\u00e9alogies introduisent de nouvelles sections du livre.<\/span><span style=\"font-weight: 400;\">\n<p><\/span><\/li>\n<li style=\"font-weight: 400;\" aria-level=\"1\"><b>Affirme l\u2019historicit\u00e9 :<\/b><span style=\"font-weight: 400;\"> pr\u00e9sente les personnages non pas comme des mythes, mais comme faisant partie d&#039;une lign\u00e9e royale.<\/span><span style=\"font-weight: 400;\">\n<p><\/span><\/li>\n<li style=\"font-weight: 400;\" aria-level=\"1\"><b>Renforce le but th\u00e9ologique :<\/b><span style=\"font-weight: 400;\"> montre comment Dieu travaille \u00e0 travers une ligne sp\u00e9cifique pour r\u00e9aliser son plan de r\u00e9demption.<\/span><\/li>\n<\/ul>\n<p><span style=\"font-weight: 400;\">Exemples de sections g\u00e9n\u00e9alogiques cl\u00e9s :<\/span><\/p>\n<ul>\n<li style=\"font-weight: 400;\" aria-level=\"1\"><span style=\"font-weight: 400;\">Gen\u00e8se 5 : D&#039;Adam \u00e0 No\u00e9<\/span><span style=\"font-weight: 400;\">\n<p><\/span><\/li>\n<li style=\"font-weight: 400;\" aria-level=\"1\"><span style=\"font-weight: 400;\">Gen\u00e8se 10 : Table des Nations<\/span><span style=\"font-weight: 400;\">\n<p><\/span><\/li>\n<li style=\"font-weight: 400;\" aria-level=\"1\"><span style=\"font-weight: 400;\">Gen\u00e8se 11 : De Sem \u00e0 Abraham<\/span><span style=\"font-weight: 400;\">\n<p><\/span><\/li>\n<li style=\"font-weight: 400;\" aria-level=\"1\"><span style=\"font-weight: 400;\">Gen\u00e8se 36 : Descendants d&#039;\u00c9sa\u00fc<\/span><span style=\"font-weight: 400;\">\n<p><\/span><\/li>\n<li style=\"font-weight: 400;\" aria-level=\"1\"><span style=\"font-weight: 400;\">Gen\u00e8se 46 : Les fils de Jacob qui all\u00e8rent en \u00c9gypte<\/span><\/li>\n<\/ul>\n<p><span style=\"font-weight: 400;\">Ces g\u00e9n\u00e9alogies sont entrecoup\u00e9es de r\u00e9cits profonds qui r\u00e9v\u00e8lent <\/span><b>La relation de Dieu avec l&#039;humanit\u00e9<\/b><span style=\"font-weight: 400;\">, combinant <\/span><b>r\u00e9alisme historique \u00e0 vis\u00e9e th\u00e9ologique.<\/b><b><br \/><\/b><span style=\"font-weight: 400;\"> C&#039;est une structure con\u00e7ue pour enseigner, rappeler et r\u00e9v\u00e9ler.<\/span><\/p>\n<h2><span class=\"ez-toc-section\" id=\"Temas_principales_del_Libro_de_Genesis\"><\/span><b>Th\u00e8mes principaux du livre de la Gen\u00e8se<\/b><span class=\"ez-toc-section-end\"><\/span><\/h2>\n<h3><b>La cr\u00e9ation du monde et de l&#039;humanit\u00e9<\/b><\/h3>\n<p><span style=\"font-weight: 400;\">La Gen\u00e8se commence par une d\u00e9claration capitale :<\/span><\/p>\n<p><span style=\"font-weight: 400;\">\u00ab Au commencement, Dieu cr\u00e9a les cieux et la terre \u00bb (Gen\u00e8se 1:1)<\/span><\/p>\n<p><span style=\"font-weight: 400;\">Ce premier th\u00e8me \u00e9tablit que <\/span><b>Dieu est l&#039;origine absolue de toute r\u00e9alit\u00e9<\/b><span style=\"font-weight: 400;\">, et que la cr\u00e9ation n\u2019est pas un accident, mais le r\u00e9sultat de Sa volont\u00e9 souveraine.<\/span><span style=\"font-weight: 400;\"><br \/><\/span><span style=\"font-weight: 400;\"> Au cours de six jours d\u2019activit\u00e9 cr\u00e9atrice, Dieu forme l\u2019univers, la terre, les \u00eatres vivants et enfin l\u2019\u00eatre humain qu\u2019il cr\u00e9e. <\/span><b>\u00e0 son image et \u00e0 sa ressemblance<\/b><span style=\"font-weight: 400;\"> (Gen\u00e8se 1:27).<\/span><\/p>\n<p><span style=\"font-weight: 400;\">Aspects cl\u00e9s :<\/span><\/p>\n<ul>\n<li style=\"font-weight: 400;\" aria-level=\"1\"><span style=\"font-weight: 400;\">Le monde est <\/span><b>bon par conception<\/b><span style=\"font-weight: 400;\">, pas par hasard.<\/span><span style=\"font-weight: 400;\">\n<p><\/span><\/li>\n<li style=\"font-weight: 400;\" aria-level=\"1\"><span style=\"font-weight: 400;\">L&#039;\u00eatre humain a <\/span><b>valeur intrins\u00e8que<\/b><span style=\"font-weight: 400;\"> et son but : gouverner, multiplier et refl\u00e9ter Dieu.<\/span><span style=\"font-weight: 400;\">\n<p><\/span><\/li>\n<li style=\"font-weight: 400;\" aria-level=\"1\"><span style=\"font-weight: 400;\">Le septi\u00e8me jour introduit le concept de <\/span><b>repos sacr\u00e9<\/b><span style=\"font-weight: 400;\">, fondement du sabbat.<\/span><span style=\"font-weight: 400;\">\n<p><\/span><\/li>\n<\/ul>\n<p><span style=\"font-weight: 400;\">Le th\u00e8me de la cr\u00e9ation dans la Gen\u00e8se explique non seulement l\u2019origine du cosmos, mais <\/span><b>l&#039;intention divine derri\u00e8re toute existence.<\/b><\/p>\n<h3><b>P\u00e9ch\u00e9, jugement et promesse<\/b><\/h3>\n<p><span style=\"font-weight: 400;\">Malgr\u00e9 la conception parfaite, l\u2019humanit\u00e9 choisit de se rebeller.<\/span><span style=\"font-weight: 400;\"><br \/><\/span><span style=\"font-weight: 400;\"> Dans Gen\u00e8se 3, Adam et \u00c8ve d\u00e9sob\u00e9issent au commandement de Dieu, entra\u00eenant avec eux le p\u00e9ch\u00e9, la mort et une relation bris\u00e9e avec le Cr\u00e9ateur.<\/span><\/p>\n<p><span style=\"font-weight: 400;\">Ce mod\u00e8le se r\u00e9p\u00e8te dans les g\u00e9n\u00e9rations suivantes :<\/span><\/p>\n<ul>\n<li style=\"font-weight: 400;\" aria-level=\"1\"><span style=\"font-weight: 400;\">Ca\u00efn tue Abel<\/span><span style=\"font-weight: 400;\">\n<p><\/span><\/li>\n<li style=\"font-weight: 400;\" aria-level=\"1\"><span style=\"font-weight: 400;\">Le mal se multiplie avant le D\u00e9luge<\/span><span style=\"font-weight: 400;\">\n<p><\/span><\/li>\n<li style=\"font-weight: 400;\" aria-level=\"1\"><span style=\"font-weight: 400;\">Les hommes construisent la tour de Babel pour s&#039;agrandir<\/span><\/li>\n<\/ul>\n<p><span style=\"font-weight: 400;\">Chaque \u00e9pisode montre que <\/span><b>le p\u00e9ch\u00e9 humain a de r\u00e9elles cons\u00e9quences<\/b><span style=\"font-weight: 400;\">, mais aussi que <\/span><b>Dieu n\u2019abandonne pas son dessein r\u00e9dempteur.<\/b><\/p>\n<p><span style=\"font-weight: 400;\">Au milieu du jugement, Dieu fait des promesses de restauration :<\/span><\/p>\n<ul>\n<li style=\"font-weight: 400;\" aria-level=\"1\"><span style=\"font-weight: 400;\">Gen\u00e8se 3:15 : La \u00ab semence de la femme \u00bb qui vaincra le serpent<\/span><span style=\"font-weight: 400;\">\n<p><\/span><\/li>\n<li style=\"font-weight: 400;\" aria-level=\"1\"><span style=\"font-weight: 400;\">Gen\u00e8se 6:18 : Alliance avec No\u00e9<\/span><span style=\"font-weight: 400;\">\n<p><\/span><\/li>\n<li style=\"font-weight: 400;\" aria-level=\"1\"><span style=\"font-weight: 400;\">Gen\u00e8se 12:3 : B\u00e9n\u00e9diction pour toutes les nations par Abraham<\/span><\/li>\n<\/ul>\n<p><span style=\"font-weight: 400;\">Genesis pr\u00e9sente <\/span><b>un cycle de p\u00e9ch\u00e9, de jugement et de gr\u00e2ce<\/b><span style=\"font-weight: 400;\">, o\u00f9 la fid\u00e9lit\u00e9 divine se distingue face \u00e0 la r\u00e9bellion humaine.<\/span><\/p>\n<h3><b>L&#039;alliance de Dieu avec Abraham et ses descendants<\/b><\/h3>\n<p><span style=\"font-weight: 400;\">L\u2019un des th\u00e8mes les plus d\u00e9cisifs du livre est <\/span><b>l&#039;\u00e9tablissement de l&#039;alliance avec Abraham<\/b><span style=\"font-weight: 400;\">, qui marque le d\u00e9but formel du plan de r\u00e9demption \u00e0 travers un peuple \u00e9lu.<\/span><\/p>\n<p><span style=\"font-weight: 400;\">Dieu appelle Abraham et lui promet :<\/span><\/p>\n<ul>\n<li style=\"font-weight: 400;\" aria-level=\"1\"><span style=\"font-weight: 400;\">UN <\/span><b>atterrir<\/b><span style=\"font-weight: 400;\"> (Canaan)<\/span><span style=\"font-weight: 400;\">\n<p><\/span><\/li>\n<li style=\"font-weight: 400;\" aria-level=\"1\"><span style=\"font-weight: 400;\">UN <\/span><b>prog\u00e9niture<\/b><span style=\"font-weight: 400;\"> nombreux<\/span><span style=\"font-weight: 400;\">\n<p><\/span><\/li>\n<li style=\"font-weight: 400;\" aria-level=\"1\"><span style=\"font-weight: 400;\">UN <\/span><b>b\u00e9n\u00e9diction universelle<\/b><span style=\"font-weight: 400;\">\u00ab En toi seront b\u00e9nies toutes les familles de la terre \u00bb (Gen\u00e8se 12:3)<\/span><\/li>\n<\/ul>\n<p><span style=\"font-weight: 400;\">Cette alliance est r\u00e9affirm\u00e9e dans Gen\u00e8se 15, 17 et 22, et se poursuit avec son fils Isaac, son petit-fils Jacob (rebaptis\u00e9 Isra\u00ebl) et les 12 fils qui formeraient les tribus du peuple de Dieu.<\/span><\/p>\n<p><span style=\"font-weight: 400;\">Par cette alliance, la Gen\u00e8se montre :<\/span><\/p>\n<ul>\n<li style=\"font-weight: 400;\" aria-level=\"1\"><span style=\"font-weight: 400;\">Que le salut est une initiative divine<\/span><span style=\"font-weight: 400;\">\n<p><\/span><\/li>\n<li style=\"font-weight: 400;\" aria-level=\"1\"><span style=\"font-weight: 400;\">Que le plan de Dieu se d\u00e9roule \u00e0 travers l&#039;histoire<\/span><span style=\"font-weight: 400;\">\n<p><\/span><\/li>\n<li style=\"font-weight: 400;\" aria-level=\"1\"><span style=\"font-weight: 400;\">Cette foi ob\u00e9issante, comme celle d\u2019Abraham, est la bonne r\u00e9ponse \u00e0 la promesse de Dieu<\/span><\/li>\n<\/ul>\n<p><span style=\"font-weight: 400;\">Ce th\u00e8me est directement li\u00e9 au Nouveau Testament, o\u00f9 J\u00e9sus est identifi\u00e9 comme l\u2019accomplissement de cette promesse (Galates 3:16).<\/span><\/p>\n<h2><span class=\"ez-toc-section\" id=\"Los_primeros_once_capitulos_Genesis_primitivo\"><\/span><b>Les onze premiers chapitres : La Gen\u00e8se primitive<\/b><span class=\"ez-toc-section-end\"><\/span><\/h2>\n<h3><b>Cr\u00e9ation (Gen\u00e8se 1\u20132)<\/b><\/h3>\n<p><span style=\"font-weight: 400;\">Les deux premiers chapitres de la Gen\u00e8se pr\u00e9sentent <\/span><b>deux histoires compl\u00e9mentaires<\/b><span style=\"font-weight: 400;\"> de la cr\u00e9ation.<\/span><\/p>\n<ul>\n<li style=\"font-weight: 400;\" aria-level=\"1\"><span style=\"font-weight: 400;\">Gen\u00e8se 1 : Une vision panoramique et structur\u00e9e de l&#039;ordre cosmique<\/span><span style=\"font-weight: 400;\">\n<p><\/span><\/li>\n<li style=\"font-weight: 400;\" aria-level=\"1\"><span style=\"font-weight: 400;\">Gen\u00e8se 2 : Un regard intime sur la cr\u00e9ation des \u00eatres humains et de leur environnement<\/span><\/li>\n<\/ul>\n<p><span style=\"font-weight: 400;\">Ensemble, ils r\u00e9v\u00e8lent :<\/span><\/p>\n<ul>\n<li style=\"font-weight: 400;\" aria-level=\"1\"><span style=\"font-weight: 400;\">Un Dieu qui cr\u00e9e avec puissance, intention et beaut\u00e9<\/span><span style=\"font-weight: 400;\">\n<p><\/span><\/li>\n<li style=\"font-weight: 400;\" aria-level=\"1\"><span style=\"font-weight: 400;\">Une humanit\u00e9 plac\u00e9e en Eden, avec une responsabilit\u00e9 morale et vocationnelle<\/span><span style=\"font-weight: 400;\">\n<p><\/span><\/li>\n<li style=\"font-weight: 400;\" aria-level=\"1\"><span style=\"font-weight: 400;\">L&#039;institution du mariage comme projet originel de Dieu<\/span><\/li>\n<\/ul>\n<p><span style=\"font-weight: 400;\">Ici sont \u00e9tablis les fondements de la foi jud\u00e9o-chr\u00e9tienne : l\u2019autorit\u00e9 de Dieu, la bont\u00e9 de la cr\u00e9ation et la dignit\u00e9 de l\u2019\u00eatre humain.<\/span><\/p>\n<h3><b>La chute de l&#039;homme (Gen\u00e8se 3)<\/b><\/h3>\n<p><span style=\"font-weight: 400;\">Le chapitre 3 marque un tournant dramatique.<\/span><span style=\"font-weight: 400;\"><br \/><\/span><span style=\"font-weight: 400;\"> Le serpent tente Eve, qui mange le fruit d\u00e9fendu avec Adam.<\/span><span style=\"font-weight: 400;\"><br \/><\/span><span style=\"font-weight: 400;\"> Cet acte de d\u00e9sob\u00e9issance rompt la communion avec Dieu et <\/span><b>introduit le p\u00e9ch\u00e9, la souffrance et la mort dans le monde.<\/b><\/p>\n<p><span style=\"font-weight: 400;\">Cons\u00e9quences:<\/span><\/p>\n<ul>\n<li style=\"font-weight: 400;\" aria-level=\"1\"><span style=\"font-weight: 400;\">Mal\u00e9diction sur la terre, le travail, la maternit\u00e9 et le serpent<\/span><span style=\"font-weight: 400;\">\n<p><\/span><\/li>\n<li style=\"font-weight: 400;\" aria-level=\"1\"><span style=\"font-weight: 400;\">Expulsion d&#039;Eden<\/span><span style=\"font-weight: 400;\">\n<p><\/span><\/li>\n<li style=\"font-weight: 400;\" aria-level=\"1\"><span style=\"font-weight: 400;\">D\u00e9but de la r\u00e9demption : la promesse de la \u00ab semence \u00bb qui blessera le serpent (Gen\u00e8se 3:15)<\/span><\/li>\n<\/ul>\n<p><span style=\"font-weight: 400;\">La Chute n\u2019explique pas seulement la condition humaine, mais <\/span><b>le besoin urgent d\u2019un Sauveur.<\/b><\/p>\n<h3><b>Le D\u00e9luge et No\u00e9 (Gen\u00e8se 6\u20139)<\/b><\/h3>\n<p><span style=\"font-weight: 400;\">\u00c0 mesure que l\u2019humanit\u00e9 se multiplie, sa corruption augmente \u00e9galement.<\/span><span style=\"font-weight: 400;\"><br \/><\/span><span style=\"font-weight: 400;\"> Dieu d\u00e9cide de juger le monde par un grand d\u00e9luge, mais \u00e9pargne No\u00e9, un homme juste, ainsi que sa famille et un \u00e9chantillon de chaque esp\u00e8ce animale.<\/span><\/p>\n<p><span style=\"font-weight: 400;\">Sujets en vedette :<\/span><\/p>\n<ul>\n<li style=\"font-weight: 400;\" aria-level=\"1\"><span style=\"font-weight: 400;\">Le jugement de Dieu en r\u00e9ponse au mal persistant<\/span><span style=\"font-weight: 400;\">\n<p><\/span><\/li>\n<li style=\"font-weight: 400;\" aria-level=\"1\"><span style=\"font-weight: 400;\">L&#039;ob\u00e9issance de No\u00e9 comme exemple de foi<\/span><span style=\"font-weight: 400;\">\n<p><\/span><\/li>\n<li style=\"font-weight: 400;\" aria-level=\"1\"><span style=\"font-weight: 400;\">L&#039;arche comme symbole du salut<\/span><span style=\"font-weight: 400;\">\n<p><\/span><\/li>\n<li style=\"font-weight: 400;\" aria-level=\"1\"><span style=\"font-weight: 400;\">L&#039;arc-en-ciel comme signe d&#039;alliance : Dieu ne d\u00e9truira plus la terre par l&#039;eau<\/span><\/li>\n<\/ul>\n<p><span style=\"font-weight: 400;\">Cette histoire montre que <\/span><b>La justice divine n\u2019annule pas la mis\u00e9ricorde<\/b><span style=\"font-weight: 400;\">, et <\/span><b>La foi peut pr\u00e9server la vie m\u00eame au milieu du jugement.<\/b><\/p>\n<h3><b>La Tour de Babel (Gen\u00e8se 11)<\/b><\/h3>\n<p><span style=\"font-weight: 400;\">Le r\u00e9cit culmine avec l&#039;histoire de la Tour de Babel, o\u00f9 l&#039;humanit\u00e9 tente <\/span><b>\u00e9riger une tour qui atteint le ciel<\/b><span style=\"font-weight: 400;\"> devenir c\u00e9l\u00e8bre et ne pas se disperser.<\/span><\/p>\n<p><span style=\"font-weight: 400;\">Dieu r\u00e9pond en confondant leurs langues et en les dispersant sur la terre.<\/span><\/p>\n<p><span style=\"font-weight: 400;\">Principaux enseignements :<\/span><\/p>\n<ul>\n<li style=\"font-weight: 400;\" aria-level=\"1\"><span style=\"font-weight: 400;\">L\u2019autosuffisance et l\u2019orgueil humains sont contraires au dessein de Dieu.<\/span><span style=\"font-weight: 400;\">\n<p><\/span><\/li>\n<li style=\"font-weight: 400;\" aria-level=\"1\"><span style=\"font-weight: 400;\">L&#039;unit\u00e9 en dehors de la volont\u00e9 divine conduit \u00e0 la ruine<\/span><span style=\"font-weight: 400;\">\n<p><\/span><\/li>\n<li style=\"font-weight: 400;\" aria-level=\"1\"><span style=\"font-weight: 400;\">Dieu continue de diriger l\u2019histoire, m\u00eame lorsque les hommes tentent de la contr\u00f4ler.<\/span><\/li>\n<\/ul>\n<p><span style=\"font-weight: 400;\">Cet \u00e9v\u00e9nement pr\u00e9pare le terrain pour l&#039;appel d&#039;Abraham dans Gen\u00e8se 12, qui commence <\/span><b>le plan r\u00e9dempteur centr\u00e9 sur la foi, l\u2019ob\u00e9issance et la promesse divine.<\/b><\/p>\n<h2><span class=\"ez-toc-section\" id=\"Patriarcas_y_promesas_Genesis_12%E2%80%9350\"><\/span><b>Patriarches et promesses : Gen\u00e8se 12\u201350<\/b><span class=\"ez-toc-section-end\"><\/span><\/h2>\n<h3><b>Abraham, le p\u00e8re de la foi<\/b><\/h3>\n<p><span style=\"font-weight: 400;\">L&#039;histoire d&#039;Abraham commence dans Gen\u00e8se 12, lorsque Dieu l&#039;appelle \u00e0 quitter sa patrie et lui promet une nation, une terre et une b\u00e9n\u00e9diction mondiale.<\/span><span style=\"font-weight: 400;\"><br \/><\/span><span style=\"font-weight: 400;\"> Abraham <\/span><b>r\u00e9pondre avec foi<\/b><span style=\"font-weight: 400;\">, et cette foi devient le mod\u00e8le pour tous les croyants.<\/span><\/p>\n<p><span style=\"font-weight: 400;\">Moments cl\u00e9s :<\/span><\/p>\n<ul>\n<li style=\"font-weight: 400;\" aria-level=\"1\"><span style=\"font-weight: 400;\">Son ob\u00e9issance en quittant Ur sans savoir o\u00f9 il allait (Gen\u00e8se 12:1\u20134)<\/span><span style=\"font-weight: 400;\">\n<p><\/span><\/li>\n<li style=\"font-weight: 400;\" aria-level=\"1\"><span style=\"font-weight: 400;\">L&#039;alliance ratifi\u00e9e par Dieu dans Gen\u00e8se 15, o\u00f9 la justice lui est imput\u00e9e par la foi<\/span><span style=\"font-weight: 400;\">\n<p><\/span><\/li>\n<li style=\"font-weight: 400;\" aria-level=\"1\"><span style=\"font-weight: 400;\">Le nom d&#039;Abram change en Abraham, et le signe de l&#039;alliance : la circoncision (Gen\u00e8se 17)<\/span><span style=\"font-weight: 400;\">\n<p><\/span><\/li>\n<li style=\"font-weight: 400;\" aria-level=\"1\"><span style=\"font-weight: 400;\">L&#039;\u00e9preuve ultime : le sacrifice d&#039;Isaac (Gen\u00e8se 22), o\u00f9 Abraham d\u00e9montre une confiance absolue en Dieu<\/span><span style=\"font-weight: 400;\">\n<p><\/span><\/li>\n<\/ul>\n<p><span style=\"font-weight: 400;\">Abraham est au c\u0153ur non seulement du juda\u00efsme, mais aussi du christianisme et de l\u2019islam, et on se souvient de lui comme <\/span><b>le p\u00e8re de la foi par excellence<\/b><span style=\"font-weight: 400;\"> (Romains 4 ; H\u00e9breux 11).<\/span><\/p>\n<h3><b>Isaac et son r\u00f4le dans la continuit\u00e9 de l&#039;alliance<\/b><\/h3>\n<p><span style=\"font-weight: 400;\">Isaac, le fils promis \u00e0 Abraham et Sarah, repr\u00e9sente le <\/span><b>confirmation que Dieu tient ses promesses<\/b><span style=\"font-weight: 400;\">.<\/span><span style=\"font-weight: 400;\"><br \/><\/span><span style=\"font-weight: 400;\"> Bien que son histoire soit moins longue que celle de son p\u00e8re ou de son fils Jacob, Isaac a un r\u00f4le fondamental :<\/span><\/p>\n<ul>\n<li style=\"font-weight: 400;\" aria-level=\"1\"><span style=\"font-weight: 400;\">R\u00e9affirme l&#039;alliance abrahamique (Gen\u00e8se 26:3\u20135)<\/span><span style=\"font-weight: 400;\">\n<p><\/span><\/li>\n<li style=\"font-weight: 400;\" aria-level=\"1\"><span style=\"font-weight: 400;\">Vivez une vie d&#039;ob\u00e9issance et de fid\u00e9lit\u00e9 au milieu des difficult\u00e9s<\/span><span style=\"font-weight: 400;\">\n<p><\/span><\/li>\n<li style=\"font-weight: 400;\" aria-level=\"1\"><span style=\"font-weight: 400;\">C&#039;est une figure du Messie lorsqu&#039;il est emmen\u00e9 sur la montagne par son p\u00e8re dans Gen\u00e8se 22<\/span><span style=\"font-weight: 400;\">\n<p><\/span><\/li>\n<\/ul>\n<p><span style=\"font-weight: 400;\">Isaac symbolise le <\/span><b>continuit\u00e9 du plan de Dieu \u00e0 travers les g\u00e9n\u00e9rations<\/b><span style=\"font-weight: 400;\">, d\u00e9montrant qu\u2019Il est fid\u00e8le au-del\u00e0 des temps et des circonstances.<\/span><\/p>\n<h3><b>Jacob, Isra\u00ebl et leurs 12 fils<\/b><\/h3>\n<p><span style=\"font-weight: 400;\">Jacob, le fils d\u2019Isaac, est une figure complexe : <\/span><b>rus\u00e9, combattant, transform\u00e9 par Dieu.<\/b><b><br \/><\/b><span style=\"font-weight: 400;\"> Son histoire refl\u00e8te la gr\u00e2ce divine qui transforme l\u2019imperfection humaine en un but r\u00e9dempteur.<\/span><\/p>\n<p><span style=\"font-weight: 400;\">Points forts:<\/span><\/p>\n<ul>\n<li style=\"font-weight: 400;\" aria-level=\"1\"><span style=\"font-weight: 400;\">Il obtient le droit d&#039;a\u00eenesse et la b\u00e9n\u00e9diction, bien que par tromperie (Gen\u00e8se 25 et 27)<\/span><span style=\"font-weight: 400;\">\n<p><\/span><\/li>\n<li style=\"font-weight: 400;\" aria-level=\"1\"><span style=\"font-weight: 400;\">R\u00eave d&#039;une \u00e9chelle qui relie le ciel et la terre (Gen\u00e8se 28)<\/span><span style=\"font-weight: 400;\">\n<p><\/span><\/li>\n<li style=\"font-weight: 400;\" aria-level=\"1\"><span style=\"font-weight: 400;\">Il se bat avec un ange et re\u00e7oit un nouveau nom : <\/span><b>Isra\u00ebl<\/b><span style=\"font-weight: 400;\"> (Gen\u00e8se 32)<\/span><span style=\"font-weight: 400;\">\n<p><\/span><\/li>\n<li style=\"font-weight: 400;\" aria-level=\"1\"><span style=\"font-weight: 400;\">Il a 12 enfants, qui deviennent les <\/span><b>12 tribus d&#039;Isra\u00ebl<\/b><b>\n<p><\/b><\/li>\n<\/ul>\n<p><span style=\"font-weight: 400;\">\u00c0 travers Jacob, nous voyons que <\/span><b>Dieu choisit, corrige et forme<\/b><span style=\"font-weight: 400;\"> \u00e0 ceux qui seront une partie essentielle de Son peuple.<\/span><\/p>\n<h3><b>L&#039;histoire de Joseph et le dessein de Dieu dans la souffrance<\/b><\/h3>\n<p><span style=\"font-weight: 400;\">Joseph, le fils de Jacob et de Rachel, occupe les 13 derniers chapitres de la Gen\u00e8se.<\/span><span style=\"font-weight: 400;\"><br \/><\/span><span style=\"font-weight: 400;\"> Son histoire est une master class en <\/span><b>providence, int\u00e9grit\u00e9 et pardon.<\/b><\/p>\n<p><span style=\"font-weight: 400;\">Moments cl\u00e9s :<\/span><\/p>\n<ul>\n<li style=\"font-weight: 400;\" aria-level=\"1\"><span style=\"font-weight: 400;\">Il est vendu par ses fr\u00e8res et emmen\u00e9 en \u00c9gypte comme esclave.<\/span><span style=\"font-weight: 400;\">\n<p><\/span><\/li>\n<li style=\"font-weight: 400;\" aria-level=\"1\"><span style=\"font-weight: 400;\">Dans la maison de Potiphar et en prison, il maintient sa fid\u00e9lit\u00e9 \u00e0 Dieu<\/span><span style=\"font-weight: 400;\">\n<p><\/span><\/li>\n<li style=\"font-weight: 400;\" aria-level=\"1\"><span style=\"font-weight: 400;\">Il interpr\u00e8te les r\u00eaves et s&#039;\u00e9l\u00e8ve \u00e0 la deuxi\u00e8me place du pouvoir \u00e9gyptien.<\/span><span style=\"font-weight: 400;\">\n<p><\/span><\/li>\n<li style=\"font-weight: 400;\" aria-level=\"1\"><span style=\"font-weight: 400;\">Il pardonne \u00e0 ses fr\u00e8res et sauve sa famille de la faim.<\/span><\/li>\n<\/ul>\n<p><span style=\"font-weight: 400;\">La phrase cl\u00e9 qui r\u00e9sume son histoire est :<\/span><\/p>\n<p><span style=\"font-weight: 400;\">\u00ab Vous aviez projet\u00e9 de me faire du mal, mais Dieu l\u2019a chang\u00e9 en bien \u00bb (Gen\u00e8se 50:20)<\/span><\/p>\n<p><span style=\"font-weight: 400;\">Joseph incarne comment <\/span><b>La souffrance peut faire partie du plan de Dieu pour pr\u00e9server des vies et accomplir de plus grands desseins.<\/b><\/p>\n<h2><span class=\"ez-toc-section\" id=\"Genesis_y_la_teologia_biblica\"><\/span><b>Gen\u00e8se et th\u00e9ologie biblique<\/b><span class=\"ez-toc-section-end\"><\/span><\/h2>\n<h3><b>Dieu comme Cr\u00e9ateur et R\u00e9dempteur<\/b><\/h3>\n<p><span style=\"font-weight: 400;\">La Gen\u00e8se pr\u00e9sente Dieu comme le protagoniste absolu :<\/span><span style=\"font-weight: 400;\"><br \/><\/span> <b>Il cr\u00e9e, appelle, juge, b\u00e9nit et restaure.<\/b><\/p>\n<p><span style=\"font-weight: 400;\">Deux aspects cl\u00e9s de son caract\u00e8re ressortent fortement :<\/span><\/p>\n<ul>\n<li style=\"font-weight: 400;\" aria-level=\"1\"><b>Cr\u00e9ateur:<\/b><span style=\"font-weight: 400;\"> con\u00e7oit l&#039;univers avec ordre, beaut\u00e9 et but<\/span><span style=\"font-weight: 400;\">\n<p><\/span><\/li>\n<li style=\"font-weight: 400;\" aria-level=\"1\"><b>R\u00e9dempteur:<\/b><span style=\"font-weight: 400;\"> poursuit l&#039;humanit\u00e9 d\u00e9chue et \u00e9tablit un chemin de salut<\/span><\/li>\n<\/ul>\n<p><span style=\"font-weight: 400;\">De l&#039;\u00c9den \u00e0 l&#039;alliance avec Abraham, la Gen\u00e8se r\u00e9v\u00e8le <\/span><b>\u00e0 un Dieu engag\u00e9 dans la restauration du monde<\/b><span style=\"font-weight: 400;\">, un th\u00e8me qui se retrouvera tout au long des \u00c9critures.<\/span><\/p>\n<h3><b>Le p\u00e9ch\u00e9 originel et l&#039;esp\u00e9rance messianique<\/b><\/h3>\n<p><span style=\"font-weight: 400;\">Le p\u00e9ch\u00e9 entre en sc\u00e8ne dans Gen\u00e8se 3, et avec lui, la s\u00e9paration entre Dieu et l\u2019humanit\u00e9.<\/span><span style=\"font-weight: 400;\"><br \/><\/span><span style=\"font-weight: 400;\"> Cependant, m\u00eame au moment de la plus grande rupture, <\/span><b>Dieu d\u00e9clare une promesse proph\u00e9tique :<\/b><\/p>\n<p><span style=\"font-weight: 400;\">\u00ab Je mettrai inimiti\u00e9 entre toi et la femme\u2026 elle t\u2019\u00e9crasera la t\u00eate, et tu lui blesseras le talon. \u00bb (Gen\u00e8se 3:15)<\/span><\/p>\n<p><span style=\"font-weight: 400;\">Ce verset est connu sous le nom de <\/span><i><span style=\"font-weight: 400;\">proto\u00e9vangile<\/span><\/i><span style=\"font-weight: 400;\">, il <\/span><b>premi\u00e8re annonce du Messie<\/b><span style=\"font-weight: 400;\">, qui vaincra le mal et restaurera ce qui a \u00e9t\u00e9 perdu.<\/span><\/p>\n<p><span style=\"font-weight: 400;\">La Gen\u00e8se nous enseigne que m\u00eame si le p\u00e9ch\u00e9 est r\u00e9el et d\u00e9vastateur, <\/span><b>l&#039;espoir est pr\u00e9sent d\u00e8s le d\u00e9but.<\/b><\/p>\n<h3><b>La souverainet\u00e9 divine dans l&#039;histoire<\/b><\/h3>\n<p><span style=\"font-weight: 400;\">Une constante tout au long de la Gen\u00e8se est la <\/span><b>La souverainet\u00e9 de Dieu sur les peuples, les \u00e9v\u00e9nements et les nations<\/b><span style=\"font-weight: 400;\">.<\/span><span style=\"font-weight: 400;\"><br \/><\/span><span style=\"font-weight: 400;\"> Rien n\u2019\u00e9chappe \u00e0 son contr\u00f4le, pas m\u00eame le p\u00e9ch\u00e9, la trahison ou la souffrance.<\/span><\/p>\n<p><span style=\"font-weight: 400;\">Exemples percutants :<\/span><\/p>\n<ul>\n<li style=\"font-weight: 400;\" aria-level=\"1\"><span style=\"font-weight: 400;\">Le choix d&#039;un homme st\u00e9rile (Abraham) pour fonder une nation<\/span><span style=\"font-weight: 400;\">\n<p><\/span><\/li>\n<li style=\"font-weight: 400;\" aria-level=\"1\"><span style=\"font-weight: 400;\">L&#039;utilisation de la famine pour r\u00e9unir la famille de Jacob en \u00c9gypte<\/span><span style=\"font-weight: 400;\">\n<p><\/span><\/li>\n<li style=\"font-weight: 400;\" aria-level=\"1\"><span style=\"font-weight: 400;\">Le fait que le rejet de Joseph par ses fr\u00e8res devienne la voie du salut de la famille<\/span><\/li>\n<\/ul>\n<p><span style=\"font-weight: 400;\">La Gen\u00e8se enseigne que <\/span><b>Dieu \u00e9crit une histoire plus grande que la n\u00f4tre<\/b><span style=\"font-weight: 400;\">, et que nous pouvons faire confiance \u00e0 Son plan, m\u00eame lorsque nous ne le comprenons pas enti\u00e8rement.<\/span><\/p>\n<h2><span class=\"ez-toc-section\" id=\"Generos_literarios_presentes_en_el_Genesis\"><\/span><b>Genres litt\u00e9raires pr\u00e9sents dans la Gen\u00e8se<\/b><span class=\"ez-toc-section-end\"><\/span><\/h2>\n<h3><b>R\u00e9cits historiques<\/b><\/h3>\n<p><span style=\"font-weight: 400;\">La majeure partie de la Gen\u00e8se est constitu\u00e9e de <\/span><b>r\u00e9cits historiques d\u00e9taill\u00e9s<\/b><span style=\"font-weight: 400;\">, \u00e9crit avec pr\u00e9cision et richesse de caract\u00e8res.<\/span><span style=\"font-weight: 400;\"><br \/><\/span><span style=\"font-weight: 400;\"> Ces histoires :<\/span><\/p>\n<ul>\n<li style=\"font-weight: 400;\" aria-level=\"1\"><span style=\"font-weight: 400;\">Ce ne sont pas des mythes, mais des histoires avec une intention th\u00e9ologique et une base g\u00e9n\u00e9alogique.<\/span><span style=\"font-weight: 400;\">\n<p><\/span><\/li>\n<li style=\"font-weight: 400;\" aria-level=\"1\"><span style=\"font-weight: 400;\">Ils d\u00e9crivent des \u00e9v\u00e9nements r\u00e9els mettant en sc\u00e8ne des personnes imparfaites<\/span><span style=\"font-weight: 400;\">\n<p><\/span><\/li>\n<li style=\"font-weight: 400;\" aria-level=\"1\"><span style=\"font-weight: 400;\">Ils ont une structure litt\u00e9raire solide, avec introduction, point culminant et r\u00e9solution<\/span><\/li>\n<\/ul>\n<p><span style=\"font-weight: 400;\">Chaque histoire cherche <\/span><b>montrer qui est Dieu et comment il agit dans l\u2019histoire humaine.<\/b><\/p>\n<h3><b>Po\u00e9sie implicite dans la cr\u00e9ation<\/b><\/h3>\n<p><span style=\"font-weight: 400;\">Gen\u00e8se 1 a une structure que beaucoup consid\u00e8rent <\/span><b>po\u00e9tique et hautement symbolique<\/b><span style=\"font-weight: 400;\">:<\/span><\/p>\n<ul>\n<li style=\"font-weight: 400;\" aria-level=\"1\"><span style=\"font-weight: 400;\">R\u00e9p\u00e9tition rythmique (\u00ab Et Dieu dit\u2026 Et il y eut un soir, et il y eut un matin\u2026 \u00bb)<\/span><span style=\"font-weight: 400;\">\n<p><\/span><\/li>\n<li style=\"font-weight: 400;\" aria-level=\"1\"><span style=\"font-weight: 400;\">Parall\u00e9lisme structurel (les jours 1 \u00e0 3 cr\u00e9ent l\u2019espace, les jours 4 \u00e0 6 le remplissent)<\/span><span style=\"font-weight: 400;\">\n<p><\/span><\/li>\n<li style=\"font-weight: 400;\" aria-level=\"1\"><span style=\"font-weight: 400;\">Utilisation des nombres et des sym\u00e9tries (le chiffre 7 appara\u00eet \u00e0 plusieurs reprises)<\/span><\/li>\n<\/ul>\n<p><span style=\"font-weight: 400;\">Bien qu&#039;il ne s&#039;agisse pas de po\u00e9sie au sens strict, <\/span><b>Le style met en valeur le caract\u00e8re majestueux, intentionnel et ordonn\u00e9 de la cr\u00e9ation.<\/b><\/p>\n<p><span style=\"font-weight: 400;\">Cette forme litt\u00e9raire <\/span><b>invite \u00e0 la contemplation et \u00e0 la r\u00e9v\u00e9rence.<\/b><\/p>\n<h3><b>Proph\u00e9ties et typologies<\/b><\/h3>\n<p><span style=\"font-weight: 400;\">La Gen\u00e8se est pleine de <\/span><b>des proph\u00e9ties directes et des images qui pointent vers le Christ et le plan r\u00e9dempteur.<\/b><\/p>\n<p><span style=\"font-weight: 400;\">Exemples cl\u00e9s :<\/span><\/p>\n<ul>\n<li style=\"font-weight: 400;\" aria-level=\"1\"><span style=\"font-weight: 400;\">Gen\u00e8se 3:15 \u2013 la promesse du r\u00e9dempteur<\/span><span style=\"font-weight: 400;\">\n<p><\/span><\/li>\n<li style=\"font-weight: 400;\" aria-level=\"1\"><span style=\"font-weight: 400;\">Gen\u00e8se 22 \u2013 Isaac comme figure du Christ, le fils sacrifi\u00e9<\/span><span style=\"font-weight: 400;\">\n<p><\/span><\/li>\n<li style=\"font-weight: 400;\" aria-level=\"1\"><span style=\"font-weight: 400;\">Gen\u00e8se 37\u201350 \u2013 Joseph, type du Christ : rejet\u00e9, exalt\u00e9 et r\u00e9dempteur de son peuple<\/span><\/li>\n<\/ul>\n<p><span style=\"font-weight: 400;\">Ces typologies ne sont pas des co\u00efncidences, mais <\/span><b>\u00e9chos proph\u00e9tiques<\/b><span style=\"font-weight: 400;\"> qui montrent que depuis le d\u00e9but, <\/span><b>Dieu pr\u00e9parait l\u2019arriv\u00e9e du Sauveur.<\/b><\/p>\n<p><span style=\"font-weight: 400;\">En bref, la Gen\u00e8se ne raconte pas seulement des \u00e9v\u00e9nements, mais <\/span><b>les interpr\u00e8te d&#039;un point de vue divin<\/b><span style=\"font-weight: 400;\">, montrant que <\/span><b>toute l\u2019histoire pointe vers le Christ.<\/b><\/p>\n<h2><span class=\"ez-toc-section\" id=\"Simbolismos_clave_en_el_Libro_de_Genesis\"><\/span><b>Symbolismes cl\u00e9s du livre de la Gen\u00e8se<\/b><span class=\"ez-toc-section-end\"><\/span><\/h2>\n<h3><b>Le jardin d&#039;Eden<\/b><\/h3>\n<p><span style=\"font-weight: 400;\">Le jardin d\u2019Eden n\u2019est pas seulement un lieu physique ; c&#039;est un <\/span><b>symbole du dessein originel de Dieu pour l&#039;humanit\u00e9<\/b><span style=\"font-weight: 400;\">:<\/span><span style=\"font-weight: 400;\"><br \/><\/span><span style=\"font-weight: 400;\"> un espace de communion, d&#039;harmonie et de finalit\u00e9.<\/span><\/p>\n<p><span style=\"font-weight: 400;\">Symbolismes de l&#039;Eden :<\/span><\/p>\n<ul>\n<li style=\"font-weight: 400;\" aria-level=\"1\"><b>La pr\u00e9sence directe de Dieu avec l&#039;homme<\/b><span style=\"font-weight: 400;\"> (Gen\u00e8se 3:8)<\/span><span style=\"font-weight: 400;\">\n<p><\/span><\/li>\n<li style=\"font-weight: 400;\" aria-level=\"1\"><span style=\"font-weight: 400;\">Le <\/span><b>abondance sans effort<\/b><span style=\"font-weight: 400;\">, qui repr\u00e9sente la disposition parfaite<\/span><span style=\"font-weight: 400;\">\n<p><\/span><\/li>\n<li style=\"font-weight: 400;\" aria-level=\"1\"><span style=\"font-weight: 400;\">Il <\/span><b>mandat moral<\/b><span style=\"font-weight: 400;\">: libert\u00e9 avec des limites, d\u00e9montrant la responsabilit\u00e9 humaine<\/span><span style=\"font-weight: 400;\">\n<p><\/span><\/li>\n<\/ul>\n<p><span style=\"font-weight: 400;\">L&#039;Eden symbolise <\/span><b>l&#039;\u00e9tat id\u00e9al de cr\u00e9ation<\/b><span style=\"font-weight: 400;\">, le paradis perdu qui sera restaur\u00e9 \u00e0 la fin de la Bible (Apocalypse 22), cl\u00f4turant le cycle narratif commenc\u00e9 dans la Gen\u00e8se.<\/span><\/p>\n<h3><b>L&#039;arbre de vie et de connaissance<\/b><\/h3>\n<p><span style=\"font-weight: 400;\">Dans l\u2019\u00c9den, deux arbres ont un poids th\u00e9ologique profond :<\/span><\/p>\n<ul>\n<li style=\"font-weight: 400;\" aria-level=\"1\"><b>L&#039;arbre de vie :<\/b><span style=\"font-weight: 400;\"> symbole d&#039;immortalit\u00e9, de communion continue avec Dieu et de pl\u00e9nitude \u00e9ternelle<\/span><span style=\"font-weight: 400;\">\n<p><\/span><\/li>\n<li style=\"font-weight: 400;\" aria-level=\"1\"><b>L&#039;arbre de la connaissance du bien et du mal :<\/b><span style=\"font-weight: 400;\"> repr\u00e9sente la libert\u00e9 morale, la responsabilit\u00e9 et <\/span><b>la tentation de d\u00e9cider du bien et du mal sans Dieu<\/b><b>\n<p><\/b><\/li>\n<\/ul>\n<p><span style=\"font-weight: 400;\">Quand Adam et Eve mangent le fruit d\u00e9fendu, <\/span><b>Ils ne d\u00e9sob\u00e9issent pas simplement \u00e0 un mandat<\/b><span style=\"font-weight: 400;\">, mais <\/span><b>Ils brisent la relation de d\u00e9pendance avec le Cr\u00e9ateur.<\/b><b><br \/><\/b><span style=\"font-weight: 400;\"> L\u2019acc\u00e8s \u00e0 l\u2019arbre de vie est alors bloqu\u00e9, montrant que <\/span><b>La vie \u00e9ternelle exige la r\u00e9conciliation avec Dieu.<\/b><\/p>\n<h3><b>L&#039;arc-en-ciel comme signe d&#039;alliance<\/b><\/h3>\n<p><span style=\"font-weight: 400;\">Apr\u00e8s le D\u00e9luge, Dieu \u00e9tablit une nouvelle alliance avec No\u00e9 et toute la cr\u00e9ation, promettant que <\/span><b>Il ne d\u00e9truira plus jamais la terre avec de l\u2019eau.<\/b><\/p>\n<p><span style=\"font-weight: 400;\">Le signe de cette alliance est l\u2019arc-en-ciel (Gen\u00e8se 9:12\u201317), qui symbolise :<\/span><\/p>\n<ul>\n<li style=\"font-weight: 400;\" aria-level=\"1\"><b>La fid\u00e9lit\u00e9 de Dieu \u00e0 ses promesses<\/b><b>\n<p><\/b><\/li>\n<li style=\"font-weight: 400;\" aria-level=\"1\"><span style=\"font-weight: 400;\">Le <\/span><b>la patience divine face au p\u00e9ch\u00e9 humain<\/b><b>\n<p><\/b><\/li>\n<li style=\"font-weight: 400;\" aria-level=\"1\"><span style=\"font-weight: 400;\">Le red\u00e9marrage de l&#039;humanit\u00e9 sous un nouveau d\u00e9part<\/span><span style=\"font-weight: 400;\">\n<p><\/span><\/li>\n<\/ul>\n<p><span style=\"font-weight: 400;\">L&#039;arc-en-ciel est, depuis la Gen\u00e8se, <\/span><b>une d\u00e9monstration visuelle de l&#039;engagement divin envers la mis\u00e9ricorde<\/b><span style=\"font-weight: 400;\">, une promesse qui reste valable pour chaque g\u00e9n\u00e9ration.<\/span><\/p>\n<h2><span class=\"ez-toc-section\" id=\"El_Libro_de_Genesis_en_el_contexto_del_Pentateuco\"><\/span><b>Le livre de la Gen\u00e8se dans le contexte du Pentateuque<\/b><span class=\"ez-toc-section-end\"><\/span><\/h2>\n<h3><b>Relation avec l&#039;Exode, le L\u00e9vitique, les Nombres et le Deut\u00e9ronome<\/b><\/h3>\n<p><span style=\"font-weight: 400;\">La Gen\u00e8se est le premier livre de la <\/span><b>Pentateuque<\/b><span style=\"font-weight: 400;\">, \u00e9galement connu sous le nom de Torah ou les cinq livres de Mo\u00efse.<\/span><span style=\"font-weight: 400;\"><br \/><\/span><span style=\"font-weight: 400;\"> Il sert de <\/span><b>introduction historique et th\u00e9ologique<\/b><span style=\"font-weight: 400;\"> aux th\u00e8mes d\u00e9velopp\u00e9s dans les livres ult\u00e9rieurs :<\/span><\/p>\n<ul>\n<li style=\"font-weight: 400;\" aria-level=\"1\"><span style=\"font-weight: 400;\">La Gen\u00e8se \u00e9tablit la <\/span><b>origine de l&#039;humanit\u00e9 et du peuple d&#039;Isra\u00ebl<\/b><b>\n<p><\/b><\/li>\n<li style=\"font-weight: 400;\" aria-level=\"1\"><span style=\"font-weight: 400;\">Exodus d\u00e9veloppe le <\/span><b>la lib\u00e9ration et l&#039;alliance au Sina\u00ef<\/b><b>\n<p><\/b><\/li>\n<li style=\"font-weight: 400;\" aria-level=\"1\"><span style=\"font-weight: 400;\">Le L\u00e9vitique explique le <\/span><b>lois de la saintet\u00e9 et du culte<\/b><b>\n<p><\/b><\/li>\n<li style=\"font-weight: 400;\" aria-level=\"1\"><span style=\"font-weight: 400;\">Les Nombres racontent le <\/span><b>p\u00e8lerinage et les d\u00e9fis du d\u00e9sert<\/b><b>\n<p><\/b><\/li>\n<li style=\"font-weight: 400;\" aria-level=\"1\"><span style=\"font-weight: 400;\">Le Deut\u00e9ronome r\u00e9affirme la <\/span><b>alliance avant d&#039;entrer dans la Terre promise<\/b><b>\n<p><\/b><\/li>\n<\/ul>\n<p><span style=\"font-weight: 400;\">Genesis fournit <\/span><b>la base g\u00e9n\u00e9alogique, spirituelle et proph\u00e9tique<\/b><span style=\"font-weight: 400;\"> de toute l&#039;histoire du Pentateuque.<\/span><\/p>\n<h3><b>Continuit\u00e9 narrative et th\u00e9ologique<\/b><\/h3>\n<p><span style=\"font-weight: 400;\">D&#039;Adam \u00e0 Joseph, Gen\u00e8se <\/span><b>pr\u00e9pare le terrain<\/b><span style=\"font-weight: 400;\"> pour les promesses, les commandements et les desseins que Dieu r\u00e9v\u00e9lera plus tard.<\/span><\/p>\n<p><span style=\"font-weight: 400;\">Exemples de continuit\u00e9 :<\/span><\/p>\n<ul>\n<li style=\"font-weight: 400;\" aria-level=\"1\"><span style=\"font-weight: 400;\">L&#039;alliance avec Abraham s&#039;\u00e9tend au Sina\u00ef<\/span><span style=\"font-weight: 400;\">\n<p><\/span><\/li>\n<li style=\"font-weight: 400;\" aria-level=\"1\"><span style=\"font-weight: 400;\">La promesse de la terre commence avec Canaan et continue avec la conqu\u00eate<\/span><span style=\"font-weight: 400;\">\n<p><\/span><\/li>\n<li style=\"font-weight: 400;\" aria-level=\"1\"><span style=\"font-weight: 400;\">La descendance promise m\u00e8ne \u00e0 une nation, Isra\u00ebl<\/span><span style=\"font-weight: 400;\">\n<p><\/span><\/li>\n<li style=\"font-weight: 400;\" aria-level=\"1\"><span style=\"font-weight: 400;\">Le mod\u00e8le du p\u00e9ch\u00e9, du jugement et de la gr\u00e2ce est r\u00e9p\u00e9t\u00e9 tout au long du Pentateuque<\/span><span style=\"font-weight: 400;\">\n<p><\/span><\/li>\n<\/ul>\n<p><span style=\"font-weight: 400;\">Th\u00e9ologiquement, la Gen\u00e8se introduit <\/span><b>la souverainet\u00e9, la justice, la gr\u00e2ce et la fid\u00e9lit\u00e9 de Dieu<\/b><span style=\"font-weight: 400;\">, principes fondamentaux qui guideront toute l\u2019histoire d\u2019Isra\u00ebl.<\/span><\/p>\n<h3><b>Introduction \u00e0 l&#039;histoire d&#039;Isra\u00ebl<\/b><\/h3>\n<p><span style=\"font-weight: 400;\">Gen\u00e8se chapitres 12 \u00e0 50 <\/span><b>Ils fonctionnent comme l\u2019histoire fondatrice du peuple d\u2019Isra\u00ebl.<\/b><b><br \/><\/b><span style=\"font-weight: 400;\"> Par l\u2019interm\u00e9diaire des patriarches \u2013 Abraham, Isaac, Jacob et Joseph \u2013 il est r\u00e9v\u00e9l\u00e9 :<\/span><\/p>\n<ul>\n<li style=\"font-weight: 400;\" aria-level=\"1\"><span style=\"font-weight: 400;\">Il <\/span><b>appel d&#039;une nation sainte<\/b><b>\n<p><\/b><\/li>\n<li style=\"font-weight: 400;\" aria-level=\"1\"><span style=\"font-weight: 400;\">Le mod\u00e8le de la foi, de l&#039;ob\u00e9issance et de la lutte avec Dieu<\/span><span style=\"font-weight: 400;\">\n<p><\/span><\/li>\n<li style=\"font-weight: 400;\" aria-level=\"1\"><span style=\"font-weight: 400;\">Le contexte qui conduit Isra\u00ebl \u00e0 s&#039;installer en \u00c9gypte, pr\u00e9parant le terrain pour l&#039;Exode<\/span><span style=\"font-weight: 400;\">\n<p><\/span><\/li>\n<\/ul>\n<p><span style=\"font-weight: 400;\">La Gen\u00e8se enseigne qu&#039;Isra\u00ebl n&#039;est pas n\u00e9 par hasard ou par m\u00e9rite humain, mais par <\/span><b>\u00e9lection divine et dessein r\u00e9dempteur.<\/b><\/p>\n<h2><span class=\"ez-toc-section\" id=\"Influencia_del_Libro_de_Genesis_en_el_Nuevo_Testamento\"><\/span><b>Influence du livre de la Gen\u00e8se sur le Nouveau Testament<\/b><span class=\"ez-toc-section-end\"><\/span><\/h2>\n<h3><b>R\u00e9f\u00e9rences de J\u00e9sus et des ap\u00f4tres \u00e0 la Gen\u00e8se<\/b><\/h3>\n<p><span style=\"font-weight: 400;\">J\u00e9sus et les auteurs du Nouveau Testament le font <\/span><b>de nombreuses r\u00e9f\u00e9rences \u00e0 la Gen\u00e8se<\/b><span style=\"font-weight: 400;\">, ce qui confirme son autorit\u00e9 et sa pertinence doctrinale.<\/span><\/p>\n<p><span style=\"font-weight: 400;\">Exemples :<\/span><\/p>\n<ul>\n<li style=\"font-weight: 400;\" aria-level=\"1\"><span style=\"font-weight: 400;\">J\u00e9sus parle du mariage en se basant sur Gen\u00e8se 1 et 2 (Matthieu 19:4\u20136)<\/span><span style=\"font-weight: 400;\">\n<p><\/span><\/li>\n<li style=\"font-weight: 400;\" aria-level=\"1\"><span style=\"font-weight: 400;\">Il fait r\u00e9f\u00e9rence \u00e0 Abel comme le premier martyr (Luc 11:51)<\/span><span style=\"font-weight: 400;\">\n<p><\/span><\/li>\n<li style=\"font-weight: 400;\" aria-level=\"1\"><span style=\"font-weight: 400;\">Mentionne Lot et la destruction de Sodome (Luc 17:28\u201332)<\/span><span style=\"font-weight: 400;\">\n<p><\/span><\/li>\n<li style=\"font-weight: 400;\" aria-level=\"1\"><span style=\"font-weight: 400;\">Paul utilise Abraham comme mod\u00e8le de foi (Romains 4)<\/span><span style=\"font-weight: 400;\">\n<p><\/span><\/li>\n<\/ul>\n<p><span style=\"font-weight: 400;\">Ces r\u00e9f\u00e9rences montrent que <\/span><b>Le Nouveau Testament interpr\u00e8te la Gen\u00e8se litt\u00e9ralement et comme un fondement th\u00e9ologique.<\/b><\/p>\n<h3><b>Adam comme figure du Christ<\/b><\/h3>\n<p><span style=\"font-weight: 400;\">Paul \u00e9tablit une <\/span><b>typologie entre Adam et Christ<\/b><span style=\"font-weight: 400;\">, les pr\u00e9sentant comme les deux grands repr\u00e9sentants de l\u2019humanit\u00e9.<\/span><\/p>\n<p><span style=\"font-weight: 400;\">\u00ab De m\u00eame que tous meurent en Adam, de m\u00eame tous revivront en Christ. \u00bb (1 Corinthiens 15:22)<\/span><\/p>\n<p><span style=\"font-weight: 400;\">Comparaison:<\/span><\/p>\n<p><!-- \/divi:paragraph --><\/p>[\/et_pb_text][et_pb_image src=\u201dhttps:\/\/cleefbible.com\/wp-content\/uploads\/2025\/04\/Book-of-Genesis.png\u201d alt=\u201dLivre de la Gen\u00e8se\u201d title_text=\u201dLivre de la Gen\u00e8se\u201d _builder_version=\u201d4.27.4\u2033 _module_preset=\u201ddefault\u201d global_colors_info=\u201d{}\u201d theme_builder_area=\u201dpost_content\u201d][\/et_pb_image][et_pb_text _builder_version=\u201d4.27.4\u2033 background_size=\u201dinitial\u201d background_position=\u201dtop_left\u201d background_repeat=\u201drepeat\u201d global_colors_info=\u201d{}\u201d theme_builder_area=\u201dpost_content\u201d]<p><span style=\"font-weight: 400;\">Cette comparaison renforce l\u2019id\u00e9e que la Gen\u00e8se <\/span><b>Ce n\u2019est pas une histoire isol\u00e9e<\/b><span style=\"font-weight: 400;\">, mais une partie de la structure du salut a culmin\u00e9 en J\u00e9sus.<\/span><\/p>\n<h3><b>L&#039;accomplissement des promesses sur la croix<\/b><\/h3>\n<p><span style=\"font-weight: 400;\">Les promesses faites \u00e0 Abraham dans la Gen\u00e8se trouvent leur <\/span><b>accomplissement final en Christ.<\/b><\/p>\n<p><span style=\"font-weight: 400;\">\u00ab Et les promesses ont \u00e9t\u00e9 faites \u00e0 Abraham\u2026 et \u00e0 sa post\u00e9rit\u00e9, c\u2019est-\u00e0-dire Christ. \u00bb (Galates 3:16)<\/span><\/p>\n<p><span style=\"font-weight: 400;\">Depuis la Gen\u00e8se, Dieu a promis :<\/span><\/p>\n<ul>\n<li style=\"font-weight: 400;\" aria-level=\"1\"><span style=\"font-weight: 400;\">Un descendant qui b\u00e9nirait les nations<\/span><span style=\"font-weight: 400;\">\n<p><\/span><\/li>\n<li style=\"font-weight: 400;\" aria-level=\"1\"><span style=\"font-weight: 400;\">Une alliance \u00e9ternelle<\/span><span style=\"font-weight: 400;\">\n<p><\/span><\/li>\n<li style=\"font-weight: 400;\" aria-level=\"1\"><span style=\"font-weight: 400;\">Une restauration compl\u00e8te<\/span><\/li>\n<\/ul>\n<p><span style=\"font-weight: 400;\">J\u00e9sus est le <\/span><b>semence promise<\/b><span style=\"font-weight: 400;\">, le v\u00e9ritable fils d&#039;Abraham, l&#039;accomplissement du prot\u00e9vangile et le moyen par lequel la terre enti\u00e8re est b\u00e9nie.<\/span><span style=\"font-weight: 400;\"><br \/><\/span><span style=\"font-weight: 400;\"> Le Nouveau Testament interpr\u00e8te la Gen\u00e8se comme <\/span><b>la racine proph\u00e9tique de l&#039;\u00c9vangile.<\/b><\/p>\n<h2><span class=\"ez-toc-section\" id=\"Genesis_y_ciencia_creacionismo_vs_evolucion\"><\/span><b>Gen\u00e8se et science : cr\u00e9ationnisme contre \u00e9volution<\/b><span class=\"ez-toc-section-end\"><\/span><\/h2>\n<h3><b>Interpr\u00e9tations du r\u00e9cit de la cr\u00e9ation<\/b><\/h3>\n<p><span style=\"font-weight: 400;\">L\u2019histoire de la cr\u00e9ation dans Gen\u00e8se 1 a \u00e9t\u00e9 interpr\u00e9t\u00e9e de diverses mani\u00e8res \u00e0 travers l\u2019histoire.<\/span><span style=\"font-weight: 400;\"><br \/><\/span><span style=\"font-weight: 400;\"> Ces interpr\u00e9tations influencent non seulement la vision chr\u00e9tienne du monde, mais aussi le dialogue avec la science.<\/span><\/p>\n<p><span style=\"font-weight: 400;\">Principales approches :<\/span><\/p>\n<ul>\n<li style=\"font-weight: 400;\" aria-level=\"1\"><b>Cr\u00e9ationnisme litt\u00e9ral (de la jeune Terre) :<\/b><span style=\"font-weight: 400;\"> soutient que Dieu a cr\u00e9\u00e9 le monde en six jours litt\u00e9raux de 24 heures, il y a environ 6 000 \u00e0 10 000 ans.<\/span><span style=\"font-weight: 400;\">\n<p><\/span><\/li>\n<li style=\"font-weight: 400;\" aria-level=\"1\"><b>Cr\u00e9ationnisme progressiste :<\/b><span style=\"font-weight: 400;\"> interpr\u00e8te les \u00ab jours \u00bb comme de longues p\u00e9riodes de temps ind\u00e9finies, permettant une plus grande compatibilit\u00e9 avec les donn\u00e9es scientifiques.<\/span><span style=\"font-weight: 400;\">\n<p><\/span><\/li>\n<li style=\"font-weight: 400;\" aria-level=\"1\"><b>Conception intelligente :<\/b><span style=\"font-weight: 400;\"> affirme que l&#039;univers pr\u00e9sente des preuves de conception, sans toutefois \u00e9tablir de chronologie stricte.<\/span><span style=\"font-weight: 400;\">\n<p><\/span><\/li>\n<li style=\"font-weight: 400;\" aria-level=\"1\"><b>Cr\u00e9ationnisme th\u00e9iste :<\/b><span style=\"font-weight: 400;\"> accepte une grande partie du mod\u00e8le \u00e9volutionniste, mais maintient que Dieu a dirig\u00e9 le processus.<\/span><span style=\"font-weight: 400;\">\n<p><\/span><\/li>\n<li style=\"font-weight: 400;\" aria-level=\"1\"><b>Interpr\u00e9tation litt\u00e9raire ou symbolique :<\/b><span style=\"font-weight: 400;\"> consid\u00e8re le texte comme th\u00e9ologiquement vrai, mais pas n\u00e9cessairement scientifique ; met en \u00e9vidence sa structure po\u00e9tique et sa finalit\u00e9 doctrinale.<\/span><\/li>\n<\/ul>\n<p><span style=\"font-weight: 400;\">Toutes ces visions cherchent \u00e0 r\u00e9pondre : <\/span><b>Qu\u2019est-ce que Dieu voulait communiquer \u00e0 travers cette histoire ?<\/b><\/p>\n<h3><b>D\u00e9bats sur les jours litt\u00e9raux et les \u00e9poques symboliques<\/b><\/h3>\n<p><span style=\"font-weight: 400;\">L\u2019une des controverses les plus discut\u00e9es est de savoir si les \u00ab jours \u00bb de Gen\u00e8se 1 doivent \u00eatre compris comme <\/span><b>24 heures litt\u00e9rales<\/b><span style=\"font-weight: 400;\"> ou comme <\/span><b>m\u00e9taphores d&#039;\u00e9tapes prolong\u00e9es<\/b><span style=\"font-weight: 400;\">.<\/span><\/p>\n<p><span style=\"font-weight: 400;\">Arguments en faveur des jours litt\u00e9raux :<\/span><\/p>\n<ul>\n<li style=\"font-weight: 400;\" aria-level=\"1\"><span style=\"font-weight: 400;\">L&#039;utilisation du terme h\u00e9breu <\/span><i><span style=\"font-weight: 400;\">yom<\/span><\/i><span style=\"font-weight: 400;\"> avec \u00ab soir et matin \u00bb sugg\u00e8re une s\u00e9quence naturelle de jours.<\/span><span style=\"font-weight: 400;\">\n<p><\/span><\/li>\n<li style=\"font-weight: 400;\" aria-level=\"1\"><span style=\"font-weight: 400;\">Exode 20:11 relie la cr\u00e9ation litt\u00e9rale \u00e0 la semaine de travail.<\/span><span style=\"font-weight: 400;\">\n<p><\/span><\/li>\n<li style=\"font-weight: 400;\" aria-level=\"1\"><span style=\"font-weight: 400;\">Le r\u00e9cit est clair et sans aucune trace de symbolisme explicite.<\/span><\/li>\n<\/ul>\n<p><span style=\"font-weight: 400;\">Arguments en faveur d\u2019une lecture symbolique :<\/span><\/p>\n<ul>\n<li style=\"font-weight: 400;\" aria-level=\"1\"><span style=\"font-weight: 400;\">Avant le quatri\u00e8me jour, il n\u2019y a pas de soleil, donc il n\u2019y a pas de mesure du temps telle que nous la connaissons.<\/span><span style=\"font-weight: 400;\">\n<p><\/span><\/li>\n<li style=\"font-weight: 400;\" aria-level=\"1\"><i><span style=\"font-weight: 400;\">Yom<\/span><\/i><span style=\"font-weight: 400;\"> Il est \u00e9galement utilis\u00e9 ailleurs dans la Bible pour d\u00e9signer des p\u00e9riodes non litt\u00e9rales.<\/span><span style=\"font-weight: 400;\">\n<p><\/span><\/li>\n<li style=\"font-weight: 400;\" aria-level=\"1\"><span style=\"font-weight: 400;\">L\u2019objectif principal semble \u00eatre <\/span><b>th\u00e9ologique et structurelle, et non chronologique.<\/b><\/li>\n<\/ul>\n<p><span style=\"font-weight: 400;\">Les deux positions peuvent coexister dans le cadre de la foi, \u00e0 condition qu&#039;elle soit reconnue <\/span><b>la paternit\u00e9 divine et le but r\u00e9v\u00e9lateur du texte.<\/b><\/p>\n<h3><b>Positions chr\u00e9tiennes concernant la science moderne<\/b><\/h3>\n<p><span style=\"font-weight: 400;\">Les chr\u00e9tiens adoptent des positions diff\u00e9rentes concernant les avanc\u00e9es scientifiques concernant l\u2019origine de l\u2019univers et de la vie :<\/span><\/p>\n<ol>\n<li style=\"font-weight: 400;\" aria-level=\"1\"><b>Rejet direct :<\/b><span style=\"font-weight: 400;\"> une vision litt\u00e9rale est maintenue et des th\u00e9ories telles que l\u2019\u00e9volution ou le Big Bang sont rejet\u00e9es.<\/span><span style=\"font-weight: 400;\">\n<p><\/span><\/li>\n<li style=\"font-weight: 400;\" aria-level=\"1\"><b>Compatibilisme :<\/b><span style=\"font-weight: 400;\"> De nombreux croyants pensent que la science et la foi ne se contredisent pas, mais plut\u00f4t <\/span><b>r\u00e9pondre \u00e0 diff\u00e9rentes questions<\/b><span style=\"font-weight: 400;\"> (comment vs pourquoi).<\/span><span style=\"font-weight: 400;\">\n<p><\/span><\/li>\n<li style=\"font-weight: 400;\" aria-level=\"1\"><b>Int\u00e9gration cr\u00e9ative :<\/b><span style=\"font-weight: 400;\"> Certains cherchent \u00e0 harmoniser les donn\u00e9es scientifiques avec une interpr\u00e9tation non litt\u00e9rale du texte biblique.<\/span><\/li>\n<\/ol>\n<p><span style=\"font-weight: 400;\">Dans tous les cas, le point central est d\u2019affirmer que :<\/span><\/p>\n<ul>\n<li style=\"font-weight: 400;\" aria-level=\"1\"><b>Dieu est le Cr\u00e9ateur<\/b><span style=\"font-weight: 400;\">, que ce soit par des moyens directs ou par des processus ordonn\u00e9s.<\/span><span style=\"font-weight: 400;\">\n<p><\/span><\/li>\n<li style=\"font-weight: 400;\" aria-level=\"1\"><span style=\"font-weight: 400;\">L&#039;\u00eatre humain a \u00e9t\u00e9 cr\u00e9\u00e9 <\/span><b>\u00e0 l&#039;image de Dieu<\/b><span style=\"font-weight: 400;\">, avec un but, une dignit\u00e9 et un destin.<\/span><span style=\"font-weight: 400;\">\n<p><\/span><\/li>\n<li style=\"font-weight: 400;\" aria-level=\"1\"><span style=\"font-weight: 400;\">L&#039;histoire de la Gen\u00e8se <\/span><b>ne cherche pas \u00e0 expliquer la science moderne<\/b><span style=\"font-weight: 400;\">, mais pour r\u00e9v\u00e9ler <\/span><b>la v\u00e9rit\u00e9 spirituelle sur l\u2019origine et le but du monde.<\/b><\/li>\n<\/ul>\n<h2><span class=\"ez-toc-section\" id=\"Ensenanzas_practicas_del_Libro_de_Genesis_para_hoy\"><\/span><b>Enseignements pratiques du livre de la Gen\u00e8se pour aujourd&#039;hui<\/b><span class=\"ez-toc-section-end\"><\/span><\/h2>\n<h3><b>La dignit\u00e9 de l&#039;\u00eatre humain cr\u00e9\u00e9 \u00e0 l&#039;image de Dieu<\/b><\/h3>\n<p><span style=\"font-weight: 400;\">Gen\u00e8se 1:27 d\u00e9clare que l&#039;homme et la femme ont \u00e9t\u00e9 cr\u00e9\u00e9s <\/span><b>\u00e0 l&#039;image et \u00e0 la ressemblance de Dieu<\/b><span style=\"font-weight: 400;\">.<\/span><span style=\"font-weight: 400;\"><br \/><\/span><span style=\"font-weight: 400;\"> Cette d\u00e9claration a de profondes implications pratiques :<\/span><\/p>\n<ul>\n<li style=\"font-weight: 400;\" aria-level=\"1\"><span style=\"font-weight: 400;\">Chaque \u00eatre humain, quel que soit son \u00e2ge, son sexe, sa race ou sa condition, poss\u00e8de <\/span><b>dignit\u00e9 inh\u00e9rente<\/b><span style=\"font-weight: 400;\">.<\/span><span style=\"font-weight: 400;\">\n<p><\/span><\/li>\n<li style=\"font-weight: 400;\" aria-level=\"1\"><span style=\"font-weight: 400;\">Aucune vie n\u2019est accidentelle : <\/span><b>Nous avons tous \u00e9t\u00e9 cr\u00e9\u00e9s avec une intention divine.<\/b><b>\n<p><\/b><\/li>\n<li style=\"font-weight: 400;\" aria-level=\"1\"><span style=\"font-weight: 400;\">L\u2019image de Dieu nous appelle \u00e0 vivre avec responsabilit\u00e9, cr\u00e9ativit\u00e9, moralit\u00e9 et amour.<\/span><span style=\"font-weight: 400;\">\n<p><\/span><\/li>\n<\/ul>\n<p><span style=\"font-weight: 400;\">Dans un monde qui d\u00e9grade la vie humaine, la Gen\u00e8se nous rappelle que <\/span><b>chaque personne refl\u00e8te le Cr\u00e9ateur.<\/b><\/p>\n<h3><b>L&#039;importance de la famille et de la fid\u00e9lit\u00e9<\/b><\/h3>\n<p><span style=\"font-weight: 400;\">D\u00e8s les premiers chapitres, la Gen\u00e8se pr\u00e9sente le dessein originel de Dieu pour la vie de famille :<\/span><\/p>\n<ul>\n<li style=\"font-weight: 400;\" aria-level=\"1\"><span style=\"font-weight: 400;\">Union entre un homme et une femme (Gen\u00e8se 2:24)<\/span><span style=\"font-weight: 400;\">\n<p><\/span><\/li>\n<li style=\"font-weight: 400;\" aria-level=\"1\"><span style=\"font-weight: 400;\">Fruit de cette union : enfants, g\u00e9n\u00e9rations, h\u00e9ritage<\/span><span style=\"font-weight: 400;\">\n<p><\/span><\/li>\n<li style=\"font-weight: 400;\" aria-level=\"1\"><span style=\"font-weight: 400;\">Appel \u00e0 la fid\u00e9lit\u00e9, \u00e0 la protection mutuelle et \u00e0 la multiplication intentionnelle<\/span><\/li>\n<\/ul>\n<p><span style=\"font-weight: 400;\">Bien que les patriarches aient \u00e9t\u00e9 confront\u00e9s \u00e0 des d\u00e9fis familiaux, le message est clair : <\/span><b>La famille fait partie du plan de Dieu<\/b><span style=\"font-weight: 400;\"> et doit \u00eatre soign\u00e9 avec amour, v\u00e9rit\u00e9 et engagement.<\/span><\/p>\n<h3><b>Dieu utilise des personnes imparfaites pour accomplir ses plans<\/b><\/h3>\n<p><span style=\"font-weight: 400;\">L\u2019une des grandes le\u00e7ons de la Gen\u00e8se est que <\/span><b>Dieu ne choisit pas le parfait, mais le disponible.<\/b><\/p>\n<ul>\n<li style=\"font-weight: 400;\" aria-level=\"1\"><span style=\"font-weight: 400;\">Abraham h\u00e9sita<\/span><span style=\"font-weight: 400;\">\n<p><\/span><\/li>\n<li style=\"font-weight: 400;\" aria-level=\"1\"><span style=\"font-weight: 400;\">Jacob \u00e9tait trompeur<\/span><span style=\"font-weight: 400;\">\n<p><\/span><\/li>\n<li style=\"font-weight: 400;\" aria-level=\"1\"><span style=\"font-weight: 400;\">Joseph a \u00e9t\u00e9 trahi<\/span><span style=\"font-weight: 400;\">\n<p><\/span><\/li>\n<li style=\"font-weight: 400;\" aria-level=\"1\"><span style=\"font-weight: 400;\">Tout le monde a \u00e9t\u00e9 confront\u00e9 \u00e0 des erreurs et \u00e0 des \u00e9checs<\/span><\/li>\n<\/ul>\n<p><span style=\"font-weight: 400;\">Et pourtant, <\/span><b>Dieu a utilis\u00e9 chacun d\u2019eux<\/b><span style=\"font-weight: 400;\"> pour mener \u00e0 bien son objectif.<\/span><span style=\"font-weight: 400;\"><br \/><\/span><span style=\"font-weight: 400;\"> Cela signifie qu\u2019aujourd\u2019hui, il peut aussi nous utiliser, avec nos faiblesses, si nous sommes pr\u00eats \u00e0 ob\u00e9ir.<\/span><\/p>\n<p><span style=\"font-weight: 400;\">La Gen\u00e8se enseigne que <\/span><b>Le protagoniste de l&#039;histoire n&#039;est pas l&#039;homme, mais Dieu<\/b><span style=\"font-weight: 400;\">, et Il continue \u00e0 travailler avec une gr\u00e2ce souveraine.<\/span><\/p>\n<h2><span class=\"ez-toc-section\" id=\"Como_estudiar_el_Libro_de_Genesis_eficazmente\"><\/span><b>Comment \u00e9tudier efficacement le livre de la Gen\u00e8se<\/b><span class=\"ez-toc-section-end\"><\/span><\/h2>\n<h3><b>Plans de lecture et sections th\u00e9matiques<\/b><\/h3>\n<p><span style=\"font-weight: 400;\">\u00c9tudier efficacement la Gen\u00e8se n\u00e9cessite de structurer votre lecture. Quelques suggestions :<\/span><\/p>\n<ul>\n<li style=\"font-weight: 400;\" aria-level=\"1\"><b>Plan de 30 jours :<\/b><span style=\"font-weight: 400;\"> un chapitre par jour + r\u00e9sum\u00e9 th\u00e9matique<\/span><span style=\"font-weight: 400;\">\n<p><\/span><\/li>\n<li style=\"font-weight: 400;\" aria-level=\"1\"><b>Lecture par sections :<\/b><b>\n<p><\/b><\/li>\n<ul>\n<li style=\"font-weight: 400;\" aria-level=\"2\"><span style=\"font-weight: 400;\">Gen\u00e8se 1\u201311\u00a0: Origines de l\u2019humanit\u00e9<\/span><span style=\"font-weight: 400;\">\n<p><\/span><\/li>\n<li style=\"font-weight: 400;\" aria-level=\"2\"><span style=\"font-weight: 400;\">Gen\u00e8se 12\u201325 : Abraham<\/span><span style=\"font-weight: 400;\">\n<p><\/span><\/li>\n<li style=\"font-weight: 400;\" aria-level=\"2\"><span style=\"font-weight: 400;\">Gen\u00e8se 25\u201336\u00a0: Isaac et Jacob<\/span><span style=\"font-weight: 400;\">\n<p><\/span><\/li>\n<li style=\"font-weight: 400;\" aria-level=\"2\"><span style=\"font-weight: 400;\">Gen\u00e8se 37\u201350 : Joseph<\/span><\/li>\n<\/ul>\n<\/ul>\n<p><span style=\"font-weight: 400;\">Vous pouvez \u00e9galement lire <\/span><b>en parall\u00e8le avec le Nouveau Testament<\/b><span style=\"font-weight: 400;\"> pour identifier les liens proph\u00e9tiques et doctrinaux.<\/span><\/p>\n<h3><b>Questions guides pour chaque chapitre<\/b><\/h3>\n<p><span style=\"font-weight: 400;\">En lisant chaque chapitre, posez-vous des questions qui vous feront r\u00e9fl\u00e9chir :<\/span><\/p>\n<ul>\n<li style=\"font-weight: 400;\" aria-level=\"1\"><span style=\"font-weight: 400;\">Que r\u00e9v\u00e8le ce texte sur le caract\u00e8re de Dieu ?<\/span><span style=\"font-weight: 400;\">\n<p><\/span><\/li>\n<li style=\"font-weight: 400;\" aria-level=\"1\"><span style=\"font-weight: 400;\">Comment l\u2019\u00eatre humain r\u00e9pond-il \u00e0 Dieu ?<\/span><span style=\"font-weight: 400;\">\n<p><\/span><\/li>\n<li style=\"font-weight: 400;\" aria-level=\"1\"><span style=\"font-weight: 400;\">Quels principes puis-je appliquer aujourd\u2019hui ?<\/span><span style=\"font-weight: 400;\">\n<p><\/span><\/li>\n<li style=\"font-weight: 400;\" aria-level=\"1\"><span style=\"font-weight: 400;\">O\u00f9 la gr\u00e2ce ou le jugement apparaissent-ils dans cette histoire ?<\/span><\/li>\n<\/ul>\n<p><span style=\"font-weight: 400;\">Ces questions aident \u00e0 passer d\u2019une lecture superficielle \u00e0 une compr\u00e9hension profonde et transformatrice.<\/span><\/p>\n<h3><b>Ressources compl\u00e9mentaires et commentaires bibliques<\/b><\/h3>\n<p><span style=\"font-weight: 400;\">Pour une \u00e9tude plus compl\u00e8te, les \u00e9l\u00e9ments suivants sont recommand\u00e9s :<\/span><\/p>\n<ul>\n<li style=\"font-weight: 400;\" aria-level=\"1\"><b>Bibles d&#039;\u00e9tude<\/b><span style=\"font-weight: 400;\"> comme la NIV, Reina-Valera avec notes ou la Bible d&#039;\u00e9tude MacArthur<\/span><span style=\"font-weight: 400;\">\n<p><\/span><\/li>\n<li style=\"font-weight: 400;\" aria-level=\"1\"><b>Commentaires bibliques<\/b><span style=\"font-weight: 400;\"> comme ceux de Warren Wiersbe, Charles Ryrie ou le commentaire explicatif de Matthew Henry<\/span><span style=\"font-weight: 400;\">\n<p><\/span><\/li>\n<li style=\"font-weight: 400;\" aria-level=\"1\"><b>Cartes et chronologies<\/b><span style=\"font-weight: 400;\">, pour afficher les \u00e9v\u00e9nements par ordre chronologique<\/span><span style=\"font-weight: 400;\">\n<p><\/span><\/li>\n<li style=\"font-weight: 400;\" aria-level=\"1\"><b>Guides de d\u00e9votion et vid\u00e9os explicatives<\/b><span style=\"font-weight: 400;\">, qui aident \u00e0 contextualiser<\/span><\/li>\n<\/ul>\n<p><span style=\"font-weight: 400;\">\u00c9tudier la Gen\u00e8se ne consiste pas seulement \u00e0 lire le pass\u00e9, mais <\/span><b>d\u00e9couvrir le caract\u00e8re \u00e9ternel de Dieu<\/b><span style=\"font-weight: 400;\"> en action depuis le d\u00e9but.<\/span><\/p>\n<h2><span class=\"ez-toc-section\" id=\"El_Genesis_en_el_arte_la_musica_y_la_literatura\"><\/span><b>Gen\u00e8se dans l&#039;art, la musique et la litt\u00e9rature<\/b><span class=\"ez-toc-section-end\"><\/span><\/h2>\n<h3><b>\u0152uvres c\u00e9l\u00e8bres inspir\u00e9es de la cr\u00e9ation et de l&#039;Eden<\/b><\/h3>\n<p><span style=\"font-weight: 400;\">L\u2019histoire de la cr\u00e9ation et de l\u2019\u00c9den a \u00e9t\u00e9 l\u2019une des sources les plus influentes de l\u2019histoire de l\u2019art occidental.<\/span><span style=\"font-weight: 400;\"><br \/><\/span><span style=\"font-weight: 400;\"> Du Moyen \u00c2ge \u00e0 la Renaissance et \u00e0 l\u2019\u00e9poque contemporaine, la Gen\u00e8se a \u00e9t\u00e9 captur\u00e9e dans des \u0153uvres qui ont fa\u00e7onn\u00e9 la perception collective de l\u2019origine du monde.<\/span><\/p>\n<p><span style=\"font-weight: 400;\">Exemples notables :<\/span><\/p>\n<ul>\n<li style=\"font-weight: 400;\" aria-level=\"1\"><b>La cr\u00e9ation d&#039;Adam<\/b><span style=\"font-weight: 400;\"> \u2013 Michel-Ange (Chapelle Sixtine) : repr\u00e9sente le moment o\u00f9 Dieu donne la vie \u00e0 l\u2019homme, l\u2019une des ic\u00f4nes les plus reconnaissables de l\u2019art sacr\u00e9.<\/span><span style=\"font-weight: 400;\">\n<p><\/span><\/li>\n<li style=\"font-weight: 400;\" aria-level=\"1\"><b>Le Jardin des d\u00e9lices terrestres<\/b><span style=\"font-weight: 400;\"> \u2013 Bosch : une all\u00e9gorie visuelle complexe de l\u2019Eden, du p\u00e9ch\u00e9 et du jugement dernier.<\/span><span style=\"font-weight: 400;\">\n<p><\/span><\/li>\n<li style=\"font-weight: 400;\" aria-level=\"1\"><b>La cr\u00e9ation du monde<\/b><span style=\"font-weight: 400;\"> \u2013 Joseph Haydn : un oratorio musical qui traduit la Gen\u00e8se 1 en une musique symphonique majestueuse.<\/span><span style=\"font-weight: 400;\">\n<p><\/span><\/li>\n<li style=\"font-weight: 400;\" aria-level=\"1\"><b>Paradis perdu<\/b><span style=\"font-weight: 400;\"> \u2013 John Milton : po\u00e8me \u00e9pique qui raconte la chute d\u2019Adam et \u00c8ve, avec de profondes implications th\u00e9ologiques et philosophiques.<\/span><span style=\"font-weight: 400;\">\n<p><\/span><\/li>\n<\/ul>\n<p><span style=\"font-weight: 400;\">Ces expressions montrent que la Gen\u00e8se <\/span><b>transcende la religion<\/b><span style=\"font-weight: 400;\"> et impr\u00e8gne la culture comme un r\u00e9cit universel de commencement, de chute et de recherche d\u2019un retour \u00e0 la pl\u00e9nitude.<\/span><\/p>\n<h3><b>La figure d&#039;Adam et \u00c8ve dans la culture visuelle<\/b><\/h3>\n<p><span style=\"font-weight: 400;\">Adam et Eve ne sont pas seulement des personnages bibliques, mais <\/span><b>symboles culturels de l&#039;humanit\u00e9 elle-m\u00eame<\/b><span style=\"font-weight: 400;\">.<\/span><span style=\"font-weight: 400;\"><br \/><\/span><span style=\"font-weight: 400;\"> Ils ont \u00e9t\u00e9 repr\u00e9sent\u00e9s comme :<\/span><\/p>\n<ul>\n<li style=\"font-weight: 400;\" aria-level=\"1\"><span style=\"font-weight: 400;\">L&#039;id\u00e9al de l&#039;\u00eatre humain cr\u00e9\u00e9 par Dieu<\/span><span style=\"font-weight: 400;\">\n<p><\/span><\/li>\n<li style=\"font-weight: 400;\" aria-level=\"1\"><span style=\"font-weight: 400;\">Arch\u00e9types de l&#039;innocence perdue<\/span><span style=\"font-weight: 400;\">\n<p><\/span><\/li>\n<li style=\"font-weight: 400;\" aria-level=\"1\"><span style=\"font-weight: 400;\">Exemples de libre arbitre et de ses cons\u00e9quences<\/span><\/li>\n<\/ul>\n<p><span style=\"font-weight: 400;\">Des peintures, sculptures et films \u00e0 la publicit\u00e9 moderne, son image a \u00e9t\u00e9 r\u00e9interpr\u00e9t\u00e9e \u00e0 maintes reprises, refl\u00e9tant <\/span><b>la lutte int\u00e9rieure de l&#039;homme pour comprendre son origine, sa culpabilit\u00e9 et sa r\u00e9demption.<\/b><\/p>\n<h3><b>L&#039;arch\u00e9type du voyage du h\u00e9ros dans Joseph<\/b><\/h3>\n<p><span style=\"font-weight: 400;\">L&#039;histoire de Joseph, l&#039;un des r\u00e9cits les plus complets de la Gen\u00e8se, <\/span><b>Il a \u00e9t\u00e9 consid\u00e9r\u00e9 comme un exemple classique du \u00ab voyage du h\u00e9ros \u00bb.<\/b><span style=\"font-weight: 400;\">, comme d\u00e9crit par Joseph Campbell.<\/span><\/p>\n<p><span style=\"font-weight: 400;\">\u00c9tapes actuelles :<\/span><\/p>\n<ul>\n<li style=\"font-weight: 400;\" aria-level=\"1\"><b>Appel \u00e0 voyager :<\/b><span style=\"font-weight: 400;\"> rejet\u00e9 par ses fr\u00e8res<\/span><span style=\"font-weight: 400;\">\n<p><\/span><\/li>\n<li style=\"font-weight: 400;\" aria-level=\"1\"><b>Chute et transformation :<\/b><span style=\"font-weight: 400;\"> vendu comme esclave et emprisonn\u00e9<\/span><span style=\"font-weight: 400;\">\n<p><\/span><\/li>\n<li style=\"font-weight: 400;\" aria-level=\"1\"><b>Ascension et r\u00e9demption :<\/b><span style=\"font-weight: 400;\"> arrive au pouvoir en \u00c9gypte<\/span><span style=\"font-weight: 400;\">\n<p><\/span><\/li>\n<li style=\"font-weight: 400;\" aria-level=\"1\"><b>R\u00e9conciliation:<\/b><span style=\"font-weight: 400;\"> pardonne \u00e0 ses fr\u00e8res et sauve sa famille<\/span><\/li>\n<\/ul>\n<p><span style=\"font-weight: 400;\">Ce mod\u00e8le fait de lui une source d\u2019inspiration pour des romans, des films et des enseignements moraux, montrant comment la souffrance <\/span><b>peut faire partie du plan souverain de Dieu pour accomplir un dessein plus grand.<\/b><\/p>\n<h2><span class=\"ez-toc-section\" id=\"Relevancia_del_Genesis_para_el_mundo_contemporaneo\"><\/span><b>Pertinence de la Gen\u00e8se pour le monde contemporain<\/b><span class=\"ez-toc-section-end\"><\/span><\/h2>\n<h3><b>Que dit la Gen\u00e8se sur l\u2019origine et le but de la vie ?<\/b><\/h3>\n<p><span style=\"font-weight: 400;\">\u00c0 une \u00e9poque de confusion existentielle, la Gen\u00e8se r\u00e9pond clairement :<\/span><\/p>\n<ul>\n<li style=\"font-weight: 400;\" aria-level=\"1\"><span style=\"font-weight: 400;\">L&#039;univers a un Cr\u00e9ateur : <\/span><b>Nous ne venons pas du chaos, mais du design.<\/b><b>\n<p><\/b><\/li>\n<li style=\"font-weight: 400;\" aria-level=\"1\"><span style=\"font-weight: 400;\">L&#039;\u00eatre humain a une valeur et un but : <\/span><b>a \u00e9t\u00e9 cr\u00e9\u00e9 pour se relier \u00e0 Dieu et prendre soin de la cr\u00e9ation.<\/b><b>\n<p><\/b><\/li>\n<li style=\"font-weight: 400;\" aria-level=\"1\"><span style=\"font-weight: 400;\">Le monde a \u00e9t\u00e9 rendu \u00ab tr\u00e8s bon \u00bb : <\/span><b>La vie n\u2019est pas absurde, mais elle a un sens et un sens.<\/b><\/li>\n<\/ul>\n<p><span style=\"font-weight: 400;\">Face \u00e0 une culture qui pr\u00eache le nihilisme ou le mat\u00e9rialisme, la Gen\u00e8se proclame une v\u00e9rit\u00e9 \u00e9ternelle : <\/span><b>nous avons \u00e9t\u00e9 cr\u00e9\u00e9s avec intention et amour.<\/b><\/p>\n<h3><b>Le probl\u00e8me du mal et la justice de Dieu<\/b><\/h3>\n<p><span style=\"font-weight: 400;\">La Gen\u00e8se aborde \u00e9galement la <\/span><b>origine du mal moral et ses cons\u00e9quences.<\/b><b><br \/><\/b><span style=\"font-weight: 400;\"> Le p\u00e9ch\u00e9 n\u2019est pas un accident ou un produit social, mais une rupture volontaire de la relation avec Dieu.<\/span><\/p>\n<p><span style=\"font-weight: 400;\">\u00c0 travers la Chute, le D\u00e9luge et la Tour de Babel, le livre montre :<\/span><\/p>\n<ul>\n<li style=\"font-weight: 400;\" aria-level=\"1\"><b>Que le mal a de r\u00e9elles cons\u00e9quences<\/b><b>\n<p><\/b><\/li>\n<li style=\"font-weight: 400;\" aria-level=\"1\"><b>Que Dieu n\u2019ignore pas le p\u00e9ch\u00e9, mais il n\u2019abandonne pas non plus le p\u00e9cheur<\/b><b>\n<p><\/b><\/li>\n<li style=\"font-weight: 400;\" aria-level=\"1\"><b>Que sa justice est toujours accompagn\u00e9e de gr\u00e2ce<\/b><\/li>\n<\/ul>\n<p><span style=\"font-weight: 400;\">La Gen\u00e8se r\u00e9pond \u00e0 l\u2019un des plus grands dilemmes de l\u2019humanit\u00e9 :<\/span><span style=\"font-weight: 400;\"><br \/><\/span> <b>O\u00f9 est Dieu quand il y a le mal ?<\/b><b><br \/><\/b><span style=\"font-weight: 400;\"> Et cela nous montre que <\/span><b>Il agit d\u00e8s le d\u00e9but pour nous racheter.<\/b><\/p>\n<h3><b>Le message de la Gen\u00e8se peut-il r\u00e9pondre aux questions actuelles ?<\/b><\/h3>\n<p><span style=\"font-weight: 400;\">Absolument.<\/span><span style=\"font-weight: 400;\"><br \/><\/span><span style=\"font-weight: 400;\"> La Gen\u00e8se reste pertinente parce que <\/span><b>Il parle du c\u0153ur humain, de notre qu\u00eate d\u2019identit\u00e9, de communaut\u00e9, de but et d\u2019espoir.<\/b><\/p>\n<p><span style=\"font-weight: 400;\">R\u00e9pondez \u00e0 des questions telles que :<\/span><\/p>\n<ul>\n<li style=\"font-weight: 400;\" aria-level=\"1\"><span style=\"font-weight: 400;\">D&#039;o\u00f9 venons-nous ?<\/span><span style=\"font-weight: 400;\">\n<p><\/span><\/li>\n<li style=\"font-weight: 400;\" aria-level=\"1\"><span style=\"font-weight: 400;\">Pourquoi le monde est-il bris\u00e9 ?<\/span><span style=\"font-weight: 400;\">\n<p><\/span><\/li>\n<li style=\"font-weight: 400;\" aria-level=\"1\"><span style=\"font-weight: 400;\">Mon existence a-t-elle un sens ?<\/span><span style=\"font-weight: 400;\">\n<p><\/span><\/li>\n<li style=\"font-weight: 400;\" aria-level=\"1\"><span style=\"font-weight: 400;\">Y a-t-il de l\u2019espoir pour l\u2019humanit\u00e9 ?<\/span><\/li>\n<\/ul>\n<p><span style=\"font-weight: 400;\">Dans un monde plein de bruit, <\/span><b>Le message de la Gen\u00e8se offre une direction, une restauration et un fondement.<\/b><b><br \/><\/b><span style=\"font-weight: 400;\"> C&#039;est bien plus qu&#039;un vieux livre : c&#039;est <\/span><b>l&#039;ouverture de la grande histoire \u00e9ternelle de l&#039;amour de Dieu pour l&#039;humanit\u00e9.<\/b><\/p>\n<h2><span class=\"ez-toc-section\" id=\"%F0%9F%93%97_Recomendaciones_de_libros_sobre_el_Libro_de_Genesis_Amazon\"><\/span><b>\ud83d\udcd7 Recommandations de livres sur le livre de la Gen\u00e8se (Amazon)<\/b><span class=\"ez-toc-section-end\"><\/span><\/h2>\n<p><span style=\"font-weight: 400;\">\ud83d\udcd8 <\/span><b>\u00ab\u00a0Gen\u00e8se\u00a0: un commentaire\u00a0\u00bb \u2013 R. Kent Hughes<\/b><b><br \/><\/b><span style=\"font-weight: 400;\"> Un commentaire clair, pratique et explicatif, id\u00e9al pour les dirigeants, les enseignants ou les \u00e9tudiants qui souhaitent comprendre la Gen\u00e8se chapitre par chapitre, avec des applications pastorales.<\/span><\/p>\n<p><span style=\"font-weight: 400;\">\ud83d\udcd8 <\/span><b>\u00ab\u00a0Cr\u00e9ation et Gen\u00e8se\u00a0\u00bb \u2013 John C. Lennox<\/b><b><br \/><\/b><span style=\"font-weight: 400;\"> Une d\u00e9fense rationnelle du r\u00e9cit de la cr\u00e9ation contre la science moderne. Lennox, math\u00e9maticien et th\u00e9ologien, propose une vision \u00e9quilibr\u00e9e entre la foi et la raison.<\/span><\/p>\n<p><span style=\"font-weight: 400;\">\ud83d\udcd8 <\/span><b>\u00ab\u00a0Gen\u00e8se\u00a0: Le livre des commencements\u00a0\u00bb \u2013 Charles Ryrie<\/b><b><br \/><\/b><span style=\"font-weight: 400;\"> Une vision concise et th\u00e9ologiquement solide de la Gen\u00e8se. Ryrie explore les th\u00e8mes doctrinaux cl\u00e9s et pr\u00e9sente le texte d\u2019une mani\u00e8re accessible \u00e0 tout lecteur.<\/span><\/p>\n<h2><span class=\"ez-toc-section\" id=\"Preguntas_frecuentes_sobre_el_Libro_de_Genesis\"><\/span><b>Questions fr\u00e9quemment pos\u00e9es sur le livre de la Gen\u00e8se<\/b><span class=\"ez-toc-section-end\"><\/span><\/h2>\n<h3><b>Qui a \u00e9crit le livre de la Gen\u00e8se ?<\/b><\/h3>\n<p><span style=\"font-weight: 400;\">La tradition jud\u00e9o-chr\u00e9tienne soutient que <\/span><b>Mo\u00efse<\/b><span style=\"font-weight: 400;\"> Il est l&#039;auteur de la Gen\u00e8se, ainsi que des quatre autres livres du Pentateuque. Bien que le texte ne mentionne pas directement l\u2019auteur, l\u2019Ancien et le Nouveau Testament reconnaissent Mo\u00efse comme le l\u00e9gislateur et le scribe qui a re\u00e7u et transmis la r\u00e9v\u00e9lation divine.<\/span><\/p>\n<h3><b>Que signifie le mot \u00ab Gen\u00e8se \u00bb ?<\/b><\/h3>\n<p><span style=\"font-weight: 400;\">\u00ab Gen\u00e8se \u00bb vient du grec <\/span><i><span style=\"font-weight: 400;\">gen\u00e8se<\/span><\/i><span style=\"font-weight: 400;\">, Qu&#039;est-ce que \u00e7a veut dire <\/span><b>origine, commencement ou naissance<\/b><span style=\"font-weight: 400;\">. En h\u00e9breu, le livre s&#039;intitule <\/span><i><span style=\"font-weight: 400;\">Bereshit<\/span><\/i><span style=\"font-weight: 400;\">, qui signifie \u00ab Au commencement \u00bb, en r\u00e9f\u00e9rence au premier verset du texte. Ces deux mots refl\u00e8tent la nature introductive du livre : le d\u00e9but de l\u2019univers, l\u2019humanit\u00e9 et le plan r\u00e9dempteur de Dieu.<\/span><\/p>\n<h3><b>Combien de chapitres et de versets contient la Gen\u00e8se ?<\/b><\/h3>\n<p><span style=\"font-weight: 400;\">Le livre de la Gen\u00e8se a <\/span><b>50 chapitres<\/b><span style=\"font-weight: 400;\"> et un total de <\/span><b>1 533 versets<\/b><span style=\"font-weight: 400;\">. Ces chapitres couvrent la p\u00e9riode allant de la cr\u00e9ation du monde \u00e0 la mort de Joseph en \u00c9gypte, servant de prologue historique et spirituel \u00e0 toute la Bible.<\/span><\/p>\n<h3><b>Quel est le but principal du livre ?<\/b><\/h3>\n<p><span style=\"font-weight: 400;\">Le but de la Gen\u00e8se est <\/span><b>montrer l&#039;origine de toutes choses sous la souverainet\u00e9 de Dieu<\/b><span style=\"font-weight: 400;\">, r\u00e9v\u00e9ler <\/span><b>la chute de l&#039;humanit\u00e9<\/b><span style=\"font-weight: 400;\"> et \u00e9tablir <\/span><b>la base du plan de r\u00e9demption<\/b><span style=\"font-weight: 400;\"> par l&#039;alliance avec Abraham. C\u2019est le fondement th\u00e9ologique sur lequel repose tout le r\u00e9cit biblique.<\/span><\/p>\n<h3><b>La Gen\u00e8se contredit-elle la science moderne ?<\/b><\/h3>\n<p><span style=\"font-weight: 400;\">Cela d\u00e9pend de l&#039;interpr\u00e9tation. Certains croient que l\u2019histoire de la cr\u00e9ation est <\/span><b>litt\u00e9ral et chronologique<\/b><span style=\"font-weight: 400;\">, tandis que d&#039;autres le comprennent comme <\/span><b>symbolique ou th\u00e9ologique<\/b><span style=\"font-weight: 400;\">. De nombreux chr\u00e9tiens affirment que <\/span><b>la foi et la science peuvent coexister<\/b><span style=\"font-weight: 400;\">, puisque la Gen\u00e8se r\u00e9pond au \u00ab pourquoi \u00bb de la cr\u00e9ation, tandis que la science cherche le \u00ab comment \u00bb.<\/span><\/p>\n<h3><b>Pourquoi l\u2019histoire de la cr\u00e9ation est-elle si importante ?<\/b><\/h3>\n<p><span style=\"font-weight: 400;\">Parce qu&#039;il d\u00e9finit des concepts fondamentaux tels que :<\/span><\/p>\n<ul>\n<li style=\"font-weight: 400;\" aria-level=\"1\"><span style=\"font-weight: 400;\">Que Dieu est le Cr\u00e9ateur supr\u00eame<\/span><span style=\"font-weight: 400;\">\n<p><\/span><\/li>\n<li style=\"font-weight: 400;\" aria-level=\"1\"><span style=\"font-weight: 400;\">Cette cr\u00e9ation est bonne et utile<\/span><span style=\"font-weight: 400;\">\n<p><\/span><\/li>\n<li style=\"font-weight: 400;\" aria-level=\"1\"><span style=\"font-weight: 400;\">Que l&#039;\u00eatre humain a \u00e9t\u00e9 cr\u00e9\u00e9 \u00e0 l&#039;image de Dieu<\/span><span style=\"font-weight: 400;\">\n<p><\/span><\/li>\n<li style=\"font-weight: 400;\" aria-level=\"1\"><span style=\"font-weight: 400;\">Qu&#039;il existe une structure morale d\u00e8s le d\u00e9but<\/span><\/li>\n<\/ul>\n<p><span style=\"font-weight: 400;\">L&#039;histoire de la cr\u00e9ation <\/span><b>\u00e9tablit l\u2019origine de l\u2019identit\u00e9 humaine, de la moralit\u00e9 et de la spiritualit\u00e9.<\/b><\/p>\n<h3><b>Quelle est la diff\u00e9rence entre l\u2019histoire de Gen\u00e8se 1 et celle de Gen\u00e8se 2 ?<\/b><\/h3>\n<p><span style=\"font-weight: 400;\">Gen\u00e8se 1 offre une <\/span><b>vision globale et ordonn\u00e9e<\/b><span style=\"font-weight: 400;\"> de la cr\u00e9ation en six jours, en se concentrant sur la progression de l&#039;univers.<\/span><span style=\"font-weight: 400;\"><br \/><\/span><span style=\"font-weight: 400;\"> Genesis 2 offre un <\/span><b>approche intime et d\u00e9taill\u00e9e<\/b><span style=\"font-weight: 400;\"> sur la cr\u00e9ation de l&#039;homme, de la femme et du jardin d&#039;Eden. Les deux histoires sont compl\u00e9mentaires, et non contradictoires, et elles offrent ensemble une image compl\u00e8te de l\u2019origine.<\/span><\/p>\n<h3><b>Quelles le\u00e7ons pratiques l\u2019histoire de Joseph nous offre-t-elle ?<\/b><\/h3>\n<p><span style=\"font-weight: 400;\">L&#039;histoire de Joseph nous enseigne :<\/span><\/p>\n<ul>\n<li style=\"font-weight: 400;\" aria-level=\"1\"><b>La pers\u00e9v\u00e9rance dans l&#039;adversit\u00e9<\/b><b>\n<p><\/b><\/li>\n<li style=\"font-weight: 400;\" aria-level=\"1\"><b>La fid\u00e9lit\u00e9 \u00e0 Dieu au milieu de l&#039;injustice<\/b><b>\n<p><\/b><\/li>\n<li style=\"font-weight: 400;\" aria-level=\"1\"><b>Pardon \u00e0 ceux qui nous ont bless\u00e9s<\/b><b>\n<p><\/b><\/li>\n<li style=\"font-weight: 400;\" aria-level=\"1\"><b>Comment Dieu utilise la souffrance pour accomplir son dessein<\/b><\/li>\n<\/ul>\n<p><span style=\"font-weight: 400;\">Joseph est un exemple de la fa\u00e7on dont Dieu peut transformer le mal en bien et utiliser la vie d\u2019une personne pour <\/span><b>pr\u00e9server et racheter beaucoup.<\/b><\/p>\n<h3><b>La Gen\u00e8se doit-elle \u00eatre interpr\u00e9t\u00e9e litt\u00e9ralement ou symboliquement ?<\/b><\/h3>\n<p><span style=\"font-weight: 400;\">Les deux lectures ont \u00e9t\u00e9 adopt\u00e9es par diff\u00e9rents croyants.<\/span><span style=\"font-weight: 400;\"><br \/><\/span><span style=\"font-weight: 400;\"> Certains l&#039;ont lu <\/span><b>litt\u00e9ralement<\/b><span style=\"font-weight: 400;\"> comme un r\u00e9cit historique pr\u00e9cis ; d&#039;autres le voient <\/span><b>symboliquement<\/b><span style=\"font-weight: 400;\">, ax\u00e9 sur les messages th\u00e9ologiques. La chose la plus importante est de reconna\u00eetre que <\/span><b>La Gen\u00e8se est la Parole inspir\u00e9e de Dieu<\/b><span style=\"font-weight: 400;\"> et cherche \u00e0 r\u00e9v\u00e9ler Son caract\u00e8re, Son dessein et Son plan pour l\u2019humanit\u00e9.<\/span><\/p>\n<h3><b>Comment la Gen\u00e8se est-elle li\u00e9e \u00e0 l\u2019histoire de la r\u00e9demption ?<\/b><\/h3>\n<p><span style=\"font-weight: 400;\">La Gen\u00e8se est <\/span><b>le d\u00e9but du plan de r\u00e9demption<\/b><span style=\"font-weight: 400;\">. Dedans :<\/span><\/p>\n<ul>\n<li style=\"font-weight: 400;\" aria-level=\"1\"><span style=\"font-weight: 400;\">Le p\u00e9ch\u00e9 entre dans le monde (Gen\u00e8se 3)<\/span><span style=\"font-weight: 400;\">\n<p><\/span><\/li>\n<li style=\"font-weight: 400;\" aria-level=\"1\"><span style=\"font-weight: 400;\">La premi\u00e8re promesse du Sauveur est annonc\u00e9e (Gen\u00e8se 3:15)<\/span><span style=\"font-weight: 400;\">\n<p><\/span><\/li>\n<li style=\"font-weight: 400;\" aria-level=\"1\"><span style=\"font-weight: 400;\">Dieu choisit Abraham et promet une descendance qui b\u00e9nira toutes les nations (Gen\u00e8se 12)<\/span><\/li>\n<\/ul>\n<p><span style=\"font-weight: 400;\">Tout cela pointe vers J\u00e9sus, l\u2019accomplissement de ces promesses.<\/span><span style=\"font-weight: 400;\"><br \/><\/span><span style=\"font-weight: 400;\"> C&#039;est pourquoi, <\/span><b>La Gen\u00e8se ne se contente pas de regarder en arri\u00e8re, mais pointe vers la croix et la restauration finale.<\/b><\/p>\n<h2><span class=\"ez-toc-section\" id=\"Conclusion\"><\/span><b>Conclusion<\/b><span class=\"ez-toc-section-end\"><\/span><\/h2>\n<p><span style=\"font-weight: 400;\">Le livre de la Gen\u00e8se n\u2019est pas seulement un recueil d\u2019histoires anciennes, mais <\/span><b>la racine vivante de notre compr\u00e9hension du monde, de Dieu et de nous-m\u00eames<\/b><span style=\"font-weight: 400;\">.<\/span><span style=\"font-weight: 400;\"><br \/><\/span><span style=\"font-weight: 400;\"> De la cr\u00e9ation de l\u2019univers \u00e0 l\u2019histoire de Joseph en \u00c9gypte, chaque chapitre r\u00e9v\u00e8le que l\u2019histoire humaine a un auteur, un but et un espoir.<\/span><\/p>\n<p><span style=\"font-weight: 400;\">Cela nous rappelle que nous n\u2019avons pas \u00e9t\u00e9 cr\u00e9\u00e9s par accident, que <\/span><b>le mal n&#039;aura pas le dernier mot<\/b><span style=\"font-weight: 400;\">, et que Dieu \u00e9crit une histoire de r\u00e9demption depuis le d\u00e9but.<\/span><span style=\"font-weight: 400;\"><br \/><\/span><span style=\"font-weight: 400;\"> La Gen\u00e8se nous confronte \u00e0 de grandes v\u00e9rit\u00e9s : la dignit\u00e9 humaine, la responsabilit\u00e9 morale, le pouvoir du pardon et la fid\u00e9lit\u00e9 d\u2019un Dieu qui n\u2019abandonne jamais son plan.<\/span><\/p>\n<p><span style=\"font-weight: 400;\">Aujourd\u2019hui plus que jamais, nous devons revenir au commencement pour comprendre notre pr\u00e9sent.<\/span><span style=\"font-weight: 400;\"><br \/><\/span><span style=\"font-weight: 400;\"> Et vous, quelle partie du livre de la Gen\u00e8se vous impacte ou vous interpelle le plus ?<\/span><span style=\"font-weight: 400;\"><br \/><\/span><span style=\"font-weight: 400;\"> Laissez-moi votre commentaire et partageons ensemble comment ce livre ancien continue de transformer des vies \u00e0 notre \u00e9poque.<\/span><\/p>\n<p><!-- \/divi:paragraph --><\/p>[\/et_pb_text][\/et_pb_column][\/et_pb_row][\/et_pb_section][et_pb_section fb_built=\u201d1\u2033 custom_padding_last_edited=\u201don|desktop\u201d admin_label=\u201d\u00c9tude biblique CTA PC ET MOBILE\u201d _builder_version=\u201d4.27.0\u2033 _module_preset=\u201d01c6ffc7-f2ab-4daa-8c3f-f9f3f648fa91\u2033 custom_margin=\u201d||||false|false\u201d custom_padding=\u201d0px||0px||true|false\u201d custom_padding_tablet=\u201d||||true|false\u201d custom_padding_phone=\u201d||||true|false\u201d global_colors_info=\u201d{}\u201d theme_builder_area=\u201dpost_content\u201d][et_pb_row column_structure=\u201d1_2,1_2\u2033 custom_padding_last_edited=\u201don|desktop\u201d disabled_on=\u201don|on|off\u201d admin_label=\u201dPC 30 jours d\u2019annonces CTA Formulaire Leads\u201d _builder_version=\u201d4.27.0\u2033 _module_preset=\u201ddefault\u201d background_color=\u201d#ddecf7\u2033 custom_margin=\u201d30px|||false|false\u201d custom_margin_tablet=\u201d30px||30px||true|false\u201d custom_margin_phone=\u201d30px||30px||true|false\u201d custom_margin_last_edited=\u201don|desktop\u201d custom_padding=\u201d0px|0px|0px|0px|true|true\u201d custom_padding_tablet=\u201d17px|22px|17px|22px|true|true\u201d custom_padding_phone=\u201d15px|22px|15px|22px|true|true\u201d border_radii=\u201don|5px|5px|5px|5px\u201d border_width_all=\u201d2px\u201d border_color_all=\u201drgba(214,214,214,0.19)\u201d global_colors_info=\u201d{}\u201d theme_builder_area=\u201dpost_content\u201d][et_pb_column type=\u201d1_2\u2033 _builder_version=\u201d4.27.0\u2033 _module_preset=\u201ddefault\u201d background_enable_color=\u201doff\u201d custom_padding=\u201d30px||30px|20px|true|false\u201d custom_padding_tablet=\u201d0px||0px||true|false\u201d custom_padding_phone=\u201d0px||0px||true|false\u201d custom_padding_last_edited=\u201don|desktop\u201d global_colors_info=\u201d{}\u201d theme_builder_area=\u201dpost_content\u201d][et_pb_text _builder_version=\u201d4.27.0\u2033 _module_preset=\u201d9dcd691c-2a53-439d-9f69-d20be4c8c6a1\u2033 text_font=\u201d|700|||||||\u201d text_text_color=\u201d#0970C4\u2033 text_line_height=\u201d1.8em\u201d header_font=\u201d|600|||||||\u201d header_text_align=\u201dcentre\u201d header_text_color=\u201d#000000\u2033 header_font_size=\u201d45px\u201d header_line_height=\u201d1.5em\u201d header_2_font=\u201d|600|||||||\u201d header_2_text_align=\u201dcentre\u201d header_2_text_color=\u201d#000000\u2033 header_2_font_size=\u201d40px\u201d header_2_line_height=\u201d1.2em\u201d custom_margin=\u201d0px||0px||false|false\u201d text_font_size_tablet=\u201d17px\u201d text_font_size_phone=\u201d16px\u201d text_font_size_last_edited=\u201dsur|bureau\u201d header_text_align_tablet=\u201dcentre\u201d header_text_align_phone=\u201dcentre\u201d header_text_align_last_edited=\u201dsur|bureau\u201d header_font_size_tablet=\u201d40px\u201d header_font_size_phone=\u201d30px\u201d header_font_size_last_edited=\u201dsur|tablette\u201d header_line_height_tablet=\u201d1.5em\u201d header_line_height_phone=\u201d1.3em\u201d header_line_height_last_edited=\u201dsur|bureau\u201d header_2_font_size_tablet=\u201d35px\u201d header_2_font_size_phone=\u201d20px\u201d header_2_font_size_last_edited=\u201dsur|bureau\u201d global_colors_info=\u201d{}\u201d theme_builder_area=\u201dpost_content\u201d]<p>D\u00e9couvrez comment la Bible peut transformer votre vie<\/p>[\/et_pb_text][et_pb_text _builder_version=\u201d4.27.0\u2033 _module_preset=\u201d9dcd691c-2a53-439d-9f69-d20be4c8c6a1\u2033 text_font=\u201d||||||||\u201d text_text_color=\u201d#000000\u2033 text_font_size=\u201d14px\u201d text_line_height=\u201d1.8em\u201d header_font=\u201d|600|||||||\u201d header_text_align=\u201dcenter\u201d header_text_color=\u201d#000000\u2033 header_font_size=\u201d45px\u201d header_line_height=\u201d1.5em\u201d header_2_font=\u201d|600|||||||\u201d header_2_text_align=\u201dcentre\u201d header_2_text_color=\u201d#000000\u2033 header_2_font_size=\u201d40px\u201d header_2_line_height=\u201d1.2em\u201d custom_margin_tablet=\u201d\u201d custom_margin_phone=\u201d\u201d custom_margin_last_edited=\u201dsur|bureau\u201d text_font_size_tablet=\u201d14px\u201d text_font_size_phone=\u201d14px\u201d text_font_size_last_edited=\u201dsur|bureau\u201d header_text_align_tablet=\u201dcentre\u201d header_text_align_phone=\u201dcentre\u201d header_text_align_last_edited=\u201dsur|bureau\u201d header_font_size_tablet=\u201d40px\u201d header_font_size_phone=\u201d30px\u201d header_font_size_last_edited=\u201dsur|tablette\u201d header_line_height_tablet=\u201d1.5em\u201d header_line_height_phone=\u201d1.3em\u201d header_line_height_last_edited=\u201don|desktop\u201d header_2_font_size_tablet=\u201d35px\u201d header_2_font_size_phone=\u201d20px\u201d header_2_font_size_last_edited=\u201don|desktop\u201d global_colors_info=\u201d{}\u201d theme_builder_area=\u201dpost_content\u201d]<ul>\n<li><strong>\u00c9tude biblique<\/strong> \u2013 explorer les enseignements de la Bible et trouver des r\u00e9ponses aux d\u00e9fis de la vie.<\/li>\n<li><strong>Croyances fondamentales<\/strong> \u2013 explore les principes qui ont guid\u00e9 des millions de personnes \u00e0 travers les si\u00e8cles.<\/li>\n<li><strong>Croissance spirituelle<\/strong> \u2013 Renforcez votre foi avec des \u00e9tudes con\u00e7ues pour vous rapprocher de Dieu.<\/li>\n<\/ul>[\/et_pb_text][et_pb_button button_url=\u201dhttps:\/\/cleefbible.com\/?fluentcrm=1&amp;route=smart_url&amp;slug=busayx2\u2033 button_text=\u201dREJOIGNEZ NOTRE STUDIO\u201d button_alignment=\u201dleft\u201d button_alignment_tablet=\u201dcenter\u201d button_alignment_phone=\u201dcenter\u201d button_alignment_last_edited=\u201don|desktop\u201d _builder_version=\u201d4.27.0\u2033 _module_preset=\u201dbef62ac1-2fa8-4492-bbf9-17d338b20e68\u2033 custom_button=\u201don\u201d button_text_size=\u201d14px\u201d button_text_color=\u201d#FFFFFF\u201d button_bg_color=\u201d#C35D09\u2033 button_border_width=\u201d11px\u201d button_border_color=\u201d#C35D09\u2033 button_font=\u201d|600|||||||\u201d button_use_icon=\u201doff\u201d button_text_size_tablet=\u201d14px\u201d button_text_size_phone=\u201d13px\u201d button_text_size_last_edited=\u201don|desktop\u201d button_border_width_tablet=\u201d\u201d button_border_width_phone=\u201d\u201d button_border_width_last_edited=\u201don|desktop\u201d button_on_hover_tablet=\u201d\u201d button_on_hover_phone=\u201doff\u201d button_on_hover_last_edited=\u201don|phone\u201d global_colors_info=\u201d{}\u201d theme_builder_area=\u201dpost_content\u201d][\/et_pb_button][\/et_pb_column][et_pb_column type=\u201d1_2\u2033 admin_label=\u201dColonne\u201d _builder_version=\u201d4.27.0\u2033 _module_preset=\u201ddefault\u201d background_color=\u201drgba(214,214,214,0.19)\u201d custom_padding=\u201d||||true|false\u201d global_colors_info=\u201d{}\u201d theme_builder_area=\u201dpost_content\u201d][et_pb_image src=\u201dhttps:\/\/cleefbible.com\/wp-content\/uploads\/2024\/08\/Estudio-Biblico.png\u201d alt=\u201d\u00c9tude biblique\u201d title_text=\u201d\u00c9tude biblique\u201d align=\u201dcenter\u201d align_tablet=\u201dcenter\u201d align_phone=\u201dcenter\u201d align_last_edited=\u201don|desktop\u201d disabled_on=\u201don|on|off\u201d _builder_version=\u201d4.27.0\u2033 _module_preset=\u201ddefault\u201d width_tablet=\u201d40%\u201d width_phone=\u201d40%\u201d width_last_edited=\u201don|desktop\u201d custom_margin=\u201d10px||10px||true|false\u201d custom_margin_tablet=\u201d||0px||false|false\u201d custom_margin_phone=\u201d||0px||false|false\u201d custom_margin_last_edited=\u201don|desktop\u201d global_colors_info=\u201d{}\u201d theme_builder_area=\u201dpost_content\u201d][\/et_pb_image][\/et_pb_column][\/et_pb_row][et_pb_row column_structure=\u201d1_2,1_2\u2033 custom_padding_last_edited=\u201don|desktop\u201d disabled_on=\u201doff|off|on\u201d admin_label=\u201dPistes de formulaire d\u2019appel \u00e0 l\u2019action pour annonces mobiles 30 jours\u201d _builder_version=\u201d4.27.0\u2033 _module_preset=\u201ddefault\u201d background_color=\u201d#ddecf7\u2033 custom_margin=\u201d30px||||false|false\u201d custom_margin_tablet=\u201d30px||30px||true|false\u201d custom_margin_phone=\u201d30px||30px||true|false\u201d custom_margin_last_edited=\u201don|desktop\u201d custom_padding=\u201d0px|0px|0px|0px|true|true\u201d custom_padding_tablet=\u201d17px|22px|17px|22px|true|true\u201d custom_padding_phone=\u201d15px|22px|15px|22px|true|true\u201d border_radii=\u201don|5px|5px|5px|5px\u201d border_width_all=\u201d2px\u201d border_color_all=\u201drgba(214,214,214,0.19)\u201d global_colors_info=\u201d{}\u201d theme_builder_area=\u201dpost_content\u201d][et_pb_column type=\u201d1_2\u2033 _builder_version=\u201d4.27.0\u2033 _module_preset=\u201ddefault\u201d background_enable_color=\u201doff\u201d custom_padding=\u201d30px||30px|20px|true|false\u201d custom_padding_tablet=\u201d0px||0px||true|false\u201d custom_padding_phone=\u201d0px||0px||true|false\u201d custom_padding_last_edited=\u201don|desktop\u201d global_colors_info=\u201d{}\u201d theme_builder_area=\u201dpost_content\u201d][et_pb_text _builder_version=\u201d4.27.0\u2033 _module_preset=\u201d9dcd691c-2a53-439d-9f69-d20be4c8c6a1\u2033 text_font=\u201d|700|||||||\u201d text_text_color=\u201d#0970C4\u2033 text_line_height=\u201d1.8em\u201d header_font=\u201d|600|||||||\u201d header_text_align=\u201dcenter\u201d header_text_color=\u201d#000000\u2033 header_font_size=\u201d45px\u201d header_line_height=\u201d1.5em\u201d header_2_font=\u201d|600|||||||\u201d header_2_text_align=\u201dcentre\u201d header_2_text_color=\u201d#000000\u2033 header_2_font_size=\u201d40px\u201d header_2_line_height=\u201d1.2em\u201d custom_margin=\u201d0px||0px||false|false\u201d text_font_size_tablet=\u201d17px\u201d text_font_size_phone=\u201d16px\u201d text_font_size_last_edited=\u201dsur|bureau\u201d header_text_align_tablet=\u201dcentre\u201d header_text_align_phone=\u201dcentre\u201d header_text_align_last_edited=\u201dsur|bureau\u201d header_font_size_tablet=\u201d40px\u201d header_font_size_phone=\u201d30px\u201d header_font_size_last_edited=\u201dsur|tablette\u201d header_line_height_tablet=\u201d1.5em\u201d header_line_height_phone=\u201d1.3em\u201d header_line_height_last_edited=\u201dsur|bureau\u201d header_2_font_size_tablet=\u201d35px\u201d header_2_font_size_phone=\u201d20px\u201d header_2_font_size_last_edited=\u201dsur|bureau\u201d global_colors_info=\u201d{}\u201d theme_builder_area=\u201dpost_content\u201d]<p>D\u00e9couvrez comment la Bible peut transformer votre vie<\/p>[\/et_pb_text][et_pb_text _builder_version=\u201d4.27.0\u2033 _module_preset=\u201d9dcd691c-2a53-439d-9f69-d20be4c8c6a1\u2033 text_font=\u201d||||||||\u201d text_text_color=\u201d#000000\u2033 text_font_size=\u201d14px\u201d text_line_height=\u201d1.8em\u201d header_font=\u201d|600|||||||\u201d header_text_align=\u201dcenter\u201d header_text_color=\u201d#000000\u2033 header_font_size=\u201d45px\u201d header_line_height=\u201d1.5em\u201d header_2_font=\u201d|600|||||||\u201d header_2_text_align=\u201dcentre\u201d header_2_text_color=\u201d#000000\u2033 header_2_font_size=\u201d40px\u201d header_2_line_height=\u201d1.2em\u201d custom_margin_tablet=\u201d\u201d custom_margin_phone=\u201d\u201d custom_margin_last_edited=\u201dsur|bureau\u201d text_font_size_tablet=\u201d14px\u201d text_font_size_phone=\u201d14px\u201d text_font_size_last_edited=\u201dsur|bureau\u201d header_text_align_tablet=\u201dcentre\u201d header_text_align_phone=\u201dcentre\u201d header_text_align_last_edited=\u201dsur|bureau\u201d header_font_size_tablet=\u201d40px\u201d header_font_size_phone=\u201d30px\u201d header_font_size_last_edited=\u201dsur|tablette\u201d header_line_height_tablet=\u201d1.5em\u201d header_line_height_phone=\u201d1.3em\u201d header_line_height_last_edited=\u201don|desktop\u201d header_2_font_size_tablet=\u201d35px\u201d header_2_font_size_phone=\u201d20px\u201d header_2_font_size_last_edited=\u201don|desktop\u201d global_colors_info=\u201d{}\u201d theme_builder_area=\u201dpost_content\u201d]<ul>\n<li><strong>\u00c9tude biblique<\/strong> \u2013 explorer les enseignements de la Bible et trouver des r\u00e9ponses aux d\u00e9fis de la vie.<\/li>\n<li><strong>Croyances fondamentales<\/strong> \u2013 explore les principes qui ont guid\u00e9 des millions de personnes \u00e0 travers les si\u00e8cles.<\/li>\n<li><strong>Croissance spirituelle<\/strong> \u2013 Renforcez votre foi avec des \u00e9tudes con\u00e7ues pour vous rapprocher de Dieu.<\/li>\n<\/ul>[\/et_pb_text][et_pb_button button_url=\u201dhttps:\/\/cleefbible.com\/?fluentcrm=1&amp;route=smart_url&amp;slug=busayx2\u2033 button_text=\u201dREJOIGNEZ NOTRE STUDIO\u201d button_alignment=\u201dleft\u201d button_alignment_tablet=\u201dcenter\u201d button_alignment_phone=\u201dcenter\u201d button_alignment_last_edited=\u201don|desktop\u201d _builder_version=\u201d4.27.0\u2033 _module_preset=\u201dbef62ac1-2fa8-4492-bbf9-17d338b20e68\u2033 custom_button=\u201don\u201d button_text_size=\u201d14px\u201d button_text_color=\u201d#FFFFFF\u201d button_bg_color=\u201d#C35D09\u2033 button_border_width=\u201d11px\u201d button_border_color=\u201d#C35D09\u2033 button_font=\u201d|600|||||||\u201d button_use_icon=\u201doff\u201d button_text_size_tablet=\u201d14px\u201d button_text_size_phone=\u201d13px\u201d button_text_size_last_edited=\u201don|desktop\u201d button_border_width_tablet=\u201d\u201d button_border_width_phone=\u201d\u201d button_border_width_last_edited=\u201don|desktop\u201d button_on_hover_tablet=\u201d\u201d button_on_hover_phone=\u201doff\u201d button_on_hover_last_edited=\u201don|phone\u201d global_colors_info=\u201d{}\u201d theme_builder_area=\u201dpost_content\u201d][\/et_pb_button][\/et_pb_column][et_pb_column type=\u201d1_2\u2033 admin_label=\u201dColonne\u201d disabled_on=\u201don|on|off\u201d _builder_version=\u201d4.27.0\u2033 _module_preset=\u201ddefault\u201d background_color=\u201drgba(214,214,214,0.19)\u201d custom_padding=\u201d||||true|false\u201d global_colors_info=\u201d{}\u201d theme_builder_area=\u201dpost_content\u201d][et_pb_image src=\u201dhttps:\/\/cleefbible.com\/wp-content\/uploads\/2024\/08\/Bible-Study.png\u201d alt=\u201d\u00c9tude biblique\u201d title_text=\u201d\u00c9tude biblique\u201d align=\u201dcenter\u201d align_tablet=\u201dcenter\u201d align_phone=\u201dcenter\u201d align_last_edited=\u201don|desktop\u201d disabled_on=\u201don|on|off\u201d _builder_version=\u201d4.27.0\u2033 _module_preset=\u201ddefault\u201d width_tablet=\u201d40%\u201d width_phone=\u201d40%\u201d width_last_edited=\u201don|desktop\u201d custom_margin=\u201d10px||10px||true|false\u201d custom_margin_tablet=\u201d||0px||false|false\u201d custom_margin_phone=\u201d||0px||false|false\u201d custom_margin_last_edited=\u201don|desktop\u201d global_colors_info=\u201d{}\u201d theme_builder_area=\u201dpost_content\u201d][\/et_pb_image][\/et_pb_column][\/et_pb_row][\/et_pb_section]","protected":false},"excerpt":{"rendered":"<p>D\u00e9couvrez comment le livre de la Gen\u00e8se r\u00e9v\u00e8le l\u2019origine de l\u2019univers, le but de l\u2019homme et le d\u00e9but de la r\u00e9demption. D\u2019Adam \u00e0 Joseph, chaque histoire nous relie au plan \u00e9ternel de Dieu.<br \/>\n Et si la cl\u00e9 pour comprendre votre vie aujourd\u2019hui se trouvait dans le premier livre de la Bible ?<\/p>","protected":false},"author":2,"featured_media":799,"comment_status":"open","ping_status":"open","sticky":false,"template":"","format":"standard","meta":{"_et_pb_use_builder":"on","_et_pb_old_content":"<!-- wp:paragraph -->\n<p><strong>G\u00e9nesis es el primer libro de la Biblia y relata la creaci\u00f3n del mundo, la historia de Ad\u00e1n y Eva, y los or\u00edgenes del pueblo de Israel.<\/strong><\/p>\n<!-- \/wp:paragraph -->\n\n<!-- wp:heading -->\n<h2 class=\"wp-block-heading\">La creaci\u00f3n del mundo<\/h2>\n<!-- \/wp:heading -->\n\n<!-- wp:paragraph -->\n<p>El relato de la creaci\u00f3n en el libro de G\u00e9nesis es una narrativa fundamental para entender la cosmovisi\u00f3n judeocristiana. <\/p>\n<!-- \/wp:paragraph -->\n\n<!-- wp:paragraph -->\n<p>Este relato, que se desarrolla en los primeros cap\u00edtulos del libro de G\u00e9nesis, describe c\u00f3mo Dios cre\u00f3 el mundo en seis d\u00edas, estableciendo as\u00ed un orden y prop\u00f3sito divino en el universo. <\/p>\n<!-- \/wp:paragraph -->\n\n<!-- wp:paragraph -->\n<p>Cada d\u00eda de la creaci\u00f3n se enfoca en diferentes aspectos de la naturaleza, subrayando la intenci\u00f3n detr\u00e1s de cada acto creativo.<\/p>\n<!-- \/wp:paragraph -->\n\n<!-- wp:paragraph -->\n<p>En el primer d\u00eda, Dios cre\u00f3 la luz, separ\u00e1ndola de las tinieblas, lo que simboliza la llegada del orden ante el caos. <\/p>\n<!-- \/wp:paragraph -->\n\n<!-- wp:paragraph -->\n<p>Este acto de iluminaci\u00f3n no solo representa una manifestaci\u00f3n f\u00edsica, sino tambi\u00e9n un principio espiritual que establece la dualidad entre la luz y la oscuridad. <\/p>\n<!-- \/wp:paragraph -->\n\n<!-- wp:paragraph -->\n<p>En el segundo d\u00eda, se form\u00f3 el firmamento, separando las aguas superiores de las inferiores, lo que indica un cuidadoso dise\u00f1o del espacio que habitar\u00eda la creaci\u00f3n.<\/p>\n<!-- \/wp:paragraph -->\n\n<!-- wp:paragraph -->\n<p>El tercer d\u00eda es especialmente significativo, ya que Dios reuni\u00f3 las aguas para permitir que apareciera la tierra seca, formando as\u00ed los continentes y las aguas. <\/p>\n<!-- \/wp:paragraph -->\n\n<!-- wp:paragraph -->\n<p>Durante este d\u00eda, se crearon tambi\u00e9n las plantas, que no solo son cruciales para la sustenci\u00f3n de la vida, sino que reflejan la belleza y la abundancia que caracterizan el mundo creado. <\/p>\n<!-- \/wp:paragraph -->\n\n<!-- wp:paragraph -->\n<p>En el cuarto d\u00eda, Dios cre\u00f3 las luces del cielo: el sol, la luna, y las estrellas, estableciendo un sistema de tiempo y ritmo que rige la naturaleza.<\/p>\n<!-- \/wp:paragraph -->\n\n<!-- wp:paragraph -->\n<p>Los d\u00edas cinco y seis introducen a los seres vivos, comenzando con los animales marinos y las aves, y culminando con la creaci\u00f3n del hombre a imagen de Dios. <\/p>\n<!-- \/wp:paragraph -->\n\n<!-- wp:paragraph -->\n<p>Esto no solo implica una conexi\u00f3n especial entre el ser humano y su creador, sino que tambi\u00e9n establece la responsabilidad del ser humano como administrador de la creaci\u00f3n. <\/p>\n<!-- \/wp:paragraph -->\n\n<!-- wp:paragraph -->\n<p>El libro de G\u00e9nesis, por lo tanto, no solo narra el inicio de la existencia, sino que tambi\u00e9n revela la relaci\u00f3n armoniosa que debe existir entre Dios y su creaci\u00f3n, llena de orden y prop\u00f3sito divinos.<\/p>\n<!-- \/wp:paragraph -->\n\n<!-- wp:heading -->\n<h2 class=\"wp-block-heading\">La historia de Ad\u00e1n y Eva<\/h2>\n<!-- \/wp:heading -->\n\n<!-- wp:paragraph -->\n<p>La narrativa de Ad\u00e1n y Eva, como se presenta en el libro de G\u00e9nesis, es fundamental para comprender el origen de la humanidad y la relaci\u00f3n entre Dios y los seres humanos. <\/p>\n<!-- \/wp:paragraph -->\n\n<!-- wp:paragraph -->\n<p>Seg\u00fan el relato, Dios cre\u00f3 a Ad\u00e1n del polvo de la tierra y le dio vida al insuflar en \u00e9l su aliento. Posteriormente, Dios cre\u00f3 a Eva a partir de una costilla de Ad\u00e1n, lo que establece la conexi\u00f3n y la igualdad entre ellos como primeros seres humanos. <\/p>\n<!-- \/wp:paragraph -->\n\n<!-- wp:paragraph -->\n<p>Juntos habitaron el Jard\u00edn del Ed\u00e9n, un para\u00edso en el que disfrutaban de la compa\u00f1\u00eda de Dios y ten\u00edan todo lo que necesitaban.<\/p>\n<!-- \/wp:paragraph -->\n\n<!-- wp:paragraph -->\n<p>En el Jard\u00edn, Ad\u00e1n y Eva viv\u00edan en armon\u00eda con la creaci\u00f3n, cumpliendo con el mandato divino de poblar la tierra y cuidar de ella. <\/p>\n<!-- \/wp:paragraph -->\n\n<!-- wp:paragraph -->\n<p>Sin embargo, la narrativa enfatiza un aspecto crucial: la prohibici\u00f3n de comer del \u00e1rbol del conocimiento del bien y del mal. Este \u00e1rbol simboliza la capacidad de discernir entre lo correcto y lo incorrecto, y representa la libertad de elecci\u00f3n que Dios confiere a la humanidad. <\/p>\n<!-- \/wp:paragraph -->\n\n<!-- wp:paragraph -->\n<p>Desafortunadamente, la desobediencia de los primeros humanos se convierte en un punto \u00e1lgido en la narrativa del libro de G\u00e9nesis. Eva, tentada por la serpiente, comparte el fruto prohibido con Ad\u00e1n, desobedeciendo as\u00ed la orden divina.<\/p>\n<!-- \/wp:paragraph -->\n\n<!-- wp:paragraph -->\n<p>Esta acci\u00f3n no solo resulta en la p\u00e9rdida de su inocencia, sino que introduce conceptos de pecado y redenci\u00f3n en la narrativa b\u00edblica. <\/p>\n<!-- \/wp:paragraph -->\n\n<!-- wp:paragraph -->\n<p>La culpa y la verg\u00fcenza que sienten despu\u00e9s de su desobediencia los lleva a esconderse de Dios, evidenciando la ruptura en la relaci\u00f3n que exist\u00eda entre ellos y su creador. <\/p>\n<!-- \/wp:paragraph -->\n\n<!-- wp:paragraph -->\n<p>La historia de Ad\u00e1n y Eva, que aparece en el libro de G\u00e9nesis, es de gran relevancia al establecer las bases para la comprensi\u00f3n del pecado original y la necesidad de redenci\u00f3n, temas que se explorar\u00e1n a lo largo de toda la Biblia.<\/p>\n<!-- \/wp:paragraph -->\n\n<!-- wp:heading -->\n<h2 class=\"wp-block-heading\">Los patriarcas y los or\u00edgenes del pueblo de Israel<\/h2>\n<!-- \/wp:heading -->\n\n<!-- wp:paragraph -->\n<p>El <em>libro de g\u00e9nesis<\/em> presenta una narrativa rica y fascinante sobre los patriarcas que cimentaron las bases de la identidad del pueblo de Israel. <\/p>\n<!-- \/wp:paragraph -->\n\n<!-- wp:paragraph -->\n<p>La figura central de esta narrativa es Abraham, considerado el padre de las naciones. Dios establece un pacto con \u00e9l, prometiendo que su descendencia ser\u00e1 innumerable y que su tierra ser\u00e1 una herencia perpetua. <\/p>\n<!-- \/wp:paragraph -->\n\n<!-- wp:paragraph -->\n<p>Esta promesa no solo marca el inicio de una relaci\u00f3n especial entre Dios y Abraham, sino que tambi\u00e9n establece un modelo de fe y obediencia que se convierte en fundamental en las tradiciones israelitas.<\/p>\n<!-- \/wp:paragraph -->\n\n<!-- wp:paragraph -->\n<p>Isaac, el hijo de Abraham, contin\u00faa esta l\u00ednea de fe. Su vida, aunque menos documentada, es un reflejo del cumplimiento de las promesas divinas. Dios vuelve a reafirmar su pacto con Isaac, destacando la continuidad de la alianza hecha a su padre. <\/p>\n<!-- \/wp:paragraph -->\n\n<!-- wp:paragraph -->\n<p>Este enfoque en los pactos resalta la rudimentaria pero profunda creencia en la intervenci\u00f3n divina en los asuntos humanos, un tema recurrente dentro del <em>libro de g\u00e9nesis<\/em>.<\/p>\n<!-- \/wp:paragraph -->\n\n<!-- wp:paragraph -->\n<p>M\u00e1s adelante, el relato introduce a Jacob, quien, tras una lucha nocturna con un \u00e1ngel, recibe el nombre de Israel. Este cambio de nombre simboliza no solo un nuevo futuro para Jacob, sino tambi\u00e9n la transformaci\u00f3n de su linaje en una naci\u00f3n. <\/p>\n<!-- \/wp:paragraph -->\n\n<!-- wp:paragraph -->\n<p>Las historias de Jacob, junto con sus doce hijos, dan vida a las tribus de Israel, reforzando la idea de que el pueblo es un colectivo con una historia rica en fe y promesas divinas.<\/p>\n<!-- \/wp:paragraph -->\n\n<!-- wp:paragraph -->\n<p>Finalmente, Jos\u00e9, hijo de Jacob, juega un papel crucial en la preservaci\u00f3n del pueblo durante una \u00e9poca de hambre. Su narrativa no solo ilustra la providencia de Dios, sino que tambi\u00e9n forma un puente hacia la historia del \u00c9xodo. <\/p>\n<!-- \/wp:paragraph -->\n\n<!-- wp:paragraph -->\n<p>Las experiencias de estos patriarcas, sus pactos y su fe en el <em>libro de g\u00e9nesis<\/em> son esenciales para entender c\u00f3mo se define y se configura la identidad del pueblo de Israel a lo largo de las generaciones.<\/p>\n<!-- \/wp:paragraph -->\n\n<!-- wp:heading -->\n<h2 class=\"wp-block-heading\">El legado del G\u00e9nesis en la cultura y la religi\u00f3n<\/h2>\n<!-- \/wp:heading -->\n\n<!-- wp:paragraph -->\n<p>El libro de G\u00e9nesis ha dejado una huella indeleble en diversas \u00e1reas de la cultura y la religi\u00f3n a lo largo de los siglos. <\/p>\n<!-- \/wp:paragraph -->\n\n<!-- wp:paragraph -->\n<p>Su relato de la creaci\u00f3n, las historias de los patriarcas y otros eventos fundamentales no solo forman la base narrativa del juda\u00edsmo y el cristianismo, sino que tambi\u00e9n han influido en la literatura, el arte y la filosof\u00eda occidental. <\/p>\n<!-- \/wp:paragraph -->\n\n<!-- wp:paragraph -->\n<p>La narrativa del G\u00e9nesis ha sido interpretada y reinterpreted ja entre culturas, dando forma a conceptos clave como la creaci\u00f3n, el pecado original y la relaci\u00f3n entre Dios y la humanidad.<\/p>\n<!-- \/wp:paragraph -->\n\n<!-- wp:paragraph -->\n<p>En la literatura, el libro de G\u00e9nesis ha sido una fuente de inspiraci\u00f3n para innumerables autores y poetas. Desde las obras de Dante hasta la poes\u00eda contempor\u00e1nea, sus historias han generado un di\u00e1logo continuo sobre la condici\u00f3n humana, nuestra relaci\u00f3n con lo divino y los dilemas \u00e9ticos que enfrentamos. <\/p>\n<!-- \/wp:paragraph -->\n\n<!-- wp:paragraph -->\n<p>A trav\u00e9s de estas obras, el G\u00e9nesis se convierte en un puente entre la tradici\u00f3n religiosa y la experiencia humana contempor\u00e1nea.<\/p>\n<!-- \/wp:paragraph -->\n\n<!-- wp:paragraph -->\n<p>En el \u00e1mbito teol\u00f3gico, el libro de G\u00e9nesis es fundamental para la construcci\u00f3n de creencias sobre la naturaleza de Dios y su relaci\u00f3n con la humanidad. <\/p>\n<!-- \/wp:paragraph -->\n\n<!-- wp:paragraph -->\n<p>La creaci\u00f3n del mundo en seis d\u00edas y el descanso sab\u00e1tico son conceptos que han influenciado no solo a los creyentes, sino tambi\u00e9n a aquellos interesados en la \u00e9tica y la moralidad. <\/p>\n<!-- \/wp:paragraph -->\n\n<!-- wp:paragraph -->\n<p>Adem\u00e1s, el G\u00e9nesis ha sido objeto de numerosos estudios interreligiosos, mostrando su impacto en tradiciones como el islam, donde tambi\u00e9n se reconoce la historia de Ad\u00e1n y otras figuras significativas.<\/p>\n<!-- \/wp:paragraph -->\n\n<!-- wp:paragraph -->\n<p>Hoy en d\u00eda, el libro de G\u00e9nesis sigue siendo relevante en debates sobre la ciencia y la religi\u00f3n, en especial en lo que respecta a la teor\u00eda de la evoluci\u00f3n y la creaci\u00f3n. <\/p>\n<!-- \/wp:paragraph -->\n\n<!-- wp:paragraph -->\n<p>Muchos encuentran en el G\u00e9nesis no solo un texto sagrado, sino tambi\u00e9n una gu\u00eda para explorar cuestiones \u00e9ticas y existenciales que siguen siendo cr\u00edticas en la sociedad moderna. <\/p>\n<!-- \/wp:paragraph -->\n\n<!-- wp:paragraph -->\n<p>El legado de este antiguo texto perdura, continuando su papel fundamental en la formaci\u00f3n de visiones del mundo contempor\u00e1neas.<\/p>\n<!-- \/wp:paragraph -->","_et_gb_content_width":"","_monsterinsights_skip_tracking":false,"_monsterinsights_sitenote_active":false,"_monsterinsights_sitenote_note":"","_monsterinsights_sitenote_category":0,"footnotes":""},"categories":[88],"tags":[119,43],"class_list":["post-687","post","type-post","status-publish","format-standard","has-post-thumbnail","hentry","category-libros-de-la-biblia","tag-biblical-text","tag-genesis"],"_links":{"self":[{"href":"https:\/\/cleefbible.com\/fr\/wp-json\/wp\/v2\/posts\/687","targetHints":{"allow":["GET"]}}],"collection":[{"href":"https:\/\/cleefbible.com\/fr\/wp-json\/wp\/v2\/posts"}],"about":[{"href":"https:\/\/cleefbible.com\/fr\/wp-json\/wp\/v2\/types\/post"}],"author":[{"embeddable":true,"href":"https:\/\/cleefbible.com\/fr\/wp-json\/wp\/v2\/users\/2"}],"replies":[{"embeddable":true,"href":"https:\/\/cleefbible.com\/fr\/wp-json\/wp\/v2\/comments?post=687"}],"version-history":[{"count":9,"href":"https:\/\/cleefbible.com\/fr\/wp-json\/wp\/v2\/posts\/687\/revisions"}],"predecessor-version":[{"id":824,"href":"https:\/\/cleefbible.com\/fr\/wp-json\/wp\/v2\/posts\/687\/revisions\/824"}],"wp:featuredmedia":[{"embeddable":true,"href":"https:\/\/cleefbible.com\/fr\/wp-json\/wp\/v2\/media\/799"}],"wp:attachment":[{"href":"https:\/\/cleefbible.com\/fr\/wp-json\/wp\/v2\/media?parent=687"}],"wp:term":[{"taxonomy":"category","embeddable":true,"href":"https:\/\/cleefbible.com\/fr\/wp-json\/wp\/v2\/categories?post=687"},{"taxonomy":"post_tag","embeddable":true,"href":"https:\/\/cleefbible.com\/fr\/wp-json\/wp\/v2\/tags?post=687"}],"curies":[{"name":"wp","href":"https:\/\/api.w.org\/{rel}","templated":true}]}}