{"id":662,"date":"2025-04-13T16:00:00","date_gmt":"2025-04-13T20:00:00","guid":{"rendered":"https:\/\/cleefbible.com\/?p=662"},"modified":"2025-04-15T00:32:08","modified_gmt":"2025-04-15T04:32:08","slug":"sermon-sur-la-montagne","status":"publish","type":"post","link":"https:\/\/cleefbible.com\/fr\/sermon-sur-la-montagne\/","title":{"rendered":"Qu\u2019est-ce que le Sermon sur la montagne et pourquoi est-il important aujourd\u2019hui ?"},"content":{"rendered":"<p>[et_pb_section fb_built=\u201d1\u2033 _builder_version=\u201d4.16\u2033 global_colors_info=\u201d{}\u201d theme_builder_area=\u201dpost_content\u201d][et_pb_row _builder_version=\u201d4.16\u2033 background_size=\u201dinitial\u201d background_position=\u201dtop_left\u201d background_repeat=\u201drepeat\u201d global_colors_info=\u201d{}\u201d theme_builder_area=\u201dpost_content\u201d][et_pb_column type=\u201d4_4\u2033 _builder_version=\u201d4.16\u2033 custom_padding=\u201d|||\u201d global_colors_info=\u201d{}\u201d custom_padding__hover=\u201d|||\u201d theme_builder_area=\u201dpost_content\u201d][et_pb_text _builder_version=\u201d4.27.4\u2033 background_size=\u201dinitial\u201d background_position=\u201dtop_left\u201d background_repeat=\u201drepeat\u201d hover_enabled=\u201d0\u2033 global_colors_info=\u201d{}\u201d theme_builder_area=\u201dpost_content\u201d sticky_enabled=\u201d0\u2033]<\/p>\n<p><b>Et si vous pouviez entendre J\u00e9sus expliquer directement comment la foi doit \u00eatre v\u00e9cue dans le monde r\u00e9el ?<\/b><b><br \/><\/b><span style=\"font-weight: 400;\"> Il <\/span><i><span style=\"font-weight: 400;\">Sermon sur la montagne<\/span><\/i><span style=\"font-weight: 400;\"> Ce n\u2019est pas seulement l\u2019un des discours les plus c\u00e9l\u00e8bres de l\u2019histoire ; est <\/span><b>le c\u0153ur du message de J\u00e9sus sur la vie, la justice, le caract\u00e8re et le Royaume de Dieu<\/b><span style=\"font-weight: 400;\">. En seulement trois chapitres, J\u00e9sus red\u00e9finit ce que signifie \u00eatre v\u00e9ritablement b\u00e9ni, vivre avec un but et agir avec une foi authentique qui transforme \u00e0 la fois l\u2019individu et ceux qui l\u2019entourent.<\/span><\/p>\n<p><span style=\"font-weight: 400;\">Des B\u00e9atitudes \u00e0 l\u2019enseignement du Notre P\u00e8re, de l\u2019amour de ses ennemis \u00e0 la construction de sa vie sur le roc, <\/span><b>Chaque mot a le pouvoir de confronter, de r\u00e9conforter et de changer le lecteur sinc\u00e8re.<\/b><span style=\"font-weight: 400;\">.<\/span><\/p>\n<p><span style=\"font-weight: 400;\">Dans cet article vous d\u00e9couvrirez :<\/span><\/p>\n<ul>\n<li style=\"font-weight: 400;\" aria-level=\"1\"><span style=\"font-weight: 400;\">Qu\u2019est-ce que le Sermon sur la montagne exactement et pourquoi est-il toujours pertinent aujourd\u2019hui ?<\/span><span style=\"font-weight: 400;\">\n<p><\/span><\/li>\n<li style=\"font-weight: 400;\" aria-level=\"1\"><span style=\"font-weight: 400;\">Comment il est structur\u00e9 et quels th\u00e8mes fondamentaux il aborde<\/span><span style=\"font-weight: 400;\">\n<p><\/span><\/li>\n<li style=\"font-weight: 400;\" aria-level=\"1\"><span style=\"font-weight: 400;\">Pourquoi ses enseignements sont aussi contre-culturels que r\u00e9volutionnaires<\/span><span style=\"font-weight: 400;\">\n<p><\/span><\/li>\n<li style=\"font-weight: 400;\" aria-level=\"1\"><span style=\"font-weight: 400;\">Et comment vous pouvez commencer \u00e0 les vivre, \u00e9tape par \u00e9tape, dans votre vie quotidienne<\/span><span style=\"font-weight: 400;\">\n<p><\/span><\/li>\n<\/ul>\n<p><b>Pr\u00e9parez-vous \u00e0 explorer le message le plus transformateur jamais prononc\u00e9.<\/b><span style=\"font-weight: 400;\"> \u00cates-vous pr\u00eat \u00e0 gravir la montagne et \u00e0 entendre directement le Roi ?<\/span><\/p>\n<div id=\"ez-toc-container\" class=\"ez-toc-v2_0_82_2 counter-hierarchy ez-toc-counter ez-toc-grey ez-toc-container-direction\">\n<div class=\"ez-toc-title-container\">\n<p class=\"ez-toc-title\" style=\"cursor:inherit\">Table des mati\u00e8res<\/p>\n<span class=\"ez-toc-title-toggle\"><a href=\"#\" class=\"ez-toc-pull-right ez-toc-btn ez-toc-btn-xs ez-toc-btn-default ez-toc-toggle\" aria-label=\"Basculer la table des mati\u00e8res\"><span class=\"ez-toc-js-icon-con\"><span class=\"\"><span class=\"eztoc-hide\" style=\"display:none;\">Basculer<\/span><span class=\"ez-toc-icon-toggle-span\"><svg style=\"fill: #999;color:#999\" xmlns=\"http:\/\/www.w3.org\/2000\/svg\" class=\"list-377408\" width=\"20px\" height=\"20px\" viewbox=\"0 0 24 24\" fill=\"none\"><path d=\"M6 6H4v2h2V6zm14 0H8v2h12V6zM4 11h2v2H4v-2zm16 0H8v2h12v-2zM4 16h2v2H4v-2zm16 0H8v2h12v-2z\" fill=\"currentColor\"><\/path><\/svg><svg style=\"fill: #999;color:#999\" class=\"arrow-unsorted-368013\" xmlns=\"http:\/\/www.w3.org\/2000\/svg\" width=\"10px\" height=\"10px\" viewbox=\"0 0 24 24\" version=\"1.2\" baseprofile=\"tiny\"><path d=\"M18.2 9.3l-6.2-6.3-6.2 6.3c-.2.2-.3.4-.3.7s.1.5.3.7c.2.2.4.3.7.3h11c.3 0 .5-.1.7-.3.2-.2.3-.5.3-.7s-.1-.5-.3-.7zM5.8 14.7l6.2 6.3 6.2-6.3c.2-.2.3-.5.3-.7s-.1-.5-.3-.7c-.2-.2-.4-.3-.7-.3h-11c-.3 0-.5.1-.7.3-.2.2-.3.5-.3.7s.1.5.3.7z\"\/><\/svg><\/span><\/span><\/span><\/a><\/span><\/div>\n<nav><ul class='ez-toc-list ez-toc-list-level-1' ><li class='ez-toc-page-1 ez-toc-heading-level-2'><a class=\"ez-toc-link ez-toc-heading-1\" href=\"https:\/\/cleefbible.com\/fr\/sermon-sur-la-montagne\/#%C2%BFQue_es_el_Sermon_del_Monte_y_por_que_es_tan_influyente\" >Qu\u2019est-ce que le Sermon sur la montagne et pourquoi est-il si influent ?<\/a><\/li><li class='ez-toc-page-1 ez-toc-heading-level-2'><a class=\"ez-toc-link ez-toc-heading-2\" href=\"https:\/\/cleefbible.com\/fr\/sermon-sur-la-montagne\/#Ubicacion_en_el_Evangelio_de_Mateo_y_contexto_general\" >Localisation dans l&#039;\u00c9vangile de Matthieu et contexte g\u00e9n\u00e9ral<\/a><\/li><li class='ez-toc-page-1 ez-toc-heading-level-2'><a class=\"ez-toc-link ez-toc-heading-3\" href=\"https:\/\/cleefbible.com\/fr\/sermon-sur-la-montagne\/#%C2%BFA_quien_iba_dirigido_este_mensaje_de_Jesus\" >\u00c0 qui s\u2019adressait ce message de J\u00e9sus ?<\/a><\/li><li class='ez-toc-page-1 ez-toc-heading-level-2'><a class=\"ez-toc-link ez-toc-heading-4\" href=\"https:\/\/cleefbible.com\/fr\/sermon-sur-la-montagne\/#Estructura_general_del_Sermon_del_Monte\" >Structure g\u00e9n\u00e9rale du Sermon sur la montagne<\/a><\/li><li class='ez-toc-page-1 ez-toc-heading-level-2'><a class=\"ez-toc-link ez-toc-heading-5\" href=\"https:\/\/cleefbible.com\/fr\/sermon-sur-la-montagne\/#Las_Bienaventuranzas_el_caracter_del_ciudadano_del_Reino\" >Les B\u00e9atitudes : le caract\u00e8re du citoyen du Royaume<\/a><\/li><li class='ez-toc-page-1 ez-toc-heading-level-2'><a class=\"ez-toc-link ez-toc-heading-6\" href=\"https:\/\/cleefbible.com\/fr\/sermon-sur-la-montagne\/#Identidad_y_testimonio_sal_y_luz_del_mundo\" >Identit\u00e9 et t\u00e9moignage : sel et lumi\u00e8re du monde<\/a><\/li><li class='ez-toc-page-1 ez-toc-heading-level-2'><a class=\"ez-toc-link ez-toc-heading-7\" href=\"https:\/\/cleefbible.com\/fr\/sermon-sur-la-montagne\/#Jesus_y_la_ley_cumplimiento_no_abolicion\" >J\u00e9sus et la loi : accomplissement, non abolition<\/a><\/li><li class='ez-toc-page-1 ez-toc-heading-level-2'><a class=\"ez-toc-link ez-toc-heading-8\" href=\"https:\/\/cleefbible.com\/fr\/sermon-sur-la-montagne\/#Profundizacion_etica_del_acto_a_la_intencion\" >Approfondissement \u00e9thique : de l&#039;acte \u00e0 l&#039;intention<\/a><\/li><li class='ez-toc-page-1 ez-toc-heading-level-2'><a class=\"ez-toc-link ez-toc-heading-9\" href=\"https:\/\/cleefbible.com\/fr\/sermon-sur-la-montagne\/#Principios_de_relaciones_humanas_segun_Jesus\" >Principes des relations humaines selon J\u00e9sus<\/a><\/li><li class='ez-toc-page-1 ez-toc-heading-level-2'><a class=\"ez-toc-link ez-toc-heading-10\" href=\"https:\/\/cleefbible.com\/fr\/sermon-sur-la-montagne\/#La_vida_interior_del_discipulo\" >La vie int\u00e9rieure du disciple<\/a><\/li><li class='ez-toc-page-1 ez-toc-heading-level-2'><a class=\"ez-toc-link ez-toc-heading-11\" href=\"https:\/\/cleefbible.com\/fr\/sermon-sur-la-montagne\/#Tesoros_preocupaciones_y_prioridades\" >Tr\u00e9sors, soucis et priorit\u00e9s<\/a><\/li><li class='ez-toc-page-1 ez-toc-heading-level-2'><a class=\"ez-toc-link ez-toc-heading-12\" href=\"https:\/\/cleefbible.com\/fr\/sermon-sur-la-montagne\/#Relaciones_y_juicio_hacia_los_demas\" >Relations et jugement envers les autres<\/a><\/li><li class='ez-toc-page-1 ez-toc-heading-level-2'><a class=\"ez-toc-link ez-toc-heading-13\" href=\"https:\/\/cleefbible.com\/fr\/sermon-sur-la-montagne\/#Exhortaciones_finales_del_Sermon\" >Exhortations finales du sermon<\/a><\/li><li class='ez-toc-page-1 ez-toc-heading-level-2'><a class=\"ez-toc-link ez-toc-heading-14\" href=\"https:\/\/cleefbible.com\/fr\/sermon-sur-la-montagne\/#La_casa_sobre_la_roca_obediencia_como_fundamento\" >La maison sur le roc : l&#039;ob\u00e9issance comme fondement<\/a><\/li><li class='ez-toc-page-1 ez-toc-heading-level-2'><a class=\"ez-toc-link ez-toc-heading-15\" href=\"https:\/\/cleefbible.com\/fr\/sermon-sur-la-montagne\/#Impacto_del_Sermon_del_Monte_a_lo_largo_de_la_historia\" >L&#039;impact du Sermon sur la montagne \u00e0 travers l&#039;histoire<\/a><\/li><li class='ez-toc-page-1 ez-toc-heading-level-2'><a class=\"ez-toc-link ez-toc-heading-16\" href=\"https:\/\/cleefbible.com\/fr\/sermon-sur-la-montagne\/#%C2%BFEs_posible_vivir_el_Sermon_del_Monte_hoy\" >Est-il possible de vivre le Sermon sur la Montagne aujourd\u2019hui ?<\/a><\/li><li class='ez-toc-page-1 ez-toc-heading-level-2'><a class=\"ez-toc-link ez-toc-heading-17\" href=\"https:\/\/cleefbible.com\/fr\/sermon-sur-la-montagne\/#Recomendaciones_de_libros_para_profundizar\" >Recommandations de livres pour des \u00e9tudes plus approfondies<\/a><\/li><li class='ez-toc-page-1 ez-toc-heading-level-2'><a class=\"ez-toc-link ez-toc-heading-18\" href=\"https:\/\/cleefbible.com\/fr\/sermon-sur-la-montagne\/#Preguntas_frecuentes_sobre_el_Sermon_del_Monte\" >Questions fr\u00e9quemment pos\u00e9es sur le Sermon sur la montagne<\/a><\/li><li class='ez-toc-page-1 ez-toc-heading-level-2'><a class=\"ez-toc-link ez-toc-heading-19\" href=\"https:\/\/cleefbible.com\/fr\/sermon-sur-la-montagne\/#Conclusion\" >Conclusion<\/a><\/li><\/ul><\/nav><\/div>\n<h2><span class=\"ez-toc-section\" id=\"%C2%BFQue_es_el_Sermon_del_Monte_y_por_que_es_tan_influyente\"><\/span><b>Qu\u2019est-ce que le Sermon sur la montagne et pourquoi est-il si influent ?<\/b><span class=\"ez-toc-section-end\"><\/span><\/h2>\n<p><b>Et si le message le plus radical sur le caract\u00e8re, la justice et le Royaume de Dieu \u00e9tait contenu dans seulement trois chapitres de la Bible ?<\/b><b><br \/><\/b><span style=\"font-weight: 400;\"> Il <\/span><i><span style=\"font-weight: 400;\">Sermon sur la montagne<\/span><\/i><span style=\"font-weight: 400;\"> Il est consid\u00e9r\u00e9 par beaucoup comme <\/span><b>l&#039;enseignement le plus puissant, le plus profond et le plus stimulant que J\u00e9sus ait jamais prononc\u00e9<\/b><span style=\"font-weight: 400;\">. Il contient des principes qui transcendent les cultures, les \u00e9poques et les religions, et demeure une r\u00e9f\u00e9rence \u00e9thique, spirituelle et sociale \u00e0 ce jour.<\/span><\/p>\n<p><span style=\"font-weight: 400;\">C\u2019est un discours qui red\u00e9finit ce que signifie \u00eatre v\u00e9ritablement b\u00e9ni, juste, humble et pieux. Au lieu de se concentrer sur des rituels externes, <\/span><b>appelle \u00e0 une transformation interne radicale<\/b><span style=\"font-weight: 400;\">, vivre avec puret\u00e9 de c\u0153ur, mis\u00e9ricorde active et une foi authentique qui a un impact sur le monde.<\/span><\/p>\n<h2><span class=\"ez-toc-section\" id=\"Ubicacion_en_el_Evangelio_de_Mateo_y_contexto_general\"><\/span><b>Localisation dans l&#039;\u00c9vangile de Matthieu et contexte g\u00e9n\u00e9ral<\/b><span class=\"ez-toc-section-end\"><\/span><\/h2>\n<p><span style=\"font-weight: 400;\">Le Sermon sur la montagne se trouve dans les chapitres <\/span><b>5, 6 et 7 de l&#039;\u00c9vangile de Matthieu<\/b><span style=\"font-weight: 400;\">, et marque le d\u00e9but du minist\u00e8re public de J\u00e9sus. Apr\u00e8s avoir appel\u00e9 ses premiers disciples et gu\u00e9ri des multitudes, <\/span><b>J\u00e9sus monte sur une montagne et commence \u00e0 leur enseigner<\/b><span style=\"font-weight: 400;\"> (Matthieu 5:1-2).<\/span><\/p>\n<p><span style=\"font-weight: 400;\">Ce moment rappelle Mo\u00efse au Sina\u00ef, mais <\/span><b>J\u00e9sus ne r\u00e9p\u00e8te pas l\u2019ancienne loi : il la porte \u00e0 son accomplissement et l\u2019\u00e9l\u00e8ve \u00e0 sa pl\u00e9nitude spirituelle.<\/b><span style=\"font-weight: 400;\">. Matthieu pr\u00e9sente J\u00e9sus comme le nouveau L\u00e9gislateur, non pas \u00e0 partir d\u2019une montagne de peur, mais \u00e0 partir d\u2019une montagne de gr\u00e2ce.<\/span><\/p>\n<p><span style=\"font-weight: 400;\">Le contexte est essentiel : J\u00e9sus s\u2019adresse \u00e0 un public juif sous l\u2019oppression romaine, \u00e0 la recherche d\u2019un Messie politique. Au lieu de proclamer la r\u00e9volution sociale, J\u00e9sus proclame <\/span><b>une r\u00e9volution du c\u0153ur<\/b><span style=\"font-weight: 400;\">.<\/span><\/p>\n<h2><span class=\"ez-toc-section\" id=\"%C2%BFA_quien_iba_dirigido_este_mensaje_de_Jesus\"><\/span><b>\u00c0 qui s\u2019adressait ce message de J\u00e9sus ?<\/b><span class=\"ez-toc-section-end\"><\/span><\/h2>\n<p><span style=\"font-weight: 400;\">Bien que J\u00e9sus s\u2019adressait principalement <\/span><b>ses disciples<\/b><span style=\"font-weight: 400;\">, la foule \u00e9tait \u00e9galement pr\u00e9sente et \u00e9coutait (Matthieu 5:1; 7:28). Cela nous indique que le message est destin\u00e9 aux deux <\/span><b>abonn\u00e9s engag\u00e9s<\/b><span style=\"font-weight: 400;\"> quant \u00e0 la <\/span><b>chercheurs spirituels<\/b><span style=\"font-weight: 400;\">.<\/span><\/p>\n<p><span style=\"font-weight: 400;\">J\u00e9sus a parl\u00e9 :<\/span><\/p>\n<ul>\n<li style=\"font-weight: 400;\" aria-level=\"1\"><span style=\"font-weight: 400;\">Au <\/span><b>pauvre en esprit<\/b><span style=\"font-weight: 400;\">, qui savait qu\u2019ils avaient besoin de Dieu.<\/span><span style=\"font-weight: 400;\">\n<p><\/span><\/li>\n<li style=\"font-weight: 400;\" aria-level=\"1\"><span style=\"font-weight: 400;\">Au <\/span><b>avide de justice<\/b><span style=\"font-weight: 400;\">, qui aspirait \u00e0 un monde restaur\u00e9.<\/span><span style=\"font-weight: 400;\">\n<p><\/span><\/li>\n<li style=\"font-weight: 400;\" aria-level=\"1\"><span style=\"font-weight: 400;\">Au <\/span><b>simple et humble<\/b><span style=\"font-weight: 400;\">, qui voulait vraiment suivre Dieu.<\/span><span style=\"font-weight: 400;\">\n<p><\/span><\/li>\n<\/ul>\n<p><span style=\"font-weight: 400;\">Le Sermon sur la montagne n\u2019est pas r\u00e9serv\u00e9 uniquement aux chefs religieux ou aux parfaits. Est <\/span><b>pour tous ceux qui d\u00e9sirent vivre selon le Royaume de Dieu<\/b><span style=\"font-weight: 400;\">, guid\u00e9 par la v\u00e9rit\u00e9, l&#039;humilit\u00e9 et l&#039;amour.<\/span><\/p>\n<h2><span class=\"ez-toc-section\" id=\"Estructura_general_del_Sermon_del_Monte\"><\/span><b>Structure g\u00e9n\u00e9rale du Sermon sur la montagne<\/b><span class=\"ez-toc-section-end\"><\/span><\/h2>\n<h3><b>Division par chapitres : Matthieu 5, 6 et 7<\/b><\/h3>\n<p><span style=\"font-weight: 400;\">Le Sermon sur la montagne couvre <\/span><b>trois chapitres complets de l&#039;\u00c9vangile de Matthieu (5 \u00e0 7)<\/b><span style=\"font-weight: 400;\">, ce qui le rend <\/span><b>le plus long discours enregistr\u00e9 de J\u00e9sus<\/b><span style=\"font-weight: 400;\"> dans les \u00e9vangiles.<\/span><\/p>\n<ul>\n<li style=\"font-weight: 400;\" aria-level=\"1\"><b>Matthieu 5:<\/b><span style=\"font-weight: 400;\"> Commencez par le <\/span><i><span style=\"font-weight: 400;\">b\u00e9atitudes<\/span><\/i><span style=\"font-weight: 400;\"> et continue avec des enseignements sur la loi, le caract\u00e8re du croyant, le pardon, la puret\u00e9, l&#039;amour de l&#039;ennemi et l&#039;appel \u00e0 la perfection.<\/span><span style=\"font-weight: 400;\">\n<p><\/span><\/li>\n<li style=\"font-weight: 400;\" aria-level=\"1\"><b>Matthieu 6:<\/b><span style=\"font-weight: 400;\"> Elle met l\u2019accent sur la vie int\u00e9rieure : la pri\u00e8re, le je\u00fbne, la g\u00e9n\u00e9rosit\u00e9, la confiance en Dieu et la lib\u00e9ration des d\u00e9sirs mat\u00e9riels.<\/span><span style=\"font-weight: 400;\">\n<p><\/span><\/li>\n<li style=\"font-weight: 400;\" aria-level=\"1\"><b>Matthieu 7:<\/b><span style=\"font-weight: 400;\"> Il comprend des avertissements contre les jugements injustes, la r\u00e8gle d\u2019or, le discernement spirituel et se termine par un appel radical \u00e0 l\u2019ob\u00e9issance.<\/span><span style=\"font-weight: 400;\">\n<p><\/span><\/li>\n<\/ul>\n<p><span style=\"font-weight: 400;\">Cet ordre r\u00e9v\u00e8le un <\/span><b>progression spirituelle<\/b><span style=\"font-weight: 400;\">: du caract\u00e8re \u2192 \u00e0 la pratique \u2192 \u00e0 la r\u00e9ponse personnelle.<\/span><\/p>\n<h3><b>Th\u00e8mes cl\u00e9s abord\u00e9s par J\u00e9sus<\/b><\/h3>\n<p><span style=\"font-weight: 400;\">J\u00e9sus n\u2019offre pas un code juridique, mais un <\/span><b>carte du c\u0153ur du Royaume<\/b><span style=\"font-weight: 400;\">. Quelques sujets essentiels :<\/span><\/p>\n<ul>\n<li style=\"font-weight: 400;\" aria-level=\"1\"><span style=\"font-weight: 400;\">Le <\/span><b>la nature du vrai disciple<\/b><b>\n<p><\/b><\/li>\n<li style=\"font-weight: 400;\" aria-level=\"1\"><span style=\"font-weight: 400;\">Le <\/span><b>justice int\u00e9rieure contre apparence ext\u00e9rieure<\/b><b>\n<p><\/b><\/li>\n<li style=\"font-weight: 400;\" aria-level=\"1\"><span style=\"font-weight: 400;\">Le <\/span><b>des relations humaines saines et restaur\u00e9es<\/b><b>\n<p><\/b><\/li>\n<li style=\"font-weight: 400;\" aria-level=\"1\"><span style=\"font-weight: 400;\">Le <\/span><b>d\u00e9pendance totale \u00e0 Dieu<\/b><b>\n<p><\/b><\/li>\n<li style=\"font-weight: 400;\" aria-level=\"1\"><span style=\"font-weight: 400;\">Le <\/span><b>l&#039;ob\u00e9issance comme fondement solide<\/b><b>\n<p><\/b><\/li>\n<\/ul>\n<p><span style=\"font-weight: 400;\">Chaque enseignement pointe vers une vie v\u00e9cue sous la <\/span><b>Seigneurie de Dieu<\/b><span style=\"font-weight: 400;\">, o\u00f9 l&#039;interne est aussi important que l&#039;externe.<\/span><\/p>\n<h3><b>Un discours dot\u00e9 d&#039;une autorit\u00e9 divine et d&#039;une sagesse pratique<\/b><\/h3>\n<p><span style=\"font-weight: 400;\">Contrairement aux scribes, J\u00e9sus enseignait <\/span><b>avec sa propre autorit\u00e9<\/b><span style=\"font-weight: 400;\"> (Matthieu 7:28-29). Il n\u2019a pas cit\u00e9 d\u2019autres enseignants : il a parl\u00e9 <\/span><b>comme quelqu&#039;un qui avait une autorit\u00e9 c\u00e9leste<\/b><span style=\"font-weight: 400;\">.<\/span><\/p>\n<p><span style=\"font-weight: 400;\">Mais son message n\u2019\u00e9tait pas seulement profond : il \u00e9tait <\/span><b>pratique<\/b><span style=\"font-weight: 400;\">. Des instructions telles que \u00ab aimez vos ennemis \u00bb, \u00ab faites aux autres ce que vous voudriez recevoir \u00bb ou \u00ab ne vous inqui\u00e9tez pas du lendemain \u00bb sont <\/span><b>applicable dans la vie quotidienne<\/b><span style=\"font-weight: 400;\">, bien que profond\u00e9ment difficile.<\/span><\/p>\n<p><span style=\"font-weight: 400;\">Le Sermon sur la montagne <\/span><b>Ce n\u2019est pas une th\u00e9orie spirituelle \u00e9lev\u00e9e<\/b><span style=\"font-weight: 400;\">, mais un guide pour vivre sur terre avec les valeurs du ciel.<\/span><\/p>\n<h2><span class=\"ez-toc-section\" id=\"Las_Bienaventuranzas_el_caracter_del_ciudadano_del_Reino\"><\/span><b>Les B\u00e9atitudes : le caract\u00e8re du citoyen du Royaume<\/b><span class=\"ez-toc-section-end\"><\/span><\/h2>\n<h3><b>Que signifie \u00ab b\u00e9ni \u00bb ?<\/b><\/h3>\n<p><span style=\"font-weight: 400;\">Le mot \u00ab b\u00e9ni \u00bb (du grec <\/span><i><span style=\"font-weight: 400;\">Makarios<\/span><\/i><span style=\"font-weight: 400;\">) ne signifie pas simplement \u00ab heureux \u00bb, mais \u00ab<\/span><b>profond\u00e9ment b\u00e9ni par Dieu<\/b><span style=\"font-weight: 400;\">&quot;.<\/span><\/p>\n<ul>\n<li style=\"font-weight: 400;\" aria-level=\"1\"><span style=\"font-weight: 400;\">Cela ne d\u00e9pend pas des circonstances ext\u00e9rieures.<\/span><span style=\"font-weight: 400;\">\n<p><\/span><\/li>\n<li style=\"font-weight: 400;\" aria-level=\"1\"><span style=\"font-weight: 400;\">C&#039;est un \u00e9tat spirituel qui refl\u00e8te <\/span><b>l&#039;approbation divine et la communion avec le Royaume<\/b><span style=\"font-weight: 400;\">.<\/span><span style=\"font-weight: 400;\">\n<p><\/span><\/li>\n<li style=\"font-weight: 400;\" aria-level=\"1\"><span style=\"font-weight: 400;\">Chaque b\u00e9atitude d\u00e9crit une <\/span><b>attitude du c\u0153ur<\/b><span style=\"font-weight: 400;\"> que Dieu honore.<\/span><span style=\"font-weight: 400;\">\n<p><\/span><\/li>\n<\/ul>\n<p><span style=\"font-weight: 400;\">J\u00e9sus d\u00e9clare bienheureux ceux que le monde n&#039;appr\u00e9cie pas : pauvres en esprit, doux, mis\u00e9ricordieux, pers\u00e9cut\u00e9s...<\/span><\/p>\n<h3><b>Les huit b\u00e9atitudes expliqu\u00e9es une par une<\/b><\/h3>\n<ol>\n<li style=\"font-weight: 400;\" aria-level=\"1\"><b>Pauvre en esprit :<\/b><span style=\"font-weight: 400;\"> Ils reconnaissent leur besoin de Dieu (Matthieu 5:3).<\/span><span style=\"font-weight: 400;\">\n<p><\/span><\/li>\n<li style=\"font-weight: 400;\" aria-level=\"1\"><b>Ceux qui pleurent :<\/b><span style=\"font-weight: 400;\"> Tristesse \u00e0 cause du p\u00e9ch\u00e9 et \u00e0 cause des souffrances du monde (5:4).<\/span><span style=\"font-weight: 400;\">\n<p><\/span><\/li>\n<li style=\"font-weight: 400;\" aria-level=\"1\"><b>Les doux :<\/b><span style=\"font-weight: 400;\"> Ils ne r\u00e9agissent pas par la violence ou la vengeance (5:5).<\/span><span style=\"font-weight: 400;\">\n<p><\/span><\/li>\n<li style=\"font-weight: 400;\" aria-level=\"1\"><b>Ceux qui ont faim et soif de justice :<\/b><span style=\"font-weight: 400;\"> Ils d\u00e9sirent la volont\u00e9 de Dieu (5:6).<\/span><span style=\"font-weight: 400;\">\n<p><\/span><\/li>\n<li style=\"font-weight: 400;\" aria-level=\"1\"><b>Les mis\u00e9ricordieux :<\/b><span style=\"font-weight: 400;\"> Ils accordent le pardon et la compassion (5:7).<\/span><span style=\"font-weight: 400;\">\n<p><\/span><\/li>\n<li style=\"font-weight: 400;\" aria-level=\"1\"><b>Ceux qui ont le c\u0153ur pur :<\/b><span style=\"font-weight: 400;\"> Ils ont des intentions pures, sans hypocrisie (5:8).<\/span><span style=\"font-weight: 400;\">\n<p><\/span><\/li>\n<li style=\"font-weight: 400;\" aria-level=\"1\"><b>Les artisans de paix :<\/b><span style=\"font-weight: 400;\"> Ils favorisent la paix plut\u00f4t que le conflit (5:9).<\/span><span style=\"font-weight: 400;\">\n<p><\/span><\/li>\n<li style=\"font-weight: 400;\" aria-level=\"1\"><b>Ceux qui sont pers\u00e9cut\u00e9s au nom de la justice :<\/b><span style=\"font-weight: 400;\"> Ils souffrent \u00e0 cause de leur fid\u00e9lit\u00e9 \u00e0 Dieu (5:10).<\/span><span style=\"font-weight: 400;\">\n<p><\/span><\/li>\n<\/ol>\n<p><span style=\"font-weight: 400;\">Ces attitudes <\/span><b>Ce ne sont pas des id\u00e9aux facultatifs<\/b><span style=\"font-weight: 400;\">, mais <\/span><b>la norme du caract\u00e8re du Royaume<\/b><span style=\"font-weight: 400;\">.<\/span><\/p>\n<h3><b>Inversion des valeurs : le Royaume de Dieu contre le monde<\/b><\/h3>\n<p><span style=\"font-weight: 400;\">Les B\u00e9atitudes <\/span><b>rompre avec la logique du monde<\/b><span style=\"font-weight: 400;\">:<\/span><\/p>\n<ul>\n<li style=\"font-weight: 400;\" aria-level=\"1\"><span style=\"font-weight: 400;\">Le monde exalte l\u2019orgueil ; J\u00e9sus b\u00e9nit l\u2019humilit\u00e9.<\/span><span style=\"font-weight: 400;\">\n<p><\/span><\/li>\n<li style=\"font-weight: 400;\" aria-level=\"1\"><span style=\"font-weight: 400;\">Le monde valorise la force ; J\u00e9sus valorise la douceur.<\/span><span style=\"font-weight: 400;\">\n<p><\/span><\/li>\n<li style=\"font-weight: 400;\" aria-level=\"1\"><span style=\"font-weight: 400;\">Le monde r\u00e9compense le gagnant ; J\u00e9sus exalte ceux qui souffrent pour le bien.<\/span><span style=\"font-weight: 400;\">\n<p><\/span><\/li>\n<\/ul>\n<p><span style=\"font-weight: 400;\">Ce contraste r\u00e9v\u00e8le que le Royaume de Dieu est <\/span><b>un renversement radical des valeurs<\/b><span style=\"font-weight: 400;\">, o\u00f9 ce qui est m\u00e9pris\u00e9 par les hommes est <\/span><b>pr\u00e9cieux aux yeux de Dieu<\/b><span style=\"font-weight: 400;\">.<\/span><span style=\"font-weight: 400;\"><br \/><\/span><span style=\"font-weight: 400;\"> Faire partie du Royaume implique <\/span><b>vivre avec un \u00e9tat d&#039;esprit compl\u00e8tement nouveau<\/b><span style=\"font-weight: 400;\">, contre-culturel et profond\u00e9ment transformateur.<\/span><\/p>\n<h2><span class=\"ez-toc-section\" id=\"Identidad_y_testimonio_sal_y_luz_del_mundo\"><\/span><b>Identit\u00e9 et t\u00e9moignage : sel et lumi\u00e8re du monde<\/b><span class=\"ez-toc-section-end\"><\/span><\/h2>\n<h3><b>\u00ab Vous \u00eates le sel de la terre \u00bb<\/b><\/h3>\n<p><span style=\"font-weight: 400;\">J\u00e9sus d\u00e9clare \u00e0 ses disciples : <\/span><b>\u00ab Vous \u00eates le sel de la terre \u00bb<\/b><span style=\"font-weight: 400;\"> (Matthieu 5:13), une d\u00e9claration d\u2019une \u00e9norme port\u00e9e symbolique dans le contexte juif.<\/span><\/p>\n<p><span style=\"font-weight: 400;\">Dans l&#039;Antiquit\u00e9, le sel \u00e9tait :<\/span><\/p>\n<ul>\n<li style=\"font-weight: 400;\" aria-level=\"1\"><b>Conservateur:<\/b><span style=\"font-weight: 400;\"> emp\u00each\u00e9 la corruption, car le croyant doit arr\u00eater l\u2019avanc\u00e9e du p\u00e9ch\u00e9.<\/span><span style=\"font-weight: 400;\">\n<p><\/span><\/li>\n<li style=\"font-weight: 400;\" aria-level=\"1\"><b>Donneur de saveur :<\/b><span style=\"font-weight: 400;\"> Le chr\u00e9tien donne un sens et une direction morale \u00e0 un monde sans gouvernail.<\/span><span style=\"font-weight: 400;\">\n<p><\/span><\/li>\n<li style=\"font-weight: 400;\" aria-level=\"1\"><b>\u00c9l\u00e9ment d&#039;accord :<\/b><span style=\"font-weight: 400;\"> Dans L\u00e9vitique 2:13, le sel faisait partie des offrandes, symbolisant la permanence et la puret\u00e9.<\/span><span style=\"font-weight: 400;\">\n<p><\/span><\/li>\n<\/ul>\n<p><span style=\"font-weight: 400;\">Mais J\u00e9sus pr\u00e9vient aussi : si le sel perd sa saveur, <\/span><b>C&#039;est inutile<\/b><span style=\"font-weight: 400;\">. C&#039;est un appel \u00e0 l&#039;authenticit\u00e9 et \u00e0 ne pas se conformer au monde.<\/span><\/p>\n<h3><b>\u00ab Tu es la lumi\u00e8re du monde \u00bb<\/b><\/h3>\n<p><span style=\"font-weight: 400;\">J\u00e9sus continue : <\/span><b>\u00ab Tu es la lumi\u00e8re du monde \u00bb<\/b><span style=\"font-weight: 400;\"> (Matthieu 5:14), reliant ses disciples \u00e0 l\u2019une des images les plus puissantes de la Bible.<\/span><\/p>\n<p><span style=\"font-weight: 400;\">La lumi\u00e8re repr\u00e9sente :<\/span><\/p>\n<ul>\n<li style=\"font-weight: 400;\" aria-level=\"1\"><b>V\u00e9rit\u00e9 r\u00e9v\u00e9l\u00e9e :<\/b><span style=\"font-weight: 400;\"> L\u2019enseignement du Christ doit \u00eatre visible et compr\u00e9hensible.<\/span><span style=\"font-weight: 400;\">\n<p><\/span><\/li>\n<li style=\"font-weight: 400;\" aria-level=\"1\"><b>L&#039;espoir dans l&#039;obscurit\u00e9 :<\/b><span style=\"font-weight: 400;\"> le croyant donne l\u2019exemple.<\/span><span style=\"font-weight: 400;\">\n<p><\/span><\/li>\n<li style=\"font-weight: 400;\" aria-level=\"1\"><b>Une vie qui glorifie Dieu :<\/b><span style=\"font-weight: 400;\"> \u00ab \u2026afin qu\u2019ils voient vos bonnes \u0153uvres et glorifient votre P\u00e8re qui est dans les cieux \u00bb (Matthieu 5:16).<\/span><span style=\"font-weight: 400;\">\n<p><\/span><\/li>\n<\/ul>\n<p><span style=\"font-weight: 400;\">La lumi\u00e8re <\/span><b>ne se cache pas<\/b><span style=\"font-weight: 400;\">; doit \u00eatre plac\u00e9 \u00ab sur le chandelier \u00bb. La vie chr\u00e9tienne n\u2019est ni priv\u00e9e ni passive : elle est <\/span><b>un t\u00e9moignage public de la puissance du Royaume<\/b><span style=\"font-weight: 400;\">.<\/span><\/p>\n<h3><b>Appel\u00e9s \u00e0 avoir un impact sur le monde avec notre foi et notre conduite<\/b><\/h3>\n<p><span style=\"font-weight: 400;\">J\u00e9sus n\u2019invite pas ses disciples \u00e0 se retirer du monde, mais \u00e0 <\/span><b>le transformer de l&#039;int\u00e9rieur<\/b><span style=\"font-weight: 400;\">.<\/span><\/p>\n<ul>\n<li style=\"font-weight: 400;\" aria-level=\"1\"><span style=\"font-weight: 400;\">\u00catre sel et lumi\u00e8re implique <\/span><b>pr\u00e9sence active<\/b><span style=\"font-weight: 400;\">, mais pas le conformisme.<\/span><span style=\"font-weight: 400;\">\n<p><\/span><\/li>\n<li style=\"font-weight: 400;\" aria-level=\"1\"><span style=\"font-weight: 400;\">Demande <\/span><b>int\u00e9grit\u00e9, humilit\u00e9 et coh\u00e9rence entre ce qui est cru et ce qui est v\u00e9cu<\/b><span style=\"font-weight: 400;\">.<\/span><span style=\"font-weight: 400;\">\n<p><\/span><\/li>\n<li style=\"font-weight: 400;\" aria-level=\"1\"><span style=\"font-weight: 400;\">Notre t\u00e9moignage <\/span><b>Elle ne se mesure pas seulement par des mots, mais par des \u0153uvres visibles<\/b><span style=\"font-weight: 400;\">.<\/span><span style=\"font-weight: 400;\">\n<p><\/span><\/li>\n<\/ul>\n<p><span style=\"font-weight: 400;\">Le Sermon sur la montagne le dit clairement : <\/span><b>Le Royaume n\u2019est pas seulement une exp\u00e9rience spirituelle, mais une mission vivante<\/b><span style=\"font-weight: 400;\"> qui influence la soci\u00e9t\u00e9 avec un pouvoir r\u00e9dempteur.<\/span><\/p>\n<h2><span class=\"ez-toc-section\" id=\"Jesus_y_la_ley_cumplimiento_no_abolicion\"><\/span><b>J\u00e9sus et la loi : accomplissement, non abolition<\/b><span class=\"ez-toc-section-end\"><\/span><\/h2>\n<h3><b>\u00ab Je ne suis pas venu pour abolir la loi, mais pour l\u2019accomplir. \u00bb<\/b><\/h3>\n<p><span style=\"font-weight: 400;\">Dans Matthieu 5:17, J\u00e9sus dit :<\/span><span style=\"font-weight: 400;\"><br \/><\/span> <b>\u00ab Ne croyez pas que je sois venu abolir la loi ou les proph\u00e8tes ; je ne suis pas venu les abolir, mais les accomplir. \u00bb<\/b><\/p>\n<p><span style=\"font-weight: 400;\">Cela signifie:<\/span><\/p>\n<ul>\n<li style=\"font-weight: 400;\" aria-level=\"1\"><b>Ne rejette pas l&#039;Ancien Testament<\/b><span style=\"font-weight: 400;\">, l&#039;affirme et lui donne tout son sens.<\/span><span style=\"font-weight: 400;\">\n<p><\/span><\/li>\n<li style=\"font-weight: 400;\" aria-level=\"1\"><span style=\"font-weight: 400;\">Il est le <\/span><b>accomplissement proph\u00e9tique et moral<\/b><span style=\"font-weight: 400;\"> de la loi : sa vie, sa mort et son enseignement accomplissent ce qui a \u00e9t\u00e9 annonc\u00e9 par Mo\u00efse et les proph\u00e8tes.<\/span><span style=\"font-weight: 400;\">\n<p><\/span><\/li>\n<li style=\"font-weight: 400;\" aria-level=\"1\"><span style=\"font-weight: 400;\">L\u2019\u00c9vangile ne remplace pas la loi, <\/span><b>le r\u00e9v\u00e8le dans sa profondeur spirituelle<\/b><span style=\"font-weight: 400;\">.<\/span><span style=\"font-weight: 400;\">\n<p><\/span><\/li>\n<\/ul>\n<p><span style=\"font-weight: 400;\">J\u00e9sus ne change pas la norme ; <\/span><b>change ton c\u0153ur pour pouvoir le vivre<\/b><span style=\"font-weight: 400;\">.<\/span><\/p>\n<h3><b>La vraie justice qui surpasse celle des pharisiens<\/b><\/h3>\n<p><span style=\"font-weight: 400;\">Dans Matthieu 5:20, J\u00e9sus lance un avertissement radical :<\/span><span style=\"font-weight: 400;\"><br \/><\/span> <b>\u00ab Si votre justice ne surpasse pas celle des scribes et des pharisiens, vous n\u2019entrerez jamais dans le royaume des cieux. \u00bb<\/b><\/p>\n<p><span style=\"font-weight: 400;\">La justice du Royaume :<\/span><\/p>\n<ul>\n<li style=\"font-weight: 400;\" aria-level=\"1\"><span style=\"font-weight: 400;\">Ce n&#039;est pas bas\u00e9 sur <\/span><b>conformit\u00e9s externes ou l\u00e9galismes<\/b><span style=\"font-weight: 400;\">, mais dans un <\/span><b>c\u0153ur transform\u00e9<\/b><span style=\"font-weight: 400;\">.<\/span><span style=\"font-weight: 400;\">\n<p><\/span><\/li>\n<li style=\"font-weight: 400;\" aria-level=\"1\"><span style=\"font-weight: 400;\">Cela va au-del\u00e0 du visible, jusqu&#039;\u00e0 la <\/span><b>intentions internes<\/b><span style=\"font-weight: 400;\">.<\/span><span style=\"font-weight: 400;\">\n<p><\/span><\/li>\n<li style=\"font-weight: 400;\" aria-level=\"1\"><span style=\"font-weight: 400;\">Il ne s\u2019agit pas de la quantit\u00e9 de r\u00e8gles, mais de la qualit\u00e9 de l\u2019amour, de la mis\u00e9ricorde et de la v\u00e9rit\u00e9.<\/span><span style=\"font-weight: 400;\">\n<p><\/span><\/li>\n<\/ul>\n<p><span style=\"font-weight: 400;\">J\u00e9sus d\u00e9nonce <\/span><b>hypocrisie religieuse<\/b><span style=\"font-weight: 400;\"> et promeut une justice v\u00e9cue de l\u2019int\u00e9rieur.<\/span><\/p>\n<h3><b>Continuit\u00e9 et pl\u00e9nitude dans l&#039;enseignement du Christ<\/b><\/h3>\n<p><span style=\"font-weight: 400;\">J\u00e9sus <\/span><b>Il ne viole pas la loi, il la pousse \u00e0 son expression maximale.<\/b><span style=\"font-weight: 400;\">. Les exemples du chapitre 5 le montrent :<\/span><\/p>\n<ul>\n<li style=\"font-weight: 400;\" aria-level=\"1\"><span style=\"font-weight: 400;\">Non seulement pour ne pas tuer, mais <\/span><b>ne pas ha\u00efr ni insulter<\/b><span style=\"font-weight: 400;\">.<\/span><span style=\"font-weight: 400;\">\n<p><\/span><\/li>\n<li style=\"font-weight: 400;\" aria-level=\"1\"><span style=\"font-weight: 400;\">Non seulement de ne pas falsifier, mais <\/span><b>ne pas d\u00e9sirer avec convoitise<\/b><span style=\"font-weight: 400;\">.<\/span><span style=\"font-weight: 400;\">\n<p><\/span><\/li>\n<li style=\"font-weight: 400;\" aria-level=\"1\"><span style=\"font-weight: 400;\">Aimez non seulement votre prochain, mais <\/span><b>aimer l&#039;ennemi<\/b><span style=\"font-weight: 400;\">.<\/span><span style=\"font-weight: 400;\">\n<p><\/span><\/li>\n<\/ul>\n<p><span style=\"font-weight: 400;\">Cela montre que l\u2019enseignement du Christ est :<\/span><\/p>\n<ul>\n<li style=\"font-weight: 400;\" aria-level=\"1\"><b>Continuit\u00e9 spirituelle<\/b><span style=\"font-weight: 400;\">:une partie du m\u00eame plan de Dieu.<\/span><span style=\"font-weight: 400;\">\n<p><\/span><\/li>\n<li style=\"font-weight: 400;\" aria-level=\"1\"><b>Pl\u00e9nitude \u00e9thique et morale<\/b><span style=\"font-weight: 400;\">:\u00e9l\u00e8ve le droit \u00e0 une exp\u00e9rience plus exigeante et authentique.<\/span><span style=\"font-weight: 400;\">\n<p><\/span><\/li>\n<li style=\"font-weight: 400;\" aria-level=\"1\"><b>Transformation globale<\/b><span style=\"font-weight: 400;\">:non seulement de ce que nous faisons, mais de qui nous sommes.<\/span><span style=\"font-weight: 400;\">\n<p><\/span><\/li>\n<\/ul>\n<p><span style=\"font-weight: 400;\">Le message de J\u00e9sus est clair : <\/span><b>Le Royaume ne consiste pas en un rituel, mais en une relation vivante avec Dieu et avec son prochain, fond\u00e9e sur l\u2019amour, la v\u00e9rit\u00e9 et l\u2019ob\u00e9issance sinc\u00e8re.<\/b><span style=\"font-weight: 400;\">.<\/span><\/p>\n<h2><span class=\"ez-toc-section\" id=\"Profundizacion_etica_del_acto_a_la_intencion\"><\/span><b>Approfondissement \u00e9thique : de l&#039;acte \u00e0 l&#039;intention<\/b><span class=\"ez-toc-section-end\"><\/span><\/h2>\n<h3><b>Non seulement tuer, mais \u00e9viter la col\u00e8re<\/b><\/h3>\n<p><span style=\"font-weight: 400;\">J\u00e9sus enseigne dans Matthieu 5:21-22 :<\/span><span style=\"font-weight: 400;\"><br \/><\/span> <b>\u00ab Vous avez entendu qu\u2019il a \u00e9t\u00e9 dit aux anciens : Tu ne tueras point\u2026 \u00bb Mais moi, je vous dis que quiconque se met en col\u00e8re contre son fr\u00e8re m\u00e9rite d\u2019\u00eatre puni par les juges.<\/b><\/p>\n<p><span style=\"font-weight: 400;\">Ici, J\u00e9sus r\u00e9v\u00e8le que :<\/span><\/p>\n<ul>\n<li style=\"font-weight: 400;\" aria-level=\"1\"><b>Le probl\u00e8me ne commence pas avec l\u2019homicide<\/b><span style=\"font-weight: 400;\">, mais avec col\u00e8re et m\u00e9pris dans le c\u0153ur.<\/span><span style=\"font-weight: 400;\">\n<p><\/span><\/li>\n<li style=\"font-weight: 400;\" aria-level=\"1\"><span style=\"font-weight: 400;\">Des mots comme \u00ab idiot \u00bb ou des attitudes haineuses aussi <\/span><b>offenser la saintet\u00e9 de Dieu<\/b><span style=\"font-weight: 400;\">.<\/span><span style=\"font-weight: 400;\">\n<p><\/span><\/li>\n<li style=\"font-weight: 400;\" aria-level=\"1\"><span style=\"font-weight: 400;\">La justice du Royaume exige <\/span><b>pacifier l&#039;\u00e2me<\/b><span style=\"font-weight: 400;\">, pas seulement contr\u00f4ler les mains.<\/span><span style=\"font-weight: 400;\">\n<p><\/span><\/li>\n<\/ul>\n<p><span style=\"font-weight: 400;\">La v\u00e9ritable ob\u00e9issance commence <\/span><b>dans l&#039;invisible<\/b><span style=\"font-weight: 400;\">, o\u00f9 se forgent les intentions.<\/span><\/p>\n<h3><b>Non seulement l&#039;adult\u00e8re, mais \u00e9vitez le d\u00e9sir<\/b><\/h3>\n<p><span style=\"font-weight: 400;\">Dans Matthieu 5:27-28, J\u00e9sus d\u00e9clare :<\/span><span style=\"font-weight: 400;\"><br \/><\/span> <b>\u00ab Vous avez entendu qu\u2019il a \u00e9t\u00e9 dit : Tu ne commettras pas d\u2019adult\u00e8re\u2026 \u00bb Mais moi, je vous dis que quiconque regarde une femme pour la convoiter a d\u00e9j\u00e0 commis un adult\u00e8re avec elle dans son c\u0153ur. \u00bb<\/b><\/p>\n<p><span style=\"font-weight: 400;\">Cet enseignement r\u00e9v\u00e8le :<\/span><\/p>\n<ul>\n<li style=\"font-weight: 400;\" aria-level=\"1\"><span style=\"font-weight: 400;\">Que <\/span><b>La puret\u00e9 n\u2019est pas seulement physique, mais aussi mentale et \u00e9motionnelle<\/b><span style=\"font-weight: 400;\">.<\/span><span style=\"font-weight: 400;\">\n<p><\/span><\/li>\n<li style=\"font-weight: 400;\" aria-level=\"1\"><span style=\"font-weight: 400;\">Le d\u00e9sir d\u00e9sordonn\u00e9, cultiv\u00e9 en secret, <\/span><b>viole le plan d&#039;amour de Dieu<\/b><span style=\"font-weight: 400;\">.<\/span><span style=\"font-weight: 400;\">\n<p><\/span><\/li>\n<li style=\"font-weight: 400;\" aria-level=\"1\"><span style=\"font-weight: 400;\">J\u00e9sus ne fait pas seulement r\u00e9f\u00e9rence \u00e0 l\u2019action ext\u00e9rieure, mais \u00e0 <\/span><b>la racine interne du p\u00e9ch\u00e9<\/b><span style=\"font-weight: 400;\">.<\/span><span style=\"font-weight: 400;\">\n<p><\/span><\/li>\n<\/ul>\n<p><span style=\"font-weight: 400;\">Son appel est radical : \u00ab Si ton \u0153il te fait commettre un p\u00e9ch\u00e9, arrache-le\u2026 \u00bb (une figure extr\u00eame qui refl\u00e8te l\u2019urgence de la saintet\u00e9).<\/span><\/p>\n<h3><b>Le v\u00e9ritable esprit de la loi morale<\/b><\/h3>\n<p><span style=\"font-weight: 400;\">J\u00e9sus enseigne que <\/span><b>Ob\u00e9ir \u00e0 la loi ne signifie pas seulement \u00e9viter \u00ab techniquement \u00bb de p\u00e9cher<\/b><span style=\"font-weight: 400;\">, mais <\/span><b>vivre dans un \u00e9tat de puret\u00e9, de mis\u00e9ricorde et d&#039;amour v\u00e9ritable<\/b><span style=\"font-weight: 400;\">.<\/span><\/p>\n<p><span style=\"font-weight: 400;\">L&#039;esprit de la loi :<\/span><\/p>\n<ul>\n<li style=\"font-weight: 400;\" aria-level=\"1\"><span style=\"font-weight: 400;\">Cherche \u00e0 restaurer les relations, pas seulement \u00e0 condamner les erreurs.<\/span><span style=\"font-weight: 400;\">\n<p><\/span><\/li>\n<li style=\"font-weight: 400;\" aria-level=\"1\"><span style=\"font-weight: 400;\">Visez le <\/span><b>l&#039;int\u00e9grit\u00e9 totale de l&#039;\u00eatre humain<\/b><span style=\"font-weight: 400;\">, pas seulement \u00e0 sa conduite publique.<\/span><span style=\"font-weight: 400;\">\n<p><\/span><\/li>\n<li style=\"font-weight: 400;\" aria-level=\"1\"><span style=\"font-weight: 400;\">Vous invite \u00e0 un style de vie guid\u00e9 par l&#039;Esprit, <\/span><b>pas par des r\u00e8gles vides de sens<\/b><span style=\"font-weight: 400;\">.<\/span><span style=\"font-weight: 400;\">\n<p><\/span><\/li>\n<\/ul>\n<p><span style=\"font-weight: 400;\">Le Christ red\u00e9finit la moralit\u00e9 comme <\/span><b>une expression du Royaume dans le c\u0153ur<\/b><span style=\"font-weight: 400;\">, pas un accomplissement superficiel.<\/span><\/p>\n<h2><span class=\"ez-toc-section\" id=\"Principios_de_relaciones_humanas_segun_Jesus\"><\/span><b>Principes des relations humaines selon J\u00e9sus<\/b><span class=\"ez-toc-section-end\"><\/span><\/h2>\n<h3><b>L&#039;importance du pardon et de la r\u00e9conciliation<\/b><\/h3>\n<p><span style=\"font-weight: 400;\">Dans Matthieu 5:23-24, J\u00e9sus dit :<\/span><span style=\"font-weight: 400;\"><br \/><\/span> <b>\u00ab Si tu apportes ton offrande \u00e0 l\u2019autel et que l\u00e0 tu te souviens que ton fr\u00e8re a quelque chose contre toi\u2026 va d\u2019abord te r\u00e9concilier. \u00bb<\/b><\/p>\n<p><span style=\"font-weight: 400;\">Cela enseigne que :<\/span><\/p>\n<ul>\n<li style=\"font-weight: 400;\" aria-level=\"1\"><span style=\"font-weight: 400;\">Le <\/span><b>La relation avec son prochain affecte directement la relation avec Dieu<\/b><span style=\"font-weight: 400;\">.<\/span><span style=\"font-weight: 400;\">\n<p><\/span><\/li>\n<li style=\"font-weight: 400;\" aria-level=\"1\"><span style=\"font-weight: 400;\">L&#039;adoration n&#039;est pas acceptable s&#039;il y a <\/span><b>conflit non r\u00e9solu<\/b><span style=\"font-weight: 400;\">.<\/span><span style=\"font-weight: 400;\">\n<p><\/span><\/li>\n<li style=\"font-weight: 400;\" aria-level=\"1\"><span style=\"font-weight: 400;\">Le croyant doit \u00eatre <\/span><b>proactif dans le r\u00e9tablissement de la paix<\/b><span style=\"font-weight: 400;\">, m\u00eame s\u2019il n\u2019est pas le coupable direct.<\/span><span style=\"font-weight: 400;\">\n<p><\/span><\/li>\n<\/ul>\n<p><span style=\"font-weight: 400;\">Le pardon n\u2019est pas une option secondaire, mais <\/span><b>une priorit\u00e9 spirituelle<\/b><span style=\"font-weight: 400;\">.<\/span><\/p>\n<h3><b>L&#039;amour pour les ennemis et la pri\u00e8re pour ceux qui pers\u00e9cutent<\/b><\/h3>\n<p><span style=\"font-weight: 400;\">Matthieu 5:44:<\/span><span style=\"font-weight: 400;\"><br \/><\/span> <b>\u00ab Aimez vos ennemis, b\u00e9nissez ceux qui vous maudissent\u2026 \u00bb<\/b><\/p>\n<p><span style=\"font-weight: 400;\">J\u00e9sus apporte l&#039;amour <\/span><b>\u00e0 un niveau surnaturel<\/b><span style=\"font-weight: 400;\">:<\/span><\/p>\n<ul>\n<li style=\"font-weight: 400;\" aria-level=\"1\"><span style=\"font-weight: 400;\">Non seulement aimer celui qui nous aime, mais aussi celui qui nous fait du mal.<\/span><span style=\"font-weight: 400;\">\n<p><\/span><\/li>\n<li style=\"font-weight: 400;\" aria-level=\"1\"><b>Priez pour ceux qui nous pers\u00e9cutent<\/b><span style=\"font-weight: 400;\">, ne r\u00e9pondez pas avec haine.<\/span><span style=\"font-weight: 400;\">\n<p><\/span><\/li>\n<li style=\"font-weight: 400;\" aria-level=\"1\"><span style=\"font-weight: 400;\">Montrer <\/span><b>la mis\u00e9ricorde du P\u00e8re, qui fait lever le soleil sur les justes et les injustes<\/b><span style=\"font-weight: 400;\"> (Matthieu 5:45).<\/span><span style=\"font-weight: 400;\">\n<p><\/span><\/li>\n<\/ul>\n<p><span style=\"font-weight: 400;\">Cet amour ne na\u00eet pas d\u2019un effort humain, mais <\/span><b>de l&#039;Esprit de Dieu en nous<\/b><span style=\"font-weight: 400;\">. C&#039;est l&#039;un des signes les plus puissants du Royaume.<\/span><\/p>\n<h3><b>Renoncez \u00e0 la vengeance, pratiquez la mis\u00e9ricorde<\/b><\/h3>\n<p><span style=\"font-weight: 400;\">J\u00e9sus dit :<\/span><span style=\"font-weight: 400;\"><br \/><\/span> <b>\u00ab Si quelqu\u2019un te frappe sur la joue droite, pr\u00e9sente-lui aussi l\u2019autre\u2026 \u00bb (Matthieu 5:39)<\/b><\/p>\n<p><span style=\"font-weight: 400;\">Cela ne signifie pas la passivit\u00e9 face \u00e0 l\u2019injustice, mais plut\u00f4t :<\/span><\/p>\n<ul>\n<li style=\"font-weight: 400;\" aria-level=\"1\"><b>Abandonnez le d\u00e9sir de vengeance<\/b><span style=\"font-weight: 400;\">, m\u00eame quand tu as raison.<\/span><span style=\"font-weight: 400;\">\n<p><\/span><\/li>\n<li style=\"font-weight: 400;\" aria-level=\"1\"><span style=\"font-weight: 400;\">D\u00e9sarmer l&#039;attaquant avec <\/span><b>une attitude d\u00e9bordante de gr\u00e2ce<\/b><span style=\"font-weight: 400;\">.<\/span><span style=\"font-weight: 400;\">\n<p><\/span><\/li>\n<li style=\"font-weight: 400;\" aria-level=\"1\"><span style=\"font-weight: 400;\">Pratiquez une mis\u00e9ricorde qui <\/span><b>refl\u00e8te le c\u0153ur de Dieu<\/b><span style=\"font-weight: 400;\">, qui pardonne au coupable et cherche \u00e0 le r\u00e9parer.<\/span><span style=\"font-weight: 400;\">\n<p><\/span><\/li>\n<\/ul>\n<p><span style=\"font-weight: 400;\">Le Royaume de Dieu <\/span><b>Elle n\u2019avance pas par la force, mais par la puissance de l\u2019amour r\u00e9dempteur<\/b><span style=\"font-weight: 400;\">. Cette \u00e9thique est r\u00e9volutionnaire\u2026 et profond\u00e9ment transformatrice.<\/span><\/p>\n<h2><span class=\"ez-toc-section\" id=\"La_vida_interior_del_discipulo\"><\/span><b>La vie int\u00e9rieure du disciple<\/b><span class=\"ez-toc-section-end\"><\/span><\/h2>\n<h3><b>Donnez, priez et je\u00fbnez en secret<\/b><\/h3>\n<p><span style=\"font-weight: 400;\">Dans Matthieu 6:1\u201318, J\u00e9sus avertit :<\/span><span style=\"font-weight: 400;\"><br \/><\/span> <b>\u00ab Gardez-vous d\u2019exercer votre justice devant les hommes\u2026 \u00bb<\/b><span style=\"font-weight: 400;\">.<\/span><span style=\"font-weight: 400;\"><br \/><\/span><span style=\"font-weight: 400;\"> L&#039;accent est mis sur la spiritualit\u00e9 et non sur le fait d&#039;\u00eatre <\/span><b>un spectacle<\/b><span style=\"font-weight: 400;\">, mais <\/span><b>une expression sinc\u00e8re du c\u0153ur envers Dieu<\/b><span style=\"font-weight: 400;\">.<\/span><\/p>\n<p><span style=\"font-weight: 400;\">J\u00e9sus mentionne trois pratiques cl\u00e9s :<\/span><\/p>\n<ul>\n<li style=\"font-weight: 400;\" aria-level=\"1\"><b>Faire l&#039;aum\u00f4ne<\/b><span style=\"font-weight: 400;\">:non pas pour recevoir une approbation, mais comme un acte de compassion.<\/span><span style=\"font-weight: 400;\">\n<p><\/span><\/li>\n<li style=\"font-weight: 400;\" aria-level=\"1\"><b>Prier<\/b><span style=\"font-weight: 400;\">:non pas pour \u00eatre vu, mais pour avoir une communion intime avec le P\u00e8re.<\/span><span style=\"font-weight: 400;\">\n<p><\/span><\/li>\n<li style=\"font-weight: 400;\" aria-level=\"1\"><b>Rapide<\/b><span style=\"font-weight: 400;\">:non pas avec un visage triste, mais avec une joie int\u00e9rieure.<\/span><span style=\"font-weight: 400;\">\n<p><\/span><\/li>\n<\/ul>\n<p><span style=\"font-weight: 400;\">Le principe central : <\/span><b>Dieu voit le secret\u2026 et r\u00e9compense le secret<\/b><span style=\"font-weight: 400;\"> (Matthieu 6:4, 6, 18). La foi authentique <\/span><b>n&#039;a pas besoin d&#039;applaudissements humains<\/b><span style=\"font-weight: 400;\">.<\/span><\/p>\n<h3><b>La pri\u00e8re mod\u00e8le : le Notre P\u00e8re<\/b><\/h3>\n<p><span style=\"font-weight: 400;\">Dans Matthieu 6:9\u201313, J\u00e9sus enseigne une pri\u00e8re qui <\/span><b>r\u00e9v\u00e8le le c\u0153ur du Royaume et la relation avec Dieu<\/b><span style=\"font-weight: 400;\">:<\/span><\/p>\n<ol>\n<li style=\"font-weight: 400;\" aria-level=\"1\"><b>\u00ab Notre P\u00e8re qui es aux cieux \u00bb<\/b><span style=\"font-weight: 400;\"> \u2013 Relation intime avec un Dieu souverain.<\/span><span style=\"font-weight: 400;\">\n<p><\/span><\/li>\n<li style=\"font-weight: 400;\" aria-level=\"1\"><b>\u00ab Que ton nom soit sanctifi\u00e9 \u00bb<\/b><span style=\"font-weight: 400;\"> \u2013 Priorit\u00e9 \u00e0 la gloire de Dieu.<\/span><span style=\"font-weight: 400;\">\n<p><\/span><\/li>\n<li style=\"font-weight: 400;\" aria-level=\"1\"><b>\u00abQue ton r\u00e8gne vienne\u00bb<\/b><span style=\"font-weight: 400;\"> \u2013 Je souhaite que Sa volont\u00e9 gouverne.<\/span><span style=\"font-weight: 400;\">\n<p><\/span><\/li>\n<li style=\"font-weight: 400;\" aria-level=\"1\"><b>\u00ab Donne-nous aujourd&#039;hui notre pain quotidien \u00bb<\/b><span style=\"font-weight: 400;\"> \u2013 Confiance quotidienne dans la provision.<\/span><span style=\"font-weight: 400;\">\n<p><\/span><\/li>\n<li style=\"font-weight: 400;\" aria-level=\"1\"><b>\u00ab Pardonne-nous nos offenses \u00bb<\/b><span style=\"font-weight: 400;\"> \u2013 Reconnaissance de notre besoin de gr\u00e2ce.<\/span><span style=\"font-weight: 400;\">\n<p><\/span><\/li>\n<li style=\"font-weight: 400;\" aria-level=\"1\"><b>\u00ab Ne nous soumets pas \u00e0 la tentation \u00bb<\/b><span style=\"font-weight: 400;\"> \u2013 D\u00e9pendance \u00e0 vivre dans la saintet\u00e9.<\/span><span style=\"font-weight: 400;\">\n<p><\/span><\/li>\n<\/ol>\n<p><span style=\"font-weight: 400;\">Ce n\u2019est pas une formule r\u00e9p\u00e9titive, mais une <\/span><b>guide structur\u00e9 pour prier avec d\u00e9termination, humilit\u00e9 et foi<\/b><span style=\"font-weight: 400;\">.<\/span><\/p>\n<h3><b>La valeur de l&#039;authenticit\u00e9 spirituelle<\/b><\/h3>\n<p><span style=\"font-weight: 400;\">J\u00e9sus insiste sur le fait que <\/span><b>La vraie spiritualit\u00e9 na\u00eet du c\u0153ur<\/b><span style=\"font-weight: 400;\">, pas de rituels visibles ou d&#039;apparences ext\u00e9rieures.<\/span><\/p>\n<ul>\n<li style=\"font-weight: 400;\" aria-level=\"1\"><span style=\"font-weight: 400;\">Dieu ne cherche pas <\/span><b>religiosit\u00e9 creuse<\/b><span style=\"font-weight: 400;\">, mais <\/span><b>profonde sinc\u00e9rit\u00e9<\/b><span style=\"font-weight: 400;\">.<\/span><span style=\"font-weight: 400;\">\n<p><\/span><\/li>\n<li style=\"font-weight: 400;\" aria-level=\"1\"><span style=\"font-weight: 400;\">Le disciple ne vit pas pour impressionner, mais pour ob\u00e9ir.<\/span><span style=\"font-weight: 400;\">\n<p><\/span><\/li>\n<li style=\"font-weight: 400;\" aria-level=\"1\"><span style=\"font-weight: 400;\">La vie spirituelle est <\/span><b>constant, authentique, secret et fructueux<\/b><span style=\"font-weight: 400;\">.<\/span><span style=\"font-weight: 400;\">\n<p><\/span><\/li>\n<\/ul>\n<p><span style=\"font-weight: 400;\">L\u2019authenticit\u00e9 est le sceau du Royaume. J\u00e9sus appelle ses disciples \u00e0 vivre <\/span><b>une vraie foi qui d\u00e9coule de l&#039;intimit\u00e9 avec Dieu<\/b><span style=\"font-weight: 400;\">, et non par besoin d\u2019approbation humaine.<\/span><\/p>\n<h2><span class=\"ez-toc-section\" id=\"Tesoros_preocupaciones_y_prioridades\"><\/span><b>Tr\u00e9sors, soucis et priorit\u00e9s<\/b><span class=\"ez-toc-section-end\"><\/span><\/h2>\n<h3><b>\u00ab L\u00e0 o\u00f9 est ton tr\u00e9sor, l\u00e0 aussi sera ton c\u0153ur \u00bb<\/b><\/h3>\n<p><span style=\"font-weight: 400;\">Dans Matthieu 6:19\u201321, J\u00e9sus dit :<\/span><span style=\"font-weight: 400;\"><br \/><\/span> <b>\u00ab N\u2019amassez pas de tr\u00e9sors sur la terre\u2026 mais amassez des tr\u00e9sors dans le ciel. \u00bb<\/b><\/p>\n<p><span style=\"font-weight: 400;\">Cela enseigne :<\/span><\/p>\n<ul>\n<li style=\"font-weight: 400;\" aria-level=\"1\"><span style=\"font-weight: 400;\">C&#039;est ce que nous valorisons <\/span><b>dirige notre attention, notre temps et notre affection<\/b><span style=\"font-weight: 400;\">.<\/span><span style=\"font-weight: 400;\">\n<p><\/span><\/li>\n<li style=\"font-weight: 400;\" aria-level=\"1\"><span style=\"font-weight: 400;\">Que le mat\u00e9riel est temporaire, mais que le spirituel est \u00e9ternel.<\/span><span style=\"font-weight: 400;\">\n<p><\/span><\/li>\n<li style=\"font-weight: 400;\" aria-level=\"1\"><span style=\"font-weight: 400;\">Que le c\u0153ur humain <\/span><b>s&#039;aligne sur vos v\u00e9ritables priorit\u00e9s<\/b><span style=\"font-weight: 400;\">.<\/span><span style=\"font-weight: 400;\">\n<p><\/span><\/li>\n<\/ul>\n<p><span style=\"font-weight: 400;\">J\u00e9sus ne condamne pas les biens, mais <\/span><b>oui, il r\u00e9primande l&#039;attachement \u00e0 eux<\/b><span style=\"font-weight: 400;\">. L&#039;appel est de <\/span><b>investir dans le Royaume<\/b><span style=\"font-weight: 400;\">.<\/span><\/p>\n<h3><b>On ne peut pas servir \u00e0 la fois Dieu et les richesses<\/b><\/h3>\n<p><span style=\"font-weight: 400;\">Dans Matthieu 6:24, J\u00e9sus d\u00e9clare avec force :<\/span><span style=\"font-weight: 400;\"><br \/><\/span> <b>\u00ab On ne peut pas servir \u00e0 la fois Dieu et l\u2019argent. \u00bb<\/b><\/p>\n<p><span style=\"font-weight: 400;\">Ce n\u2019est pas une suggestion, mais <\/span><b>une r\u00e9alit\u00e9 spirituelle non n\u00e9gociable<\/b><span style=\"font-weight: 400;\">:<\/span><\/p>\n<ul>\n<li style=\"font-weight: 400;\" aria-level=\"1\"><span style=\"font-weight: 400;\">Le c\u0153ur ne peut \u00eatre divis\u00e9 entre deux ma\u00eetres.<\/span><span style=\"font-weight: 400;\">\n<p><\/span><\/li>\n<li style=\"font-weight: 400;\" aria-level=\"1\"><span style=\"font-weight: 400;\">La cupidit\u00e9 et la foi ne peuvent pas coexister en harmonie.<\/span><span style=\"font-weight: 400;\">\n<p><\/span><\/li>\n<li style=\"font-weight: 400;\" aria-level=\"1\"><span style=\"font-weight: 400;\">L&#039;argent peut \u00eatre un bon serviteur, mais il est <\/span><b>un ma\u00eetre destructeur<\/b><span style=\"font-weight: 400;\">.<\/span><span style=\"font-weight: 400;\">\n<p><\/span><\/li>\n<\/ul>\n<p><span style=\"font-weight: 400;\">J\u00e9sus appelle quelqu&#039;un <\/span><b>fid\u00e9lit\u00e9 exclusive au Royaume<\/b><span style=\"font-weight: 400;\">, o\u00f9 Dieu est le seul Seigneur digne de notre amour et de notre ob\u00e9issance.<\/span><\/p>\n<h3><b>Ayez confiance dans la providence et la sollicitude du P\u00e8re<\/b><\/h3>\n<p><span style=\"font-weight: 400;\">Matthieu 6:25\u201334 est un appel contre l\u2019anxi\u00e9t\u00e9 :<\/span><span style=\"font-weight: 400;\"><br \/><\/span> <b>\u00ab Ne vous inqui\u00e9tez pas pour votre vie\u2026 \u00bb<\/b><\/p>\n<p><span style=\"font-weight: 400;\">J\u00e9sus donne des raisons de faire confiance :<\/span><\/p>\n<ul>\n<li style=\"font-weight: 400;\" aria-level=\"1\"><b>Le P\u00e8re nourrit les oiseaux<\/b><span style=\"font-weight: 400;\"> et tu as vu les lys\u2026 ne prendra-t-il pas soin de toi ?<\/span><span style=\"font-weight: 400;\">\n<p><\/span><\/li>\n<li style=\"font-weight: 400;\" aria-level=\"1\"><span style=\"font-weight: 400;\">L\u2019anxi\u00e9t\u00e9 n\u2019ajoute pas une seule minute \u00e0 votre vie.<\/span><span style=\"font-weight: 400;\">\n<p><\/span><\/li>\n<li style=\"font-weight: 400;\" aria-level=\"1\"><span style=\"font-weight: 400;\">Le Royaume doit \u00eatre la priorit\u00e9 : \u00ab<\/span><b>Cherchez premi\u00e8rement le Royaume et la justice de Dieu\u2026 et toutes ces choses vous seront donn\u00e9es par-dessus.<\/b><span style=\"font-weight: 400;\">\u00ab (v. 33).<\/span><span style=\"font-weight: 400;\">\n<p><\/span><\/li>\n<\/ul>\n<p><span style=\"font-weight: 400;\">Faire confiance \u00e0 Dieu n\u2019est pas de la passivit\u00e9, mais <\/span><b>vivez avec une foi pratique dans vos soins quotidiens<\/b><span style=\"font-weight: 400;\">, sans peur de l\u2019avenir ni esclavage du pr\u00e9sent.<\/span><\/p>\n<h2><span class=\"ez-toc-section\" id=\"Relaciones_y_juicio_hacia_los_demas\"><\/span><b>Relations et jugement envers les autres<\/b><span class=\"ez-toc-section-end\"><\/span><\/h2>\n<h3><b>\u00ab Ne jugez pas, de peur d&#039;\u00eatre jug\u00e9s \u00bb<\/b><\/h3>\n<p><span style=\"font-weight: 400;\">Dans Matthieu 7:1\u20135, J\u00e9sus avertit :<\/span><span style=\"font-weight: 400;\"><br \/><\/span> <b>\u00ab Ne jugez pas, afin que vous ne soyez pas jug\u00e9s. \u00bb<\/b><\/p>\n<p><span style=\"font-weight: 400;\">Cette phrase n\u2019interdit pas tout jugement, mais :<\/span><\/p>\n<ul>\n<li style=\"font-weight: 400;\" aria-level=\"1\"><b>Juger avec hypocrisie<\/b><span style=\"font-weight: 400;\">, en ignorant nos propres d\u00e9fauts.<\/span><span style=\"font-weight: 400;\">\n<p><\/span><\/li>\n<li style=\"font-weight: 400;\" aria-level=\"1\"><span style=\"font-weight: 400;\">Agissons comme si nous \u00e9tions <\/span><b>autorit\u00e9 morale sur les autres<\/b><span style=\"font-weight: 400;\"> sans nous examiner.<\/span><span style=\"font-weight: 400;\">\n<p><\/span><\/li>\n<li style=\"font-weight: 400;\" aria-level=\"1\"><span style=\"font-weight: 400;\">Mesurer les autres avec une tige dure, tandis que nous utilisons <\/span><b>compassion pour nous-m\u00eames<\/b><span style=\"font-weight: 400;\">.<\/span><span style=\"font-weight: 400;\">\n<p><\/span><\/li>\n<\/ul>\n<p><span style=\"font-weight: 400;\">J\u00e9sus nous appelle \u00e0 la <\/span><b>auto-\u00e9valuation honn\u00eate<\/b><span style=\"font-weight: 400;\"> avant de corriger les autres. Ce n\u2019est qu\u2019avec humilit\u00e9 et gr\u00e2ce que nous pouvons aider les autres \u00e0 grandir.<\/span><\/p>\n<h3><b>La r\u00e8gle d\u2019or : \u00ab Faites aux autres ce que vous voudriez recevoir \u00bb<\/b><\/h3>\n<p><span style=\"font-weight: 400;\">Matthieu 7:12 r\u00e9sume toute l\u2019\u00e9thique du Royaume en une seule phrase :<\/span><span style=\"font-weight: 400;\"><br \/><\/span> <b>\u00ab Ainsi, tout ce que vous voulez que les hommes fassent pour vous, faites-le de m\u00eame pour eux\u2026 \u00bb<\/b><\/p>\n<p><span style=\"font-weight: 400;\">Cette r\u00e8gle :<\/span><\/p>\n<ul>\n<li style=\"font-weight: 400;\" aria-level=\"1\"><span style=\"font-weight: 400;\">Est <\/span><b>proactif<\/b><span style=\"font-weight: 400;\">, pas passif : faire le bien, pas seulement \u00e9viter le mal.<\/span><span style=\"font-weight: 400;\">\n<p><\/span><\/li>\n<li style=\"font-weight: 400;\" aria-level=\"1\"><span style=\"font-weight: 400;\">R\u00e9sume le <\/span><b>la loi et les proph\u00e8tes<\/b><span style=\"font-weight: 400;\"> dans un principe d&#039;or.<\/span><span style=\"font-weight: 400;\">\n<p><\/span><\/li>\n<li style=\"font-weight: 400;\" aria-level=\"1\"><span style=\"font-weight: 400;\">Vous invite \u00e0 vivre avec <\/span><b>empathie, respect et amour actif<\/b><span style=\"font-weight: 400;\">.<\/span><span style=\"font-weight: 400;\">\n<p><\/span><\/li>\n<\/ul>\n<p><span style=\"font-weight: 400;\">Lorsque nous traitons les autres comme nous voulons \u00eatre trait\u00e9s, <\/span><b>Le Royaume se manifeste dans nos relations<\/b><span style=\"font-weight: 400;\">.<\/span><\/p>\n<h3><b>Le bon discernement : ne pas donner ce qui est sacr\u00e9 aux chiens<\/b><\/h3>\n<p><span style=\"font-weight: 400;\">Dans Matthieu 7:6, J\u00e9sus dit :<\/span><span style=\"font-weight: 400;\"><br \/><\/span> <b>\u00ab Ne donnez pas les choses saintes aux chiens, et ne jetez pas vos perles aux pourceaux\u2026 \u00bb<\/b><\/p>\n<p><span style=\"font-weight: 400;\">M\u00eame si nous ne devons pas juger de mani\u00e8re hypocrite, <\/span><b>Oui, nous devons discerner avec sagesse<\/b><span style=\"font-weight: 400;\">:<\/span><\/p>\n<ul>\n<li style=\"font-weight: 400;\" aria-level=\"1\"><span style=\"font-weight: 400;\">Quelques v\u00e9rit\u00e9s spirituelles <\/span><b>ne doit pas \u00eatre partag\u00e9 sans discernement<\/b><span style=\"font-weight: 400;\"> avec ceux qui les rejettent agressivement.<\/span><span style=\"font-weight: 400;\">\n<p><\/span><\/li>\n<li style=\"font-weight: 400;\" aria-level=\"1\"><span style=\"font-weight: 400;\">Il y a des moments o\u00f9 le silence, la prudence ou la retraite <\/span><b>honorer davantage l&#039;\u00c9vangile<\/b><span style=\"font-weight: 400;\"> que la confrontation directe.<\/span><span style=\"font-weight: 400;\">\n<p><\/span><\/li>\n<li style=\"font-weight: 400;\" aria-level=\"1\"><span style=\"font-weight: 400;\">Le disciple doit cultiver <\/span><b>discernement spirituel<\/b><span style=\"font-weight: 400;\">, en \u00e9quilibrant compassion et bon sens.<\/span><span style=\"font-weight: 400;\">\n<p><\/span><\/li>\n<\/ul>\n<p><span style=\"font-weight: 400;\">J\u00e9sus nous appelle \u00e0 \u00eatre <\/span><b>aimant et sage<\/b><span style=\"font-weight: 400;\">, guid\u00e9 par l&#039;Esprit dans chaque interaction.<\/span><\/p>\n<h2><span class=\"ez-toc-section\" id=\"Exhortaciones_finales_del_Sermon\"><\/span><b>Exhortations finales du sermon<\/b><span class=\"ez-toc-section-end\"><\/span><\/h2>\n<h3><b>Demandez, cherchez et frappez : la pri\u00e8re pers\u00e9v\u00e9rante<\/b><\/h3>\n<p><span style=\"font-weight: 400;\">Dans Matthieu 7:7\u201311, J\u00e9sus encourage :<\/span><span style=\"font-weight: 400;\"><br \/><\/span> <b>\u00ab Demandez\u2026 cherchez\u2026 frappez\u2026 car quiconque demande re\u00e7oit\u2026 \u00bb<\/b><\/p>\n<p><span style=\"font-weight: 400;\">Ici il enseigne :<\/span><\/p>\n<ul>\n<li style=\"font-weight: 400;\" aria-level=\"1\"><span style=\"font-weight: 400;\">Un mod\u00e8le de <\/span><b>pri\u00e8re active et constante<\/b><span style=\"font-weight: 400;\">.<\/span><span style=\"font-weight: 400;\">\n<p><\/span><\/li>\n<li style=\"font-weight: 400;\" aria-level=\"1\"><span style=\"font-weight: 400;\">Un portrait de Dieu comme <\/span><b>Bon P\u00e8re<\/b><span style=\"font-weight: 400;\">, qui donne de \u00ab bonnes choses \u00bb \u00e0 ses enfants.<\/span><span style=\"font-weight: 400;\">\n<p><\/span><\/li>\n<li style=\"font-weight: 400;\" aria-level=\"1\"><span style=\"font-weight: 400;\">L&#039;invitation \u00e0 <\/span><b>persister dans la recherche de Dieu<\/b><span style=\"font-weight: 400;\"> avec foi et confiance.<\/span><span style=\"font-weight: 400;\">\n<p><\/span><\/li>\n<\/ul>\n<p><span style=\"font-weight: 400;\">Cette promesse montre que <\/span><b>La relation avec Dieu est proche, s\u00fbre et g\u00e9n\u00e9reuse<\/b><span style=\"font-weight: 400;\">.<\/span><\/p>\n<h3><b>La porte \u00e9troite et le chemin \u00e9troit<\/b><\/h3>\n<p><span style=\"font-weight: 400;\">Dans Matthieu 7:13-14, J\u00e9sus pr\u00e9sente un choix :<\/span><span style=\"font-weight: 400;\"><br \/><\/span> <b>\u00ab Entrez par la porte \u00e9troite\u2026 \u00bb<\/b><\/p>\n<p><span style=\"font-weight: 400;\">Ce passage enseigne que :<\/span><\/p>\n<ul>\n<li style=\"font-weight: 400;\" aria-level=\"1\"><span style=\"font-weight: 400;\">La vie du Royaume <\/span><b>Ce n\u2019est ni populaire ni facile<\/b><span style=\"font-weight: 400;\">.<\/span><span style=\"font-weight: 400;\">\n<p><\/span><\/li>\n<li style=\"font-weight: 400;\" aria-level=\"1\"><span style=\"font-weight: 400;\">Le chemin \u00e9troit repr\u00e9sente <\/span><b>ob\u00e9issance, renoncement et fid\u00e9lit\u00e9 au Christ<\/b><span style=\"font-weight: 400;\">.<\/span><span style=\"font-weight: 400;\">\n<p><\/span><\/li>\n<li style=\"font-weight: 400;\" aria-level=\"1\"><span style=\"font-weight: 400;\">La route large, bien que confortable, m\u00e8ne \u00e0 la destruction.<\/span><span style=\"font-weight: 400;\">\n<p><\/span><\/li>\n<\/ul>\n<p><span style=\"font-weight: 400;\">J\u00e9sus dit clairement que <\/span><b>Le discipulat exige de la d\u00e9termination, de l&#039;engagement et de la pers\u00e9v\u00e9rance<\/b><span style=\"font-weight: 400;\">, mais sa r\u00e9compense est la vie \u00e9ternelle.<\/span><\/p>\n<h3><b>L&#039;arbre et ses fruits : discerner la vraie foi<\/b><\/h3>\n<p><span style=\"font-weight: 400;\">Dans Matthieu 7:15\u201320, J\u00e9sus met en garde contre <\/span><b>faux proph\u00e8tes<\/b><span style=\"font-weight: 400;\"> et des enseignements trompeurs :<\/span><\/p>\n<ul>\n<li style=\"font-weight: 400;\" aria-level=\"1\"><b>\u00ab Vous les reconna\u00eetrez \u00e0 leurs fruits. \u00bb<\/b><b>\n<p><\/b><\/li>\n<li style=\"font-weight: 400;\" aria-level=\"1\"><span style=\"font-weight: 400;\">L&#039;authenticit\u00e9 se mesure par <\/span><b>caract\u00e8re et conduite<\/b><span style=\"font-weight: 400;\">, pas seulement par des mots.<\/span><span style=\"font-weight: 400;\">\n<p><\/span><\/li>\n<li style=\"font-weight: 400;\" aria-level=\"1\"><span style=\"font-weight: 400;\">Un bon arbre porte de bons fruits ; le mauvais arbre, le fruit corrompu.<\/span><span style=\"font-weight: 400;\">\n<p><\/span><\/li>\n<\/ul>\n<p><span style=\"font-weight: 400;\">Cette m\u00e9taphore s\u2019applique \u00e9galement au croyant : <\/span><b>La foi authentique se manifeste par des fruits visibles<\/b><span style=\"font-weight: 400;\"> d&#039;amour, de v\u00e9rit\u00e9 et d&#039;ob\u00e9issance.<\/span><span style=\"font-weight: 400;\"><br \/><\/span> <b>Il ne suffit pas de para\u00eetre un disciple, il faut vivre comme tel.<\/b><\/p>\n<h2><span class=\"ez-toc-section\" id=\"La_casa_sobre_la_roca_obediencia_como_fundamento\"><\/span><b>La maison sur le roc : l&#039;ob\u00e9issance comme fondement<\/b><span class=\"ez-toc-section-end\"><\/span><\/h2>\n<h3><b>Entendre et faire vs. entendre et ne pas faire<\/b><\/h3>\n<p><span style=\"font-weight: 400;\">J\u00e9sus conclut le Sermon sur la montagne par une puissante illustration (Matthieu 7:24\u201327) :<\/span><span style=\"font-weight: 400;\"><br \/><\/span> <b>deux hommes, deux maisons, deux fondations.<\/b><\/p>\n<ul>\n<li style=\"font-weight: 400;\" aria-level=\"1\"><span style=\"font-weight: 400;\">Le fait que <\/span><b>\u00e9couter et mettre en pratique<\/b><span style=\"font-weight: 400;\"> C&#039;est comme l&#039;homme sage qui a construit sur le roc.<\/span><span style=\"font-weight: 400;\">\n<p><\/span><\/li>\n<li style=\"font-weight: 400;\" aria-level=\"1\"><span style=\"font-weight: 400;\">Le fait que <\/span><b>Il entend mais n&#039;ob\u00e9it pas<\/b><span style=\"font-weight: 400;\"> C&#039;est comme l&#039;insens\u00e9 qui a construit sur le sable.<\/span><span style=\"font-weight: 400;\">\n<p><\/span><\/li>\n<\/ul>\n<p><span style=\"font-weight: 400;\">Tous deux \u00e9coutent, tous deux construisent, tous deux affrontent les temp\u00eates\u2026<\/span><span style=\"font-weight: 400;\"><br \/><\/span> <b>La diff\u00e9rence r\u00e9side dans l\u2019ob\u00e9issance.<\/b><span style=\"font-weight: 400;\"> La foi sans action <\/span><b>c&#039;est juste une apparence<\/b><span style=\"font-weight: 400;\">.<\/span><\/p>\n<h3><b>La fermet\u00e9 du disciple au milieu de l&#039;\u00e9preuve<\/b><\/h3>\n<p><span style=\"font-weight: 400;\">Les temp\u00eates dans la parabole repr\u00e9sentent <\/span><b>les \u00e9preuves de la vie, les crises, les tentations et le jugement dernier<\/b><span style=\"font-weight: 400;\">.<\/span><\/p>\n<ul>\n<li style=\"font-weight: 400;\" aria-level=\"1\"><span style=\"font-weight: 400;\">Seul celui qui a sa vie fond\u00e9e sur le Christ <\/span><b>reste ferme<\/b><span style=\"font-weight: 400;\"> quand tout tremble.<\/span><span style=\"font-weight: 400;\">\n<p><\/span><\/li>\n<li style=\"font-weight: 400;\" aria-level=\"1\"><span style=\"font-weight: 400;\">L\u2019ob\u00e9issance n\u2019\u00e9vite pas les difficult\u00e9s, mais <\/span><b>garantit la stabilit\u00e9 au milieu d&#039;eux<\/b><span style=\"font-weight: 400;\">.<\/span><span style=\"font-weight: 400;\">\n<p><\/span><\/li>\n<li style=\"font-weight: 400;\" aria-level=\"1\"><span style=\"font-weight: 400;\">Le rocher n\u2019\u00e9coute pas seulement J\u00e9sus, <\/span><b>c&#039;est de le suivre vraiment, de tout ton c\u0153ur<\/b><span style=\"font-weight: 400;\">.<\/span><span style=\"font-weight: 400;\">\n<p><\/span><\/li>\n<\/ul>\n<p><span style=\"font-weight: 400;\">J\u00e9sus ne cherchait pas d\u2019admirateurs, mais <\/span><b>des adeptes qui vivent ce qu&#039;ils croient<\/b><span style=\"font-weight: 400;\">.<\/span><\/p>\n<h3><b>Le contraste entre l&#039;ob\u00e9issance et la superficialit\u00e9<\/b><\/h3>\n<p><span style=\"font-weight: 400;\">Les deux maisons peuvent sembler identiques\u2026 jusqu\u2019\u00e0 ce que la temp\u00eate frappe.<\/span><span style=\"font-weight: 400;\"><br \/><\/span><span style=\"font-weight: 400;\"> J\u00e9sus nous montre que :<\/span><\/p>\n<ul>\n<li style=\"font-weight: 400;\" aria-level=\"1\"><b>La religion sans ob\u00e9issance est fragile.<\/b><b>\n<p><\/b><\/li>\n<li style=\"font-weight: 400;\" aria-level=\"1\"><span style=\"font-weight: 400;\">Les apparences peuvent \u00eatre trompeuses, mais le caract\u00e8re est mis \u00e0 l\u2019\u00e9preuve avec le temps.<\/span><span style=\"font-weight: 400;\">\n<p><\/span><\/li>\n<li style=\"font-weight: 400;\" aria-level=\"1\"><span style=\"font-weight: 400;\">Le Royaume ne se construit pas avec de belles paroles, mais avec des vies transform\u00e9es.<\/span><span style=\"font-weight: 400;\">\n<p><\/span><\/li>\n<\/ul>\n<p><b>L\u2019ob\u00e9issance est le v\u00e9ritable fondement de la foi.<\/b><span style=\"font-weight: 400;\"> C\u2019est seulement de cette mani\u00e8re que l\u2019on peut entrer et demeurer dans le Royaume des Cieux.<\/span><\/p>\n<h2><span class=\"ez-toc-section\" id=\"Impacto_del_Sermon_del_Monte_a_lo_largo_de_la_historia\"><\/span><b>L&#039;impact du Sermon sur la montagne \u00e0 travers l&#039;histoire<\/b><span class=\"ez-toc-section-end\"><\/span><\/h2>\n<h3><b>Influence sur les dirigeants chr\u00e9tiens et les mouvements \u00e9thiques<\/b><\/h3>\n<p><span style=\"font-weight: 400;\">Le Sermon sur la montagne a \u00e9t\u00e9 une source d\u2019inspiration pour <\/span><b>des milliers de croyants et de r\u00e9formateurs<\/b><span style=\"font-weight: 400;\">:<\/span><\/p>\n<ul>\n<li style=\"font-weight: 400;\" aria-level=\"1\"><b>Augustin, Luther et Calvin<\/b><span style=\"font-weight: 400;\"> Ils l\u2019ont cit\u00e9 comme la base th\u00e9ologique de la vie chr\u00e9tienne.<\/span><span style=\"font-weight: 400;\">\n<p><\/span><\/li>\n<li style=\"font-weight: 400;\" aria-level=\"1\"><b>Gandhi<\/b><span style=\"font-weight: 400;\">, bien que n&#039;\u00e9tant pas chr\u00e9tien, il consid\u00e9rait cela comme le code moral le plus \u00e9lev\u00e9.<\/span><span style=\"font-weight: 400;\">\n<p><\/span><\/li>\n<li style=\"font-weight: 400;\" aria-level=\"1\"><b>Martin Luther King Jr.<\/b><span style=\"font-weight: 400;\"> et d&#039;autres dirigeants ont vu dans ses enseignements <\/span><b>la force morale de r\u00e9sister au mal avec paix et amour.<\/b><b>\n<p><\/b><\/li>\n<\/ul>\n<p><span style=\"font-weight: 400;\">Ses paroles ont enflamm\u00e9 <\/span><b>r\u00e9veils, r\u00e9formes, missions et mouvements de justice sociale.<\/b><\/p>\n<h3><b>Le Sermon sur la montagne et l&#039;\u00e9thique du Royaume<\/b><\/h3>\n<p><span style=\"font-weight: 400;\">Ce sermon est le manifeste du Royaume de Dieu.<\/span><span style=\"font-weight: 400;\"><br \/><\/span><span style=\"font-weight: 400;\"> Pr\u00e9sente un <\/span><b>une \u00e9thique radicalement diff\u00e9rente<\/b><span style=\"font-weight: 400;\"> au monde :<\/span><\/p>\n<ul>\n<li style=\"font-weight: 400;\" aria-level=\"1\"><span style=\"font-weight: 400;\">Aimez vos ennemis<\/span><span style=\"font-weight: 400;\">\n<p><\/span><\/li>\n<li style=\"font-weight: 400;\" aria-level=\"1\"><span style=\"font-weight: 400;\">Pardonner sans limite<\/span><span style=\"font-weight: 400;\">\n<p><\/span><\/li>\n<li style=\"font-weight: 400;\" aria-level=\"1\"><span style=\"font-weight: 400;\">Recherchez la justice de Dieu plut\u00f4t que la reconnaissance humaine<\/span><span style=\"font-weight: 400;\">\n<p><\/span><\/li>\n<li style=\"font-weight: 400;\" aria-level=\"1\"><span style=\"font-weight: 400;\">Vivre avec humilit\u00e9, v\u00e9rit\u00e9 et puret\u00e9 int\u00e9rieure<\/span><span style=\"font-weight: 400;\">\n<p><\/span><\/li>\n<\/ul>\n<p><span style=\"font-weight: 400;\">Ceci n\u2019est pas une liste de r\u00e8gles, mais de <\/span><b>un style de vie transform\u00e9 par la pr\u00e9sence de Dieu<\/b><span style=\"font-weight: 400;\"> dans le c\u0153ur du croyant.<\/span><\/p>\n<h3><b>Comment ce message a transform\u00e9 des vies et des soci\u00e9t\u00e9s<\/b><\/h3>\n<p><span style=\"font-weight: 400;\">Au fil des si\u00e8cles, le Sermon sur la montagne :<\/span><\/p>\n<ul>\n<li style=\"font-weight: 400;\" aria-level=\"1\"><span style=\"font-weight: 400;\">Ha <\/span><b>relations gu\u00e9ries<\/b><span style=\"font-weight: 400;\">, familles restaur\u00e9es et <\/span><b>communaut\u00e9s chang\u00e9es<\/b><span style=\"font-weight: 400;\">.<\/span><span style=\"font-weight: 400;\">\n<p><\/span><\/li>\n<li style=\"font-weight: 400;\" aria-level=\"1\"><span style=\"font-weight: 400;\">Il a guid\u00e9 des milliers de personnes \u00e0 travers des p\u00e9riodes de crise, d\u2019oppression ou de d\u00e9cisions morales.<\/span><span style=\"font-weight: 400;\">\n<p><\/span><\/li>\n<li style=\"font-weight: 400;\" aria-level=\"1\"><span style=\"font-weight: 400;\">Cela a montr\u00e9 que <\/span><b>Le Royaume de Dieu n\u2019est pas seulement un espoir futur, mais une r\u00e9alit\u00e9 pr\u00e9sente<\/b><span style=\"font-weight: 400;\"> lorsque ses principes sont v\u00e9cus aujourd\u2019hui.<\/span><span style=\"font-weight: 400;\">\n<p><\/span><\/li>\n<\/ul>\n<p><b>Ce message n\u2019est pas seulement \u00e0 lire, il est \u00e0 vivre.<\/b><b><br \/><\/b><span style=\"font-weight: 400;\"> Et en le vivant, <\/span><b>le monde commence \u00e0 changer... de l&#039;int\u00e9rieur.<\/b><\/p>\n<h2><span class=\"ez-toc-section\" id=\"%C2%BFEs_posible_vivir_el_Sermon_del_Monte_hoy\"><\/span><b>Est-il possible de vivre le Sermon sur la Montagne aujourd\u2019hui ?<\/b><span class=\"ez-toc-section-end\"><\/span><\/h2>\n<h3><b>D\u00e9fis pratiques et spirituels pour le croyant d&#039;aujourd&#039;hui<\/b><\/h3>\n<p><span style=\"font-weight: 400;\">Le Sermon sur la montagne pose <\/span><b>une \u00e9thique contre-culturelle<\/b><span style=\"font-weight: 400;\"> qui remet profond\u00e9ment en question la logique du monde moderne :<\/span><\/p>\n<ul>\n<li style=\"font-weight: 400;\" aria-level=\"1\"><span style=\"font-weight: 400;\">Aimer ses ennemis dans une culture de haine.<\/span><span style=\"font-weight: 400;\">\n<p><\/span><\/li>\n<li style=\"font-weight: 400;\" aria-level=\"1\"><span style=\"font-weight: 400;\">Vivre avec une puret\u00e9 int\u00e9rieure au milieu de stimuli constants vers la cupidit\u00e9 et la sensualit\u00e9.<\/span><span style=\"font-weight: 400;\">\n<p><\/span><\/li>\n<li style=\"font-weight: 400;\" aria-level=\"1\"><span style=\"font-weight: 400;\">Recherchez d\u2019abord le Royaume lorsque tout autour de nous pousse vers l\u2019individualisme, le mat\u00e9rialisme et l\u2019affirmation de soi.<\/span><span style=\"font-weight: 400;\">\n<p><\/span><\/li>\n<\/ul>\n<p><span style=\"font-weight: 400;\">Ces enseignements semblent \u00ab impossibles \u00bb, non pas parce qu\u2019ils sont utopiques, mais parce que <\/span><b>n\u00e9cessitent une vie guid\u00e9e et habilit\u00e9e par Dieu lui-m\u00eame<\/b><span style=\"font-weight: 400;\">. Ils ne peuvent \u00eatre accomplis par la force humaine, mais par l\u2019abandon spirituel.<\/span><\/p>\n<h3><b>Le r\u00f4le du Saint-Esprit dans la transformation du caract\u00e8re<\/b><\/h3>\n<p><span style=\"font-weight: 400;\">J\u00e9sus ne s\u2019attendait pas \u00e0 ce que nous vivions le Sermon sur la montagne seuls. C&#039;est pourquoi, apr\u00e8s sa r\u00e9surrection, <\/span><b>Il a envoy\u00e9 le Saint-Esprit<\/b><span style=\"font-weight: 400;\">.<\/span><\/p>\n<ul>\n<li style=\"font-weight: 400;\" aria-level=\"1\"><span style=\"font-weight: 400;\">L&#039;Esprit nous donne <\/span><b>nouveau c\u0153ur et nouvelles motivations<\/b><span style=\"font-weight: 400;\"> (\u00c9z\u00e9chiel 36:26-27).<\/span><span style=\"font-weight: 400;\">\n<p><\/span><\/li>\n<li style=\"font-weight: 400;\" aria-level=\"1\"><span style=\"font-weight: 400;\">Cela produit en nous le <\/span><b>fruit du Royaume<\/b><span style=\"font-weight: 400;\">: l\u2019amour, la joie, la paix, la patience\u2026 (Galates 5:22-23).<\/span><span style=\"font-weight: 400;\">\n<p><\/span><\/li>\n<li style=\"font-weight: 400;\" aria-level=\"1\"><span style=\"font-weight: 400;\">Elle nous guide, nous convainc, nous renforce et nous transforme <\/span><b>vivre comme des citoyens du ciel<\/b><span style=\"font-weight: 400;\">.<\/span><span style=\"font-weight: 400;\">\n<p><\/span><\/li>\n<\/ul>\n<p><span style=\"font-weight: 400;\">Le Sermon sur la montagne n\u2019est pas seulement un id\u00e9al, c\u2019est <\/span><b>le portrait d&#039;une vie abandonn\u00e9e \u00e0 l&#039;Esprit et transform\u00e9e par sa puissance<\/b><span style=\"font-weight: 400;\">.<\/span><\/p>\n<h3><b>Application personnelle et communautaire du message de J\u00e9sus<\/b><\/h3>\n<p><span style=\"font-weight: 400;\">Vivre le Sermon sur la Montagne est une <\/span><b>mission quotidienne<\/b><span style=\"font-weight: 400;\"> qui touche toutes les sph\u00e8res de la vie :<\/span><\/p>\n<ul>\n<li style=\"font-weight: 400;\" aria-level=\"1\"><b>Personnellement<\/b><span style=\"font-weight: 400;\">:pardonnez \u00e0 ceux qui me blessent, r\u00e9sistez \u00e0 la cupidit\u00e9, priez sinc\u00e8rement, faites confiance \u00e0 la providence de Dieu.<\/span><span style=\"font-weight: 400;\">\n<p><\/span><\/li>\n<li style=\"font-weight: 400;\" aria-level=\"1\"><b>En famille<\/b><span style=\"font-weight: 400;\">: cultiver la douceur, la r\u00e9conciliation, la mis\u00e9ricorde.<\/span><span style=\"font-weight: 400;\">\n<p><\/span><\/li>\n<li style=\"font-weight: 400;\" aria-level=\"1\"><b>En communaut\u00e9 et \u00e0 l&#039;\u00e9glise<\/b><span style=\"font-weight: 400;\">:\u00eatre sel et lumi\u00e8re, construire une culture de gr\u00e2ce, de justice et de v\u00e9rit\u00e9.<\/span><span style=\"font-weight: 400;\">\n<p><\/span><\/li>\n<li style=\"font-weight: 400;\" aria-level=\"1\"><b>Dans la soci\u00e9t\u00e9<\/b><span style=\"font-weight: 400;\">: rejeter la corruption, d\u00e9fendre la v\u00e9rit\u00e9, aimer m\u00eame ceux qui pensent diff\u00e9remment.<\/span><span style=\"font-weight: 400;\">\n<p><\/span><\/li>\n<\/ul>\n<p><b>Chaque d\u00e9cision est une opportunit\u00e9 de vivre le Royaume ici et maintenant.<\/b><span style=\"font-weight: 400;\"> Le Sermon sur la montagne ne doit pas \u00eatre admir\u00e9\u2026 il doit \u00eatre incarn\u00e9.<\/span><\/p>\n<h2><span class=\"ez-toc-section\" id=\"Recomendaciones_de_libros_para_profundizar\"><\/span><b>Recommandations de livres pour des \u00e9tudes plus approfondies<\/b><span class=\"ez-toc-section-end\"><\/span><\/h2>\n<p><span style=\"font-weight: 400;\">\ud83d\udcd8 <\/span><b>\u00ab Le Sermon sur la montagne \u00bb \u2013 John Stott<\/b><b><br \/><\/b><span style=\"font-weight: 400;\"> Un classique qui allie clart\u00e9, profondeur th\u00e9ologique et application pratique. Id\u00e9al pour l&#039;\u00e9tude personnelle, les petits groupes ou l&#039;enseignement pastoral.<\/span><\/p>\n<p><span style=\"font-weight: 400;\">\ud83d\udcd8 <\/span><b>\u00ab Le Sermon sur la montagne et son message \u00bb \u2013 Martyn Lloyd-Jones<\/b><b><br \/><\/b><span style=\"font-weight: 400;\"> Un ouvrage complet et riche en doctrine qui explore verset par verset la puissance et le poids spirituel de chaque enseignement. Hautement recommand\u00e9 pour les pr\u00e9dicateurs et les dirigeants.<\/span><\/p>\n<p><span style=\"font-weight: 400;\">\ud83d\udcd8 <\/span><b>\u00ab J\u00e9sus : approche historique \u00bb \u2013 Jos\u00e9 Antonio Pagola<\/b><b><br \/><\/b><span style=\"font-weight: 400;\"> Bien qu\u2019il ne commente pas directement le sermon, il offre un contexte historique et spirituel pour le vrai J\u00e9sus qui a prononc\u00e9 ces paroles. Cela enrichit la compr\u00e9hension du message et de son contexte.<\/span><\/p>\n<h2><span class=\"ez-toc-section\" id=\"Preguntas_frecuentes_sobre_el_Sermon_del_Monte\"><\/span><b>Questions fr\u00e9quemment pos\u00e9es sur le Sermon sur la montagne<\/b><span class=\"ez-toc-section-end\"><\/span><\/h2>\n<p><b>O\u00f9 se trouve le Sermon sur la montagne dans la Bible ?<\/b><b><br \/><\/b><span style=\"font-weight: 400;\"> Le Sermon sur la montagne se trouve dans l\u2019\u00c9vangile de Matthieu, <\/span><b>Chapitres 5, 6 et 7<\/b><span style=\"font-weight: 400;\">. Il s&#039;agit du premier grand discours public de J\u00e9sus, situ\u00e9 au d\u00e9but de son minist\u00e8re, apr\u00e8s avoir appel\u00e9 ses disciples et pr\u00each\u00e9 le Royaume des Cieux.<\/span><\/p>\n<p><b>Que signifie \u00eatre \u00ab b\u00e9ni \u00bb selon J\u00e9sus ?<\/b><b><br \/><\/b><span style=\"font-weight: 400;\"> \u00catre b\u00e9ni (du grec <\/span><i><span style=\"font-weight: 400;\">Makarios<\/span><\/i><span style=\"font-weight: 400;\">) signifie \u00eatre <\/span><b>b\u00e9ni par Dieu<\/b><span style=\"font-weight: 400;\">, m\u00eame dans des conditions que le monde ne consid\u00e9rerait pas comme favorables. C&#039;est un <\/span><b>d\u00e9claration d&#039;approbation divine<\/b><span style=\"font-weight: 400;\"> \u00e0 propos de ceux qui vivent selon les valeurs du Royaume : humilit\u00e9, mis\u00e9ricorde, puret\u00e9, justice, entre autres.<\/span><\/p>\n<p><b>J\u00e9sus a-t-il aboli ou accompli la loi mosa\u00efque ?<\/b><b><br \/><\/b><span style=\"font-weight: 400;\"> J\u00e9sus a clairement indiqu\u00e9 que <\/span><b>Il n&#039;est pas venu pour abolir la loi, mais pour l&#039;accomplir<\/b><span style=\"font-weight: 400;\"> (Matthieu 5:17). Il <\/span><b>lui a donn\u00e9 son vrai sens<\/b><span style=\"font-weight: 400;\">, l&#039;\u00e9levant \u00e0 son expression spirituelle maximale. Non seulement il a accompli parfaitement la loi morale, mais il a aussi enseign\u00e9 son application interne, du c\u0153ur.<\/span><\/p>\n<p><b>Quel enseignement contient le Notre P\u00e8re ?<\/b><b><br \/><\/b><span style=\"font-weight: 400;\"> Le Notre P\u00e8re (Matthieu 6:9\u201313) est un mod\u00e8le de pri\u00e8re qui exprime :<\/span><\/p>\n<ul>\n<li style=\"font-weight: 400;\" aria-level=\"1\"><span style=\"font-weight: 400;\">Le <\/span><b>relation intime avec Dieu comme P\u00e8re<\/b><b>\n<p><\/b><\/li>\n<li style=\"font-weight: 400;\" aria-level=\"1\"><span style=\"font-weight: 400;\">Le <\/span><b>priorit\u00e9 de son Royaume et de sa volont\u00e9<\/b><b>\n<p><\/b><\/li>\n<li style=\"font-weight: 400;\" aria-level=\"1\"><span style=\"font-weight: 400;\">Le <\/span><b>d\u00e9pendance quotidienne de sa providence et de son pardon<\/b><b>\n<p><\/b><\/li>\n<li style=\"font-weight: 400;\" aria-level=\"1\"><span style=\"font-weight: 400;\">Le <\/span><b>demande de protection spirituelle<\/b><b>\n<p><\/b><\/li>\n<\/ul>\n<p><span style=\"font-weight: 400;\">C&#039;est un guide pour prier avec sinc\u00e9rit\u00e9, \u00e9quilibre et concentration c\u00e9leste.<\/span><\/p>\n<p><b>Pourquoi le Sermon sur la montagne est-il si important ?<\/b><b><br \/><\/b><span style=\"font-weight: 400;\"> Parce que c&#039;est le cas <\/span><b>l&#039;expression la plus claire du caract\u00e8re du Royaume de Dieu<\/b><span style=\"font-weight: 400;\">. R\u00e9sume l\u2019\u00e9thique, la spiritualit\u00e9 et la vision de J\u00e9sus pour ses disciples. \u00c9chantillon <\/span><b>comment ceux qui suivent le Christ devraient vivre<\/b><span style=\"font-weight: 400;\">, dans le monde mais pas comme le monde. Elle a profond\u00e9ment influenc\u00e9 l\u2019histoire, la th\u00e9ologie, la culture et l\u2019\u00e9thique chr\u00e9tiennes.<\/span><\/p>\n<p><b>Est-il possible de vivre selon ces enseignements ?<\/b><b><br \/><\/b><span style=\"font-weight: 400;\"> Oui, mais <\/span><b>seulement par l&#039;\u0153uvre du Saint-Esprit<\/b><span style=\"font-weight: 400;\"> dans le c\u0153ur du croyant. Les enseignements du Sermon sur la montagne sont exigeants, mais pas impossibles. Sont <\/span><b>fruit d&#039;une vie transform\u00e9e<\/b><span style=\"font-weight: 400;\"> pour Dieu, qui s&#039;abandonne au Royaume et vit par la foi et l&#039;ob\u00e9issance.<\/span><\/p>\n<p><b>Quel est le rapport entre ce sermon et le salut ?<\/b><b><br \/><\/b><span style=\"font-weight: 400;\"> Le Sermon sur la montagne <\/span><b>Ce n\u2019est pas une condition pour \u00eatre sauv\u00e9<\/b><span style=\"font-weight: 400;\">, mais un <\/span><b>preuve d&#039;une vie sauv\u00e9e<\/b><span style=\"font-weight: 400;\">. Il montre comment vit quelqu&#039;un qui est n\u00e9 de nouveau et refl\u00e8te <\/span><b>le fruit du Royaume<\/b><span style=\"font-weight: 400;\"> dans le caract\u00e8re du croyant. C\u2019est un appel \u00e0 la coh\u00e9rence entre la foi et la conduite.<\/span><\/p>\n<p><b>Que voulait dire J\u00e9sus par \u00ab aimez vos ennemis \u00bb ?<\/b><b><br \/><\/b><span style=\"font-weight: 400;\"> Cet amour chr\u00e9tien <\/span><b>va au-del\u00e0 de ce qui est naturel et de ce qui est m\u00e9rit\u00e9<\/b><span style=\"font-weight: 400;\">. J\u00e9sus appelle ses disciples \u00e0 <\/span><b>aimer comme Dieu aime<\/b><span style=\"font-weight: 400;\">, m\u00eame ceux qui leur font du mal. Cela implique <\/span><b>pardonnez, priez pour eux, recherchez leur bien<\/b><span style=\"font-weight: 400;\">, et refl\u00e8tent ainsi le c\u0153ur du P\u00e8re c\u00e9leste (Matthieu 5:44\u201348).<\/span><\/p>\n<p><b>Quelle est la diff\u00e9rence entre le Sermon sur la montagne et le Sermon sur la plaine ?<\/b><b><br \/><\/b><span style=\"font-weight: 400;\"> Le Sermon sur la montagne est en <\/span><b>Matthieu 5\u20137<\/b><span style=\"font-weight: 400;\">, tandis que le Sermon sur la plaine appara\u00eet dans <\/span><b>Luc 6:17\u201349<\/b><span style=\"font-weight: 400;\">. Les deux contiennent des enseignements similaires, mais il existe des diff\u00e9rences de style, d\u2019accent et de d\u00e9tail. Certains chercheurs pensent qu\u2019ils sont <\/span><b>diff\u00e9rentes versions du m\u00eame discours<\/b><span style=\"font-weight: 400;\">, d&#039;autres qui sont <\/span><b>diff\u00e9rents \u00e9v\u00e9nements avec des messages r\u00e9p\u00e9t\u00e9s dans des contextes diff\u00e9rents<\/b><span style=\"font-weight: 400;\">.<\/span><\/p>\n<p><b>Comment appliquer le Sermon sur la Montagne dans la vie quotidienne ?<\/b><\/p>\n<ul>\n<li style=\"font-weight: 400;\" aria-level=\"1\"><span style=\"font-weight: 400;\">M\u00e9ditez ses enseignements avec la pri\u00e8re<\/span><span style=\"font-weight: 400;\">\n<p><\/span><\/li>\n<li style=\"font-weight: 400;\" aria-level=\"1\"><span style=\"font-weight: 400;\">Demandez au Saint-Esprit de transformer votre caract\u00e8re<\/span><span style=\"font-weight: 400;\">\n<p><\/span><\/li>\n<li style=\"font-weight: 400;\" aria-level=\"1\"><span style=\"font-weight: 400;\">Pratiquez le pardon, l&#039;humilit\u00e9, la g\u00e9n\u00e9rosit\u00e9 et la justice<\/span><span style=\"font-weight: 400;\">\n<p><\/span><\/li>\n<li style=\"font-weight: 400;\" aria-level=\"1\"><span style=\"font-weight: 400;\">Vivre avec coh\u00e9rence interne et externe<\/span><span style=\"font-weight: 400;\">\n<p><\/span><\/li>\n<li style=\"font-weight: 400;\" aria-level=\"1\"><span style=\"font-weight: 400;\">Soyez sel et lumi\u00e8re dans l&#039;environnement quotidien<\/span><span style=\"font-weight: 400;\">\n<p><\/span><\/li>\n<\/ul>\n<p><span style=\"font-weight: 400;\">Appliquer le Sermon sur la montagne <\/span><b>c&#039;est construire la vie sur le roc<\/b><span style=\"font-weight: 400;\">, avec une ob\u00e9issance sinc\u00e8re et une foi active.<\/span><\/p>\n<h2><span class=\"ez-toc-section\" id=\"Conclusion\"><\/span><b>Conclusion<\/b><span class=\"ez-toc-section-end\"><\/span><\/h2>\n<p><span style=\"font-weight: 400;\">Il <\/span><i><span style=\"font-weight: 400;\">Sermon sur la montagne<\/span><\/i><span style=\"font-weight: 400;\"> Ce n\u2019est pas un recueil de belles phrases ni un id\u00e9al inaccessible. Est <\/span><b>L&#039;appel radical de J\u00e9sus \u00e0 vivre en citoyens du Royaume ici et maintenant<\/b><span style=\"font-weight: 400;\">, avec un c\u0153ur transform\u00e9, une foi authentique et une \u00e9thique qui brille au milieu des t\u00e9n\u00e8bres du monde.<\/span><\/p>\n<p><span style=\"font-weight: 400;\">Chaque enseignement, des b\u00e9atitudes \u00e0 la construction sur le roc, <\/span><b>nous met au d\u00e9fi d&#039;abandonner la superficialit\u00e9 religieuse et d&#039;adopter une vie centr\u00e9e sur Dieu<\/b><span style=\"font-weight: 400;\">, guid\u00e9 par son Esprit et marqu\u00e9 par l&#039;amour, la justice et la v\u00e9rit\u00e9.<\/span><\/p>\n<p><span style=\"font-weight: 400;\">Vivre le Sermon sur la montagne n\u2019est pas facile, mais c\u2019est possible \u2013 et profond\u00e9ment lib\u00e9rateur \u2013 lorsque nous marchons avec J\u00e9sus comme notre Ma\u00eetre, notre Sauveur et notre Roi.<\/span><\/p>\n<p><b>Quelle partie du Sermon sur la montagne a le plus mis au d\u00e9fi ou transform\u00e9 votre vie ?<\/b><b><br \/><\/b><span style=\"font-weight: 400;\"> Nous vous lisons dans les commentaires. Partagez votre exp\u00e9rience et enrichissez les autres avec votre t\u00e9moignage !<\/span><\/p>\n<p><!-- \/divi:paragraph --><\/p>\n<p>[\/et_pb_text][\/et_pb_column][\/et_pb_row][\/et_pb_section][et_pb_section fb_built=\u201d1\u2033 custom_padding_last_edited=\u201don|desktop\u201d admin_label=\u201d\u00c9tude biblique CTA PC ET MOBILE\u201d _builder_version=\u201d4.27.0\u2033 _module_preset=\u201d01c6ffc7-f2ab-4daa-8c3f-f9f3f648fa91\u2033 custom_margin=\u201d||||false|false\u201d custom_padding=\u201d0px||0px||true|false\u201d custom_padding_tablet=\u201d||||true|false\u201d custom_padding_phone=\u201d||||true|false\u201d global_colors_info=\u201d{}\u201d theme_builder_area=\u201dpost_content\u201d][et_pb_row column_structure=\u201d1_2,1_2\u2033 custom_padding_last_edited=\u201don|desktop\u201d disabled_on=\u201don|on|off\u201d admin_label=\u201dPC 30 jours d\u2019annonces CTA Formulaire Leads\u201d _builder_version=\u201d4.27.0\u2033 _module_preset=\u201ddefault\u201d background_color=\u201d#ddecf7\u2033 custom_margin=\u201d30px|||false|false\u201d custom_margin_tablet=\u201d30px||30px||true|false\u201d custom_margin_phone=\u201d30px||30px||true|false\u201d custom_margin_last_edited=\u201don|desktop\u201d custom_padding=\u201d0px|0px|0px|0px|true|true\u201d custom_padding_tablet=\u201d17px|22px|17px|22px|true|true\u201d custom_padding_phone=\u201d15px|22px|15px|22px|true|true\u201d border_radii=\u201don|5px|5px|5px|5px\u201d border_width_all=\u201d2px\u201d border_color_all=\u201drgba(214,214,214,0.19)\u201d global_colors_info=\u201d{}\u201d theme_builder_area=\u201dpost_content\u201d][et_pb_column type=\u201d1_2\u2033 _builder_version=\u201d4.27.0\u2033 _module_preset=\u201ddefault\u201d background_enable_color=\u201doff\u201d custom_padding=\u201d30px||30px|20px|true|false\u201d custom_padding_tablet=\u201d0px||0px||true|false\u201d custom_padding_phone=\u201d0px||0px||true|false\u201d custom_padding_last_edited=\u201don|desktop\u201d global_colors_info=\u201d{}\u201d theme_builder_area=\u201dpost_content\u201d][et_pb_text _builder_version=\u201d4.27.0\u2033 _module_preset=\u201d9dcd691c-2a53-439d-9f69-d20be4c8c6a1\u2033 text_font=\u201d|700|||||||\u201d text_text_color=\u201d#0970C4\u2033 text_line_height=\u201d1.8em\u201d header_font=\u201d|600|||||||\u201d header_text_align=\u201dcentre\u201d header_text_color=\u201d#000000\u2033 header_font_size=\u201d45px\u201d header_line_height=\u201d1.5em\u201d header_2_font=\u201d|600|||||||\u201d header_2_text_align=\u201dcentre\u201d header_2_text_color=\u201d#000000\u2033 header_2_font_size=\u201d40px\u201d header_2_line_height=\u201d1.2em\u201d custom_margin=\u201d0px||0px||false|false\u201d text_font_size_tablet=\u201d17px\u201d text_font_size_phone=\u201d16px\u201d text_font_size_last_edited=\u201dsur|bureau\u201d header_text_align_tablet=\u201dcentre\u201d header_text_align_phone=\u201dcentre\u201d header_text_align_last_edited=\u201dsur|bureau\u201d header_font_size_tablet=\u201d40px\u201d header_font_size_phone=\u201d30px\u201d header_font_size_last_edited=\u201dsur|tablette\u201d header_line_height_tablet=\u201d1.5em\u201d header_line_height_phone=\u201d1.3em\u201d header_line_height_last_edited=\u201dsur|bureau\u201d header_2_font_size_tablet=\u201d35px\u201d header_2_font_size_phone=\u201d20px\u201d header_2_font_size_last_edited=\u201dsur|bureau\u201d global_colors_info=\u201d{}\u201d theme_builder_area=\u201dpost_content\u201d]<\/p>\n<p>D\u00e9couvrez comment la Bible peut transformer votre vie<\/p>\n<p>[\/et_pb_text][et_pb_text _builder_version=\u201d4.27.0\u2033 _module_preset=\u201d9dcd691c-2a53-439d-9f69-d20be4c8c6a1\u2033 text_font=\u201d||||||||\u201d text_text_color=\u201d#000000\u2033 text_font_size=\u201d14px\u201d text_line_height=\u201d1.8em\u201d header_font=\u201d|600|||||||\u201d header_text_align=\u201dcenter\u201d header_text_color=\u201d#000000\u2033 header_font_size=\u201d45px\u201d header_line_height=\u201d1.5em\u201d header_2_font=\u201d|600|||||||\u201d header_2_text_align=\u201dcentre\u201d header_2_text_color=\u201d#000000\u2033 header_2_font_size=\u201d40px\u201d header_2_line_height=\u201d1.2em\u201d custom_margin_tablet=\u201d\u201d custom_margin_phone=\u201d\u201d custom_margin_last_edited=\u201dsur|bureau\u201d text_font_size_tablet=\u201d14px\u201d text_font_size_phone=\u201d14px\u201d text_font_size_last_edited=\u201dsur|bureau\u201d header_text_align_tablet=\u201dcentre\u201d header_text_align_phone=\u201dcentre\u201d header_text_align_last_edited=\u201dsur|bureau\u201d header_font_size_tablet=\u201d40px\u201d header_font_size_phone=\u201d30px\u201d header_font_size_last_edited=\u201dsur|tablette\u201d header_line_height_tablet=\u201d1.5em\u201d header_line_height_phone=\u201d1.3em\u201d header_line_height_last_edited=\u201don|desktop\u201d header_2_font_size_tablet=\u201d35px\u201d header_2_font_size_phone=\u201d20px\u201d header_2_font_size_last_edited=\u201don|desktop\u201d global_colors_info=\u201d{}\u201d theme_builder_area=\u201dpost_content\u201d]<\/p>\n<ul>\n<li><strong>\u00c9tude biblique<\/strong> \u2013 explorer les enseignements de la Bible et trouver des r\u00e9ponses aux d\u00e9fis de la vie.<\/li>\n<li><strong>Croyances fondamentales<\/strong> \u2013 explore les principes qui ont guid\u00e9 des millions de personnes \u00e0 travers les si\u00e8cles.<\/li>\n<li><strong>Croissance spirituelle<\/strong> \u2013 Renforcez votre foi avec des \u00e9tudes con\u00e7ues pour vous rapprocher de Dieu.<\/li>\n<\/ul>\n<p>[\/et_pb_text][et_pb_button button_url=\u201dhttps:\/\/cleefbible.com\/?fluentcrm=1&amp;route=smart_url&amp;slug=busayx2\u2033 button_text=\u201dREJOIGNEZ NOTRE STUDIO\u201d button_alignment=\u201dleft\u201d button_alignment_tablet=\u201dcenter\u201d button_alignment_phone=\u201dcenter\u201d button_alignment_last_edited=\u201don|desktop\u201d _builder_version=\u201d4.27.0\u2033 _module_preset=\u201dbef62ac1-2fa8-4492-bbf9-17d338b20e68\u2033 custom_button=\u201don\u201d button_text_size=\u201d14px\u201d button_text_color=\u201d#FFFFFF\u201d button_bg_color=\u201d#C35D09\u2033 button_border_width=\u201d11px\u201d button_border_color=\u201d#C35D09\u2033 button_font=\u201d|600|||||||\u201d button_use_icon=\u201doff\u201d button_text_size_tablet=\u201d14px\u201d button_text_size_phone=\u201d13px\u201d button_text_size_last_edited=\u201don|desktop\u201d button_border_width_tablet=\u201d\u201d button_border_width_phone=\u201d\u201d button_border_width_last_edited=\u201don|desktop\u201d button_on_hover_tablet=\u201d\u201d button_on_hover_phone=\u201doff\u201d button_on_hover_last_edited=\u201don|phone\u201d global_colors_info=\u201d{}\u201d theme_builder_area=\u201dpost_content\u201d][\/et_pb_button][\/et_pb_column][et_pb_column type=\u201d1_2\u2033 admin_label=\u201dColonne\u201d _builder_version=\u201d4.27.0\u2033 _module_preset=\u201ddefault\u201d background_color=\u201drgba(214,214,214,0.19)\u201d custom_padding=\u201d||||true|false\u201d global_colors_info=\u201d{}\u201d theme_builder_area=\u201dpost_content\u201d][et_pb_image src=\u201dhttps:\/\/cleefbible.com\/wp-content\/uploads\/2024\/08\/Estudio-Biblico.png\u201d alt=\u201d\u00c9tude biblique\u201d title_text=\u201d\u00c9tude biblique\u201d align=\u201dcenter\u201d align_tablet=\u201dcenter\u201d align_phone=\u201dcenter\u201d align_last_edited=\u201don|desktop\u201d disabled_on=\u201don|on|off\u201d _builder_version=\u201d4.27.0\u2033 _module_preset=\u201ddefault\u201d width_tablet=\u201d40%\u201d width_phone=\u201d40%\u201d width_last_edited=\u201don|desktop\u201d custom_margin=\u201d10px||10px||true|false\u201d custom_margin_tablet=\u201d||0px||false|false\u201d custom_margin_phone=\u201d||0px||false|false\u201d custom_margin_last_edited=\u201don|desktop\u201d global_colors_info=\u201d{}\u201d theme_builder_area=\u201dpost_content\u201d][\/et_pb_image][\/et_pb_column][\/et_pb_row][et_pb_row column_structure=\u201d1_2,1_2\u2033 custom_padding_last_edited=\u201don|desktop\u201d disabled_on=\u201doff|off|on\u201d admin_label=\u201dPistes de formulaire d\u2019appel \u00e0 l\u2019action pour annonces mobiles 30 jours\u201d _builder_version=\u201d4.27.0\u2033 _module_preset=\u201ddefault\u201d background_color=\u201d#ddecf7\u2033 custom_margin=\u201d30px||||false|false\u201d custom_margin_tablet=\u201d30px||30px||true|false\u201d custom_margin_phone=\u201d30px||30px||true|false\u201d custom_margin_last_edited=\u201don|desktop\u201d custom_padding=\u201d0px|0px|0px|0px|true|true\u201d custom_padding_tablet=\u201d17px|22px|17px|22px|true|true\u201d custom_padding_phone=\u201d15px|22px|15px|22px|true|true\u201d border_radii=\u201don|5px|5px|5px|5px\u201d border_width_all=\u201d2px\u201d border_color_all=\u201drgba(214,214,214,0.19)\u201d global_colors_info=\u201d{}\u201d theme_builder_area=\u201dpost_content\u201d][et_pb_column type=\u201d1_2\u2033 _builder_version=\u201d4.27.0\u2033 _module_preset=\u201ddefault\u201d background_enable_color=\u201doff\u201d custom_padding=\u201d30px||30px|20px|true|false\u201d custom_padding_tablet=\u201d0px||0px||true|false\u201d custom_padding_phone=\u201d0px||0px||true|false\u201d custom_padding_last_edited=\u201don|desktop\u201d global_colors_info=\u201d{}\u201d theme_builder_area=\u201dpost_content\u201d][et_pb_text _builder_version=\u201d4.27.0\u2033 _module_preset=\u201d9dcd691c-2a53-439d-9f69-d20be4c8c6a1\u2033 text_font=\u201d|700|||||||\u201d text_text_color=\u201d#0970C4\u2033 text_line_height=\u201d1.8em\u201d header_font=\u201d|600|||||||\u201d header_text_align=\u201dcenter\u201d header_text_color=\u201d#000000\u2033 header_font_size=\u201d45px\u201d header_line_height=\u201d1.5em\u201d header_2_font=\u201d|600|||||||\u201d header_2_text_align=\u201dcentre\u201d header_2_text_color=\u201d#000000\u2033 header_2_font_size=\u201d40px\u201d header_2_line_height=\u201d1.2em\u201d custom_margin=\u201d0px||0px||false|false\u201d text_font_size_tablet=\u201d17px\u201d text_font_size_phone=\u201d16px\u201d text_font_size_last_edited=\u201dsur|bureau\u201d header_text_align_tablet=\u201dcentre\u201d header_text_align_phone=\u201dcentre\u201d header_text_align_last_edited=\u201dsur|bureau\u201d header_font_size_tablet=\u201d40px\u201d header_font_size_phone=\u201d30px\u201d header_font_size_last_edited=\u201dsur|tablette\u201d header_line_height_tablet=\u201d1.5em\u201d header_line_height_phone=\u201d1.3em\u201d header_line_height_last_edited=\u201dsur|bureau\u201d header_2_font_size_tablet=\u201d35px\u201d header_2_font_size_phone=\u201d20px\u201d header_2_font_size_last_edited=\u201dsur|bureau\u201d global_colors_info=\u201d{}\u201d theme_builder_area=\u201dpost_content\u201d]<\/p>\n<p>D\u00e9couvrez comment la Bible peut transformer votre vie<\/p>\n<p>[\/et_pb_text][et_pb_text _builder_version=\u201d4.27.0\u2033 _module_preset=\u201d9dcd691c-2a53-439d-9f69-d20be4c8c6a1\u2033 text_font=\u201d||||||||\u201d text_text_color=\u201d#000000\u2033 text_font_size=\u201d14px\u201d text_line_height=\u201d1.8em\u201d header_font=\u201d|600|||||||\u201d header_text_align=\u201dcenter\u201d header_text_color=\u201d#000000\u2033 header_font_size=\u201d45px\u201d header_line_height=\u201d1.5em\u201d header_2_font=\u201d|600|||||||\u201d header_2_text_align=\u201dcentre\u201d header_2_text_color=\u201d#000000\u2033 header_2_font_size=\u201d40px\u201d header_2_line_height=\u201d1.2em\u201d custom_margin_tablet=\u201d\u201d custom_margin_phone=\u201d\u201d custom_margin_last_edited=\u201dsur|bureau\u201d text_font_size_tablet=\u201d14px\u201d text_font_size_phone=\u201d14px\u201d text_font_size_last_edited=\u201dsur|bureau\u201d header_text_align_tablet=\u201dcentre\u201d header_text_align_phone=\u201dcentre\u201d header_text_align_last_edited=\u201dsur|bureau\u201d header_font_size_tablet=\u201d40px\u201d header_font_size_phone=\u201d30px\u201d header_font_size_last_edited=\u201dsur|tablette\u201d header_line_height_tablet=\u201d1.5em\u201d header_line_height_phone=\u201d1.3em\u201d header_line_height_last_edited=\u201don|desktop\u201d header_2_font_size_tablet=\u201d35px\u201d header_2_font_size_phone=\u201d20px\u201d header_2_font_size_last_edited=\u201don|desktop\u201d global_colors_info=\u201d{}\u201d theme_builder_area=\u201dpost_content\u201d]<\/p>\n<ul>\n<li><strong>\u00c9tude biblique<\/strong> \u2013 explorer les enseignements de la Bible et trouver des r\u00e9ponses aux d\u00e9fis de la vie.<\/li>\n<li><strong>Croyances fondamentales<\/strong> \u2013 explore les principes qui ont guid\u00e9 des millions de personnes \u00e0 travers les si\u00e8cles.<\/li>\n<li><strong>Croissance spirituelle<\/strong> \u2013 Renforcez votre foi avec des \u00e9tudes con\u00e7ues pour vous rapprocher de Dieu.<\/li>\n<\/ul>\n<p>[\/et_pb_text][et_pb_button button_url=\u201dhttps:\/\/cleefbible.com\/?fluentcrm=1&amp;route=smart_url&amp;slug=busayx2\u2033 button_text=\u201dREJOIGNEZ NOTRE STUDIO\u201d button_alignment=\u201dleft\u201d button_alignment_tablet=\u201dcenter\u201d button_alignment_phone=\u201dcenter\u201d button_alignment_last_edited=\u201don|desktop\u201d _builder_version=\u201d4.27.0\u2033 _module_preset=\u201dbef62ac1-2fa8-4492-bbf9-17d338b20e68\u2033 custom_button=\u201don\u201d button_text_size=\u201d14px\u201d button_text_color=\u201d#FFFFFF\u201d button_bg_color=\u201d#C35D09\u2033 button_border_width=\u201d11px\u201d button_border_color=\u201d#C35D09\u2033 button_font=\u201d|600|||||||\u201d button_use_icon=\u201doff\u201d button_text_size_tablet=\u201d14px\u201d button_text_size_phone=\u201d13px\u201d button_text_size_last_edited=\u201don|desktop\u201d button_border_width_tablet=\u201d\u201d button_border_width_phone=\u201d\u201d button_border_width_last_edited=\u201don|desktop\u201d button_on_hover_tablet=\u201d\u201d button_on_hover_phone=\u201doff\u201d button_on_hover_last_edited=\u201don|phone\u201d global_colors_info=\u201d{}\u201d theme_builder_area=\u201dpost_content\u201d][\/et_pb_button][\/et_pb_column][et_pb_column type=\u201d1_2\u2033 admin_label=\u201dColonne\u201d disabled_on=\u201don|on|off\u201d _builder_version=\u201d4.27.0\u2033 _module_preset=\u201ddefault\u201d background_color=\u201drgba(214,214,214,0.19)\u201d custom_padding=\u201d||||true|false\u201d global_colors_info=\u201d{}\u201d theme_builder_area=\u201dpost_content\u201d][et_pb_image src=\u201dhttps:\/\/cleefbible.com\/wp-content\/uploads\/2024\/08\/Bible-Study.png\u201d alt=\u201d\u00c9tude biblique\u201d title_text=\u201d\u00c9tude biblique\u201d align=\u201dcenter\u201d align_tablet=\u201dcenter\u201d align_phone=\u201dcenter\u201d align_last_edited=\u201don|desktop\u201d disabled_on=\u201don|on|off\u201d _builder_version=\u201d4.27.0\u2033 _module_preset=\u201ddefault\u201d width_tablet=\u201d40%\u201d width_phone=\u201d40%\u201d width_last_edited=\u201don|desktop\u201d custom_margin=\u201d10px||10px||true|false\u201d custom_margin_tablet=\u201d||0px||false|false\u201d custom_margin_phone=\u201d||0px||false|false\u201d custom_margin_last_edited=\u201don|desktop\u201d global_colors_info=\u201d{}\u201d theme_builder_area=\u201dpost_content\u201d][\/et_pb_image][\/et_pb_column][\/et_pb_row][\/et_pb_section]<\/p>","protected":false},"excerpt":{"rendered":"<p>Explorez le message transformateur du Sermon sur la montagne : justice, pardon, puret\u00e9, amour de l\u2019ennemi et une vie pleine de sens.<br \/>\n \u00cates-vous pr\u00eat \u00e0 vivre ce que J\u00e9sus a enseign\u00e9 depuis le sommet ?<\/p>","protected":false},"author":2,"featured_media":813,"comment_status":"open","ping_status":"open","sticky":false,"template":"","format":"standard","meta":{"_et_pb_use_builder":"on","_et_pb_old_content":"<!-- wp:paragraph -->\n<p><strong>El Serm\u00f3n del Monte es una ense\u00f1anza de Jes\u00fas en la que expone principios \u00e9ticos y morales, incluyendo las Bienaventuranzas.<\/strong><\/p>\n<!-- \/wp:paragraph -->\n\n<!-- wp:heading -->\n<h2 class=\"wp-block-heading\">Introducci\u00f3n al Serm\u00f3n del Monte<\/h2>\n<!-- \/wp:heading -->\n\n<!-- wp:paragraph -->\n<p>El Serm\u00f3n del Monte es uno de los discursos m\u00e1s influyentes y reconocibles de Jesucristo, registrado en el Evangelio de Mateo, cap\u00edtulos 5 a 7. <\/p>\n<!-- \/wp:paragraph -->\n\n<!-- wp:paragraph -->\n<p>Este serm\u00f3n se pronunci\u00f3 en un entorno natural, espec\u00edficamente en una monta\u00f1a situada cerca del Mar de Galilea, un lugar que no solo ofrec\u00eda un impresionante paisaje, sino tambi\u00e9n un contexto propicio para la ense\u00f1anza de multitudes. <\/p>\n<!-- \/wp:paragraph -->\n\n<!-- wp:paragraph -->\n<p>Durante esta disertaci\u00f3n, Jes\u00fas abord\u00f3 temas fundamentales que han resonado a lo largo de los siglos, apelando tanto a la espiritualidad como a la \u00e9tica moral.<\/p>\n<!-- \/wp:paragraph -->\n\n<!-- wp:paragraph -->\n<p>Hist\u00f3ricamente, el contexto del Serm\u00f3n del Monte se sit\u00faa en una \u00e9poca marcada por la opresi\u00f3n romana y la b\u00fasqueda de renovaci\u00f3n espiritual entre el pueblo jud\u00edo. <\/p>\n<!-- \/wp:paragraph -->\n\n<!-- wp:paragraph -->\n<p>Este contexto cultural y religioso es esencial para comprender la profundidad y la mirada radical de las ense\u00f1anzas de Jes\u00fas. <\/p>\n<!-- \/wp:paragraph -->\n\n<!-- wp:paragraph -->\n<p>En este sentido, el serm\u00f3n no solo tuvo un impacto inmediato en los oyentes de la \u00e9poca, sino que tambi\u00e9n ha perdurado como una referencia clave para el cristianismo. <\/p>\n<!-- \/wp:paragraph -->\n\n<!-- wp:paragraph -->\n<p>Los ideales de paz, perd\u00f3n, y compasi\u00f3n que expone han sido pilares en la formaci\u00f3n de la \u00e9tica cristiana y valores universales.<\/p>\n<!-- \/wp:paragraph -->\n\n<!-- wp:paragraph -->\n<p>La relevancia del Serm\u00f3n del Monte se extiende m\u00e1s all\u00e1 de la tradici\u00f3n cristiana; su contenido ha sido objeto de estudio y reflexi\u00f3n en el \u00e1mbito del pensamiento \u00e9tico moderno. Muchos de los principios que Jes\u00fas enunci\u00f3, como las Bienaventuranzas, los han adoptado movimientos por los derechos humanos y la justicia social en diferentes culturas y \u00e9pocas. <\/p>\n<!-- \/wp:paragraph -->\n\n<!-- wp:paragraph -->\n<p>As\u00ed, el serm\u00f3n no solo encapsula la ense\u00f1anza religiosa, sino que tambi\u00e9n invita a la reflexi\u00f3n sobre la conducta humana y las relaciones interpersonales. <\/p>\n<!-- \/wp:paragraph -->\n\n<!-- wp:paragraph -->\n<p>A medida que exploramos el Serm\u00f3n del Monte, es fundamental reconocer su papel vital en la historia religiosa, as\u00ed como su impacto duradero en la \u00e9tica contempor\u00e1nea.<\/p>\n<!-- \/wp:paragraph -->\n\n<!-- wp:heading -->\n<h2 class=\"wp-block-heading\">Las Bienaventuranzas<\/h2>\n<!-- \/wp:heading -->\n\n<!-- wp:paragraph -->\n<p>Las Bienaventuranzas son un conjunto de ense\u00f1anzas pronunciadas por Jes\u00fas durante el famoso Serm\u00f3n del Monte, un discurso que resuena con un llamado a los valores del Reino de Dios. <\/p>\n<!-- \/wp:paragraph -->\n\n<!-- wp:paragraph -->\n<p>Este conjunto de afirmaciones empieza con la frase \"Bienaventurados\", que se\u00f1ala a aquellos que son bendecidos o favorecidos por Dios. <\/p>\n<!-- \/wp:paragraph -->\n\n<!-- wp:paragraph -->\n<p>Cada Bienaventuranza describe una caracter\u00edstica o actitud que, seg\u00fan Jes\u00fas, resulta en la verdadera felicidad y en la gracia divina.<\/p>\n<!-- \/wp:paragraph -->\n\n<!-- wp:paragraph -->\n<p>La primera Bienaventuranza dice: \"Bienaventurados los pobres en esp\u00edritu, porque de ellos es el reino de los cielos\". <\/p>\n<!-- \/wp:paragraph -->\n\n<!-- wp:paragraph -->\n<p>Esta declaraci\u00f3n enfatiza la importancia de la humildad y la necesidad de depender de Dios, en lugar de confiar en las propias riquezas o habilidades. <\/p>\n<!-- \/wp:paragraph -->\n\n<!-- wp:paragraph -->\n<p>Aqu\u00ed, Jes\u00fas declara que aquellos que son humildes recibir\u00e1n una recompensa eterna, lo que nos invita a rechazar el orgullo y a cultivar una vida de sumisi\u00f3n al esp\u00edritu divino.<\/p>\n<!-- \/wp:paragraph -->\n\n<!-- wp:paragraph -->\n<p>Otra Bienaventuranza dice: \"Bienaventurados los que lloran, porque ellos ser\u00e1n consolados\". Este pasaje aborda la empat\u00eda y la compasi\u00f3n, sugiriendo que el dolor y la tristeza pueden ser transformados en consuelo divino. <\/p>\n<!-- \/wp:paragraph -->\n\n<!-- wp:paragraph -->\n<p>Este mensaje invita a una reflexi\u00f3n sobre la importancia de compartir el sufrimiento de los dem\u00e1s y la promesa de redenci\u00f3n en medio de la adversidad.<\/p>\n<!-- \/wp:paragraph -->\n\n<!-- wp:paragraph -->\n<p>Finalmente, consideremos la Bienaventuranza que reitera: \"Bienaventurados los misericordiosos, porque ellos obtendr\u00e1n misericordia\". <\/p>\n<!-- \/wp:paragraph -->\n\n<!-- wp:paragraph -->\n<p>Este enunciado resalta el principio de la justicia y la compasi\u00f3n, instando a los seguidores de Cristo a actuar con bondad hacia los dem\u00e1s. <\/p>\n<!-- \/wp:paragraph -->\n\n<!-- wp:paragraph -->\n<p>Estas ense\u00f1anzas no solo revelan el ideal cristiano de justicia social, sino que tambi\u00e9n subrayan la importancia de vivir en armon\u00eda con los dem\u00e1s, en un reflejo aut\u00e9ntico de la gracia que hemos recibido.<\/p>\n<!-- \/wp:paragraph -->\n\n<!-- wp:paragraph -->\n<p>As\u00ed, cada Bienaventuranza en el Serm\u00f3n del Monte nos ofrece un marco para vivir de manera m\u00e1s \u00e9tica y compasiva, record\u00e1ndonos que las actitudes y acciones que cultivamos tienen repercusiones tanto en nuestra vida personal como en nuestra comunidad.<\/p>\n<!-- \/wp:paragraph -->\n\n<!-- wp:heading -->\n<h2 class=\"wp-block-heading\">Principios \u00e9ticos y morales del Serm\u00f3n<\/h2>\n<!-- \/wp:heading -->\n\n<!-- wp:paragraph -->\n<p>El Serm\u00f3n del Monte es un compendio de ense\u00f1anzas en las que Jes\u00fas aborda principios \u00e9ticos y morales que desaf\u00edan las normas establecidas en su contexto hist\u00f3rico. <\/p>\n<!-- \/wp:paragraph -->\n\n<!-- wp:paragraph -->\n<p>A lo largo de este serm\u00f3n, se manifiestan ideas como la reconciliaci\u00f3n, que invita a los creyentes a buscar la paz y el entendimiento mutuo, incluso en situaciones de conflicto. <\/p>\n<!-- \/wp:paragraph -->\n\n<!-- wp:paragraph -->\n<p>Jes\u00fas ense\u00f1a que es fundamental hacer las paces, promoviendo un cambio de paradigma en la forma en la que las personas perciben y manejan sus relaciones interpersonales.<\/p>\n<!-- \/wp:paragraph -->\n\n<!-- wp:paragraph -->\n<p>Adem\u00e1s, el tema de la integridad es central en el serm\u00f3n. Jes\u00fas enfatiza que las acciones deben estar alineadas con las intenciones del coraz\u00f3n, planteando que no se trata solo de seguir normas externas, sino de cultivar valores \u00e9ticos internos. <\/p>\n<!-- \/wp:paragraph -->\n\n<!-- wp:paragraph -->\n<p>Esto plantea un desaf\u00edo considerable a las pr\u00e1cticas y costumbres de la \u00e9poca, que a menudo priorizaban la apariencia sobre la autenticidad. <\/p>\n<!-- \/wp:paragraph -->\n\n<!-- wp:paragraph -->\n<p>La ense\u00f1anza sobre ser \u201csal de la tierra\u201d y \u201cluz del mundo\u201d tambi\u00e9n refuerza la idea de que los creyentes tienen la responsabilidad de actuar de manera justa y coherente en su entorno social.<\/p>\n<!-- \/wp:paragraph -->\n\n<!-- wp:paragraph -->\n<p>Un aspecto particularmente radical del Serm\u00f3n del Monte es la instrucci\u00f3n de amar a los enemigos. <\/p>\n<!-- \/wp:paragraph -->\n\n<!-- wp:paragraph -->\n<p>Este principio no solo desaf\u00eda la concepci\u00f3n tradicional del amor y la justicia, sino que tambi\u00e9n propone un camino hacia la transformaci\u00f3n social a trav\u00e9s del amor incondicional. Aceptar y entender estas ense\u00f1anzas en un contexto actual requiere una profunda reflexi\u00f3n sobre c\u00f3mo cada individuo puede aplicar estos principios en su vida diaria, promoviendo un mundo m\u00e1s justo y compasivo. <\/p>\n<!-- \/wp:paragraph -->\n\n<!-- wp:paragraph -->\n<p>Las lecciones del serm\u00f3n invitan a la acci\u00f3n y la reflexi\u00f3n continua sobre el propio comportamiento y las interacciones con los dem\u00e1s.<\/p>\n<!-- \/wp:paragraph -->\n\n<!-- wp:heading -->\n<h2 class=\"wp-block-heading\">La influencia del Serm\u00f3n del Monte en la cultura contempor\u00e1nea<\/h2>\n<!-- \/wp:heading -->\n\n<!-- wp:paragraph -->\n<p>El Serm\u00f3n del Monte, uno de los discursos m\u00e1s emblem\u00e1ticos de Jes\u00fas, ha dejado una huella considerable en la cultura contempor\u00e1nea, influyendo en diversas \u00e1reas como la \u00e9tica, la pol\u00edtica y los movimientos por los derechos humanos. <\/p>\n<!-- \/wp:paragraph -->\n\n<!-- wp:paragraph -->\n<p>Estas ense\u00f1anzas no solo ofrecen una base moral, sino que tambi\u00e9n han sido adoptadas por muchos l\u00edderes y activistas en su b\u00fasqueda de justicia social.<\/p>\n<!-- \/wp:paragraph -->\n\n<!-- wp:paragraph -->\n<p>Una de las contribuciones m\u00e1s significativas del serm\u00f3n es su enfoque en la dignidad humana y la igualdad. <\/p>\n<!-- \/wp:paragraph -->\n\n<!-- wp:paragraph -->\n<p>Los principios de amor al pr\u00f3jimo y promoci\u00f3n de la paz presentes en el Serm\u00f3n del Monte han sido el fundamento de acciones sociales importantes. Martin Luther King Jr., por ejemplo, se bas\u00f3 en las ense\u00f1anzas de Jes\u00fas para inspirar el movimiento por los derechos civiles en Estados Unidos. <\/p>\n<!-- \/wp:paragraph -->\n\n<!-- wp:paragraph -->\n<p>Su famosa cita \"ojos por ojos, y el mundo se quedar\u00e1 ciego\" refleja la ense\u00f1anza de no retribuir el mal con mal, creando as\u00ed un impacto duradero en la lucha por la equidad.<\/p>\n<!-- \/wp:paragraph -->\n\n<!-- wp:paragraph -->\n<p>Del mismo modo, Mahatma Gandhi, aunque no cristiano, aplic\u00f3 los principios del Serm\u00f3n del Monte a su filosof\u00eda de la no violencia durante la lucha por la independencia de India. <\/p>\n<!-- \/wp:paragraph -->\n\n<!-- wp:paragraph -->\n<p>Gandhi abog\u00f3 por un cambio radical a trav\u00e9s de la resistencia pac\u00edfica, frecuentemente refiri\u00e9ndose a las ense\u00f1anzas de Jes\u00fas como un medio para promover la justicia social y el entendimiento entre diferentes culturas y religiones. <\/p>\n<!-- \/wp:paragraph -->\n\n<!-- wp:paragraph -->\n<p>Su legado demuestra c\u00f3mo estos principios pueden generar transformaciones significativas en las estructuras sociales.<\/p>\n<!-- \/wp:paragraph -->\n\n<!-- wp:paragraph -->\n<p>La relevancia del Serm\u00f3n del Monte en la actualidad es indiscutible. En un mundo marcado por el conflicto y la desigualdad, revivir los principios del serm\u00f3n puede ofrecer una br\u00fajula moral y \u00e9tica. <\/p>\n<!-- \/wp:paragraph -->\n\n<!-- wp:paragraph -->\n<p>Fomentar la compasi\u00f3n, la generosidad y la paz puede ser crucial para enfrentar los desaf\u00edos contempor\u00e1neos de manera efectiva y construir un futuro m\u00e1s justo e inclusivo.<\/p>\n<!-- \/wp:paragraph -->","_et_gb_content_width":"","_monsterinsights_skip_tracking":false,"_monsterinsights_sitenote_active":false,"_monsterinsights_sitenote_note":"","_monsterinsights_sitenote_category":0,"footnotes":""},"categories":[74],"tags":[184,185],"class_list":["post-662","post","type-post","status-publish","format-standard","has-post-thumbnail","hentry","category-ensenanzas-de-jesus","tag-ethical-teachings","tag-sermon-del-monte"],"_links":{"self":[{"href":"https:\/\/cleefbible.com\/fr\/wp-json\/wp\/v2\/posts\/662","targetHints":{"allow":["GET"]}}],"collection":[{"href":"https:\/\/cleefbible.com\/fr\/wp-json\/wp\/v2\/posts"}],"about":[{"href":"https:\/\/cleefbible.com\/fr\/wp-json\/wp\/v2\/types\/post"}],"author":[{"embeddable":true,"href":"https:\/\/cleefbible.com\/fr\/wp-json\/wp\/v2\/users\/2"}],"replies":[{"embeddable":true,"href":"https:\/\/cleefbible.com\/fr\/wp-json\/wp\/v2\/comments?post=662"}],"version-history":[{"count":6,"href":"https:\/\/cleefbible.com\/fr\/wp-json\/wp\/v2\/posts\/662\/revisions"}],"predecessor-version":[{"id":850,"href":"https:\/\/cleefbible.com\/fr\/wp-json\/wp\/v2\/posts\/662\/revisions\/850"}],"wp:featuredmedia":[{"embeddable":true,"href":"https:\/\/cleefbible.com\/fr\/wp-json\/wp\/v2\/media\/813"}],"wp:attachment":[{"href":"https:\/\/cleefbible.com\/fr\/wp-json\/wp\/v2\/media?parent=662"}],"wp:term":[{"taxonomy":"category","embeddable":true,"href":"https:\/\/cleefbible.com\/fr\/wp-json\/wp\/v2\/categories?post=662"},{"taxonomy":"post_tag","embeddable":true,"href":"https:\/\/cleefbible.com\/fr\/wp-json\/wp\/v2\/tags?post=662"}],"curies":[{"name":"wp","href":"https:\/\/api.w.org\/{rel}","templated":true}]}}