{"id":632,"date":"2025-04-15T01:06:00","date_gmt":"2025-04-15T05:06:00","guid":{"rendered":"https:\/\/cleefbible.com\/?p=632"},"modified":"2025-04-15T01:09:37","modified_gmt":"2025-04-15T05:09:37","slug":"lapotre-paul","status":"publish","type":"post","link":"https:\/\/cleefbible.com\/fr\/lapotre-paul\/","title":{"rendered":"L&#039;ap\u00f4tre Paul : vie, mission et h\u00e9ritage chr\u00e9tien"},"content":{"rendered":"[et_pb_section fb_built=\u201d1\u2033 _builder_version=\u201d4.16\u2033 global_colors_info=\u201d{}\u201d theme_builder_area=\u201dpost_content\u201d][et_pb_row _builder_version=\u201d4.16\u2033 background_size=\u201dinitial\u201d background_position=\u201dtop_left\u201d background_repeat=\u201drepeat\u201d global_colors_info=\u201d{}\u201d theme_builder_area=\u201dpost_content\u201d][et_pb_column type=\u201d4_4\u2033 _builder_version=\u201d4.16\u2033 custom_padding=\u201d|||\u201d global_colors_info=\u201d{}\u201d custom_padding__hover=\u201d|||\u201d theme_builder_area=\u201dpost_content\u201d][et_pb_text _builder_version=\u201d4.27.4\u2033 background_size=\u201dinitial\u201d background_position=\u201dtop_left\u201d background_repeat=\u201drepeat\u201d hover_enabled=\u201d0\u2033 global_colors_info=\u201d{}\u201d theme_builder_area=\u201dpost_content\u201d sticky_enabled=\u201d0\u2033]<p><b>Comment est-il possible que le plus grand pers\u00e9cuteur du christianisme soit devenu son plus fervent d\u00e9fenseur ?<\/b><\/p>\n<p><span style=\"font-weight: 400;\">L\u2019histoire de l\u2019ap\u00f4tre Paul n\u2019est pas seulement un r\u00e9cit de transformation radicale, mais un t\u00e9moignage vivant de la puissance de l\u2019\u00c9vangile. D\u2019un pharisien impitoyable \u00e0 un architecte de la th\u00e9ologie chr\u00e9tienne, sa vie a travers\u00e9 les continents, les cultures et les prisons, laissant une marque qui perdure encore aujourd\u2019hui.<\/span><\/p>\n<p><span style=\"font-weight: 400;\">Par ses lettres, ses voyages missionnaires et ses enseignements, Paul n\u2019a pas seulement pr\u00each\u00e9 la foi en Christ : il l\u2019a v\u00e9cue, l\u2019a soufferte et l\u2019a c\u00e9l\u00e9br\u00e9e. Cet article vous invite \u00e0 d\u00e9couvrir <\/span><b>Qui \u00e9tait r\u00e9ellement l\u2019ap\u00f4tre Paul ?<\/b><span style=\"font-weight: 400;\">, qu&#039;est-ce qui l&#039;a rendu si influent et pourquoi <\/span><b>Sa voix continue de r\u00e9sonner dans tous les coins de l\u2019\u00c9glise et dans le c\u0153ur qui cherche la v\u00e9rit\u00e9.<\/b><\/p>\n<div id=\"ez-toc-container\" class=\"ez-toc-v2_0_82_2 counter-hierarchy ez-toc-counter ez-toc-grey ez-toc-container-direction\">\n<div class=\"ez-toc-title-container\">\n<p class=\"ez-toc-title\" style=\"cursor:inherit\">Table des mati\u00e8res<\/p>\n<span class=\"ez-toc-title-toggle\"><a href=\"#\" class=\"ez-toc-pull-right ez-toc-btn ez-toc-btn-xs ez-toc-btn-default ez-toc-toggle\" aria-label=\"Basculer la table des mati\u00e8res\"><span class=\"ez-toc-js-icon-con\"><span class=\"\"><span class=\"eztoc-hide\" style=\"display:none;\">Basculer<\/span><span class=\"ez-toc-icon-toggle-span\"><svg style=\"fill: #999;color:#999\" xmlns=\"http:\/\/www.w3.org\/2000\/svg\" class=\"list-377408\" width=\"20px\" height=\"20px\" viewbox=\"0 0 24 24\" fill=\"none\"><path d=\"M6 6H4v2h2V6zm14 0H8v2h12V6zM4 11h2v2H4v-2zm16 0H8v2h12v-2zM4 16h2v2H4v-2zm16 0H8v2h12v-2z\" fill=\"currentColor\"><\/path><\/svg><svg style=\"fill: #999;color:#999\" class=\"arrow-unsorted-368013\" xmlns=\"http:\/\/www.w3.org\/2000\/svg\" width=\"10px\" height=\"10px\" viewbox=\"0 0 24 24\" version=\"1.2\" baseprofile=\"tiny\"><path d=\"M18.2 9.3l-6.2-6.3-6.2 6.3c-.2.2-.3.4-.3.7s.1.5.3.7c.2.2.4.3.7.3h11c.3 0 .5-.1.7-.3.2-.2.3-.5.3-.7s-.1-.5-.3-.7zM5.8 14.7l6.2 6.3 6.2-6.3c.2-.2.3-.5.3-.7s-.1-.5-.3-.7c-.2-.2-.4-.3-.7-.3h-11c-.3 0-.5.1-.7.3-.2.2-.3.5-.3.7s.1.5.3.7z\"\/><\/svg><\/span><\/span><\/span><\/a><\/span><\/div>\n<nav><ul class='ez-toc-list ez-toc-list-level-1' ><li class='ez-toc-page-1 ez-toc-heading-level-2'><a class=\"ez-toc-link ez-toc-heading-1\" href=\"https:\/\/cleefbible.com\/fr\/lapotre-paul\/#%C2%BFPor_que_Pablo_es_una_figura_clave_en_el_cristianismo\" >Pourquoi Paul est-il une figure cl\u00e9 du christianisme ?<\/a><\/li><li class='ez-toc-page-1 ez-toc-heading-level-2'><a class=\"ez-toc-link ez-toc-heading-2\" href=\"https:\/\/cleefbible.com\/fr\/lapotre-paul\/#La_influencia_de_sus_cartas_en_la_doctrina_cristiana\" >L&#039;influence de ses lettres sur la doctrine chr\u00e9tienne<\/a><\/li><li class='ez-toc-page-1 ez-toc-heading-level-2'><a class=\"ez-toc-link ez-toc-heading-3\" href=\"https:\/\/cleefbible.com\/fr\/lapotre-paul\/#%C2%BFQue_nos_ensena_su_vida_sobre_el_poder_transformador_del_evangelio\" >Que nous apprend sa vie sur la puissance transformatrice de l\u2019\u00c9vangile ?<\/a><\/li><li class='ez-toc-page-1 ez-toc-heading-level-2'><a class=\"ez-toc-link ez-toc-heading-4\" href=\"https:\/\/cleefbible.com\/fr\/lapotre-paul\/#Origenes_y_contexto_cultural_de_Pablo\" >Origines et contexte culturel de Paul<\/a><\/li><li class='ez-toc-page-1 ez-toc-heading-level-2'><a class=\"ez-toc-link ez-toc-heading-5\" href=\"https:\/\/cleefbible.com\/fr\/lapotre-paul\/#Pablo_como_perseguidor_de_la_iglesia\" >Paul en tant que pers\u00e9cuteur de l&#039;\u00c9glise<\/a><\/li><li class='ez-toc-page-1 ez-toc-heading-level-2'><a class=\"ez-toc-link ez-toc-heading-6\" href=\"https:\/\/cleefbible.com\/fr\/lapotre-paul\/#El_encuentro_con_Cristo_y_su_conversion\" >La rencontre avec le Christ et sa conversion<\/a><\/li><li class='ez-toc-page-1 ez-toc-heading-level-2'><a class=\"ez-toc-link ez-toc-heading-7\" href=\"https:\/\/cleefbible.com\/fr\/lapotre-paul\/#Pablo_como_apostol_de_los_gentiles\" >Paul, ap\u00f4tre des Gentils<\/a><\/li><li class='ez-toc-page-1 ez-toc-heading-level-2'><a class=\"ez-toc-link ez-toc-heading-8\" href=\"https:\/\/cleefbible.com\/fr\/lapotre-paul\/#Sus_viajes_misioneros\" >Ses voyages missionnaires<\/a><\/li><li class='ez-toc-page-1 ez-toc-heading-level-2'><a class=\"ez-toc-link ez-toc-heading-9\" href=\"https:\/\/cleefbible.com\/fr\/lapotre-paul\/#Las_cartas_del_apostol_Pablo\" >Les lettres de l&#039;ap\u00f4tre Paul<\/a><\/li><li class='ez-toc-page-1 ez-toc-heading-level-2'><a class=\"ez-toc-link ez-toc-heading-10\" href=\"https:\/\/cleefbible.com\/fr\/lapotre-paul\/#El_pensamiento_teologico_de_Pablo\" >La pens\u00e9e th\u00e9ologique de Paul<\/a><\/li><li class='ez-toc-page-1 ez-toc-heading-level-2'><a class=\"ez-toc-link ez-toc-heading-11\" href=\"https:\/\/cleefbible.com\/fr\/lapotre-paul\/#Pablo_y_el_sufrimiento_por_causa_del_evangelio\" >Paul et la souffrance pour l&#039;\u00c9vangile<\/a><\/li><li class='ez-toc-page-1 ez-toc-heading-level-2'><a class=\"ez-toc-link ez-toc-heading-12\" href=\"https:\/\/cleefbible.com\/fr\/lapotre-paul\/#Ultimos_anos_y_legado_de_Pablo\" >Les derni\u00e8res ann\u00e9es et l&#039;h\u00e9ritage de Pablo<\/a><\/li><li class='ez-toc-page-1 ez-toc-heading-level-2'><a class=\"ez-toc-link ez-toc-heading-13\" href=\"https:\/\/cleefbible.com\/fr\/lapotre-paul\/#Recomendaciones_de_libros_para_profundizar\" >Recommandations de livres pour des \u00e9tudes plus approfondies<\/a><\/li><li class='ez-toc-page-1 ez-toc-heading-level-2'><a class=\"ez-toc-link ez-toc-heading-14\" href=\"https:\/\/cleefbible.com\/fr\/lapotre-paul\/#Preguntas_frecuentes_sobre_el_apostol_Pablo\" >Questions fr\u00e9quemment pos\u00e9es sur l&#039;ap\u00f4tre Paul<\/a><\/li><li class='ez-toc-page-1 ez-toc-heading-level-2'><a class=\"ez-toc-link ez-toc-heading-15\" href=\"https:\/\/cleefbible.com\/fr\/lapotre-paul\/#Conclusion\" >Conclusion<\/a><\/li><\/ul><\/nav><\/div>\n<h2><span class=\"ez-toc-section\" id=\"%C2%BFPor_que_Pablo_es_una_figura_clave_en_el_cristianismo\"><\/span><b>Pourquoi Paul est-il une figure cl\u00e9 du christianisme ?<\/b><span class=\"ez-toc-section-end\"><\/span><\/h2>\n<p><span style=\"font-weight: 400;\">L\u2019ap\u00f4tre Paul est, sans aucun doute, l\u2019une des figures les plus influentes de tout le christianisme. Bien qu&#039;il ne f\u00fbt pas l&#039;un des douze disciples originels, <\/span><b>Sa rencontre personnelle avec le Christ ressuscit\u00e9 a radicalement transform\u00e9 sa vie<\/b><span style=\"font-weight: 400;\"> et l&#039;a transform\u00e9 en <\/span><b>l&#039;ap\u00f4tre missionnaire par excellence<\/b><span style=\"font-weight: 400;\">. C&#039;est lui qui a port\u00e9 l&#039;\u00c9vangile au-del\u00e0 des fronti\u00e8res du juda\u00efsme, en fondant des \u00e9glises dans des villes cl\u00e9s du monde gr\u00e9co-romain, en pr\u00eachant avec audace et en laissant un h\u00e9ritage doctrinal qui a fa\u00e7onn\u00e9 la foi chr\u00e9tienne jusqu&#039;\u00e0 ce jour.<\/span><\/p>\n<p><span style=\"font-weight: 400;\">Paul n\u2019a pas seulement pr\u00each\u00e9 l\u2019\u00c9vangile, mais <\/span><b>v\u00e9cu et souffert pour lui<\/b><span style=\"font-weight: 400;\">, confront\u00e9s \u00e0 la pers\u00e9cution, aux prisons, aux naufrages et au rejet. Sa vie repr\u00e9sente le mod\u00e8le de <\/span><b>d\u00e9vouement total, passion pour le Christ et z\u00e8le pour la v\u00e9rit\u00e9<\/b><span style=\"font-weight: 400;\">. C\u2019est pour cette raison que son nom reste l\u2019un des piliers fondamentaux de l\u2019expansion du christianisme.<\/span><\/p>\n<h2><span class=\"ez-toc-section\" id=\"La_influencia_de_sus_cartas_en_la_doctrina_cristiana\"><\/span><b>L&#039;influence de ses lettres sur la doctrine chr\u00e9tienne<\/b><span class=\"ez-toc-section-end\"><\/span><\/h2>\n<p><span style=\"font-weight: 400;\">Le <\/span><b>\u00e9p\u00eetres pauliniennes<\/b><span style=\"font-weight: 400;\"> Ce ne sont pas seulement des lettres occasionnelles : ce sont <\/span><b>tr\u00e9sors doctrinaux<\/b><span style=\"font-weight: 400;\"> qui expliquent en profondeur l\u2019\u0153uvre du Christ, le salut par la gr\u00e2ce par la foi, le r\u00f4le du Saint-Esprit, l\u2019identit\u00e9 du croyant et la vie en communaut\u00e9.<\/span><\/p>\n<p><span style=\"font-weight: 400;\">Parmi ses principales contributions, on peut citer :<\/span><\/p>\n<ul>\n<li style=\"font-weight: 400;\" aria-level=\"1\"><span style=\"font-weight: 400;\">Le <\/span><b>justification par la foi<\/b><span style=\"font-weight: 400;\"> (Romains, Galates)<\/span><span style=\"font-weight: 400;\">\n<p><\/span><\/li>\n<li style=\"font-weight: 400;\" aria-level=\"1\"><span style=\"font-weight: 400;\">Le <\/span><b>l&#039;unit\u00e9 du corps du Christ<\/b><span style=\"font-weight: 400;\"> (\u00c9ph\u00e9siens, 1 Corinthiens)<\/span><span style=\"font-weight: 400;\">\n<p><\/span><\/li>\n<li style=\"font-weight: 400;\" aria-level=\"1\"><span style=\"font-weight: 400;\">L&#039;appel \u00e0 <\/span><b>joie et contentement au milieu de la souffrance<\/b><span style=\"font-weight: 400;\"> (Philippiens)<\/span><span style=\"font-weight: 400;\">\n<p><\/span><\/li>\n<li style=\"font-weight: 400;\" aria-level=\"1\"><span style=\"font-weight: 400;\">Instructions pratiques sur le leadership, la famille, l&#039;\u00e9thique et le culte<\/span><span style=\"font-weight: 400;\">\n<p><\/span><\/li>\n<\/ul>\n<p><span style=\"font-weight: 400;\">La th\u00e9ologie chr\u00e9tienne, en particulier la th\u00e9ologie r\u00e9form\u00e9e, a ses racines profond\u00e9ment ancr\u00e9es dans les enseignements de Paul. \u00c0 travers ses \u00e9crits, <\/span><b>Le Saint-Esprit a guid\u00e9 des g\u00e9n\u00e9rations vers une compr\u00e9hension plus profonde du c\u0153ur de l\u2019\u00c9vangile.<\/b><span style=\"font-weight: 400;\">.<\/span><\/p>\n<h2><span class=\"ez-toc-section\" id=\"%C2%BFQue_nos_ensena_su_vida_sobre_el_poder_transformador_del_evangelio\"><\/span><b>Que nous apprend sa vie sur la puissance transformatrice de l\u2019\u00c9vangile ?<\/b><span class=\"ez-toc-section-end\"><\/span><\/h2>\n<p><span style=\"font-weight: 400;\">Pablo est pass\u00e9 d&#039;\u00eatre <\/span><b>Saul, f\u00e9roce pers\u00e9cuteur des chr\u00e9tiens<\/b><span style=\"font-weight: 400;\">, \u00eatre <\/span><b>le messager le plus passionn\u00e9 du Christ<\/b><span style=\"font-weight: 400;\">. Ce changement n\u2019\u00e9tait pas le r\u00e9sultat d\u2019une motivation personnelle ou d\u2019une philosophie, mais d\u2019une <\/span><b>v\u00e9ritable rencontre avec le Christ ressuscit\u00e9<\/b><span style=\"font-weight: 400;\">. Sa conversion t\u00e9moigne que <\/span><b>L\u2019\u00c9vangile a le pouvoir de briser les cha\u00eenes, de changer les mentalit\u00e9s et de r\u00e9orienter les destins.<\/b><\/p>\n<p><span style=\"font-weight: 400;\">Sa vie nous enseigne que :<\/span><\/p>\n<ul>\n<li style=\"font-weight: 400;\" aria-level=\"1\"><b>Personne n\u2019est trop loin pour \u00eatre atteint par la gr\u00e2ce de Dieu.<\/b><b>\n<p><\/b><\/li>\n<li style=\"font-weight: 400;\" aria-level=\"1\"><span style=\"font-weight: 400;\">Le pass\u00e9 ne d\u00e9termine pas l\u2019avenir lorsque le Christ intervient<\/span><span style=\"font-weight: 400;\">\n<p><\/span><\/li>\n<li style=\"font-weight: 400;\" aria-level=\"1\"><span style=\"font-weight: 400;\">Un c\u0153ur transform\u00e9 devient un instrument puissant entre les mains de Dieu.<\/span><span style=\"font-weight: 400;\">\n<p><\/span><\/li>\n<\/ul>\n<p><span style=\"font-weight: 400;\">Paul n\u2019a pas seulement \u00e9t\u00e9 transform\u00e9, mais <\/span><b>v\u00e9cu comme un t\u00e9moignage de cette puissance r\u00e9demptrice<\/b><span style=\"font-weight: 400;\">, apportant de l\u2019espoir aux Gentils, formant des disciples et \u00e9crivant des v\u00e9rit\u00e9s qui continuent de renouveler les c\u0153urs aujourd\u2019hui.<\/span><\/p>\n<h2><span class=\"ez-toc-section\" id=\"Origenes_y_contexto_cultural_de_Pablo\"><\/span><b>Origines et contexte culturel de Paul<\/b><span class=\"ez-toc-section-end\"><\/span><\/h2>\n<h3><b>Saul de Tarse : citoyennet\u00e9 romaine et \u00e9ducation juive<\/b><\/h3>\n<p><span style=\"font-weight: 400;\">Paul, dont le nom h\u00e9breu \u00e9tait <\/span><b>Sa\u00fcl<\/b><span style=\"font-weight: 400;\">, est n\u00e9 en <\/span><b>Tarse<\/b><span style=\"font-weight: 400;\">, une ville importante de Cilicie, dans l&#039;actuelle Turquie. Cela vient d&#039;un <\/span><b>Famille juive de la tribu de Benjamin<\/b><span style=\"font-weight: 400;\">, mais c&#039;\u00e9tait aussi <\/span><b>citoyen romain de naissance<\/b><span style=\"font-weight: 400;\"> (Actes 22:28), ce qui lui conf\u00e9rait des privil\u00e8ges uniques dans l\u2019empire. Cette double identit\u00e9, juive de religion et romaine de droit, lui a permis d\u2019\u00e9voluer avec autorit\u00e9 dans diff\u00e9rents contextes culturels et a \u00e9t\u00e9 essentielle \u00e0 son minist\u00e8re missionnaire ult\u00e9rieur.<\/span><\/p>\n<h3><b>L&#039;\u00e9ducation pharisa\u00efque sous Gamaliel<\/b><\/h3>\n<p><span style=\"font-weight: 400;\">D\u00e8s son plus jeune \u00e2ge, Paul fut envoy\u00e9 \u00e0 J\u00e9rusalem pour recevoir une formation religieuse aux pieds de <\/span><b>Gamaliel<\/b><span style=\"font-weight: 400;\">, l\u2019un des enseignants pharisiens les plus respect\u00e9s de son temps (Actes 22:3). Son \u00e9ducation a fait de lui un <\/span><b>expert en droit mosa\u00efque<\/b><span style=\"font-weight: 400;\">, avec une vision du monde profond\u00e9ment enracin\u00e9e dans le l\u00e9galisme juif. Cette pr\u00e9paration pharisa\u00efque l&#039;a form\u00e9 comme un homme <\/span><b>intellectuellement brillant, profond\u00e9ment religieux et jaloux des traditions<\/b><span style=\"font-weight: 400;\">.<\/span><\/p>\n<h3><b>Tarse et l&#039;environnement gr\u00e9co-romain<\/b><\/h3>\n<p><span style=\"font-weight: 400;\">Tarse n\u2019\u00e9tait pas n\u2019importe quelle ville : c\u2019\u00e9tait une <\/span><b>centre universitaire et culturel<\/b><span style=\"font-weight: 400;\"> du monde gr\u00e9co-romain, c\u00e9l\u00e8bre pour sa philosophie et sa rh\u00e9torique. Ayant grandi dans cet environnement, Saulo a \u00e9galement acquis une ma\u00eetrise de <\/span><b>Langue grecque, pens\u00e9e hell\u00e9nistique et logique argumentative<\/b><span style=\"font-weight: 400;\">, des outils qu\u2019il utilisera plus tard efficacement pour pr\u00eacher l\u2019\u00c9vangile dans les synagogues, sur les places et dans les tribunaux romains.<\/span><\/p>\n<p><span style=\"font-weight: 400;\">Paul, donc, <\/span><b>a \u00e9t\u00e9 fa\u00e7onn\u00e9 par trois mondes simultan\u00e9ment<\/b><span style=\"font-weight: 400;\">:le juda\u00efsme du droit, la culture grecque de la raison et la citoyennet\u00e9 romaine du pouvoir. Tout cela a ouvert la voie \u00e0 une mission mondiale.<\/span><\/p>\n<h2><span class=\"ez-toc-section\" id=\"Pablo_como_perseguidor_de_la_iglesia\"><\/span><b>Paul en tant que pers\u00e9cuteur de l&#039;\u00c9glise<\/b><span class=\"ez-toc-section-end\"><\/span><\/h2>\n<h3><b>Son z\u00e8le pour la loi et le juda\u00efsme traditionnel<\/b><\/h3>\n<p><span style=\"font-weight: 400;\">Avant de se convertir au christianisme, Paul \u00e9tait un pharisien radical qui consid\u00e9rait les disciples de J\u00e9sus comme <\/span><b>une menace h\u00e9r\u00e9tique pour le juda\u00efsme<\/b><span style=\"font-weight: 400;\">. Son z\u00e8le pour la loi l&#039;a conduit \u00e0 <\/span><b>pers\u00e9cuter f\u00e9rocement les chr\u00e9tiens<\/b><span style=\"font-weight: 400;\">, croyant ainsi d\u00e9fendre la puret\u00e9 de la foi de ses parents. Il l&#039;a lui-m\u00eame avou\u00e9 :<\/span><\/p>\n<p><i><span style=\"font-weight: 400;\">\u00ab Quant au z\u00e8le, pers\u00e9cuteur de l\u2019\u00c9glise\u2026 \u00bb<\/span><\/i><span style=\"font-weight: 400;\"> (Philippiens 3:6)<\/span><\/p>\n<p><span style=\"font-weight: 400;\">Cette ferveur religieuse, bien que sinc\u00e8re, \u00e9tait profond\u00e9ment erron\u00e9e et fit de lui l&#039;un des <\/span><b>les ennemis les plus redout\u00e9s du christianisme naissant.<\/b><\/p>\n<h3><b>L&#039;approbation du martyre d&#039;Etienne<\/b><\/h3>\n<p><span style=\"font-weight: 400;\">Paul appara\u00eet pour la premi\u00e8re fois dans le livre des Actes au cours de la <\/span><b>arrestation et meurtre d&#039;Esteban<\/b><span style=\"font-weight: 400;\">, le premier martyr chr\u00e9tien. Il n&#039;a pas jet\u00e9 de pierres, mais <\/span><b>a donn\u00e9 son consentement<\/b><span style=\"font-weight: 400;\"> et gardait les v\u00eatements de ceux qui les fabriquaient (Actes 7:58\u20138:1). Cet \u00e9v\u00e9nement marqua le d\u00e9but d\u2019une vague de pers\u00e9cution dans laquelle Paul joua un r\u00f4le cl\u00e9, et qui conduisit \u00e0 la dispersion de l\u2019\u00c9glise primitive.<\/span><\/p>\n<h3><b>Son chemin vers Damas avec l&#039;intention d&#039;arr\u00eater des chr\u00e9tiens<\/b><\/h3>\n<p><span style=\"font-weight: 400;\">Dans son z\u00e8le \u00e0 an\u00e9antir la \u00ab secte du Nazar\u00e9en \u00bb, Paul demanda au grand pr\u00eatre des lettres d\u2019autorisation pour se rendre \u00e0 <\/span><b>Damas<\/b><span style=\"font-weight: 400;\"> et <\/span><b>arr\u00eater les croyants l\u00e0-bas<\/b><span style=\"font-weight: 400;\"> (Actes 9:1\u20132). Il \u00e9tait pr\u00eat \u00e0 parcourir des centaines de kilom\u00e8tres juste pour \u00e9radiquer ce qu\u2019il consid\u00e9rait comme une h\u00e9r\u00e9sie.<\/span><\/p>\n<p><span style=\"font-weight: 400;\">Mais sur ce chemin, quand il \u00e9tait plein d\u2019autorit\u00e9 et de fureur, <\/span><b>se retrouva face \u00e0 face avec J\u00e9sus ressuscit\u00e9<\/b><span style=\"font-weight: 400;\">, et sa vie prit un tournant irr\u00e9versible. Ce qui \u00e9tait cens\u00e9 \u00eatre une mission d&#039;arrestation s&#039;est transform\u00e9 en <\/span><b>le d\u00e9but de sa vocation d&#039;ap\u00f4tre du Christ.<\/b><\/p>\n<h2><span class=\"ez-toc-section\" id=\"El_encuentro_con_Cristo_y_su_conversion\"><\/span><b>La rencontre avec le Christ et sa conversion<\/b><span class=\"ez-toc-section-end\"><\/span><\/h2>\n<h3><b>La vision de J\u00e9sus ressuscit\u00e9 sur la route de Damas<\/b><\/h3>\n<p><span style=\"font-weight: 400;\">Alors que Sa\u00fcl s&#039;approchait de Damas avec l&#039;intention d&#039;arr\u00eater les chr\u00e9tiens, un <\/span><b>une lumi\u00e8re brillante venue du ciel l&#039;entourait<\/b><span style=\"font-weight: 400;\"> soudainement, et tomba au sol. Puis il entendit une voix qui disait :<\/span><\/p>\n<p><i><span style=\"font-weight: 400;\">\u00ab Sa\u00fcl, Sa\u00fcl, pourquoi me pers\u00e9cutes-tu ? \u00bb<\/span><\/i><i><span style=\"font-weight: 400;\"><br \/><\/span><\/i> <i><span style=\"font-weight: 400;\">\u00ab Qui es-tu, Seigneur ? \u00bb il a demand\u00e9.<\/span><\/i><i><span style=\"font-weight: 400;\"><br \/><\/span><\/i> <i><span style=\"font-weight: 400;\">\u00ab Je suis J\u00e9sus que vous pers\u00e9cutez. \u00bb<\/span><\/i><span style=\"font-weight: 400;\"> (Actes 9:4-5)<\/span><\/p>\n<p><span style=\"font-weight: 400;\">C&#039;\u00e9tait un <\/span><b>rencontre directe avec le Christ ressuscit\u00e9<\/b><span style=\"font-weight: 400;\">, le moment qui marquerait la rupture compl\u00e8te avec son ancienne vie. Ce n\u2019\u00e9tait pas une vision subjective ni un changement philosophique, mais une <\/span><b>r\u00e9v\u00e9lation surnaturelle qui le laissa sans voix\u2026 et aveugle.<\/b><\/p>\n<h3><b>C\u00e9cit\u00e9 physique et \u00e9veil spirituel<\/b><\/h3>\n<p><span style=\"font-weight: 400;\">Apr\u00e8s la vision, Paul <\/span><b>Il est devenu aveugle pendant trois jours<\/b><span style=\"font-weight: 400;\">, sans manger ni boire (Actes 9:9). Cette c\u00e9cit\u00e9 litt\u00e9rale symbolisait son <\/span><b>condition spirituelle ant\u00e9rieure<\/b><span style=\"font-weight: 400;\">:Il avait \u00e9t\u00e9 un homme de connaissance, mais sans la v\u00e9rit\u00e9. L&#039;obscurit\u00e9 temporaire pr\u00e9parait son c\u0153ur \u00e0 <\/span><b>voir vraiment pour la premi\u00e8re fois<\/b><span style=\"font-weight: 400;\">, non plus avec des yeux humains, mais avec la foi.<\/span><\/p>\n<p><span style=\"font-weight: 400;\">Pendant ces jours-l\u00e0, seul, humili\u00e9 et confus, <\/span><b>a commenc\u00e9 \u00e0 prier<\/b><span style=\"font-weight: 400;\">, marquant le d\u00e9but de sa nouvelle relation avec Dieu (Actes 9:11).<\/span><\/p>\n<h3><b>Le r\u00f4le d&#039;Ananias et son bapt\u00eame<\/b><\/h3>\n<p><span style=\"font-weight: 400;\">Dieu a envoy\u00e9 \u00e0 <\/span><b>Ananias<\/b><span style=\"font-weight: 400;\">, un disciple fid\u00e8le \u00e0 Damas, pour prier pour Saul. Bien qu&#039;au d\u00e9but il ait eu peur de s&#039;approcher de lui, il a ob\u00e9i \u00e0 l&#039;instruction divine. Ananias, lui imposant les mains, dit :<\/span><\/p>\n<p><i><span style=\"font-weight: 400;\">\u00ab Fr\u00e8re Saul, le Seigneur J\u00e9sus\u2026 m\u2019a envoy\u00e9 pour que tu recouvres la vue et que tu sois rempli du Saint-Esprit. \u00bb<\/span><\/i><span style=\"font-weight: 400;\"> (Actes 9:17)<\/span><\/p>\n<p><span style=\"font-weight: 400;\">Imm\u00e9diatement <\/span><b>Ils tombaient de ses yeux comme des \u00e9cailles<\/b><span style=\"font-weight: 400;\">, a retrouv\u00e9 la vue et <\/span><b>a \u00e9t\u00e9 baptis\u00e9<\/b><span style=\"font-weight: 400;\">. Par l\u2019interm\u00e9diaire d\u2019Ananias, Paul a non seulement re\u00e7u la gu\u00e9rison physique, mais <\/span><b>confirmation de son appel et de sa communion avec l&#039;\u00c9glise<\/b><span style=\"font-weight: 400;\">.<\/span><\/p>\n<h3><b>Premiers pas dans votre nouvelle foi<\/b><\/h3>\n<p><span style=\"font-weight: 400;\">Apr\u00e8s sa conversion, Paul <\/span><b>n&#039;a plus jamais \u00e9t\u00e9 le m\u00eame<\/b><span style=\"font-weight: 400;\">. De pers\u00e9cuteur, il devient pr\u00e9dicateur. Il commen\u00e7a \u00e0 proclamer dans les synagogues que <\/span><b>J\u00e9sus est le Fils de Dieu<\/b><span style=\"font-weight: 400;\">, surprenant tous ceux qui le connaissaient par sa r\u00e9putation ant\u00e9rieure (Actes 9:20\u201321).<\/span><\/p>\n<p><span style=\"font-weight: 400;\">Bien qu&#039;il ait d\u00fb faire face \u00e0 la suspicion et \u00e0 l&#039;opposition, <\/span><b>sa transformation \u00e9tait ind\u00e9niable<\/b><span style=\"font-weight: 400;\">. Il se retira en Arabie pendant un certain temps (Galates 1:17), peut-\u00eatre pour recevoir une r\u00e9v\u00e9lation directe du Seigneur et se pr\u00e9parer spirituellement. Il retourne ensuite \u00e0 Damas puis \u00e0 J\u00e9rusalem, entamant un chemin qui le conduira \u00e0 devenir <\/span><b>l&#039;ap\u00f4tre le plus influent du Nouveau Testament.<\/b><\/p>\n<p><span style=\"font-weight: 400;\">Sa conversion n\u2019\u00e9tait pas un changement superficiel, mais <\/span><b>un abandon total au pouvoir de la gr\u00e2ce<\/b><span style=\"font-weight: 400;\">. Sa vie prouverait que <\/span><b>Personne n\u2019est hors de port\u00e9e de la mis\u00e9ricorde de Dieu.<\/b><\/p>\n<h2><span class=\"ez-toc-section\" id=\"Pablo_como_apostol_de_los_gentiles\"><\/span><b>Paul, ap\u00f4tre des Gentils<\/b><span class=\"ez-toc-section-end\"><\/span><\/h2>\n<h3><b>Appel sp\u00e9cial et mission du Seigneur<\/b><\/h3>\n<p><span style=\"font-weight: 400;\">D\u00e8s le moment de sa conversion, Dieu lui a clairement fait comprendre que <\/span><b>Paul avait une mission sp\u00e9cifique et radicalement diff\u00e9rente<\/b><span style=\"font-weight: 400;\"> \u00e0 celle des autres ap\u00f4tres : apporter l\u2019\u00c9vangile aux Gentils. J\u00e9sus dit \u00e0 Ananias :<\/span><\/p>\n<p><i><span style=\"font-weight: 400;\">\u00ab Ceci est un instrument que j\u2019ai choisi, pour porter mon nom devant les nations, devant les rois et devant les enfants d\u2019Isra\u00ebl. \u00bb<\/span><\/i><span style=\"font-weight: 400;\"> (Actes 9:15)<\/span><\/p>\n<p><span style=\"font-weight: 400;\">Cet appel n\u2019\u00e9tait pas de ma propre initiative, mais d\u2019une <\/span><b>commission directe du Seigneur<\/b><span style=\"font-weight: 400;\">. Contrairement \u00e0 Pierre, dont le travail \u00e9tait concentr\u00e9 sur les Juifs, Paul \u00e9tait <\/span><b>envoy\u00e9 au-del\u00e0 des fronti\u00e8res d&#039;Isra\u00ebl<\/b><span style=\"font-weight: 400;\">, vers des territoires pa\u00efens, des villes strat\u00e9giques de l&#039;Empire romain et des cultures compl\u00e8tement \u00e9trang\u00e8res au juda\u00efsme.<\/span><\/p>\n<h3><b>Pourquoi vous \u00eates-vous concentr\u00e9 sur les non-juifs ?<\/b><\/h3>\n<p><span style=\"font-weight: 400;\">Bien que Paul ait toujours commenc\u00e9 \u00e0 pr\u00eacher dans les synagogues de chaque ville, son message \u00e9tait toujours <\/span><b>rejet\u00e9 par de nombreux juifs religieux<\/b><span style=\"font-weight: 400;\">. Au contraire, les Gentils qui ne connaissent pas la Loi <\/span><b>Ils ont re\u00e7u l\u2019\u00c9vangile avec ouverture et foi.<\/b><\/p>\n<p><span style=\"font-weight: 400;\">Ce mod\u00e8le est devenu si \u00e9vident qu&#039;il a lui-m\u00eame d\u00e9clar\u00e9 :<\/span><\/p>\n<p><i><span style=\"font-weight: 400;\">\u00ab Il \u00e9tait n\u00e9cessaire que la parole de Dieu vous soit annonc\u00e9e premi\u00e8rement ; mais\u2026 voici, nous nous tournons vers les pa\u00efens. \u00bb<\/span><\/i><span style=\"font-weight: 400;\"> (Actes 13:46)<\/span><\/p>\n<p><span style=\"font-weight: 400;\">Paul a compris que <\/span><b>l&#039;\u00c9vangile \u00e9tait pour tout le monde<\/b><span style=\"font-weight: 400;\">, et que son r\u00f4le \u00e9tait <\/span><b>ouvrir la porte du Royaume \u00e0 ceux qui \u00e9taient auparavant loin<\/b><span style=\"font-weight: 400;\">. Son identit\u00e9 de pharisien s\u2019est abandonn\u00e9e \u00e0 sa vocation d\u2019ap\u00f4tre de la gr\u00e2ce.<\/span><\/p>\n<h3><b>La tension entre le juda\u00efsme et l&#039;\u00e9vangile de la gr\u00e2ce<\/b><\/h3>\n<p><span style=\"font-weight: 400;\">L\u2019un des plus grands d\u00e9fis du minist\u00e8re de Paul \u00e9tait de faire face <\/span><b>la r\u00e9sistance des juda\u00efsants<\/b><span style=\"font-weight: 400;\">, qui insistait sur le fait que les Gentils devaient respecter la loi de Mo\u00efse (circoncision, r\u00e9gime alimentaire, etc.) pour \u00eatre sauv\u00e9s.<\/span><\/p>\n<p><span style=\"font-weight: 400;\">Paul a d\u00e9fendu avec passion la v\u00e9rit\u00e9 selon laquelle <\/span><b>Le salut vient par la gr\u00e2ce seule par la foi<\/b><span style=\"font-weight: 400;\">, sans qu&#039;il soit n\u00e9cessaire d&#039;y ajouter des \u00e9l\u00e9ments juridiques. Cette tension est \u00e9vidente dans des lettres telles que <\/span><b>Galates et Romains<\/b><span style=\"font-weight: 400;\">, o\u00f9 il montre :<\/span><\/p>\n<ul>\n<li style=\"font-weight: 400;\" aria-level=\"1\"><span style=\"font-weight: 400;\">Que le <\/span><b>La loi ne peut justifier le p\u00e9cheur<\/b><b>\n<p><\/b><\/li>\n<li style=\"font-weight: 400;\" aria-level=\"1\"><span style=\"font-weight: 400;\">Que le Christ a d\u00e9j\u00e0 accompli tout ce qui est n\u00e9cessaire<\/span><span style=\"font-weight: 400;\">\n<p><\/span><\/li>\n<li style=\"font-weight: 400;\" aria-level=\"1\"><span style=\"font-weight: 400;\">Qu&#039;en Lui <\/span><b>il n&#039;y a ni Juif ni Grec<\/b><span style=\"font-weight: 400;\">, mais une nouvelle humanit\u00e9 r\u00e9concili\u00e9e<\/span><span style=\"font-weight: 400;\">\n<p><\/span><\/li>\n<\/ul>\n<p><span style=\"font-weight: 400;\">Son enseignement \u00e9tait <\/span><b>r\u00e9volutionnaire et scandaleux<\/b><span style=\"font-weight: 400;\"> pour beaucoup, mais <\/span><b>fondamental pour comprendre l\u2019\u00c9vangile biblique.<\/b><\/p>\n<h3><b>Sa d\u00e9fense de l\u2019\u00c9vangile devant les ap\u00f4tres \u00e0 J\u00e9rusalem<\/b><\/h3>\n<p><span style=\"font-weight: 400;\">Dans Actes 15, Paul a particip\u00e9 \u00e0 la <\/span><b>Concile de J\u00e9rusalem<\/b><span style=\"font-weight: 400;\">, une r\u00e9union cl\u00e9 o\u00f9 les ap\u00f4tres et les anciens discutaient de la question de savoir si les croyants non juifs devaient respecter la loi juive. Paul a fermement d\u00e9fendu :<\/span><\/p>\n<ul>\n<li style=\"font-weight: 400;\" aria-level=\"1\"><span style=\"font-weight: 400;\">Que <\/span><b>Dieu avait d\u00e9j\u00e0 r\u00e9pandu l\u2019Esprit sur les nations sans loi<\/b><b>\n<p><\/b><\/li>\n<li style=\"font-weight: 400;\" aria-level=\"1\"><span style=\"font-weight: 400;\">Que leur imposer la Loi \u00e9tait <\/span><b>porter un joug que m\u00eame les Juifs ne pourraient pas porter<\/b><b>\n<p><\/b><\/li>\n<li style=\"font-weight: 400;\" aria-level=\"1\"><span style=\"font-weight: 400;\">Ce salut est <\/span><b>seulement par la gr\u00e2ce du Seigneur J\u00e9sus<\/b><span style=\"font-weight: 400;\"> (Actes 15:11)<\/span><span style=\"font-weight: 400;\">\n<p><\/span><\/li>\n<\/ul>\n<p><span style=\"font-weight: 400;\">Son intervention, ainsi que la confirmation de Pierre et de Jacques, ont conduit \u00e0 une r\u00e9solution historique : <\/span><b>ne pas imposer la Loi aux Gentils<\/b><span style=\"font-weight: 400;\">, mais pour affirmer que <\/span><b>la foi en Christ suffit<\/b><span style=\"font-weight: 400;\">.<\/span><\/p>\n<p><span style=\"font-weight: 400;\">Alors, Paul <\/span><b>Il a affirm\u00e9 son apostolat et prot\u00e9g\u00e9 la libert\u00e9 de l&#039;\u00c9vangile<\/b><span style=\"font-weight: 400;\"> et a ouvert la voie \u00e0 l\u2019expansion mondiale de l\u2019\u00c9glise.<\/span><\/p>\n<h2><span class=\"ez-toc-section\" id=\"Sus_viajes_misioneros\"><\/span><b>Ses voyages missionnaires<\/b><span class=\"ez-toc-section-end\"><\/span><\/h2>\n<h3><b>Premier voyage missionnaire : l&#039;Asie Mineure<\/b><\/h3>\n<p><span style=\"font-weight: 400;\">Il <\/span><b>Le premier voyage missionnaire de Paul<\/b><span style=\"font-weight: 400;\"> parti d&#039;Antioche avec <\/span><b>Barnabas et Jean Marc<\/b><span style=\"font-weight: 400;\"> (Actes 13\u201314). Ils ont visit\u00e9 Chypre et plusieurs r\u00e9gions d&#039;Asie Mineure, comme <\/span><b>Pisidie, Iconium, Lystre et Derbe<\/b><span style=\"font-weight: 400;\">. Au cours de cette tourn\u00e9e :<\/span><\/p>\n<ul>\n<li style=\"font-weight: 400;\" aria-level=\"1\"><span style=\"font-weight: 400;\">Ils pr\u00each\u00e8rent d\u2019abord aux Juifs dans les synagogues, puis aux Gentils.<\/span><span style=\"font-weight: 400;\">\n<p><\/span><\/li>\n<li style=\"font-weight: 400;\" aria-level=\"1\"><span style=\"font-weight: 400;\">Ils se faisaient face <\/span><b>opposition, pers\u00e9cution et m\u00eame lapidation<\/b><span style=\"font-weight: 400;\"> (comme \u00e0 Lystre).<\/span><span style=\"font-weight: 400;\">\n<p><\/span><\/li>\n<li style=\"font-weight: 400;\" aria-level=\"1\"><span style=\"font-weight: 400;\">Ils ont fond\u00e9 <\/span><b>nouvelles communaut\u00e9s chr\u00e9tiennes<\/b><span style=\"font-weight: 400;\"> et a renforc\u00e9 la foi des croyants.<\/span><span style=\"font-weight: 400;\">\n<p><\/span><\/li>\n<\/ul>\n<p><span style=\"font-weight: 400;\">Ce voyage a marqu\u00e9 le d\u00e9but du mod\u00e8le missionnaire paulinien : <\/span><b>entrer dans les villes cl\u00e9s, pr\u00eacher l\u2019\u00c9vangile, faire des disciples et \u00e9tablir des \u00e9glises.<\/b><\/p>\n<h3><b>Deuxi\u00e8me voyage : Mac\u00e9doine, Gr\u00e8ce et l&#039;Ar\u00e9opage d&#039;Ath\u00e8nes<\/b><\/h3>\n<p><span style=\"font-weight: 400;\">Dans son <\/span><b>deuxi\u00e8me voyage missionnaire<\/b><span style=\"font-weight: 400;\">, Pablo a voyag\u00e9 avec <\/span><b>Silas<\/b><span style=\"font-weight: 400;\"> (et plus tard Timoth\u00e9e et Luc le rejoignirent), et il fut conduit par une vision \u00e0 traverser vers <\/span><b>Mac\u00e9doine<\/b><span style=\"font-weight: 400;\"> (Actes 16\u201318), ouvrant l\u2019\u00c9vangile \u00e0 l\u2019Europe. Villes en vedette :<\/span><\/p>\n<ul>\n<li style=\"font-weight: 400;\" aria-level=\"1\"><b>Philippes<\/b><span style=\"font-weight: 400;\">: conversion de Lydie, lib\u00e9ration d&#039;une jeune esclave et emprisonnement miraculeux.<\/span><span style=\"font-weight: 400;\">\n<p><\/span><\/li>\n<li style=\"font-weight: 400;\" aria-level=\"1\"><b>Thessalonique et B\u00e9r\u00e9e<\/b><span style=\"font-weight: 400;\">: certains y ont cru, d&#039;autres se sont r\u00e9volt\u00e9s.<\/span><span style=\"font-weight: 400;\">\n<p><\/span><\/li>\n<li style=\"font-weight: 400;\" aria-level=\"1\"><b>Ath\u00e8nes<\/b><span style=\"font-weight: 400;\">:A l\u2019Ar\u00e9opage, Paul a prononc\u00e9 un discours philosophico-th\u00e9ologique, adapt\u00e9 \u00e0 la pens\u00e9e grecque, annon\u00e7ant le \u00ab Dieu inconnu \u00bb comme le v\u00e9ritable Seigneur ressuscit\u00e9.<\/span><span style=\"font-weight: 400;\">\n<p><\/span><\/li>\n<li style=\"font-weight: 400;\" aria-level=\"1\"><b>Bordeaux<\/b><span style=\"font-weight: 400;\">:J&#039;ai pass\u00e9 un an et demi \u00e0 implanter une \u00e9glise forte au milieu d&#039;une ville moralement corrompue.<\/span><span style=\"font-weight: 400;\">\n<p><\/span><\/li>\n<\/ul>\n<p><span style=\"font-weight: 400;\">Ce voyage a montr\u00e9 la capacit\u00e9 de Paul \u00e0 <\/span><b>adapter le message sans alt\u00e9rer l&#039;\u00e9vangile<\/b><span style=\"font-weight: 400;\">, et comment l&#039;\u00c9vangile <\/span><b>p\u00e9n\u00e9tr\u00e9 les centres intellectuels et commerciaux.<\/b><\/p>\n<h3><b>Troisi\u00e8me voyage : \u00c9ph\u00e8se et renforcement des \u00e9glises<\/b><\/h3>\n<p><span style=\"font-weight: 400;\">Dans son <\/span><b>troisi\u00e8me voyage<\/b><span style=\"font-weight: 400;\"> (Actes 18:23\u201321:14), Paul s&#039;est concentr\u00e9 sur <\/span><b>consolider et enseigner<\/b><span style=\"font-weight: 400;\"> aux \u00e9glises fond\u00e9es ant\u00e9rieurement. Le centre de sa mission \u00e9tait <\/span><b>\u00c9ph\u00e8se<\/b><span style=\"font-weight: 400;\">, o\u00f9 il est rest\u00e9 environ trois ans :<\/span><\/p>\n<ul>\n<li style=\"font-weight: 400;\" aria-level=\"1\"><span style=\"font-weight: 400;\">Il enseignait quotidiennement \u00e0 l&#039;\u00e9cole de Tiranno.<\/span><span style=\"font-weight: 400;\">\n<p><\/span><\/li>\n<li style=\"font-weight: 400;\" aria-level=\"1\"><span style=\"font-weight: 400;\">Il a accompli des miracles et a d\u00fb faire face \u00e0 des conflits avec l\u2019idol\u00e2trie locale.<\/span><span style=\"font-weight: 400;\">\n<p><\/span><\/li>\n<li style=\"font-weight: 400;\" aria-level=\"1\"><span style=\"font-weight: 400;\">Il suscita des dirigeants et envoya des ouvriers de l\u00e0-bas.<\/span><span style=\"font-weight: 400;\">\n<p><\/span><\/li>\n<\/ul>\n<p><span style=\"font-weight: 400;\">Il est \u00e9galement pass\u00e9 par <\/span><b>Mac\u00e9doine, Corinthe et Milet<\/b><span style=\"font-weight: 400;\">, d&#039;o\u00f9 il pronon\u00e7a un discours \u00e9mouvant devant les anciens d&#039;\u00c9ph\u00e8se. Ce voyage souligne son <\/span><b>r\u00f4le pastoral et formation des dirigeants<\/b><span style=\"font-weight: 400;\">, ainsi qu&#039;un \u00e9vang\u00e9liste.<\/span><\/p>\n<h3><b>Dernier voyage \u00e0 Rome et son emprisonnement<\/b><\/h3>\n<p><span style=\"font-weight: 400;\">Apr\u00e8s avoir \u00e9t\u00e9 <\/span><b>arr\u00eat\u00e9 \u00e0 J\u00e9rusalem<\/b><span style=\"font-weight: 400;\"> Injustement, Paul a fait appel \u00e0 sa citoyennet\u00e9 romaine et a \u00e9t\u00e9 envoy\u00e9 \u00e0 <\/span><b>Rome<\/b><span style=\"font-weight: 400;\"> compara\u00eetre devant C\u00e9sar (Actes 21\u201328). Le voyage comprenait :<\/span><\/p>\n<ul>\n<li style=\"font-weight: 400;\" aria-level=\"1\"><span style=\"font-weight: 400;\">UN <\/span><b>naufrage \u00e0 Malte<\/b><b>\n<p><\/b><\/li>\n<li style=\"font-weight: 400;\" aria-level=\"1\"><span style=\"font-weight: 400;\">Les minist\u00e8res en plein danger<\/span><span style=\"font-weight: 400;\">\n<p><\/span><\/li>\n<li style=\"font-weight: 400;\" aria-level=\"1\"><span style=\"font-weight: 400;\">M\u00eame en \u00e9tant <\/span><b>emprisonn\u00e9, il pr\u00eachait librement<\/b><span style=\"font-weight: 400;\">, \u00e9crivant des lettres puissantes (telles que Philippiens, Colossiens et Phil\u00e9mon).<\/span><span style=\"font-weight: 400;\">\n<p><\/span><\/li>\n<\/ul>\n<p><span style=\"font-weight: 400;\">Bien qu&#039;il f\u00fbt prisonnier, <\/span><b>l&#039;\u00e9vangile n&#039;\u00e9tait pas<\/b><span style=\"font-weight: 400;\">. Son dernier t\u00e9moignage \u00e0 Rome <\/span><b>a inspir\u00e9 le courage et la fid\u00e9lit\u00e9 dans l\u2019\u00c9glise primitive.<\/b><\/p>\n<h3><b>Cartes, itin\u00e9raires et contributions (Barnab\u00e9, Silas, Timoth\u00e9e, Luc)<\/b><\/h3>\n<p><span style=\"font-weight: 400;\">Les voyages de Paul n\u2019\u00e9taient pas des entreprises solitaires. <\/span><b>Il a toujours voyag\u00e9 en \u00e9quipe<\/b><span style=\"font-weight: 400;\">, refl\u00e9tant sa vision de <\/span><b>minist\u00e8re collaboratif et formateur<\/b><span style=\"font-weight: 400;\">. Parmi ses coll\u00e8gues les plus notables, on peut citer :<\/span><\/p>\n<ul>\n<li style=\"font-weight: 400;\" aria-level=\"1\"><b>Barnab\u00e9<\/b><span style=\"font-weight: 400;\">: son premier mentor et partenaire initial.<\/span><span style=\"font-weight: 400;\">\n<p><\/span><\/li>\n<li style=\"font-weight: 400;\" aria-level=\"1\"><b>Silas<\/b><span style=\"font-weight: 400;\">:fid\u00e8le collaborateur lors du deuxi\u00e8me voyage.<\/span><span style=\"font-weight: 400;\">\n<p><\/span><\/li>\n<li style=\"font-weight: 400;\" aria-level=\"1\"><b>Timoth\u00e9e<\/b><span style=\"font-weight: 400;\">:disciple spirituel devenu pasteur et h\u00e9ritier minist\u00e9riel.<\/span><span style=\"font-weight: 400;\">\n<p><\/span><\/li>\n<li style=\"font-weight: 400;\" aria-level=\"1\"><b>Luc<\/b><span style=\"font-weight: 400;\">:m\u00e9decin, historien et auteur des Actes ; accompagn\u00e9 Pablo \u00e0 plusieurs moments cl\u00e9s.<\/span><span style=\"font-weight: 400;\">\n<p><\/span><\/li>\n<\/ul>\n<p><span style=\"font-weight: 400;\">Les cartes qui enregistrent leurs itin\u00e9raires missionnaires couvrent des milliers de kilom\u00e8tres, traversant des continents et des cultures. Son h\u00e9ritage <\/span><b>Ce n\u2019est pas seulement th\u00e9ologique, mais g\u00e9ographique et communautaire<\/b><span style=\"font-weight: 400;\">:Il a implant\u00e9 des \u00e9glises au c\u0153ur du monde gr\u00e9co-romain.<\/span><\/p>\n<p><b>Chaque ville visit\u00e9e, chaque compagnon form\u00e9 et chaque lettre \u00e9crite font partie de l\u2019immense h\u00e9ritage apostolique de Paul.<\/b><\/p>\n<h2><span class=\"ez-toc-section\" id=\"Las_cartas_del_apostol_Pablo\"><\/span><b>Les lettres de l&#039;ap\u00f4tre Paul<\/b><span class=\"ez-toc-section-end\"><\/span><\/h2>\n<h3><b>Classification : \u00c9p\u00eetres pauliniennes (authentiques et d\u00e9battues)<\/b><\/h3>\n<p><span style=\"font-weight: 400;\">L&#039;ap\u00f4tre Paul a \u00e9crit <\/span><b>au moins 13 lettres<\/b><span style=\"font-weight: 400;\"> qui apparaissent dans le Nouveau Testament, connus sous le nom de <\/span><b>\u00e9p\u00eetres pauliniennes<\/b><span style=\"font-weight: 400;\">. Les chercheurs les classent en deux groupes :<\/span><\/p>\n<ul>\n<li style=\"font-weight: 400;\" aria-level=\"1\"><b>\u00c9p\u00eetres authentiques<\/b><span style=\"font-weight: 400;\"> (sans d\u00e9bat sur la paternit\u00e9) : Romains, 1 et 2 Corinthiens, Galates, Philippiens, 1 Thessaloniciens, Phil\u00e9mon.<\/span><span style=\"font-weight: 400;\">\n<p><\/span><\/li>\n<li style=\"font-weight: 400;\" aria-level=\"1\"><b>\u00c9p\u00eetres d\u00e9battues<\/b><span style=\"font-weight: 400;\"> (certains \u00e9rudits se demandent si elles ont \u00e9t\u00e9 \u00e9crites directement par Paul ou par des disciples sous son autorit\u00e9) : \u00c9ph\u00e9siens, Colossiens, 2 Thessaloniciens, 1 et 2 Timoth\u00e9e, Tite.<\/span><span style=\"font-weight: 400;\">\n<p><\/span><\/li>\n<\/ul>\n<p><span style=\"font-weight: 400;\">Malgr\u00e9 des diff\u00e9rences critiques, la <\/span><b>L&#039;\u00c9glise historique a reconnu l&#039;autorit\u00e9 apostolique<\/b><span style=\"font-weight: 400;\"> de tous, et leur valeur th\u00e9ologique demeure intacte dans la foi chr\u00e9tienne.<\/span><\/p>\n<h3><b>Lettres aux \u00e9glises : Romains, Corinthiens, Galates, etc.<\/b><\/h3>\n<p><span style=\"font-weight: 400;\">Ces lettres \u00e9taient adress\u00e9es \u00e0 <\/span><b>communaut\u00e9s sp\u00e9cifiques de croyants<\/b><span style=\"font-weight: 400;\"> dans diff\u00e9rentes villes de l&#039;Empire romain. Parmi les plus notables :<\/span><\/p>\n<ul>\n<li style=\"font-weight: 400;\" aria-level=\"1\"><b>Romains<\/b><span style=\"font-weight: 400;\">: l&#039;exposition la plus syst\u00e9matique de l&#039;\u00c9vangile et de la justification par la foi.<\/span><span style=\"font-weight: 400;\">\n<p><\/span><\/li>\n<li style=\"font-weight: 400;\" aria-level=\"1\"><b>1 et 2 Corinthiens<\/b><span style=\"font-weight: 400;\">:aborde les divisions, les dons spirituels, l\u2019immoralit\u00e9 et la r\u00e9surrection.<\/span><span style=\"font-weight: 400;\">\n<p><\/span><\/li>\n<li style=\"font-weight: 400;\" aria-level=\"1\"><b>Galates<\/b><span style=\"font-weight: 400;\">: d\u00e9fense v\u00e9h\u00e9mente de la gr\u00e2ce contre le l\u00e9galisme.<\/span><span style=\"font-weight: 400;\">\n<p><\/span><\/li>\n<li style=\"font-weight: 400;\" aria-level=\"1\"><b>\u00c9ph\u00e9siens et Colossiens<\/b><span style=\"font-weight: 400;\">:Ils r\u00e9fl\u00e9chissent sur l\u2019\u00c9glise en tant que corps du Christ et sur la supr\u00e9matie de J\u00e9sus.<\/span><span style=\"font-weight: 400;\">\n<p><\/span><\/li>\n<li style=\"font-weight: 400;\" aria-level=\"1\"><b>Philippiens<\/b><span style=\"font-weight: 400;\">:une lettre de joie, d&#039;humilit\u00e9 et d&#039;unit\u00e9 au milieu de la prison.<\/span><span style=\"font-weight: 400;\">\n<p><\/span><\/li>\n<li style=\"font-weight: 400;\" aria-level=\"1\"><b>1 et 2 Thessaloniciens<\/b><span style=\"font-weight: 400;\">:encourager la jeune \u00e9glise dans l&#039;esp\u00e9rance du retour du Christ.<\/span><span style=\"font-weight: 400;\">\n<p><\/span><\/li>\n<\/ul>\n<p><span style=\"font-weight: 400;\">Ces lettres refl\u00e8tent la <\/span><b>capacit\u00e9 pastorale, doctrinale et contextuelle<\/b><span style=\"font-weight: 400;\"> de Paul, enseignant et corrigeant selon les r\u00e9alit\u00e9s de chaque assembl\u00e9e.<\/span><\/p>\n<h3><b>Lettres pastorales : 1 et 2 Timoth\u00e9e, Tite<\/b><\/h3>\n<p><span style=\"font-weight: 400;\">Ces trois lettres sont connues sous le nom de <\/span><b>&quot;pastorale&quot;<\/b><span style=\"font-weight: 400;\"> parce qu&#039;ils ont \u00e9t\u00e9 \u00e9crits pour <\/span><b>dirigeants individuels<\/b><span style=\"font-weight: 400;\"> (Timoth\u00e9e et Tite), afin de <\/span><b>les guider dans l&#039;organisation et la direction de l&#039;\u00e9glise locale<\/b><span style=\"font-weight: 400;\">. Dans ces \u00e9crits, Paul enseigne :<\/span><\/p>\n<ul>\n<li style=\"font-weight: 400;\" aria-level=\"1\"><span style=\"font-weight: 400;\">Qualit\u00e9s des \u00e9v\u00eaques et des diacres<\/span><span style=\"font-weight: 400;\">\n<p><\/span><\/li>\n<li style=\"font-weight: 400;\" aria-level=\"1\"><span style=\"font-weight: 400;\">Comment enseigner la saine doctrine<\/span><span style=\"font-weight: 400;\">\n<p><\/span><\/li>\n<li style=\"font-weight: 400;\" aria-level=\"1\"><span style=\"font-weight: 400;\">Comment affronter les faux enseignements<\/span><span style=\"font-weight: 400;\">\n<p><\/span><\/li>\n<li style=\"font-weight: 400;\" aria-level=\"1\"><span style=\"font-weight: 400;\">La valeur de la pi\u00e9t\u00e9, de la fermet\u00e9 et de la v\u00e9rit\u00e9<\/span><span style=\"font-weight: 400;\">\n<p><\/span><\/li>\n<\/ul>\n<p><span style=\"font-weight: 400;\">Ils expriment \u00e9galement leur <\/span><b>soins personnels, amour paternel et h\u00e9ritage apostolique<\/b><span style=\"font-weight: 400;\">, alors que la fin de sa vie approchait. Ils sont essentiels \u00e0 la compr\u00e9hension <\/span><b>discipulat, mentorat et leadership chr\u00e9tien.<\/b><\/p>\n<h3><b>Th\u00e8mes principaux : justification, gr\u00e2ce, foi, unit\u00e9, esp\u00e9rance<\/b><\/h3>\n<p><span style=\"font-weight: 400;\">Tout au long de ses lettres, Paul d\u00e9veloppe <\/span><b>grands piliers th\u00e9ologiques<\/b><span style=\"font-weight: 400;\">:<\/span><\/p>\n<ul>\n<li style=\"font-weight: 400;\" aria-level=\"1\"><b>Justification par la foi<\/b><span style=\"font-weight: 400;\">:Un \u00eatre humain est d\u00e9clar\u00e9 juste non par ses \u0153uvres, mais par sa foi en Christ (Romains 3:28).<\/span><span style=\"font-weight: 400;\">\n<p><\/span><\/li>\n<li style=\"font-weight: 400;\" aria-level=\"1\"><b>Gr\u00e2ce de Dieu<\/b><span style=\"font-weight: 400;\">:Le salut est un don imm\u00e9rit\u00e9 (\u00c9ph\u00e9siens 2:8\u20139).<\/span><span style=\"font-weight: 400;\">\n<p><\/span><\/li>\n<li style=\"font-weight: 400;\" aria-level=\"1\"><b>La foi comme fondement<\/b><span style=\"font-weight: 400;\">:C\u2019est par la foi que l\u2019on re\u00e7oit, que l\u2019on vit et que l\u2019on esp\u00e8re la justice (Galates 2:20).<\/span><span style=\"font-weight: 400;\">\n<p><\/span><\/li>\n<li style=\"font-weight: 400;\" aria-level=\"1\"><b>L&#039;unit\u00e9 dans le Christ<\/b><span style=\"font-weight: 400;\">:Il n\u2019y a plus de distinction entre Juifs et Gentils (\u00c9ph\u00e9siens 2:14\u201316).<\/span><span style=\"font-weight: 400;\">\n<p><\/span><\/li>\n<li style=\"font-weight: 400;\" aria-level=\"1\"><b>Espoir pour l&#039;avenir<\/b><span style=\"font-weight: 400;\">: la r\u00e9surrection et la seconde venue du Christ comme r\u00e9confort et objectif (1 Thessaloniciens 4:13\u201318).<\/span><span style=\"font-weight: 400;\">\n<p><\/span><\/li>\n<\/ul>\n<p><span style=\"font-weight: 400;\">Ces probl\u00e8mes demeurent <\/span><b>au c\u0153ur de la th\u00e9ologie chr\u00e9tienne<\/b><span style=\"font-weight: 400;\"> \u00e0 ce jour.<\/span><\/p>\n<h3><b>Style, ton et profondeur th\u00e9ologique de ses \u00e9crits<\/b><\/h3>\n<p><span style=\"font-weight: 400;\">Les lettres de Paul combinent <\/span><b>passion pastorale avec profondeur doctrinale<\/b><span style=\"font-weight: 400;\">. Son style varie :<\/span><\/p>\n<ul>\n<li style=\"font-weight: 400;\" aria-level=\"1\"><span style=\"font-weight: 400;\">Cela pourrait \u00eatre <\/span><b>logique et structur\u00e9<\/b><span style=\"font-weight: 400;\"> (comme dans Romains),<\/span><span style=\"font-weight: 400;\">\n<p><\/span><\/li>\n<li style=\"font-weight: 400;\" aria-level=\"1\"><b>\u00c9motionnel et conflictuel<\/b><span style=\"font-weight: 400;\"> (comme dans Galates),<\/span><span style=\"font-weight: 400;\">\n<p><\/span><\/li>\n<li style=\"font-weight: 400;\" aria-level=\"1\"><b>Tendre et personnel<\/b><span style=\"font-weight: 400;\"> (comme dans Phil\u00e9mon),<\/span><span style=\"font-weight: 400;\">\n<p><\/span><\/li>\n<li style=\"font-weight: 400;\" aria-level=\"1\"><span style=\"font-weight: 400;\">SOIT <\/span><b>inspirant et po\u00e9tique<\/b><span style=\"font-weight: 400;\"> (comme dans Philippiens 2:5\u201311).<\/span><span style=\"font-weight: 400;\">\n<p><\/span><\/li>\n<\/ul>\n<p><span style=\"font-weight: 400;\">Paul utilise des m\u00e9taphores, des arguments juridiques, des exhortations pratiques et des doxologies pour <\/span><b>enseigner, corriger, encourager et glorifier le Christ<\/b><span style=\"font-weight: 400;\">. Son h\u00e9ritage litt\u00e9raire <\/span><b>a fa\u00e7onn\u00e9 la pens\u00e9e chr\u00e9tienne pendant plus de deux mille ans.<\/b><\/p>\n<h2><span class=\"ez-toc-section\" id=\"El_pensamiento_teologico_de_Pablo\"><\/span><b>La pens\u00e9e th\u00e9ologique de Paul<\/b><span class=\"ez-toc-section-end\"><\/span><\/h2>\n<h3><b>Doctrine de la justification par la foi<\/b><\/h3>\n<p><span style=\"font-weight: 400;\">L\u2019un des piliers de la pens\u00e9e paulinienne est que l\u2019\u00eatre humain <\/span><b>ne peut \u00eatre justifi\u00e9 devant Dieu par les \u0153uvres<\/b><span style=\"font-weight: 400;\">, mais est d\u00e9clar\u00e9 juste seulement <\/span><b>par la foi en J\u00e9sus-Christ<\/b><span style=\"font-weight: 400;\">. Cette v\u00e9rit\u00e9 est particuli\u00e8rement d\u00e9velopp\u00e9e dans Romains et Galates :<\/span><\/p>\n<p><i><span style=\"font-weight: 400;\">\u00ab C\u2019est pourquoi, \u00e9tant justifi\u00e9s par la foi, nous avons la paix avec Dieu par notre Seigneur J\u00e9sus-Christ. \u00bb<\/span><\/i><span style=\"font-weight: 400;\"> (Romains 5:1)<\/span><\/p>\n<p><span style=\"font-weight: 400;\">Paul a confront\u00e9 \u00e0 la fois le l\u00e9galisme juif et toute tentative humaine d&#039;obtenir la faveur divine, d\u00e9clarant que <\/span><b>Le salut est un acte de gr\u00e2ce, pas de m\u00e9rite<\/b><span style=\"font-weight: 400;\">.<\/span><\/p>\n<h3><b>La gr\u00e2ce contre la loi<\/b><\/h3>\n<p><span style=\"font-weight: 400;\">Pour Pablo, le <\/span><b>Loi de Mo\u00efse<\/b><span style=\"font-weight: 400;\"> Elle \u00e9tait sainte et bonne, mais <\/span><b>incapable de sauvegarder<\/b><span style=\"font-weight: 400;\">. Son but \u00e9tait de montrer le p\u00e9ch\u00e9 et de nous conduire \u00e0 Christ (Galates 3:24). Le <\/span><b>dr\u00f4le<\/b><span style=\"font-weight: 400;\">, d\u2019autre part, est la disposition gratuite de Dieu pour la r\u00e9demption :<\/span><\/p>\n<ul>\n<li style=\"font-weight: 400;\" aria-level=\"1\"><span style=\"font-weight: 400;\">La loi <\/span><b>accuse<\/b><span style=\"font-weight: 400;\">, mais la gr\u00e2ce <\/span><b>D\u00e9sol\u00e9<\/b><span style=\"font-weight: 400;\">.<\/span><span style=\"font-weight: 400;\">\n<p><\/span><\/li>\n<li style=\"font-weight: 400;\" aria-level=\"1\"><span style=\"font-weight: 400;\">La loi <\/span><b>demandes<\/b><span style=\"font-weight: 400;\">, mais la gr\u00e2ce <\/span><b>trains<\/b><span style=\"font-weight: 400;\">.<\/span><span style=\"font-weight: 400;\">\n<p><\/span><\/li>\n<li style=\"font-weight: 400;\" aria-level=\"1\"><span style=\"font-weight: 400;\">La loi <\/span><b>conviction<\/b><span style=\"font-weight: 400;\">, mais la gr\u00e2ce <\/span><b>justifie<\/b><span style=\"font-weight: 400;\">.<\/span><span style=\"font-weight: 400;\">\n<p><\/span><\/li>\n<\/ul>\n<p><span style=\"font-weight: 400;\">Cette dichotomie n\u2019\u00e9limine pas la loi, mais <\/span><b>d\u00e9place son objectif<\/b><span style=\"font-weight: 400;\"> dans la nouvelle alliance en Christ.<\/span><\/p>\n<h3><b>Le Saint-Esprit et la vie nouvelle<\/b><\/h3>\n<p><span style=\"font-weight: 400;\">L&#039;ap\u00f4tre Paul pr\u00e9sente le <\/span><b>Le Saint-Esprit comme pr\u00e9sence active de Dieu dans le croyant<\/b><span style=\"font-weight: 400;\">, OMS:<\/span><\/p>\n<ul>\n<li style=\"font-weight: 400;\" aria-level=\"1\"><span style=\"font-weight: 400;\">R\u00e9g\u00e9n\u00e8re (Tite 3:5)<\/span><span style=\"font-weight: 400;\">\n<p><\/span><\/li>\n<li style=\"font-weight: 400;\" aria-level=\"1\"><span style=\"font-weight: 400;\">Sanctifier (2 Thessaloniciens 2:13)<\/span><span style=\"font-weight: 400;\">\n<p><\/span><\/li>\n<li style=\"font-weight: 400;\" aria-level=\"1\"><span style=\"font-weight: 400;\">Donnez un t\u00e9moignage d\u2019adoption (Romains 8:16)<\/span><span style=\"font-weight: 400;\">\n<p><\/span><\/li>\n<li style=\"font-weight: 400;\" aria-level=\"1\"><span style=\"font-weight: 400;\">Produit du fruit spirituel (Galates 5:22\u201323)<\/span><span style=\"font-weight: 400;\">\n<p><\/span><\/li>\n<\/ul>\n<p><span style=\"font-weight: 400;\">Le chr\u00e9tien, selon Paul, <\/span><b>Il ne vit pas selon la chair, mais selon l&#039;Esprit<\/b><span style=\"font-weight: 400;\"> (Romains 8, 1-11), ce qui implique une transformation totale de l\u2019\u00eatre, guid\u00e9e et fortifi\u00e9e par Dieu lui-m\u00eame.<\/span><\/p>\n<h3><b>L&#039;\u00c9glise comme Corps du Christ<\/b><\/h3>\n<p><span style=\"font-weight: 400;\">Paul introduit une image puissante : l\u2019\u00c9glise en tant que <\/span><b>le corps du Christ<\/b><span style=\"font-weight: 400;\">, o\u00f9 J\u00e9sus est la t\u00eate et chaque croyant est un membre interd\u00e9pendant (1 Corinthiens 12 ; \u00c9ph\u00e9siens 4). Ce concept implique :<\/span><\/p>\n<ul>\n<li style=\"font-weight: 400;\" aria-level=\"1\"><b>L&#039;unit\u00e9 dans la diversit\u00e9 des dons<\/b><b>\n<p><\/b><\/li>\n<li style=\"font-weight: 400;\" aria-level=\"1\"><b>Collaboration dans le service mutuel<\/b><b>\n<p><\/b><\/li>\n<li style=\"font-weight: 400;\" aria-level=\"1\"><b>Responsabilit\u00e9 de la croissance spirituelle de l&#039;ensemble<\/b><b>\n<p><\/b><\/li>\n<\/ul>\n<p><span style=\"font-weight: 400;\">Plus qu\u2019une institution, l\u2019\u00c9glise est <\/span><b>une communaut\u00e9 vivante, organique et spirituelle<\/b><span style=\"font-weight: 400;\">, habit\u00e9e par l&#039;Esprit et centr\u00e9e sur le Christ.<\/span><\/p>\n<h3><b>Le myst\u00e8re du salut pour les Gentils<\/b><\/h3>\n<p><span style=\"font-weight: 400;\">L\u2019une des grandes r\u00e9v\u00e9lations de Paul est la <\/span><b>&quot;myst\u00e8re&quot;<\/b><span style=\"font-weight: 400;\"> \u00e0 propos de quoi <\/span><b>Les Gentils sont \u00e9galement coh\u00e9ritiers du Royaume<\/b><span style=\"font-weight: 400;\"> (\u00c9ph\u00e9siens 3:6). Ce plan, cach\u00e9 depuis des g\u00e9n\u00e9rations, a \u00e9t\u00e9 r\u00e9v\u00e9l\u00e9 \u00e0 travers lui :<\/span><\/p>\n<p><i><span style=\"font-weight: 400;\">\u00ab Ce myst\u00e8re\u2026 c\u2019est Christ en vous, l\u2019esp\u00e9rance de la gloire. \u00bb<\/span><\/i><span style=\"font-weight: 400;\"> (Colossiens 1:27)<\/span><\/p>\n<p><span style=\"font-weight: 400;\">Cette inclusion brise les barri\u00e8res ethniques, religieuses et culturelles et d\u00e9montre que <\/span><b>le salut est universel<\/b><span style=\"font-weight: 400;\">, accessible \u00e0 tous ceux qui croient, sans distinction.<\/span><\/p>\n<h3><b>Eschatologie paulinienne : seconde venue et r\u00e9surrection<\/b><\/h3>\n<p><span style=\"font-weight: 400;\">Paul avait une vision claire et pleine d\u2019espoir de l\u2019avenir :<\/span><\/p>\n<ul>\n<li style=\"font-weight: 400;\" aria-level=\"1\"><span style=\"font-weight: 400;\">J\u00e9sus <\/span><b>reviendra dans la gloire<\/b><span style=\"font-weight: 400;\"> (1 Thessaloniciens 4:16\u201317)<\/span><span style=\"font-weight: 400;\">\n<p><\/span><\/li>\n<li style=\"font-weight: 400;\" aria-level=\"1\"><span style=\"font-weight: 400;\">Les morts en Christ <\/span><b>ils ressusciteront incorruptibles<\/b><span style=\"font-weight: 400;\"> (1 Corinthiens 15:52)<\/span><span style=\"font-weight: 400;\">\n<p><\/span><\/li>\n<li style=\"font-weight: 400;\" aria-level=\"1\"><span style=\"font-weight: 400;\">Il y aura <\/span><b>r\u00e9compense \u00e9ternelle pour les fid\u00e8les<\/b><span style=\"font-weight: 400;\"> (2 Timoth\u00e9e 4:8)<\/span><span style=\"font-weight: 400;\">\n<p><\/span><\/li>\n<\/ul>\n<p><span style=\"font-weight: 400;\">Son eschatologie n\u2019\u00e9tait pas \u00e9vasive, mais <\/span><b>motivationnel<\/b><span style=\"font-weight: 400;\">:appel\u00e9s \u00e0 la saintet\u00e9, \u00e0 la pers\u00e9v\u00e9rance et \u00e0 la joie, sachant que <\/span><b>L\u2019histoire se terminera avec la victoire du Christ et la glorification des croyants.<\/b><\/p>\n<p><span style=\"font-weight: 400;\">Dans l\u2019ensemble, la pens\u00e9e th\u00e9ologique de Paul <\/span><b>a constitu\u00e9 la base doctrinale du christianisme<\/b><span style=\"font-weight: 400;\">, r\u00e9v\u00e9lant un \u00e9vangile qui transforme non seulement le comportement, mais aussi l\u2019identit\u00e9, le destin et le but de chaque personne qui croit.<\/span><\/p>\n<h2><span class=\"ez-toc-section\" id=\"Pablo_y_el_sufrimiento_por_causa_del_evangelio\"><\/span><b>Paul et la souffrance pour l&#039;\u00c9vangile<\/b><span class=\"ez-toc-section-end\"><\/span><\/h2>\n<h3><b>Pers\u00e9cutions, emprisonnements et flagellations<\/b><\/h3>\n<p><span style=\"font-weight: 400;\">La vie de l\u2019ap\u00f4tre Paul a \u00e9t\u00e9 marqu\u00e9e par un profond engagement envers l\u2019\u00c9vangile, <\/span><b>m\u00eame au prix de leur propre bien-\u00eatre physique et \u00e9motionnel<\/b><span style=\"font-weight: 400;\">. Dans 2 Corinthiens 11:23\u201328, il dresse une liste choquante de ses souffrances :<\/span><\/p>\n<ul>\n<li style=\"font-weight: 400;\" aria-level=\"1\"><span style=\"font-weight: 400;\">Fouet (il a re\u00e7u 39 coups \u00e0 cinq reprises)<\/span><span style=\"font-weight: 400;\">\n<p><\/span><\/li>\n<li style=\"font-weight: 400;\" aria-level=\"1\"><span style=\"font-weight: 400;\">Il a \u00e9t\u00e9 battu trois fois avec des b\u00e2tons<\/span><span style=\"font-weight: 400;\">\n<p><\/span><\/li>\n<li style=\"font-weight: 400;\" aria-level=\"1\"><span style=\"font-weight: 400;\">Lapidation<\/span><span style=\"font-weight: 400;\">\n<p><\/span><\/li>\n<li style=\"font-weight: 400;\" aria-level=\"1\"><span style=\"font-weight: 400;\">Naufrages<\/span><span style=\"font-weight: 400;\">\n<p><\/span><\/li>\n<li style=\"font-weight: 400;\" aria-level=\"1\"><span style=\"font-weight: 400;\">Dangers constants des rivi\u00e8res, des voleurs, des faux fr\u00e8res<\/span><span style=\"font-weight: 400;\">\n<p><\/span><\/li>\n<li style=\"font-weight: 400;\" aria-level=\"1\"><span style=\"font-weight: 400;\">La faim, la soif, le froid, la nudit\u00e9 et de nombreuses nuits blanches<\/span><span style=\"font-weight: 400;\">\n<p><\/span><\/li>\n<\/ul>\n<p><span style=\"font-weight: 400;\">Pablo non seulement <\/span><b>annonc\u00e9 le Christ<\/b><span style=\"font-weight: 400;\">: <\/span><b>Il l&#039;a incarn\u00e9 dans sa souffrance<\/b><span style=\"font-weight: 400;\">, devenant un exemple vivant de d\u00e9vouement total.<\/span><\/p>\n<h3><b>Ses mots sur la souffrance avec un but<\/b><\/h3>\n<p><span style=\"font-weight: 400;\">Pour Paul, la souffrance <\/span><b>Il ne s\u2019agissait pas d\u2019une interruption de la mission, mais d\u2019une partie essentielle de celle-ci.<\/b><span style=\"font-weight: 400;\">. Il l&#039;a vu comme :<\/span><\/p>\n<ul>\n<li style=\"font-weight: 400;\" aria-level=\"1\"><span style=\"font-weight: 400;\">Une participation aux souffrances du Christ (Philippiens 3:10)<\/span><span style=\"font-weight: 400;\">\n<p><\/span><\/li>\n<li style=\"font-weight: 400;\" aria-level=\"1\"><span style=\"font-weight: 400;\">Une occasion de fortifier les autres (2 Corinthiens 1:4\u20136)<\/span><span style=\"font-weight: 400;\">\n<p><\/span><\/li>\n<li style=\"font-weight: 400;\" aria-level=\"1\"><span style=\"font-weight: 400;\">Un moyen de glorifier Dieu et de grandir en caract\u00e8re (Romains 5:3\u20135)<\/span><span style=\"font-weight: 400;\">\n<p><\/span><\/li>\n<\/ul>\n<p><i><span style=\"font-weight: 400;\">\u00ab Car nos l\u00e9g\u00e8res afflictions du moment pr\u00e9sent produisent pour nous, au-del\u00e0 de toute mesure, un poids \u00e9ternel de gloire. \u00bb<\/span><\/i><span style=\"font-weight: 400;\"> (2 Corinthiens 4:17)<\/span><\/p>\n<p><span style=\"font-weight: 400;\">Sa th\u00e9ologie de la souffrance a transform\u00e9 la douleur en <\/span><b>instrument de r\u00e9demption, de t\u00e9moignage et de pers\u00e9v\u00e9rance.<\/b><\/p>\n<h3><b>\u00ab Je peux tout faire par Christ \u00bb dans le contexte<\/b><\/h3>\n<p><span style=\"font-weight: 400;\">L\u2019une des phrases les plus cit\u00e9es de Paul est :<\/span><\/p>\n<p><i><span style=\"font-weight: 400;\">\u00ab Je peux tout par celui qui me fortifie. \u00bb<\/span><\/i><span style=\"font-weight: 400;\"> (Philippiens 4:13)<\/span><\/p>\n<p><span style=\"font-weight: 400;\">Loin d\u2019\u00eatre un slogan de motivation isol\u00e9, cette phrase surgit <\/span><b>dans un contexte de souffrance et de p\u00e9nurie<\/b><span style=\"font-weight: 400;\">. Paul parle d&#039;apprendre \u00e0 <\/span><b>se contenter de l&#039;abondance et du besoin<\/b><span style=\"font-weight: 400;\">, et d\u00e9clare que <\/span><b>La force d&#039;avancer vient du Christ<\/b><span style=\"font-weight: 400;\">, pas de lui-m\u00eame.<\/span><\/p>\n<p><span style=\"font-weight: 400;\">Ce verset r\u00e9sume son attitude : <\/span><b>Il ne s\u2019agit pas d\u2019\u00e9viter la douleur, mais d\u2019\u00eatre soutenu par le Christ au milieu de celle-ci.<\/b><\/p>\n<h2><span class=\"ez-toc-section\" id=\"Ultimos_anos_y_legado_de_Pablo\"><\/span><b>Les derni\u00e8res ann\u00e9es et l&#039;h\u00e9ritage de Pablo<\/b><span class=\"ez-toc-section-end\"><\/span><\/h2>\n<h3><b>Emprisonnement \u00e0 Rome et possible lib\u00e9ration<\/b><\/h3>\n<p><span style=\"font-weight: 400;\">Paul fut emmen\u00e9 \u00e0 Rome comme prisonnier sous la garde romaine, o\u00f9 <\/span><b>vivait en r\u00e9sidence surveill\u00e9e<\/b><span style=\"font-weight: 400;\"> pendant deux ans (Actes 28:30\u201331). Pendant ce temps :<\/span><\/p>\n<ul>\n<li style=\"font-weight: 400;\" aria-level=\"1\"><span style=\"font-weight: 400;\">Il a pr\u00each\u00e9 l\u2019\u00c9vangile \u00ab sans entrave \u00bb<\/span><span style=\"font-weight: 400;\">\n<p><\/span><\/li>\n<li style=\"font-weight: 400;\" aria-level=\"1\"><span style=\"font-weight: 400;\">Il re\u00e7ut des visiteurs et \u00e9crivit plusieurs de ses lettres (\u00c9ph\u00e9siens, Philippiens, Colossiens, Phil\u00e9mon)<\/span><span style=\"font-weight: 400;\">\n<p><\/span><\/li>\n<li style=\"font-weight: 400;\" aria-level=\"1\"><span style=\"font-weight: 400;\">Cela a m\u00eame influenc\u00e9 les membres de la maison de C\u00e9sar (Philippiens 4:22)<\/span><span style=\"font-weight: 400;\">\n<p><\/span><\/li>\n<\/ul>\n<p><span style=\"font-weight: 400;\">De nombreux chercheurs pensent que c&#039;\u00e9tait <\/span><b>bri\u00e8vement publi\u00e9<\/b><span style=\"font-weight: 400;\"> avant d&#039;\u00eatre \u00e0 nouveau arr\u00eat\u00e9.<\/span><\/p>\n<h3><b>Deuxi\u00e8me emprisonnement et martyre sous N\u00e9ron<\/b><\/h3>\n<p><span style=\"font-weight: 400;\">Selon la tradition et les lettres pastorales, Paul fut arr\u00eat\u00e9 pour la deuxi\u00e8me fois sous le <\/span><b>p\u00e9riode de pers\u00e9cution de N\u00e9ron<\/b><span style=\"font-weight: 400;\">, cette fois <\/span><b>dans des conditions beaucoup plus difficiles<\/b><span style=\"font-weight: 400;\">. Depuis une cellule \u00e0 Rome, il \u00e9crivit son <\/span><b>derni\u00e8re lettre \u00e0 Timoth\u00e9e<\/b><span style=\"font-weight: 400;\">, o\u00f9 il a exprim\u00e9 :<\/span><\/p>\n<p><i><span style=\"font-weight: 400;\">\u00ab J\u2019ai combattu le bon combat, j\u2019ai achev\u00e9 la course, j\u2019ai gard\u00e9 la foi. \u00bb<\/span><\/i><span style=\"font-weight: 400;\"> (2 Timoth\u00e9e 4:7)<\/span><\/p>\n<p><span style=\"font-weight: 400;\">C&#039;\u00e9tait enfin <\/span><b>d\u00e9capit\u00e9 \u00e0 Rome<\/b><span style=\"font-weight: 400;\">, en tant que citoyen romain, scellant son minist\u00e8re par le sang et la fid\u00e9lit\u00e9.<\/span><\/p>\n<h3><b>Son h\u00e9ritage apostolique dans l&#039;histoire chr\u00e9tienne<\/b><\/h3>\n<p><span style=\"font-weight: 400;\">L\u2019h\u00e9ritage de Pablo est immense. Il est consid\u00e9r\u00e9 :<\/span><\/p>\n<ul>\n<li style=\"font-weight: 400;\" aria-level=\"1\"><b>Le th\u00e9ologien le plus influent<\/b><span style=\"font-weight: 400;\"> du christianisme<\/span><span style=\"font-weight: 400;\">\n<p><\/span><\/li>\n<li style=\"font-weight: 400;\" aria-level=\"1\"><b>L&#039;architecte en chef de l&#039;expansion missionnaire mondiale<\/b><b>\n<p><\/b><\/li>\n<li style=\"font-weight: 400;\" aria-level=\"1\"><b>L&#039;auteur le plus prolifique du Nouveau Testament<\/b><b>\n<p><\/b><\/li>\n<\/ul>\n<p><span style=\"font-weight: 400;\">Son mod\u00e8le de leadership, sa passion pour la v\u00e9rit\u00e9, son d\u00e9vouement au discipulat et sa th\u00e9ologie ont eu un impact <\/span><b>si\u00e8cle apr\u00e8s si\u00e8cle, mouvement apr\u00e8s mouvement.<\/b><\/p>\n<h3><b>Comment cela a influenc\u00e9 la th\u00e9ologie, les missions et le leadership<\/b><\/h3>\n<p><span style=\"font-weight: 400;\">Pablo a \u00e9t\u00e9 un <\/span><b>source constante d&#039;inspiration pour les r\u00e9formateurs, les pasteurs, les missionnaires et les croyants<\/b><span style=\"font-weight: 400;\">. Sa vie montre que :<\/span><\/p>\n<ul>\n<li style=\"font-weight: 400;\" aria-level=\"1\"><span style=\"font-weight: 400;\">Dieu <\/span><b>peut transformer m\u00eame les plus hostiles<\/b><span style=\"font-weight: 400;\"> en un instrument puissant<\/span><span style=\"font-weight: 400;\">\n<p><\/span><\/li>\n<li style=\"font-weight: 400;\" aria-level=\"1\"><span style=\"font-weight: 400;\">La fid\u00e9lit\u00e9 ne d\u00e9pend pas des circonstances, mais de la conviction<\/span><span style=\"font-weight: 400;\">\n<p><\/span><\/li>\n<li style=\"font-weight: 400;\" aria-level=\"1\"><span style=\"font-weight: 400;\">La gr\u00e2ce suffit \u00e0 soutenir un c\u0153ur abandonn\u00e9<\/span><span style=\"font-weight: 400;\">\n<p><\/span><\/li>\n<\/ul>\n<p><span style=\"font-weight: 400;\">Aujourd&#039;hui, son message perdure, <\/span><b>former, envoyer et encourager des milliers d&#039;hommes et de femmes<\/b><span style=\"font-weight: 400;\"> vivre pour le Christ sans r\u00e9serve.<\/span><span style=\"font-weight: 400;\"><br \/><\/span><span style=\"font-weight: 400;\"> Sa voix r\u00e9sonne encore : <\/span><i><span style=\"font-weight: 400;\">\u00ab Soyez mes imitateurs, comme je le suis moi-m\u00eame du Christ. \u00bb<\/span><\/i><span style=\"font-weight: 400;\"> (1 Corinthiens 11:1)<\/span><\/p>\n<h2><span class=\"ez-toc-section\" id=\"Recomendaciones_de_libros_para_profundizar\"><\/span><b>Recommandations de livres pour des \u00e9tudes plus approfondies<\/b><span class=\"ez-toc-section-end\"><\/span><\/h2>\n<p><span style=\"font-weight: 400;\">\ud83d\udcd8 <\/span><b>\u00ab Paul : l&#039;ap\u00f4tre du Christ \u00bb \u2013 FF Bruce<\/b><b><br \/><\/b><span style=\"font-weight: 400;\"> Une biographie acad\u00e9mique et spirituelle qui explore en profondeur la vie, le contexte et la mission de l&#039;ap\u00f4tre. \u00c9crit avec une rigueur historique mais accessible \u00e0 la lecture, c&#039;est un ouvrage essentiel pour comprendre l&#039;impact de Paul sur la propagation du christianisme.<\/span><\/p>\n<p><span style=\"font-weight: 400;\">\ud83d\udcd8 <\/span><b>\u00ab La th\u00e9ologie de l\u2019ap\u00f4tre Paul \u00bb \u2013 James D.G. Dunn<\/b><b><br \/><\/b><span style=\"font-weight: 400;\"> Une \u00e9tude dense et approfondie qui analyse les principaux axes th\u00e9ologiques de la pens\u00e9e paulinienne : la justification, la loi, l&#039;Esprit, l&#039;eschatologie, le Christ et l&#039;\u00c9glise. Id\u00e9al pour les \u00e9tudiants en th\u00e9ologie et les dirigeants.<\/span><\/p>\n<p><span style=\"font-weight: 400;\">\ud83d\udcd8 <\/span><b>\u00ab Pablo pour tous \u00bb (S\u00e9rie int\u00e9grale) \u2013 NT Wright<\/b><b><br \/><\/b><span style=\"font-weight: 400;\"> Un recueil de commentaires bibliques sur chaque \u00e9p\u00eetre de Paul, avec des explications claires, un contexte culturel et des applications pastorales. Tr\u00e8s utile pour les enseignants, les pr\u00e9dicateurs et les lecteurs d\u00e9votionnels.<\/span><\/p>\n<h2><span class=\"ez-toc-section\" id=\"Preguntas_frecuentes_sobre_el_apostol_Pablo\"><\/span><b>Questions fr\u00e9quemment pos\u00e9es sur l&#039;ap\u00f4tre Paul<\/b><span class=\"ez-toc-section-end\"><\/span><\/h2>\n<h3><b>Quel \u00e9tait le vrai nom de l\u2019ap\u00f4tre Paul ?<\/b><\/h3>\n<p><span style=\"font-weight: 400;\">Son nom d&#039;origine \u00e9tait <\/span><b>Sa\u00fcl de Tarse<\/b><span style=\"font-weight: 400;\">. Le nom \u00ab Paul \u00bb appara\u00eet apr\u00e8s sa conversion et sa mission parmi les Gentils, probablement utilis\u00e9 en raison de sa citoyennet\u00e9 romaine (<\/span><i><span style=\"font-weight: 400;\">Paulus<\/span><\/i><span style=\"font-weight: 400;\">).<\/span><\/p>\n<h3><b>Pourquoi est-il pass\u00e9 du statut de pers\u00e9cuteur \u00e0 celui de pr\u00e9dicateur ?<\/b><\/h3>\n<p><span style=\"font-weight: 400;\">Pour un <\/span><b>rencontre directe avec J\u00e9sus ressuscit\u00e9<\/b><span style=\"font-weight: 400;\"> sur la route de Damas (Actes 9). Cette exp\u00e9rience a transform\u00e9 sa vision du monde et a fait de lui un fervent disciple et proclamateur de l\u2019\u00c9vangile.<\/span><\/p>\n<h3><b>Combien de lettres Paul a-t-il \u00e9crites ?<\/b><\/h3>\n<p><span style=\"font-weight: 400;\">On lui attribue <\/span><b>13 \u00e9p\u00eetres<\/b><span style=\"font-weight: 400;\"> du Nouveau Testament, bien que certains soient d\u00e9battus par les \u00e9rudits quant \u00e0 leur paternit\u00e9 directe. Tous refl\u00e8tent la pens\u00e9e et l\u2019autorit\u00e9 apostolique de Paul.<\/span><\/p>\n<h3><b>Paul connaissait-il J\u00e9sus personnellement ?<\/b><\/h3>\n<p><span style=\"font-weight: 400;\">Il n\u2019a pas rencontr\u00e9 J\u00e9sus au cours de son minist\u00e8re terrestre, mais il a eu une <\/span><b>rencontre surnaturelle avec le Christ glorifi\u00e9<\/b><span style=\"font-weight: 400;\">. Il re\u00e7ut plus tard une r\u00e9v\u00e9lation directe de l\u2019\u00c9vangile (Galates 1:11-12).<\/span><\/p>\n<h3><b>Quelle est la diff\u00e9rence entre Paul et les autres ap\u00f4tres ?<\/b><\/h3>\n<p><span style=\"font-weight: 400;\">Paul n\u2019\u00e9tait pas l\u2019un des douze disciples originels, mais il \u00e9tait <\/span><b>appel\u00e9 par le Christ ressuscit\u00e9<\/b><span style=\"font-weight: 400;\"> et <\/span><b>mandat\u00e9 directement pour les Gentils<\/b><span style=\"font-weight: 400;\">. Son approche missionnaire, sa th\u00e9ologie et ses lettres sont uniques dans le Nouveau Testament.<\/span><\/p>\n<h3><b>Que signifie le fait qu\u2019il \u00e9tait un ap\u00f4tre \u00ab des Gentils \u00bb ?<\/b><\/h3>\n<p><span style=\"font-weight: 400;\">Cela signifie que sa mission principale \u00e9tait <\/span><b>apporter l&#039;\u00c9vangile aux non-juifs<\/b><span style=\"font-weight: 400;\">, ouvrant la porte du salut aux personnes de toutes les cultures, en dehors d\u2019Isra\u00ebl.<\/span><\/p>\n<h3><b>O\u00f9 Paul est-il mort et comment ?<\/b><\/h3>\n<p><span style=\"font-weight: 400;\">Selon la tradition, c&#039;\u00e9tait <\/span><b>martyris\u00e9 \u00e0 Rome<\/b><span style=\"font-weight: 400;\"> sous le r\u00e8gne de N\u00e9ron. En tant que citoyen romain, il \u00e9tait probablement <\/span><b>d\u00e9capit\u00e9<\/b><span style=\"font-weight: 400;\"> vers l&#039;an 67 apr\u00e8s J.-C.<\/span><\/p>\n<h3><b>Quelle est la lettre la plus importante de Paul ?<\/b><\/h3>\n<p><b>Romains<\/b><span style=\"font-weight: 400;\"> Il est consid\u00e9r\u00e9 comme le plus syst\u00e9matique et le plus complet sur le plan th\u00e9ologique. R\u00e9sume sa vision de l\u2019\u00c9vangile, de la justification par la foi et du plan de Dieu pour les Juifs et les Gentils.<\/span><\/p>\n<h3><b>Que nous apprennent aujourd\u2019hui leurs voyages missionnaires ?<\/b><\/h3>\n<p><span style=\"font-weight: 400;\">Que l&#039;\u00c9vangile <\/span><b>transcende les cultures, les fronti\u00e8res et les barri\u00e8res religieuses<\/b><span style=\"font-weight: 400;\">, et qu&#039;un minist\u00e8re efficace implique <\/span><b>sacrifice, vision strat\u00e9gique, travail d\u2019\u00e9quipe et confiance en Dieu.<\/b><\/p>\n<h3><b>Quel r\u00f4le Paul joue-t-il dans l\u2019histoire de l\u2019\u00c9glise ?<\/b><\/h3>\n<p><span style=\"font-weight: 400;\">Pablo est <\/span><b>une figure fondatrice<\/b><span style=\"font-weight: 400;\">:Sa th\u00e9ologie a structur\u00e9 la doctrine chr\u00e9tienne, ses lettres constituent une grande partie du Nouveau Testament et son exemple de vie inspire encore aujourd\u2019hui les dirigeants, les missionnaires et les croyants du monde entier.<\/span><\/p>\n<h2><span class=\"ez-toc-section\" id=\"Conclusion\"><\/span><b>Conclusion<\/b><span class=\"ez-toc-section-end\"><\/span><\/h2>\n<p><span style=\"font-weight: 400;\">La vie de l\u2019ap\u00f4tre Paul est une preuve puissante que <\/span><b>Dieu peut transformer le plus endurci en un instrument de gr\u00e2ce<\/b><span style=\"font-weight: 400;\">. De pers\u00e9cuteur implacable \u00e0 b\u00e2tisseur infatigable de l\u2019\u00c9glise, son h\u00e9ritage transcende les si\u00e8cles par sa profondeur th\u00e9ologique, son courage missionnaire et son amour ind\u00e9fectible pour le Christ.<\/span><\/p>\n<p><span style=\"font-weight: 400;\">Ses lettres ne sont pas de simples documents anciens ; sont <\/span><b>guides vivants<\/b><span style=\"font-weight: 400;\"> qui continuent d\u2019enseigner, de corriger, d\u2019encourager et de fortifier des millions de croyants \u00e0 travers le monde. Et son histoire personnelle nous rappelle que <\/span><b>Personne n\u2019est hors de port\u00e9e de la mis\u00e9ricorde divine.<\/b><\/p>\n<p><b>Quelle partie de la vie de l\u2019ap\u00f4tre Paul vous interpelle ou vous inspire le plus ?<\/b><b><br \/><\/b><span style=\"font-weight: 400;\"> Partagez vos pens\u00e9es ou vos exp\u00e9riences dans les commentaires et continuons \u00e0 grandir ensemble dans la foi.<\/span><\/p>\n<p><!-- \/divi:paragraph --><\/p>[\/et_pb_text][\/et_pb_column][\/et_pb_row][\/et_pb_section][et_pb_section fb_built=\u201d1\u2033 custom_padding_last_edited=\u201don|desktop\u201d admin_label=\u201d\u00c9tude biblique CTA PC ET MOBILE\u201d _builder_version=\u201d4.27.0\u2033 _module_preset=\u201d01c6ffc7-f2ab-4daa-8c3f-f9f3f648fa91\u2033 custom_margin=\u201d||||false|false\u201d custom_padding=\u201d0px||0px||true|false\u201d custom_padding_tablet=\u201d||||true|false\u201d custom_padding_phone=\u201d||||true|false\u201d global_colors_info=\u201d{}\u201d theme_builder_area=\u201dpost_content\u201d][et_pb_row column_structure=\u201d1_2,1_2\u2033 custom_padding_last_edited=\u201don|desktop\u201d disabled_on=\u201don|on|off\u201d admin_label=\u201dPC 30 jours d\u2019annonces CTA Formulaire Leads\u201d _builder_version=\u201d4.27.0\u2033 _module_preset=\u201ddefault\u201d background_color=\u201d#ddecf7\u2033 custom_margin=\u201d30px|||false|false\u201d custom_margin_tablet=\u201d30px||30px||true|false\u201d custom_margin_phone=\u201d30px||30px||true|false\u201d custom_margin_last_edited=\u201don|desktop\u201d custom_padding=\u201d0px|0px|0px|0px|true|true\u201d custom_padding_tablet=\u201d17px|22px|17px|22px|true|true\u201d custom_padding_phone=\u201d15px|22px|15px|22px|true|true\u201d border_radii=\u201don|5px|5px|5px|5px\u201d border_width_all=\u201d2px\u201d border_color_all=\u201drgba(214,214,214,0.19)\u201d global_colors_info=\u201d{}\u201d theme_builder_area=\u201dpost_content\u201d][et_pb_column type=\u201d1_2\u2033 _builder_version=\u201d4.27.0\u2033 _module_preset=\u201ddefault\u201d background_enable_color=\u201doff\u201d custom_padding=\u201d30px||30px|20px|true|false\u201d custom_padding_tablet=\u201d0px||0px||true|false\u201d custom_padding_phone=\u201d0px||0px||true|false\u201d custom_padding_last_edited=\u201don|desktop\u201d global_colors_info=\u201d{}\u201d theme_builder_area=\u201dpost_content\u201d][et_pb_text _builder_version=\u201d4.27.0\u2033 _module_preset=\u201d9dcd691c-2a53-439d-9f69-d20be4c8c6a1\u2033 text_font=\u201d|700|||||||\u201d text_text_color=\u201d#0970C4\u2033 text_line_height=\u201d1.8em\u201d header_font=\u201d|600|||||||\u201d header_text_align=\u201dcentre\u201d header_text_color=\u201d#000000\u2033 header_font_size=\u201d45px\u201d header_line_height=\u201d1.5em\u201d header_2_font=\u201d|600|||||||\u201d header_2_text_align=\u201dcentre\u201d header_2_text_color=\u201d#000000\u2033 header_2_font_size=\u201d40px\u201d header_2_line_height=\u201d1.2em\u201d custom_margin=\u201d0px||0px||false|false\u201d text_font_size_tablet=\u201d17px\u201d text_font_size_phone=\u201d16px\u201d text_font_size_last_edited=\u201dsur|bureau\u201d header_text_align_tablet=\u201dcentre\u201d header_text_align_phone=\u201dcentre\u201d header_text_align_last_edited=\u201dsur|bureau\u201d header_font_size_tablet=\u201d40px\u201d header_font_size_phone=\u201d30px\u201d header_font_size_last_edited=\u201dsur|tablette\u201d header_line_height_tablet=\u201d1.5em\u201d header_line_height_phone=\u201d1.3em\u201d header_line_height_last_edited=\u201dsur|bureau\u201d header_2_font_size_tablet=\u201d35px\u201d header_2_font_size_phone=\u201d20px\u201d header_2_font_size_last_edited=\u201dsur|bureau\u201d global_colors_info=\u201d{}\u201d theme_builder_area=\u201dpost_content\u201d]<p>D\u00e9couvrez comment la Bible peut transformer votre vie<\/p>[\/et_pb_text][et_pb_text _builder_version=\u201d4.27.0\u2033 _module_preset=\u201d9dcd691c-2a53-439d-9f69-d20be4c8c6a1\u2033 text_font=\u201d||||||||\u201d text_text_color=\u201d#000000\u2033 text_font_size=\u201d14px\u201d text_line_height=\u201d1.8em\u201d header_font=\u201d|600|||||||\u201d header_text_align=\u201dcenter\u201d header_text_color=\u201d#000000\u2033 header_font_size=\u201d45px\u201d header_line_height=\u201d1.5em\u201d header_2_font=\u201d|600|||||||\u201d header_2_text_align=\u201dcentre\u201d header_2_text_color=\u201d#000000\u2033 header_2_font_size=\u201d40px\u201d header_2_line_height=\u201d1.2em\u201d custom_margin_tablet=\u201d\u201d custom_margin_phone=\u201d\u201d custom_margin_last_edited=\u201dsur|bureau\u201d text_font_size_tablet=\u201d14px\u201d text_font_size_phone=\u201d14px\u201d text_font_size_last_edited=\u201dsur|bureau\u201d header_text_align_tablet=\u201dcentre\u201d header_text_align_phone=\u201dcentre\u201d header_text_align_last_edited=\u201dsur|bureau\u201d header_font_size_tablet=\u201d40px\u201d header_font_size_phone=\u201d30px\u201d header_font_size_last_edited=\u201dsur|tablette\u201d header_line_height_tablet=\u201d1.5em\u201d header_line_height_phone=\u201d1.3em\u201d header_line_height_last_edited=\u201don|desktop\u201d header_2_font_size_tablet=\u201d35px\u201d header_2_font_size_phone=\u201d20px\u201d header_2_font_size_last_edited=\u201don|desktop\u201d global_colors_info=\u201d{}\u201d theme_builder_area=\u201dpost_content\u201d]<ul>\n<li><strong>\u00c9tude biblique<\/strong> \u2013 explorer les enseignements de la Bible et trouver des r\u00e9ponses aux d\u00e9fis de la vie.<\/li>\n<li><strong>Croyances fondamentales<\/strong> \u2013 explore les principes qui ont guid\u00e9 des millions de personnes \u00e0 travers les si\u00e8cles.<\/li>\n<li><strong>Croissance spirituelle<\/strong> \u2013 Renforcez votre foi avec des \u00e9tudes con\u00e7ues pour vous rapprocher de Dieu.<\/li>\n<\/ul>[\/et_pb_text][et_pb_button button_url=\u201dhttps:\/\/cleefbible.com\/?fluentcrm=1&amp;route=smart_url&amp;slug=busayx2\u2033 button_text=\u201dREJOIGNEZ NOTRE STUDIO\u201d button_alignment=\u201dleft\u201d button_alignment_tablet=\u201dcenter\u201d button_alignment_phone=\u201dcenter\u201d button_alignment_last_edited=\u201don|desktop\u201d _builder_version=\u201d4.27.0\u2033 _module_preset=\u201dbef62ac1-2fa8-4492-bbf9-17d338b20e68\u2033 custom_button=\u201don\u201d button_text_size=\u201d14px\u201d button_text_color=\u201d#FFFFFF\u201d button_bg_color=\u201d#C35D09\u2033 button_border_width=\u201d11px\u201d button_border_color=\u201d#C35D09\u2033 button_font=\u201d|600|||||||\u201d button_use_icon=\u201doff\u201d button_text_size_tablet=\u201d14px\u201d button_text_size_phone=\u201d13px\u201d button_text_size_last_edited=\u201don|desktop\u201d button_border_width_tablet=\u201d\u201d button_border_width_phone=\u201d\u201d button_border_width_last_edited=\u201don|desktop\u201d button_on_hover_tablet=\u201d\u201d button_on_hover_phone=\u201doff\u201d button_on_hover_last_edited=\u201don|phone\u201d global_colors_info=\u201d{}\u201d theme_builder_area=\u201dpost_content\u201d][\/et_pb_button][\/et_pb_column][et_pb_column type=\u201d1_2\u2033 admin_label=\u201dColonne\u201d _builder_version=\u201d4.27.0\u2033 _module_preset=\u201ddefault\u201d background_color=\u201drgba(214,214,214,0.19)\u201d custom_padding=\u201d||||true|false\u201d global_colors_info=\u201d{}\u201d theme_builder_area=\u201dpost_content\u201d][et_pb_image src=\u201dhttps:\/\/cleefbible.com\/wp-content\/uploads\/2024\/08\/Estudio-Biblico.png\u201d alt=\u201d\u00c9tude biblique\u201d title_text=\u201d\u00c9tude biblique\u201d align=\u201dcenter\u201d align_tablet=\u201dcenter\u201d align_phone=\u201dcenter\u201d align_last_edited=\u201don|desktop\u201d disabled_on=\u201don|on|off\u201d _builder_version=\u201d4.27.0\u2033 _module_preset=\u201ddefault\u201d width_tablet=\u201d40%\u201d width_phone=\u201d40%\u201d width_last_edited=\u201don|desktop\u201d custom_margin=\u201d10px||10px||true|false\u201d custom_margin_tablet=\u201d||0px||false|false\u201d custom_margin_phone=\u201d||0px||false|false\u201d custom_margin_last_edited=\u201don|desktop\u201d global_colors_info=\u201d{}\u201d theme_builder_area=\u201dpost_content\u201d][\/et_pb_image][\/et_pb_column][\/et_pb_row][et_pb_row column_structure=\u201d1_2,1_2\u2033 custom_padding_last_edited=\u201don|desktop\u201d disabled_on=\u201doff|off|on\u201d admin_label=\u201dPistes de formulaire d\u2019appel \u00e0 l\u2019action pour annonces mobiles 30 jours\u201d _builder_version=\u201d4.27.0\u2033 _module_preset=\u201ddefault\u201d background_color=\u201d#ddecf7\u2033 custom_margin=\u201d30px||||false|false\u201d custom_margin_tablet=\u201d30px||30px||true|false\u201d custom_margin_phone=\u201d30px||30px||true|false\u201d custom_margin_last_edited=\u201don|desktop\u201d custom_padding=\u201d0px|0px|0px|0px|true|true\u201d custom_padding_tablet=\u201d17px|22px|17px|22px|true|true\u201d custom_padding_phone=\u201d15px|22px|15px|22px|true|true\u201d border_radii=\u201don|5px|5px|5px|5px\u201d border_width_all=\u201d2px\u201d border_color_all=\u201drgba(214,214,214,0.19)\u201d global_colors_info=\u201d{}\u201d theme_builder_area=\u201dpost_content\u201d][et_pb_column type=\u201d1_2\u2033 _builder_version=\u201d4.27.0\u2033 _module_preset=\u201ddefault\u201d background_enable_color=\u201doff\u201d custom_padding=\u201d30px||30px|20px|true|false\u201d custom_padding_tablet=\u201d0px||0px||true|false\u201d custom_padding_phone=\u201d0px||0px||true|false\u201d custom_padding_last_edited=\u201don|desktop\u201d global_colors_info=\u201d{}\u201d theme_builder_area=\u201dpost_content\u201d][et_pb_text _builder_version=\u201d4.27.0\u2033 _module_preset=\u201d9dcd691c-2a53-439d-9f69-d20be4c8c6a1\u2033 text_font=\u201d|700|||||||\u201d text_text_color=\u201d#0970C4\u2033 text_line_height=\u201d1.8em\u201d header_font=\u201d|600|||||||\u201d header_text_align=\u201dcenter\u201d header_text_color=\u201d#000000\u2033 header_font_size=\u201d45px\u201d header_line_height=\u201d1.5em\u201d header_2_font=\u201d|600|||||||\u201d header_2_text_align=\u201dcentre\u201d header_2_text_color=\u201d#000000\u2033 header_2_font_size=\u201d40px\u201d header_2_line_height=\u201d1.2em\u201d custom_margin=\u201d0px||0px||false|false\u201d text_font_size_tablet=\u201d17px\u201d text_font_size_phone=\u201d16px\u201d text_font_size_last_edited=\u201dsur|bureau\u201d header_text_align_tablet=\u201dcentre\u201d header_text_align_phone=\u201dcentre\u201d header_text_align_last_edited=\u201dsur|bureau\u201d header_font_size_tablet=\u201d40px\u201d header_font_size_phone=\u201d30px\u201d header_font_size_last_edited=\u201dsur|tablette\u201d header_line_height_tablet=\u201d1.5em\u201d header_line_height_phone=\u201d1.3em\u201d header_line_height_last_edited=\u201dsur|bureau\u201d header_2_font_size_tablet=\u201d35px\u201d header_2_font_size_phone=\u201d20px\u201d header_2_font_size_last_edited=\u201dsur|bureau\u201d global_colors_info=\u201d{}\u201d theme_builder_area=\u201dpost_content\u201d]<p>D\u00e9couvrez comment la Bible peut transformer votre vie<\/p>[\/et_pb_text][et_pb_text _builder_version=\u201d4.27.0\u2033 _module_preset=\u201d9dcd691c-2a53-439d-9f69-d20be4c8c6a1\u2033 text_font=\u201d||||||||\u201d text_text_color=\u201d#000000\u2033 text_font_size=\u201d14px\u201d text_line_height=\u201d1.8em\u201d header_font=\u201d|600|||||||\u201d header_text_align=\u201dcenter\u201d header_text_color=\u201d#000000\u2033 header_font_size=\u201d45px\u201d header_line_height=\u201d1.5em\u201d header_2_font=\u201d|600|||||||\u201d header_2_text_align=\u201dcentre\u201d header_2_text_color=\u201d#000000\u2033 header_2_font_size=\u201d40px\u201d header_2_line_height=\u201d1.2em\u201d custom_margin_tablet=\u201d\u201d custom_margin_phone=\u201d\u201d custom_margin_last_edited=\u201dsur|bureau\u201d text_font_size_tablet=\u201d14px\u201d text_font_size_phone=\u201d14px\u201d text_font_size_last_edited=\u201dsur|bureau\u201d header_text_align_tablet=\u201dcentre\u201d header_text_align_phone=\u201dcentre\u201d header_text_align_last_edited=\u201dsur|bureau\u201d header_font_size_tablet=\u201d40px\u201d header_font_size_phone=\u201d30px\u201d header_font_size_last_edited=\u201dsur|tablette\u201d header_line_height_tablet=\u201d1.5em\u201d header_line_height_phone=\u201d1.3em\u201d header_line_height_last_edited=\u201don|desktop\u201d header_2_font_size_tablet=\u201d35px\u201d header_2_font_size_phone=\u201d20px\u201d header_2_font_size_last_edited=\u201don|desktop\u201d global_colors_info=\u201d{}\u201d theme_builder_area=\u201dpost_content\u201d]<ul>\n<li><strong>\u00c9tude biblique<\/strong> \u2013 explorer les enseignements de la Bible et trouver des r\u00e9ponses aux d\u00e9fis de la vie.<\/li>\n<li><strong>Croyances fondamentales<\/strong> \u2013 explore les principes qui ont guid\u00e9 des millions de personnes \u00e0 travers les si\u00e8cles.<\/li>\n<li><strong>Croissance spirituelle<\/strong> \u2013 Renforcez votre foi avec des \u00e9tudes con\u00e7ues pour vous rapprocher de Dieu.<\/li>\n<\/ul>[\/et_pb_text][et_pb_button button_url=\u201dhttps:\/\/cleefbible.com\/?fluentcrm=1&amp;route=smart_url&amp;slug=busayx2\u2033 button_text=\u201dREJOIGNEZ NOTRE STUDIO\u201d button_alignment=\u201dleft\u201d button_alignment_tablet=\u201dcenter\u201d button_alignment_phone=\u201dcenter\u201d button_alignment_last_edited=\u201don|desktop\u201d _builder_version=\u201d4.27.0\u2033 _module_preset=\u201dbef62ac1-2fa8-4492-bbf9-17d338b20e68\u2033 custom_button=\u201don\u201d button_text_size=\u201d14px\u201d button_text_color=\u201d#FFFFFF\u201d button_bg_color=\u201d#C35D09\u2033 button_border_width=\u201d11px\u201d button_border_color=\u201d#C35D09\u2033 button_font=\u201d|600|||||||\u201d button_use_icon=\u201doff\u201d button_text_size_tablet=\u201d14px\u201d button_text_size_phone=\u201d13px\u201d button_text_size_last_edited=\u201don|desktop\u201d button_border_width_tablet=\u201d\u201d button_border_width_phone=\u201d\u201d button_border_width_last_edited=\u201don|desktop\u201d button_on_hover_tablet=\u201d\u201d button_on_hover_phone=\u201doff\u201d button_on_hover_last_edited=\u201don|phone\u201d global_colors_info=\u201d{}\u201d theme_builder_area=\u201dpost_content\u201d][\/et_pb_button][\/et_pb_column][et_pb_column type=\u201d1_2\u2033 admin_label=\u201dColonne\u201d disabled_on=\u201don|on|off\u201d _builder_version=\u201d4.27.0\u2033 _module_preset=\u201ddefault\u201d background_color=\u201drgba(214,214,214,0.19)\u201d custom_padding=\u201d||||true|false\u201d global_colors_info=\u201d{}\u201d theme_builder_area=\u201dpost_content\u201d][et_pb_image src=\u201dhttps:\/\/cleefbible.com\/wp-content\/uploads\/2024\/08\/Bible-Study.png\u201d alt=\u201d\u00c9tude biblique\u201d title_text=\u201d\u00c9tude biblique\u201d align=\u201dcenter\u201d align_tablet=\u201dcenter\u201d align_phone=\u201dcenter\u201d align_last_edited=\u201don|desktop\u201d disabled_on=\u201don|on|off\u201d _builder_version=\u201d4.27.0\u2033 _module_preset=\u201ddefault\u201d width_tablet=\u201d40%\u201d width_phone=\u201d40%\u201d width_last_edited=\u201don|desktop\u201d custom_margin=\u201d10px||10px||true|false\u201d custom_margin_tablet=\u201d||0px||false|false\u201d custom_margin_phone=\u201d||0px||false|false\u201d custom_margin_last_edited=\u201don|desktop\u201d global_colors_info=\u201d{}\u201d theme_builder_area=\u201dpost_content\u201d][\/et_pb_image][\/et_pb_column][\/et_pb_row][\/et_pb_section]","protected":false},"excerpt":{"rendered":"<p>Du pharisien pers\u00e9cuteur \u00e0 l\u2019ap\u00f4tre des Gentils, la vie de l\u2019ap\u00f4tre Paul a marqu\u00e9 un avant et un apr\u00e8s dans l\u2019histoire de l\u2019\u00c9glise.<br \/>\n Saviez-vous que son h\u00e9ritage continue de transformer les c\u0153urs \u00e0 ce jour ?<\/p>","protected":false},"author":2,"featured_media":827,"comment_status":"open","ping_status":"open","sticky":false,"template":"","format":"standard","meta":{"_et_pb_use_builder":"on","_et_pb_old_content":"<!-- wp:paragraph -->\n<p><strong>Pablo fue un ap\u00f3stol y misionero que difundi\u00f3 el mensaje de Jes\u00fas y escribi\u00f3 varias ep\u00edstolas del Nuevo Testamento.<\/strong><\/p>\n<!-- \/wp:paragraph -->\n\n<!-- wp:heading -->\n<h2 class=\"wp-block-heading\">El contexto hist\u00f3rico y cultural de Pablo<\/h2>\n<!-- \/wp:heading -->\n\n<!-- wp:paragraph -->\n<p>El ap\u00f3stol Pablo, una figura central en el cristianismo primitivo, vivi\u00f3 en el siglo I durante un periodo marcado por la expansi\u00f3n del Imperio Romano. <\/p>\n<!-- \/wp:paragraph -->\n\n<!-- wp:paragraph -->\n<p>Este imperio no solo domin\u00f3 militarmente las tierras donde Pablo predic\u00f3, sino que tambi\u00e9n influy\u00f3 en las costumbres, la organizaci\u00f3n social y la teolog\u00eda de la \u00e9poca. <\/p>\n<!-- \/wp:paragraph -->\n\n<!-- wp:paragraph -->\n<p>La Pax Romana facilit\u00f3 la comunicaci\u00f3n y los viajes, lo que permiti\u00f3 a Pablo recorrer vastas \u00e1reas del mundo mediterr\u00e1neo, desde Jerusal\u00e9n hasta Roma, propagando el mensaje cristiano.<\/p>\n<!-- \/wp:paragraph -->\n\n<!-- wp:paragraph -->\n<p>En cuanto al juda\u00edsmo, Pablo fue un jud\u00edo fariseo de Tarso, una ciudad que era un cruce de culturas y que se benefici\u00f3 de la cercan\u00eda con las influencias griegas y romanas. <\/p>\n<!-- \/wp:paragraph -->\n\n<!-- wp:paragraph -->\n<p>Esto le proporcion\u00f3 una educaci\u00f3n s\u00f3lida bajo la escuela rab\u00ednica, lo que le permiti\u00f3 comprender profundamente las Escrituras hebreas. <\/p>\n<!-- \/wp:paragraph -->\n\n<!-- wp:paragraph -->\n<p>En el entorno del siglo I, el juda\u00edsmo se encontraba dividido en varias corrientes, incluyendo los fariseos, saduceos y esenios, lo que generaba un contexto de gran debate y especulaci\u00f3n sobre el Mes\u00edas. <\/p>\n<!-- \/wp:paragraph -->\n\n<!-- wp:paragraph -->\n<p>Pablo, inicialmente un perseguidor de los cristianos, encontr\u00f3 su fe en el camino a Damasco, lo que cambi\u00f3 radicalmente su misi\u00f3n de vida y su perspectiva sobre el juda\u00edsmo y la figura de Jes\u00fas.<\/p>\n<!-- \/wp:paragraph -->\n\n<!-- wp:paragraph -->\n<p>Las corrientes filos\u00f3ficas, especialmente el estoicismo y el epicure\u00edsmo, tambi\u00e9n jugaron un papel importante en el pensamiento de Pablo. <\/p>\n<!-- \/wp:paragraph -->\n\n<!-- wp:paragraph -->\n<p>Este contexto cultural lo llev\u00f3 a desarrollar un enfoque inclusivo hacia la conversi\u00f3n de gentiles, lo que ayud\u00f3 a expandir el cristianismo m\u00e1s all\u00e1 de sus ra\u00edces jud\u00edas. <\/p>\n<!-- \/wp:paragraph -->\n\n<!-- wp:paragraph -->\n<p>Adem\u00e1s, su habilidad para articular el evangelio a trav\u00e9s de referencias tanto hebreas como helen\u00edsticas le permiti\u00f3 conectar con una audiencia diversa, estableciendo una base s\u00f3lida para las futuras expansiones de la iglesia. <\/p>\n<!-- \/wp:paragraph -->\n\n<!-- wp:paragraph -->\n<p>A trav\u00e9s de sus viajes y ep\u00edstolas, el ap\u00f3stol Pablo se convirti\u00f3 en un puente entre diferentes culturas, lo que contribuy\u00f3 a la universalizaci\u00f3n del cristianismo.<\/p>\n<!-- \/wp:paragraph -->\n\n<!-- wp:heading -->\n<h2 class=\"wp-block-heading\">La conversi\u00f3n de Pablo y su llamado como ap\u00f3stol<\/h2>\n<!-- \/wp:heading -->\n\n<!-- wp:paragraph -->\n<p>La conversi\u00f3n del ap\u00f3stol Pablo es uno de los eventos m\u00e1s trascendentales del cristianismo, marcado por su experiencia en el camino a Damasco. Antecedido por su vida como Saulo de Tarso, un ferviente perseguidor de los cristianos, este momento representa un giro radical en su existencia. <\/p>\n<!-- \/wp:paragraph -->\n\n<!-- wp:paragraph -->\n<p>La narrativa en el libro de los Hechos de los Ap\u00f3stoles describe c\u00f3mo, mientras viajaba hacia Damasco para arrestar a seguidores de Jes\u00fas, una luz resplandeciente lo rode\u00f3, y escuch\u00f3 la voz de Cristo pregunt\u00e1ndole: \"Saulo, Saulo, \u00bfpor qu\u00e9 me persigues?\". <\/p>\n<!-- \/wp:paragraph -->\n\n<!-- wp:paragraph -->\n<p>Esta experiencia no solo impact\u00f3 a Pablo personalmente, sino que tambi\u00e9n tuvo implicaciones significativas para la expansi\u00f3n del cristianismo.<\/p>\n<!-- \/wp:paragraph -->\n\n<!-- wp:paragraph -->\n<p>Tras esta revelaci\u00f3n, Pablo fue llevado a la ciudad de Damasco, donde recuper\u00f3 la vista y comenz\u00f3 a comprender el significado de su encuentro divino. <\/p>\n<!-- \/wp:paragraph -->\n\n<!-- wp:paragraph -->\n<p>Esta transformaci\u00f3n interior le permiti\u00f3 pasar de ser un opresor de los cristianos a uno de sus m\u00e1s grandes abogaos y defensores. <\/p>\n<!-- \/wp:paragraph -->\n\n<!-- wp:paragraph -->\n<p>La conversi\u00f3n de Pablo es ejemplar no solo por su radicalidad, sino tambi\u00e9n por su genuina dedicaci\u00f3n al evangelio de Jes\u00fas. Una vez fortalecido y dirigido por el Esp\u00edritu Santo, Pablo se convirti\u00f3 en ap\u00f3stol, un t\u00edtulo que implica no solo ser enviado, sino tambi\u00e9n tener la autoridad para ense\u00f1ar y predicar.<\/p>\n<!-- \/wp:paragraph -->\n\n<!-- wp:paragraph -->\n<p>A lo largo de su vida, el ap\u00f3stol Pablo realiz\u00f3 extensos viajes misioneros, estableciendo comunidades cristianas y redactando cartas que m\u00e1s tarde ser\u00edan incorporadas al Nuevo Testamento. <\/p>\n<!-- \/wp:paragraph -->\n\n<!-- wp:paragraph -->\n<p>Su llamado fue innegable y su evangelio, que enfatizaba la salvaci\u00f3n por gracia mediante la fe, reson\u00f3 entre numerosas culturas y sociedades. <\/p>\n<!-- \/wp:paragraph -->\n\n<!-- wp:paragraph -->\n<p>La conversi\u00f3n de Pablo simboliza la posibilidad de transformaci\u00f3n y redenci\u00f3n, un mensaje que contin\u00faa siendo relevante en la actualidad y que resalta la misericordia divina sobre todo ser humano.<\/p>\n<!-- \/wp:paragraph -->\n\n<!-- wp:heading -->\n<h2 class=\"wp-block-heading\">Las misiones y el impacto de Pablo<\/h2>\n<!-- \/wp:heading -->\n\n<!-- wp:paragraph -->\n<p>El ap\u00f3stol Pablo es conocido por sus extensas misiones y su determinante papel en la expansi\u00f3n del cristianismo en el mundo mediterr\u00e1neo. <\/p>\n<!-- \/wp:paragraph -->\n\n<!-- wp:paragraph -->\n<p>A lo largo de su vida, emprendi\u00f3 varios viajes misioneros, que evidencian su dedicaci\u00f3n y pasi\u00f3n por la difusi\u00f3n del mensaje cristiano. Sus traves\u00edas abarcaron regiones como Asia Menor, Grecia y Roma, donde estableci\u00f3 comunidades cristianas que perduran hasta nuestros d\u00edas.<\/p>\n<!-- \/wp:paragraph -->\n\n<!-- wp:paragraph -->\n<p>El enfoque de Pablo en la evangelizaci\u00f3n era inclusivo y estrat\u00e9gico. Su formaci\u00f3n como fariseo le permiti\u00f3 conectar con una audiencia jud\u00eda, mientras que su ciudadan\u00eda romana le brind\u00f3 acceso a las culturas gentiles. <\/p>\n<!-- \/wp:paragraph -->\n\n<!-- wp:paragraph -->\n<p>Utilizaba una mezcla de argumentaciones filos\u00f3ficas y testimonios personales para evangelizar. A menudo comenzaba en sinagogas, pero no dudaba en dirigirse a pie de calle o a mercados, adapt\u00e1ndose a las particularidades de cada comunidad. <\/p>\n<!-- \/wp:paragraph -->\n\n<!-- wp:paragraph -->\n<p>Su capacidad para dialogar y establecer rapport con diferentes grupos facilit\u00f3 la aceptaci\u00f3n de sus ense\u00f1anzas.<\/p>\n<!-- \/wp:paragraph -->\n\n<!-- wp:paragraph -->\n<p>Pablo tambi\u00e9n fue un pionero del uso de cartas como medio de comunicaci\u00f3n. Las ep\u00edstolas que escribi\u00f3 a las comunidades cristianas, como las cartas a los Corintios y a los G\u00e1latas, jugaron un papel crucial no s\u00f3lo en la consolidaci\u00f3n de las comunidades que fund\u00f3, sino tambi\u00e9n en la teolog\u00eda cristiana en su conjunto. <\/p>\n<!-- \/wp:paragraph -->\n\n<!-- wp:paragraph -->\n<p>Estas escrituras no solo instru\u00edan y correg\u00edan, sino que tambi\u00e9n ofrec\u00edan apoyo y aliento en tiempos de crisis.<\/p>\n<!-- \/wp:paragraph -->\n\n<!-- wp:paragraph -->\n<p>El impacto del ap\u00f3stol Pablo en la expansi\u00f3n del cristianismo es innegable. Su legado permea en la iglesia primitiva, donde sus ense\u00f1anzas y principios se establecieron como fundamentos del cristianismo. <\/p>\n<!-- \/wp:paragraph -->\n\n<!-- wp:paragraph -->\n<p>La influencia de Pablo sigue siendo relevante hoy en d\u00eda, mostrando la profundidad de su compromiso con la fe y su papel como uno de los principales arquitectos del cristianismo en el mundo antiguo.<\/p>\n<!-- \/wp:paragraph -->\n\n<!-- wp:heading -->\n<h2 class=\"wp-block-heading\">Las ep\u00edstolas de Pablo y su influencia teol\u00f3gica<\/h2>\n<!-- \/wp:heading -->\n\n<!-- wp:paragraph -->\n<p>El ap\u00f3stol Pablo es conocido por haber escrito una serie de ep\u00edstolas que constituyen una parte fundamental del Nuevo Testamento. <\/p>\n<!-- \/wp:paragraph -->\n\n<!-- wp:paragraph -->\n<p>Estas cartas, dirigidas a diversas comunidades cristianas y l\u00edderes, abordan cuestiones teol\u00f3gicas, morales y pr\u00e1cticas de la fe. <\/p>\n<!-- \/wp:paragraph -->\n\n<!-- wp:paragraph -->\n<p>En ellas, Pablo se centra en temas como la gracia, la fe, la redenci\u00f3n y la unidad del cuerpo de Cristo, estableciendo principios que han moldeado la doctrina cristiana a lo largo de los siglos.<\/p>\n<!-- \/wp:paragraph -->\n\n<!-- wp:paragraph -->\n<p>Entre las ep\u00edstolas m\u00e1s destacadas se encuentran Romanos, Corintios, G\u00e1latas, Efesios, Filipenses y Tesalonicenses. En la Ep\u00edstola a los Romanos, por ejemplo, Pablo expone su visi\u00f3n de la justificaci\u00f3n por la fe, un concepto que ha influido profundamente en la reforma protestante y en la interpretaci\u00f3n moderna de la salvaci\u00f3n.<\/p>\n<!-- \/wp:paragraph -->\n\n<!-- wp:paragraph -->\n<p>Esta doctrina central se ha convertido en uno de los pilares de la ense\u00f1anza cristiana. En sus cartas a los Corintios, aborda la necesidad de la moralidad en la comunidad, as\u00ed como la importancia del amor charism\u00e1tico, fortaleciendo la \u00e9tica cristiana desde su ra\u00edz.<\/p>\n<!-- \/wp:paragraph -->\n\n<!-- wp:paragraph -->\n<p>Las ep\u00edstolas de Pablo no solo proveen una comprensi\u00f3n teol\u00f3gica profunda sino que tambi\u00e9n son consideradas una gu\u00eda pr\u00e1ctica para los cristianos. <\/p>\n<!-- \/wp:paragraph -->\n\n<!-- wp:paragraph -->\n<p>Su estilo directo y su enfoque en la pastoralidad hacen que sus escritos sean accesibles y relevantes para distintos contextos hist\u00f3ricos. La influencia de estos textos ha trascendido generaciones, ofreciendo un fundamento para el desarrollo de la teolog\u00eda cristiana y el pensamiento \u00e9tico.<\/p>\n<!-- \/wp:paragraph -->\n\n<!-- wp:paragraph -->\n<p>El legado intelectual del ap\u00f3stol Pablo, a trav\u00e9s de sus ep\u00edstolas, contin\u00faa resonando en la pr\u00e1ctica y en las ense\u00f1anzas de la iglesia contempor\u00e1nea. <\/p>\n<!-- \/wp:paragraph -->\n\n<!-- wp:paragraph -->\n<p>Esto resalta no solo su papel como ap\u00f3stol, sino tambi\u00e9n como te\u00f3logo y l\u00edder visionario que dej\u00f3 una marca indeleble en la historia del cristianismo.<\/p>\n<!-- \/wp:paragraph -->","_et_gb_content_width":"","_monsterinsights_skip_tracking":false,"_monsterinsights_sitenote_active":false,"_monsterinsights_sitenote_note":"","_monsterinsights_sitenote_category":0,"footnotes":""},"categories":[131],"tags":[175,176],"class_list":["post-632","post","type-post","status-publish","format-standard","has-post-thumbnail","hentry","category-personajes-biblicos","tag-apostle-writings","tag-apostol-pablo"],"_links":{"self":[{"href":"https:\/\/cleefbible.com\/fr\/wp-json\/wp\/v2\/posts\/632","targetHints":{"allow":["GET"]}}],"collection":[{"href":"https:\/\/cleefbible.com\/fr\/wp-json\/wp\/v2\/posts"}],"about":[{"href":"https:\/\/cleefbible.com\/fr\/wp-json\/wp\/v2\/types\/post"}],"author":[{"embeddable":true,"href":"https:\/\/cleefbible.com\/fr\/wp-json\/wp\/v2\/users\/2"}],"replies":[{"embeddable":true,"href":"https:\/\/cleefbible.com\/fr\/wp-json\/wp\/v2\/comments?post=632"}],"version-history":[{"count":7,"href":"https:\/\/cleefbible.com\/fr\/wp-json\/wp\/v2\/posts\/632\/revisions"}],"predecessor-version":[{"id":873,"href":"https:\/\/cleefbible.com\/fr\/wp-json\/wp\/v2\/posts\/632\/revisions\/873"}],"wp:featuredmedia":[{"embeddable":true,"href":"https:\/\/cleefbible.com\/fr\/wp-json\/wp\/v2\/media\/827"}],"wp:attachment":[{"href":"https:\/\/cleefbible.com\/fr\/wp-json\/wp\/v2\/media?parent=632"}],"wp:term":[{"taxonomy":"category","embeddable":true,"href":"https:\/\/cleefbible.com\/fr\/wp-json\/wp\/v2\/categories?post=632"},{"taxonomy":"post_tag","embeddable":true,"href":"https:\/\/cleefbible.com\/fr\/wp-json\/wp\/v2\/tags?post=632"}],"curies":[{"name":"wp","href":"https:\/\/api.w.org\/{rel}","templated":true}]}}