{"id":56,"date":"2024-07-15T16:18:07","date_gmt":"2024-07-15T16:18:07","guid":{"rendered":"https:\/\/cleefbible.com\/?p=56"},"modified":"2025-04-18T08:27:03","modified_gmt":"2025-04-18T12:27:03","slug":"creation-du-monde","status":"publish","type":"post","link":"https:\/\/cleefbible.com\/fr\/creation-du-monde\/","title":{"rendered":"La cr\u00e9ation du monde selon Gen\u00e8se 1 et 2"},"content":{"rendered":"[et_pb_section fb_built=&#8221;1&#8243; custom_padding_last_edited=&#8221;on|phone&#8221; _builder_version=&#8221;4.25.0&#8243; _module_preset=&#8221;01c6ffc7-f2ab-4daa-8c3f-f9f3f648fa91&#8243; custom_padding=&#8221;||||true|false&#8221; custom_padding_tablet=&#8221;22px||22px||true|false&#8221; custom_padding_phone=&#8221;22px||22px||true|false&#8221; global_colors_info=&#8221;{}&#8221; theme_builder_area=&#8221;post_content&#8221;][et_pb_row admin_label=&#8221;FILA INTRODUCCI\u00d3N&#8221; _builder_version=&#8221;4.25.0&#8243; _module_preset=&#8221;default&#8221; custom_padding=&#8221;||0px||false|false&#8221; global_colors_info=&#8221;{}&#8221; theme_builder_area=&#8221;post_content&#8221;][et_pb_column type=&#8221;4_4&#8243; _builder_version=&#8221;4.25.0&#8243; _module_preset=&#8221;default&#8221; global_colors_info=&#8221;{}&#8221; theme_builder_area=&#8221;post_content&#8221;][et_pb_text admin_label=&#8221;Texyo Intro y Respuesta Qu\u00e9 \u00e9s&#8221; _builder_version=&#8221;4.26.1&#8243; _module_preset=&#8221;9dcd691c-2a53-439d-9f69-d20be4c8c6a1&#8243; text_text_color=&#8221;#000000&#8243; text_line_height=&#8221;1.8em&#8221; header_font=&#8221;|600|||||||&#8221; header_text_align=&#8221;center&#8221; header_text_color=&#8221;#000000&#8243; header_font_size=&#8221;45px&#8221; header_line_height=&#8221;1.5em&#8221; header_2_font=&#8221;|600|||||||&#8221; header_2_text_align=&#8221;center&#8221; header_2_text_color=&#8221;#000000&#8243; header_2_font_size=&#8221;40px&#8221; header_2_line_height=&#8221;1.2em&#8221; text_font_size_tablet=&#8221;17px&#8221; text_font_size_phone=&#8221;16px&#8221; text_font_size_last_edited=&#8221;on|desktop&#8221; header_text_align_tablet=&#8221;center&#8221; header_text_align_phone=&#8221;center&#8221; header_text_align_last_edited=&#8221;on|desktop&#8221; header_font_size_tablet=&#8221;40px&#8221; header_font_size_phone=&#8221;30px&#8221; header_font_size_last_edited=&#8221;on|tablet&#8221; header_line_height_tablet=&#8221;1.5em&#8221; header_line_height_phone=&#8221;1.3em&#8221; header_line_height_last_edited=&#8221;on|desktop&#8221; header_2_font_size_tablet=&#8221;35px&#8221; header_2_font_size_phone=&#8221;20px&#8221; header_2_font_size_last_edited=&#8221;on|desktop&#8221; global_colors_info=&#8221;{}&#8221; theme_builder_area=&#8221;post_content&#8221;]<p><span style=\"font-weight: 400;\">Vous \u00eates-vous d\u00e9j\u00e0 demand\u00e9 comment tout a commenc\u00e9 ?\u00a0<\/span><\/p>\n<p><span style=\"font-weight: 400;\">La question de l\u2019origine de l\u2019univers est un sujet de fascination et de d\u00e9bat depuis des si\u00e8cles.<span>r\u00e9action mondiale<\/span>.\u00a0<\/span><\/p>\n<p><span style=\"font-weight: 400;\">Pour beaucoup, la r\u00e9ponse se trouve dans les premi\u00e8res pages de la Bible, dans le r\u00e9cit de la cr\u00e9ation du monde selon Gen\u00e8se 1-2.\u00a0<\/span><\/p>\n<p><span style=\"font-weight: 400;\">Cette histoire a non seulement influenc\u00e9 la culture et la religion, mais offre \u00e9galement une profonde r\u00e9flexion th\u00e9ologique et philosophique sur notre existence.<\/span><\/p>\n<div id=\"ez-toc-container\" class=\"ez-toc-v2_0_82_2 counter-hierarchy ez-toc-counter ez-toc-grey ez-toc-container-direction\">\n<div class=\"ez-toc-title-container\">\n<p class=\"ez-toc-title\" style=\"cursor:inherit\">Table des mati\u00e8res<\/p>\n<span class=\"ez-toc-title-toggle\"><a href=\"#\" class=\"ez-toc-pull-right ez-toc-btn ez-toc-btn-xs ez-toc-btn-default ez-toc-toggle\" aria-label=\"Basculer la table des mati\u00e8res\"><span class=\"ez-toc-js-icon-con\"><span class=\"\"><span class=\"eztoc-hide\" style=\"display:none;\">Basculer<\/span><span class=\"ez-toc-icon-toggle-span\"><svg style=\"fill: #999;color:#999\" xmlns=\"http:\/\/www.w3.org\/2000\/svg\" class=\"list-377408\" width=\"20px\" height=\"20px\" viewbox=\"0 0 24 24\" fill=\"none\"><path d=\"M6 6H4v2h2V6zm14 0H8v2h12V6zM4 11h2v2H4v-2zm16 0H8v2h12v-2zM4 16h2v2H4v-2zm16 0H8v2h12v-2z\" fill=\"currentColor\"><\/path><\/svg><svg style=\"fill: #999;color:#999\" class=\"arrow-unsorted-368013\" xmlns=\"http:\/\/www.w3.org\/2000\/svg\" width=\"10px\" height=\"10px\" viewbox=\"0 0 24 24\" version=\"1.2\" baseprofile=\"tiny\"><path d=\"M18.2 9.3l-6.2-6.3-6.2 6.3c-.2.2-.3.4-.3.7s.1.5.3.7c.2.2.4.3.7.3h11c.3 0 .5-.1.7-.3.2-.2.3-.5.3-.7s-.1-.5-.3-.7zM5.8 14.7l6.2 6.3 6.2-6.3c.2-.2.3-.5.3-.7s-.1-.5-.3-.7c-.2-.2-.4-.3-.7-.3h-11c-.3 0-.5.1-.7.3-.2.2-.3.5-.3.7s.1.5.3.7z\"\/><\/svg><\/span><\/span><\/span><\/a><\/span><\/div>\n<nav><ul class='ez-toc-list ez-toc-list-level-1' ><li class='ez-toc-page-1 ez-toc-heading-level-2'><a class=\"ez-toc-link ez-toc-heading-1\" href=\"https:\/\/cleefbible.com\/fr\/creation-du-monde\/#Presentacion_de_la_Creacion_del_mundo\" >Pr\u00e9sentation de la Cr\u00e9ation du Monde<\/a><\/li><li class='ez-toc-page-1 ez-toc-heading-level-2'><a class=\"ez-toc-link ez-toc-heading-2\" href=\"https:\/\/cleefbible.com\/fr\/creation-du-monde\/#Objetivo_del_articulo_sobre_la_Creacion_del_mundo\" >Objectif de l&#039;article sur la Cr\u00e9ation du monde<\/a><\/li><li class='ez-toc-page-1 ez-toc-heading-level-2'><a class=\"ez-toc-link ez-toc-heading-3\" href=\"https:\/\/cleefbible.com\/fr\/creation-du-monde\/#Dia_Uno_La_Luz_y_la_Oscuridad\" >Jour 1 : Lumi\u00e8re et t\u00e9n\u00e8bres<\/a><\/li><li class='ez-toc-page-1 ez-toc-heading-level-2'><a class=\"ez-toc-link ez-toc-heading-4\" href=\"https:\/\/cleefbible.com\/fr\/creation-du-monde\/#Dia_Dos_El_Firmamento\" >Jour deux : Le Firmament<\/a><\/li><li class='ez-toc-page-1 ez-toc-heading-level-2'><a class=\"ez-toc-link ez-toc-heading-5\" href=\"https:\/\/cleefbible.com\/fr\/creation-du-monde\/#Dia_Tres_Tierra_Mar_y_Vegetacion\" >Jour trois : Terre, mer et v\u00e9g\u00e9tation<\/a><\/li><li class='ez-toc-page-1 ez-toc-heading-level-2'><a class=\"ez-toc-link ez-toc-heading-6\" href=\"https:\/\/cleefbible.com\/fr\/creation-du-monde\/#Dia_Cuatro_Astros_Luminosos\" >Jour quatre : \u00c9toiles brillantes<\/a><\/li><li class='ez-toc-page-1 ez-toc-heading-level-2'><a class=\"ez-toc-link ez-toc-heading-7\" href=\"https:\/\/cleefbible.com\/fr\/creation-du-monde\/#Dia_Cinco_Vida_Marina_y_Aves\" >Jour cinq : Vie marine et oiseaux<\/a><\/li><li class='ez-toc-page-1 ez-toc-heading-level-2'><a class=\"ez-toc-link ez-toc-heading-8\" href=\"https:\/\/cleefbible.com\/fr\/creation-du-monde\/#Dia_Seis_Animales_Terrestres_y_el_Ser_Humano\" >Jour six : Animaux terrestres et humains<\/a><\/li><li class='ez-toc-page-1 ez-toc-heading-level-2'><a class=\"ez-toc-link ez-toc-heading-9\" href=\"https:\/\/cleefbible.com\/fr\/creation-du-monde\/#Dia_Siete_El_Descanso\" >Jour sept : Repos<\/a><\/li><li class='ez-toc-page-1 ez-toc-heading-level-2'><a class=\"ez-toc-link ez-toc-heading-10\" href=\"https:\/\/cleefbible.com\/fr\/creation-du-monde\/#Reflexiones_Finales_sobre_la_creacion_del_mundo\" >R\u00e9flexions finales sur la cr\u00e9ation du monde<\/a><\/li><li class='ez-toc-page-1 ez-toc-heading-level-2'><a class=\"ez-toc-link ez-toc-heading-11\" href=\"https:\/\/cleefbible.com\/fr\/creation-du-monde\/#Conclusion\" >Conclusion<\/a><\/li><li class='ez-toc-page-1 ez-toc-heading-level-2'><a class=\"ez-toc-link ez-toc-heading-12\" href=\"https:\/\/cleefbible.com\/fr\/creation-du-monde\/#Preguntas_Frecuentes_sobre_la_Creacion_del_mundo_en_Genesis_1-2\" >Questions fr\u00e9quemment pos\u00e9es sur la cr\u00e9ation du monde dans Gen\u00e8se 1-2<\/a><\/li><\/ul><\/nav><\/div>\n<h2><span class=\"ez-toc-section\" id=\"Presentacion_de_la_Creacion_del_mundo\"><\/span><b>Pr\u00e9sentation de la <span>Cr\u00e9ation du monde<\/span><\/b><span class=\"ez-toc-section-end\"><\/span><\/h2>\n<p><span style=\"font-weight: 400;\">La cr\u00e9ation du monde dans la Bible est un sujet de grande importance, non seulement pour sa pertinence spirituelle, mais aussi pour son impact sur l\u2019histoire et la culture.\u00a0\u00a0<\/span><\/p>\n<p><span style=\"font-weight: 400;\">Le r\u00e9cit de la Gen\u00e8se nous donne un aper\u00e7u de la fa\u00e7on dont Dieu a cr\u00e9\u00e9 l\u2019univers en six jours et s\u2019est repos\u00e9 le septi\u00e8me.\u00a0\u00a0<\/span><\/p>\n<p><span style=\"font-weight: 400;\">Cette histoire a \u00e9t\u00e9 interpr\u00e9t\u00e9e de diverses mani\u00e8res au cours des si\u00e8cles, fournissant un fondement \u00e0 la th\u00e9ologie jud\u00e9o-chr\u00e9tienne et une source d\u2019inspiration pour d\u2019innombrables croyants.<\/span><\/p>[\/et_pb_text][et_pb_code _builder_version=&#8221;4.26.1&#8243; _module_preset=&#8221;default&#8221; global_colors_info=&#8221;{}&#8221; theme_builder_area=&#8221;post_content&#8221;]<iframe loading=\"lazy\" width=\"853\" height=\"480\" src=\"https:\/\/www.youtube.com\/embed\/R_geT6pqc2s\" title=\"D\u00e9couvrez la Cr\u00e9ation du Monde selon la Bible\" frameborder=\"0\" allow=\"accelerometer; autoplay; clipboard-write; encrypted-media; gyroscope; picture-in-picture; web-share\" referrerpolicy=\"strict-origin-when-cross-origin\" allowfullscreen><\/iframe>[\/et_pb_code][et_pb_text admin_label=&#8221;Texyo Intro y Respuesta Qu\u00e9 \u00e9s&#8221; _builder_version=&#8221;4.26.1&#8243; _module_preset=&#8221;9dcd691c-2a53-439d-9f69-d20be4c8c6a1&#8243; text_text_color=&#8221;#000000&#8243; text_line_height=&#8221;1.8em&#8221; header_font=&#8221;|600|||||||&#8221; header_text_align=&#8221;center&#8221; header_text_color=&#8221;#000000&#8243; header_font_size=&#8221;45px&#8221; header_line_height=&#8221;1.5em&#8221; header_2_font=&#8221;|600|||||||&#8221; header_2_text_align=&#8221;center&#8221; header_2_text_color=&#8221;#000000&#8243; header_2_font_size=&#8221;40px&#8221; header_2_line_height=&#8221;1.2em&#8221; text_font_size_tablet=&#8221;17px&#8221; text_font_size_phone=&#8221;16px&#8221; text_font_size_last_edited=&#8221;on|desktop&#8221; header_text_align_tablet=&#8221;center&#8221; header_text_align_phone=&#8221;center&#8221; header_text_align_last_edited=&#8221;on|desktop&#8221; header_font_size_tablet=&#8221;40px&#8221; header_font_size_phone=&#8221;30px&#8221; header_font_size_last_edited=&#8221;on|tablet&#8221; header_line_height_tablet=&#8221;1.5em&#8221; header_line_height_phone=&#8221;1.3em&#8221; header_line_height_last_edited=&#8221;on|desktop&#8221; header_2_font_size_tablet=&#8221;35px&#8221; header_2_font_size_phone=&#8221;20px&#8221; header_2_font_size_last_edited=&#8221;on|desktop&#8221; global_colors_info=&#8221;{}&#8221; theme_builder_area=&#8221;post_content&#8221;]<h2><span class=\"ez-toc-section\" id=\"Objetivo_del_articulo_sobre_la_Creacion_del_mundo\"><\/span><b>Objectif de l&#039;article sur le <span>Cr\u00e9ation du monde<\/span><\/b><span class=\"ez-toc-section-end\"><\/span><\/h2>\n<p><span style=\"font-weight: 400;\">L&#039;objectif de cet article est d&#039;expliquer l&#039;histoire du c<span>r\u00e9action mondiale <\/span>selon Gen\u00e8se 1-2 et r\u00e9fl\u00e9chir \u00e0 ses implications th\u00e9ologiques et philosophiques.\u00a0\u00a0<\/span><\/p>\n<p><span style=\"font-weight: 400;\">Tout au long de cet article, nous explorerons chaque jour du c<span>r\u00e9action mondiale<\/span>, en analysant sa signification et sa pertinence \u00e0 la fois dans le contexte biblique et dans notre vie quotidienne.<\/span><\/p>[\/et_pb_text][et_pb_text admin_label=&#8221;T\u00edtulo H2 Pers. con espacio 0 Abajo&#8221; _builder_version=&#8221;4.26.1&#8243; _module_preset=&#8221;9dcd691c-2a53-439d-9f69-d20be4c8c6a1&#8243; text_text_color=&#8221;#000000&#8243; text_line_height=&#8221;1.8em&#8221; header_font=&#8221;|600|||||||&#8221; header_text_align=&#8221;center&#8221; header_text_color=&#8221;#000000&#8243; header_font_size=&#8221;45px&#8221; header_line_height=&#8221;1.5em&#8221; header_2_font=&#8221;|600|||||||&#8221; header_2_text_align=&#8221;center&#8221; header_2_text_color=&#8221;#000000&#8243; header_2_font_size=&#8221;40px&#8221; header_2_line_height=&#8221;1.2em&#8221; custom_margin=&#8221;||0px||false|false&#8221; custom_padding=&#8221;||||false|false&#8221; text_font_size_tablet=&#8221;17px&#8221; text_font_size_phone=&#8221;16px&#8221; text_font_size_last_edited=&#8221;on|desktop&#8221; header_text_align_tablet=&#8221;center&#8221; header_text_align_phone=&#8221;center&#8221; header_text_align_last_edited=&#8221;on|desktop&#8221; header_font_size_tablet=&#8221;40px&#8221; header_font_size_phone=&#8221;30px&#8221; header_font_size_last_edited=&#8221;on|tablet&#8221; header_line_height_tablet=&#8221;1.5em&#8221; header_line_height_phone=&#8221;1.3em&#8221; header_line_height_last_edited=&#8221;on|desktop&#8221; header_2_font_size_tablet=&#8221;35px&#8221; header_2_font_size_phone=&#8221;20px&#8221; header_2_font_size_last_edited=&#8221;on|desktop&#8221; global_colors_info=&#8221;{}&#8221; theme_builder_area=&#8221;post_content&#8221;]<h2><span class=\"ez-toc-section\" id=\"Dia_Uno_La_Luz_y_la_Oscuridad\"><\/span><b>Jour 1 : Lumi\u00e8re et t\u00e9n\u00e8bres<\/b><span class=\"ez-toc-section-end\"><\/span><\/h2>[\/et_pb_text][et_pb_image src=&#8221;https:\/\/cleefbible.com\/wp-content\/uploads\/2024\/07\/Creacion-del-mundo-2.png&#8221; alt=&#8221;Creaci\u00f3n-del-mundo-2&#8243; title_text=&#8221;Creaci\u00f3n del mundo&#8221; admin_label=&#8221;Foto Blog interior&#8221; _builder_version=&#8221;4.26.1&#8243; _module_preset=&#8221;default&#8221; global_colors_info=&#8221;{}&#8221; theme_builder_area=&#8221;post_content&#8221;][\/et_pb_image][et_pb_text admin_label=&#8221;Texto Cuerpo&#8221; _builder_version=&#8221;4.26.1&#8243; _module_preset=&#8221;9dcd691c-2a53-439d-9f69-d20be4c8c6a1&#8243; text_text_color=&#8221;#000000&#8243; text_line_height=&#8221;1.8em&#8221; header_font=&#8221;|600|||||||&#8221; header_text_align=&#8221;center&#8221; header_text_color=&#8221;#000000&#8243; header_font_size=&#8221;45px&#8221; header_line_height=&#8221;1.5em&#8221; header_2_font=&#8221;|600|||||||&#8221; header_2_text_align=&#8221;center&#8221; header_2_text_color=&#8221;#000000&#8243; header_2_font_size=&#8221;40px&#8221; header_2_line_height=&#8221;1.2em&#8221; text_font_size_tablet=&#8221;17px&#8221; text_font_size_phone=&#8221;16px&#8221; text_font_size_last_edited=&#8221;on|desktop&#8221; header_text_align_tablet=&#8221;center&#8221; header_text_align_phone=&#8221;center&#8221; header_text_align_last_edited=&#8221;on|desktop&#8221; header_font_size_tablet=&#8221;40px&#8221; header_font_size_phone=&#8221;30px&#8221; header_font_size_last_edited=&#8221;on|tablet&#8221; header_line_height_tablet=&#8221;1.5em&#8221; header_line_height_phone=&#8221;1.3em&#8221; header_line_height_last_edited=&#8221;on|desktop&#8221; header_2_font_size_tablet=&#8221;35px&#8221; header_2_font_size_phone=&#8221;20px&#8221; header_2_font_size_last_edited=&#8221;on|desktop&#8221; global_colors_info=&#8221;{}&#8221; theme_builder_area=&#8221;post_content&#8221;]<h3><b>Le d\u00e9but de tout dans le c<span>r\u00e9action mondiale<\/span><\/b><\/h3>\n<p><span style=\"font-weight: 400;\">Pour comprendre le commencement du monde selon la Bible, il est essentiel d\u2019examiner comment la cr\u00e9ation est pr\u00e9sent\u00e9e dans les premiers versets.\u00a0\u00a0<\/span><\/p>\n<p><span style=\"font-weight: 400;\">J&#039;explique ici en d\u00e9tail certains aspects cl\u00e9s :<\/span><\/p>\n<h4><b>1. La phrase initiale du c<span>r\u00e9action mondiale<\/span><\/b><\/h4>\n<p><span style=\"font-weight: 400;\">\u00ab Au commencement, Dieu cr\u00e9a les cieux et la terre. \u00bb C\u2019est par ces mots que commence le r\u00e9cit de la cr\u00e9ation du monde.\u00a0\u00a0<\/span><\/p>\n<p><span style=\"font-weight: 400;\">Cette phrase sugg\u00e8re le d\u00e9but de tout ce que nous connaissons, un moment dans le temps o\u00f9 rien n\u2019existait \u00e0 part Dieu.\u00a0\u00a0<\/span><\/p>\n<p><span style=\"font-weight: 400;\">Elle nous invite \u00e0 r\u00e9fl\u00e9chir sur le concept d\u2019un principe absolu et sur l\u2019existence d\u2019une entit\u00e9 divine omnipotente.<\/span><\/p>\n<h4><b>2. Le terme \u00ab principe \u00bb\u00a0\u00a0<\/b><\/h4>\n<p><span style=\"font-weight: 400;\">Le terme \u00ab d\u00e9but \u00bb sugg\u00e8re le d\u00e9but absolu du c<span>r\u00e9action mondiale <\/span>et l&#039;histoire de l&#039;univers.\u00a0\u00a0<\/span><\/p>\n<p><span style=\"font-weight: 400;\">Ce point de d\u00e9part nous rappelle la transcendance de Dieu, qui existait avant tout et qui, par sa volont\u00e9, a donn\u00e9 naissance \u00e0 la r\u00e9alit\u00e9 telle que nous la connaissons.\u00a0\u00a0<\/span><\/p>\n<p><span style=\"font-weight: 400;\">C\u2019est un rappel de la puissance et de l\u2019\u00e9ternit\u00e9 de Dieu, qui transcende notre compr\u00e9hension du temps et de l\u2019existence.<\/span><\/p>\n<h3><b>La cr\u00e9ation de la lumi\u00e8re dans le c<span>r\u00e9action mondiale<\/span><\/b><\/h3>\n<p><span style=\"font-weight: 400;\">La cr\u00e9ation de la lumi\u00e8re est un acte fondamental qui \u00e9tablit une structure fondamentale dans l&#039;univers. Voici une explication d\u00e9taill\u00e9e\u00a0:<\/span><\/p>\n<h4><b>1. La d\u00e9claration divine\u00a0\u00a0<\/b><\/h4>\n<p><span style=\"font-weight: 400;\">\u00ab Dieu dit : \u201cQue la lumi\u00e8re soit !\u201d et la lumi\u00e8re fut. \u00bb Ce verset souligne la puissance de la parole de Dieu.\u00a0\u00a0<\/span><\/p>\n<p><span style=\"font-weight: 400;\">Avec une simple d\u00e9claration, la lumi\u00e8re a \u00e9t\u00e9 cr\u00e9\u00e9e, se s\u00e9parant de l\u2019obscurit\u00e9.\u00a0\u00a0<\/span><\/p>\n<p><span style=\"font-weight: 400;\">Cet acte marque non seulement le d\u00e9but du temps, mais \u00e9tablit \u00e9galement une dualit\u00e9 fondamentale dans l\u2019univers : la lumi\u00e8re et l\u2019obscurit\u00e9.<\/span><\/p>\n<h4><b>2. La s\u00e9paration de la lumi\u00e8re et des t\u00e9n\u00e8bres\u00a0\u00a0<\/b><\/h4>\n<p><span style=\"font-weight: 400;\">La cr\u00e9ation de la lumi\u00e8re repr\u00e9sente l\u2019introduction de l\u2019ordre dans le chaos primordial.\u00a0\u00a0<\/span><\/p>\n<p><span style=\"font-weight: 400;\">La s\u00e9paration de la lumi\u00e8re et de l\u2019obscurit\u00e9 symbolise l\u2019\u00e9tablissement d\u2019un cycle r\u00e9gulier, qui sera essentiel \u00e0 la vie et \u00e0 l\u2019organisation du cosmos.\u00a0\u00a0<\/span><\/p>\n<p><span style=\"font-weight: 400;\">Cela refl\u00e8te l\u2019id\u00e9e que la lumi\u00e8re (repr\u00e9sentant le bien et la clart\u00e9) et l\u2019obscurit\u00e9 (repr\u00e9sentant le myst\u00e8re et la confusion potentielle) ont leur place dans la cr\u00e9ation divine.<\/span><\/p>\n<h3><b>Le premier jour du c<span>r\u00e9action mondiale<\/span><\/b><\/h3>\n<p><span style=\"font-weight: 400;\">Le premier jour de la Cr\u00e9ation \u00e9tablit les bases du cycle diurne que nous connaissons aujourd&#039;hui. Voici une explication d\u00e9taill\u00e9e\u00a0:<\/span><\/p>\n<h4><b>1. Nommage\u00a0\u00a0<\/b><\/h4>\n<p><span style=\"font-weight: 400;\">\u00ab Dieu appela la lumi\u00e8re Jour, et il appela les t\u00e9n\u00e8bres Nuit. \u00bb Nous voyons ici l\u2019\u00e9tablissement du cycle diurne, une structure temporelle qui perdure encore aujourd\u2019hui.\u00a0\u00a0<\/span><\/p>\n<p><span style=\"font-weight: 400;\">La d\u00e9nomination de la lumi\u00e8re et des t\u00e9n\u00e8bres implique un acte de domination et d\u2019ordre de la part de Dieu, indiquant qu\u2019Il a un contr\u00f4le total sur la cr\u00e9ation.<\/span><\/p>\n<h4><b>2. La notion de temps\u00a0\u00a0<\/b><\/h4>\n<p><span style=\"font-weight: 400;\">R\u00e9fl\u00e9chir au concept du temps dans la cr\u00e9ation nous rappelle l\u2019importance de chaque instant et comment chaque jour est une opportunit\u00e9 de faire l\u2019exp\u00e9rience de la lumi\u00e8re et de l\u2019obscurit\u00e9 dans nos propres vies.\u00a0\u00a0<\/span><\/p>\n<p><span style=\"font-weight: 400;\">Ce cycle quotidien nous invite \u00e0 vivre consciemment, en reconnaissant la structure et l\u2019ordre que Dieu a \u00e9tablis dans le monde.<\/span><\/p>[\/et_pb_text][\/et_pb_column][\/et_pb_row][et_pb_row admin_label=&#8221;FILA DESAROLLO&#8221; _builder_version=&#8221;4.25.0&#8243; _module_preset=&#8221;default&#8221; custom_padding=&#8221;||0px||false|false&#8221; global_colors_info=&#8221;{}&#8221; theme_builder_area=&#8221;post_content&#8221;][et_pb_column type=&#8221;4_4&#8243; _builder_version=&#8221;4.25.0&#8243; _module_preset=&#8221;default&#8221; global_colors_info=&#8221;{}&#8221; theme_builder_area=&#8221;post_content&#8221;][et_pb_text admin_label=&#8221;1.T\u00edtulo H2 Pers. con espacio 0 Abajo&#8221; _builder_version=&#8221;4.26.1&#8243; _module_preset=&#8221;9dcd691c-2a53-439d-9f69-d20be4c8c6a1&#8243; text_text_color=&#8221;#000000&#8243; text_line_height=&#8221;1.8em&#8221; header_font=&#8221;|600|||||||&#8221; header_text_align=&#8221;center&#8221; header_text_color=&#8221;#000000&#8243; header_font_size=&#8221;45px&#8221; header_line_height=&#8221;1.5em&#8221; header_2_font=&#8221;|600|||||||&#8221; header_2_text_align=&#8221;center&#8221; header_2_text_color=&#8221;#000000&#8243; header_2_font_size=&#8221;40px&#8221; header_2_line_height=&#8221;1.2em&#8221; custom_margin=&#8221;||0px||false|false&#8221; custom_padding=&#8221;||||false|false&#8221; text_font_size_tablet=&#8221;17px&#8221; text_font_size_phone=&#8221;16px&#8221; text_font_size_last_edited=&#8221;on|desktop&#8221; header_text_align_tablet=&#8221;center&#8221; header_text_align_phone=&#8221;center&#8221; header_text_align_last_edited=&#8221;on|desktop&#8221; header_font_size_tablet=&#8221;40px&#8221; header_font_size_phone=&#8221;30px&#8221; header_font_size_last_edited=&#8221;on|tablet&#8221; header_line_height_tablet=&#8221;1.5em&#8221; header_line_height_phone=&#8221;1.3em&#8221; header_line_height_last_edited=&#8221;on|desktop&#8221; header_2_font_size_tablet=&#8221;35px&#8221; header_2_font_size_phone=&#8221;20px&#8221; header_2_font_size_last_edited=&#8221;on|desktop&#8221; global_colors_info=&#8221;{}&#8221; theme_builder_area=&#8221;post_content&#8221;]<h2><span class=\"ez-toc-section\" id=\"Dia_Dos_El_Firmamento\"><\/span><b>Jour deux : Le Firmament<\/b><span class=\"ez-toc-section-end\"><\/span><\/h2>[\/et_pb_text][et_pb_image src=&#8221;https:\/\/cleefbible.com\/wp-content\/uploads\/2024\/07\/Creacion-del-mundo-3.png&#8221; alt=&#8221;Creaci\u00f3n-del-mundo-3&#8243; title_text=&#8221;Creaci\u00f3n del mundo&#8221; admin_label=&#8221;1.1.Foto Blog interior&#8221; _builder_version=&#8221;4.26.1&#8243; _module_preset=&#8221;default&#8221; global_colors_info=&#8221;{}&#8221; theme_builder_area=&#8221;post_content&#8221;][\/et_pb_image][et_pb_text admin_label=&#8221;1.2.Texto&#8221; _builder_version=&#8221;4.26.1&#8243; _module_preset=&#8221;9dcd691c-2a53-439d-9f69-d20be4c8c6a1&#8243; text_text_color=&#8221;#000000&#8243; text_line_height=&#8221;1.8em&#8221; header_font=&#8221;|600|||||||&#8221; header_text_align=&#8221;center&#8221; header_text_color=&#8221;#000000&#8243; header_font_size=&#8221;45px&#8221; header_line_height=&#8221;1.5em&#8221; header_2_font=&#8221;|600|||||||&#8221; header_2_text_align=&#8221;center&#8221; header_2_text_color=&#8221;#000000&#8243; header_2_font_size=&#8221;40px&#8221; header_2_line_height=&#8221;1.2em&#8221; text_font_size_tablet=&#8221;17px&#8221; text_font_size_phone=&#8221;16px&#8221; text_font_size_last_edited=&#8221;on|desktop&#8221; header_text_align_tablet=&#8221;center&#8221; header_text_align_phone=&#8221;center&#8221; header_text_align_last_edited=&#8221;on|desktop&#8221; header_font_size_tablet=&#8221;40px&#8221; header_font_size_phone=&#8221;30px&#8221; header_font_size_last_edited=&#8221;on|tablet&#8221; header_line_height_tablet=&#8221;1.5em&#8221; header_line_height_phone=&#8221;1.3em&#8221; header_line_height_last_edited=&#8221;on|desktop&#8221; header_2_font_size_tablet=&#8221;35px&#8221; header_2_font_size_phone=&#8221;20px&#8221; header_2_font_size_last_edited=&#8221;on|desktop&#8221; global_colors_info=&#8221;{}&#8221; theme_builder_area=&#8221;post_content&#8221;]<p><span style=\"font-weight: 400;\">Pour mieux comprendre la cr\u00e9ation du ciel selon le r\u00e9cit biblique, il est essentiel d\u2019explorer les d\u00e9tails de ce processus.\u00a0<\/span><\/p>\n<p><span style=\"font-weight: 400;\">J&#039;explique ici en d\u00e9tail certains des aspects les plus importants :<\/span><\/p>\n<h3><b>Cr\u00e9ation du ciel<\/b><\/h3>\n<p><span style=\"font-weight: 400;\">\u00ab Qu\u2019il y ait une \u00e9tendue entre les eaux. \u00bb Dieu cr\u00e9e un firmament pour s\u00e9parer les eaux d\u2019en haut de celles d\u2019en bas.\u00a0<\/span><\/p>\n<p><span style=\"font-weight: 400;\">Cet acte non seulement organise le chaos primordial, mais \u00e9tablit \u00e9galement les cieux comme un domaine s\u00e9par\u00e9.\u00a0<\/span><\/p>\n<p><span style=\"font-weight: 400;\">J&#039;explique ici comment ce processus se d\u00e9veloppe :<\/span><\/p>\n<h4><b>1. Le firmament comme s\u00e9paration\u00a0\u00a0<\/b><\/h4>\n<p><span style=\"font-weight: 400;\">Dieu ordonne la cr\u00e9ation d\u2019un firmament, ou \u00e9tendue, qui s\u00e9pare les eaux d\u2019en bas des eaux d\u2019en haut.\u00a0\u00a0<\/span><\/p>\n<p><span style=\"font-weight: 400;\">Cela implique une organisation du chaos initial, divisant les eaux en deux domaines distincts.\u00a0\u00a0<\/span><\/p>\n<p><span style=\"font-weight: 400;\">Cet acte de s\u00e9paration est fondamental pour la structure de l\u2019univers selon le r\u00e9cit biblique.<\/span><\/p>\n<h4><b>2. L&#039;\u00e9tablissement des cieux\u00a0\u00a0<\/b><\/h4>\n<p><span style=\"font-weight: 400;\">En cr\u00e9ant le firmament, Dieu non seulement organise le chaos, mais \u00e9tablit \u00e9galement un domaine s\u00e9par\u00e9 appel\u00e9 le ciel.\u00a0\u00a0<\/span><\/p>\n<p><span style=\"font-weight: 400;\">Ce domaine devient une partie essentielle du cosmos, distinguant clairement la terre et les cieux.\u00a0\u00a0<\/span><\/p>\n<p><span style=\"font-weight: 400;\">Le terme \u00ab paradis \u00bb ne fait pas seulement r\u00e9f\u00e9rence \u00e0 un aspect physique, mais a \u00e9galement des connotations spirituelles et transcendantales.<\/span><\/p>\n<h3><b>Le deuxi\u00e8me jour du c<span>r\u00e9action mondiale<\/span><\/b><\/h3>\n<p><span style=\"font-weight: 400;\">Le firmament, appel\u00e9 ciel, joue un r\u00f4le crucial dans le c<span>r\u00e9action mondiale<\/span>.\u00a0<\/span><\/p>\n<p><span style=\"font-weight: 400;\">S\u00e9parer et organiser, cr\u00e9er un espace habitable pour la vie qui remplira bient\u00f4t la terre.\u00a0<\/span><\/p>\n<p><span style=\"font-weight: 400;\">Les implications du terme \u00ab paradis \u00bb vont au-del\u00e0 du physique, sugg\u00e9rant \u00e9galement une dimension spirituelle et transcendantale.\u00a0<\/span><\/p>\n<p><span style=\"font-weight: 400;\">J&#039;explique ici comment ce processus se d\u00e9veloppe :<\/span><\/p>\n<h4><b>1. Organisation et habitabilit\u00e9\u00a0\u00a0<\/b><\/h4>\n<p><span style=\"font-weight: 400;\">Le firmament cr\u00e9e un espace organis\u00e9 qui permet l\u2019existence de la vie sur Terre.\u00a0\u00a0<\/span><\/p>\n<p><span style=\"font-weight: 400;\">La s\u00e9paration des eaux permet la formation d\u2019un environnement habitable o\u00f9 toutes les formes de vie finiront par se d\u00e9velopper.\u00a0\u00a0<\/span><\/p>\n<p><span style=\"font-weight: 400;\">Cet acte d\u2019organisation est essentiel pour structurer le monde et pr\u00e9parer la vie.<\/span><\/p>\n<h4><b>2. Dimension spirituelle du ciel\u00a0\u00a0<\/b><\/h4>\n<p><span style=\"font-weight: 400;\">Le terme \u00ab ciel \u00bb dans ce contexte ne fait pas seulement r\u00e9f\u00e9rence \u00e0 l\u2019atmosph\u00e8re ou \u00e0 l\u2019espace visible, mais sugg\u00e8re \u00e9galement une dimension spirituelle.\u00a0\u00a0<\/span><\/p>\n<p><span style=\"font-weight: 400;\">Le ciel devient un symbole du divin et du transcendantal, un lieu associ\u00e9 \u00e0 la pr\u00e9sence de Dieu.\u00a0\u00a0<\/span><\/p>\n<p><span style=\"font-weight: 400;\">Cette dualit\u00e9 du ciel, en tant que lieu physique et spirituel, ajoute une couche de signification profonde \u00e0 l\u2019histoire de la cr\u00e9ation.<\/span><\/p>\n<p><span style=\"font-weight: 400;\">En d\u00e9veloppant ces points, nous pouvons appr\u00e9cier la complexit\u00e9 et la profondeur du r\u00e9cit biblique de la cr\u00e9ation, en voyant comment chaque acte divin non seulement organise l\u2019univers physique mais \u00e9tablit \u00e9galement des fondements spirituels et transcendantaux pour l\u2019existence humaine.<\/span><\/p>[\/et_pb_text][\/et_pb_column][\/et_pb_row][et_pb_row admin_label=&#8221;FILA DESAROLLO&#8221; _builder_version=&#8221;4.25.0&#8243; _module_preset=&#8221;default&#8221; custom_padding=&#8221;||0px||false|false&#8221; global_colors_info=&#8221;{}&#8221; theme_builder_area=&#8221;post_content&#8221;][et_pb_column type=&#8221;4_4&#8243; _builder_version=&#8221;4.25.0&#8243; _module_preset=&#8221;default&#8221; global_colors_info=&#8221;{}&#8221; theme_builder_area=&#8221;post_content&#8221;][et_pb_text admin_label=&#8221;1.T\u00edtulo H2 Pers. con espacio 0 Abajo&#8221; _builder_version=&#8221;4.26.1&#8243; _module_preset=&#8221;9dcd691c-2a53-439d-9f69-d20be4c8c6a1&#8243; text_text_color=&#8221;#000000&#8243; text_line_height=&#8221;1.8em&#8221; header_font=&#8221;|600|||||||&#8221; header_text_align=&#8221;center&#8221; header_text_color=&#8221;#000000&#8243; header_font_size=&#8221;45px&#8221; header_line_height=&#8221;1.5em&#8221; header_2_font=&#8221;|600|||||||&#8221; header_2_text_align=&#8221;center&#8221; header_2_text_color=&#8221;#000000&#8243; header_2_font_size=&#8221;40px&#8221; header_2_line_height=&#8221;1.2em&#8221; custom_margin=&#8221;||0px||false|false&#8221; custom_padding=&#8221;||||false|false&#8221; text_font_size_tablet=&#8221;17px&#8221; text_font_size_phone=&#8221;16px&#8221; text_font_size_last_edited=&#8221;on|desktop&#8221; header_text_align_tablet=&#8221;center&#8221; header_text_align_phone=&#8221;center&#8221; header_text_align_last_edited=&#8221;on|desktop&#8221; header_font_size_tablet=&#8221;40px&#8221; header_font_size_phone=&#8221;30px&#8221; header_font_size_last_edited=&#8221;on|tablet&#8221; header_line_height_tablet=&#8221;1.5em&#8221; header_line_height_phone=&#8221;1.3em&#8221; header_line_height_last_edited=&#8221;on|desktop&#8221; header_2_font_size_tablet=&#8221;35px&#8221; header_2_font_size_phone=&#8221;20px&#8221; header_2_font_size_last_edited=&#8221;on|desktop&#8221; global_colors_info=&#8221;{}&#8221; theme_builder_area=&#8221;post_content&#8221;]<h2><span class=\"ez-toc-section\" id=\"Dia_Tres_Tierra_Mar_y_Vegetacion\"><\/span><b>Jour trois : Terre, mer et v\u00e9g\u00e9tation<\/b><span class=\"ez-toc-section-end\"><\/span><\/h2>[\/et_pb_text][et_pb_image src=&#8221;https:\/\/cleefbible.com\/wp-content\/uploads\/2024\/07\/Creacion-del-mundo-4.png&#8221; alt=&#8221;Creaci\u00f3n-del-mundo-4&#8243; title_text=&#8221;Creaci\u00f3n del mundo&#8221; admin_label=&#8221;1.1.Foto Blog interior&#8221; _builder_version=&#8221;4.26.1&#8243; _module_preset=&#8221;default&#8221; global_colors_info=&#8221;{}&#8221; theme_builder_area=&#8221;post_content&#8221;][\/et_pb_image][et_pb_text admin_label=&#8221;1.2.Texto&#8221; _builder_version=&#8221;4.26.1&#8243; _module_preset=&#8221;9dcd691c-2a53-439d-9f69-d20be4c8c6a1&#8243; text_text_color=&#8221;#000000&#8243; text_line_height=&#8221;1.8em&#8221; header_font=&#8221;|600|||||||&#8221; header_text_align=&#8221;center&#8221; header_text_color=&#8221;#000000&#8243; header_font_size=&#8221;45px&#8221; header_line_height=&#8221;1.5em&#8221; header_2_font=&#8221;|600|||||||&#8221; header_2_text_align=&#8221;center&#8221; header_2_text_color=&#8221;#000000&#8243; header_2_font_size=&#8221;40px&#8221; header_2_line_height=&#8221;1.2em&#8221; text_font_size_tablet=&#8221;17px&#8221; text_font_size_phone=&#8221;16px&#8221; text_font_size_last_edited=&#8221;on|desktop&#8221; header_text_align_tablet=&#8221;center&#8221; header_text_align_phone=&#8221;center&#8221; header_text_align_last_edited=&#8221;on|desktop&#8221; header_font_size_tablet=&#8221;40px&#8221; header_font_size_phone=&#8221;30px&#8221; header_font_size_last_edited=&#8221;on|tablet&#8221; header_line_height_tablet=&#8221;1.5em&#8221; header_line_height_phone=&#8221;1.3em&#8221; header_line_height_last_edited=&#8221;on|desktop&#8221; header_2_font_size_tablet=&#8221;35px&#8221; header_2_font_size_phone=&#8221;20px&#8221; header_2_font_size_last_edited=&#8221;on|desktop&#8221; global_colors_info=&#8221;{}&#8221; theme_builder_area=&#8221;post_content&#8221;]<p><span style=\"font-weight: 400;\">Pour mieux comprendre les \u00e9tapes cruciales du c<span>r\u00e9action mondiale <\/span>Selon le r\u00e9cit biblique, il est essentiel d\u2019explorer les d\u00e9tails de ces processus.\u00a0\u00a0<\/span><\/p>\n<p><span style=\"font-weight: 400;\">J&#039;explique ici en d\u00e9tail certains des aspects les plus importants :<\/span><\/p>\n<h3><b>Apparition de la terre ferme dans le c<span>r\u00e9action mondiale<\/span><\/b><\/h3>\n<p><span style=\"font-weight: 400;\">\u00ab Que les eaux qui sont au-dessous du ciel se rassemblent en un seul lieu. \u00bb <\/span><\/p>\n<p><span style=\"font-weight: 400;\">Ce mandat divin donne lieu \u00e0 la formation des mers et des continents, s\u00e9parant la terre ferme de l\u2019eau.\u00a0\u00a0<\/span><\/p>\n<p><span style=\"font-weight: 400;\">La cr\u00e9ation d\u2019une terre solide est une \u00e9tape fondamentale pour le d\u00e9veloppement de la vie.\u00a0\u00a0<\/span><\/p>\n<p><span style=\"font-weight: 400;\">Ici, j&#039;explique comment ce processus de c se d\u00e9veloppe<span>r\u00e9action mondiale<\/span>:<\/span><\/p>\n<h4><b>1. Formation des mers et des continents\u00a0\u00a0<\/b><\/h4>\n<p><span style=\"font-weight: 400;\">Dieu ordonne aux eaux de se rassembler en un seul endroit, permettant \u00e0 la terre s\u00e8che d\u2019appara\u00eetre.\u00a0\u00a0<\/span><\/p>\n<p><span style=\"font-weight: 400;\">Cet acte \u00e9tablit la g\u00e9ographie fondamentale de la plan\u00e8te, cr\u00e9ant les oc\u00e9ans et les continents.\u00a0\u00a0<\/span><\/p>\n<p><span style=\"font-weight: 400;\">La s\u00e9paration de la terre et de l\u2019eau est essentielle au d\u00e9veloppement d\u2019\u00e9cosyst\u00e8mes diversifi\u00e9s et \u00e0 l\u2019habitabilit\u00e9 future de la Terre.<\/span><\/p>\n<h4><b>2. Pr\u00e9paration \u00e0 la vie\u00a0\u00a0<\/b><\/h4>\n<p><span style=\"font-weight: 400;\">L\u2019apparition de la terre ferme fournit la base n\u00e9cessaire \u00e0 la vie terrestre.\u00a0\u00a0<\/span><\/p>\n<p><span style=\"font-weight: 400;\">Cette terre sera le lieu o\u00f9 les plantes, les animaux et \u00e9ventuellement les humains se d\u00e9velopperont.\u00a0\u00a0<\/span><\/p>\n<p><span style=\"font-weight: 400;\">Cette \u00e9tape montre une planification divine dans la cr\u00e9ation d\u2019un environnement propice \u00e0 la vie.<\/span><\/p>\n<h3><b>Cr\u00e9ation de v\u00e9g\u00e9tation dans le c<span>r\u00e9action mondiale<\/span><\/b><\/h3>\n<p><span style=\"font-weight: 400;\">\u00ab Que la terre produise de la v\u00e9g\u00e9tation, des plantes portant des graines. \u00bb La v\u00e9g\u00e9tation est la premi\u00e8re forme de vie cr\u00e9\u00e9e, fournissant nourriture et subsistance.\u00a0\u00a0<\/span><\/p>\n<p><span style=\"font-weight: 400;\">La diversit\u00e9 des plantes et des arbres refl\u00e8te la richesse de la cr\u00e9ation et de la providence divine.\u00a0\u00a0<\/span><\/p>\n<p><span style=\"font-weight: 400;\">J&#039;explique ici comment ce processus se d\u00e9veloppe :<\/span><\/p>\n<h4><b>1. Introduction \u00e0 la vie v\u00e9g\u00e9tale\u00a0\u00a0<\/b><\/h4>\n<p><span style=\"font-weight: 400;\">Dieu ordonne \u00e0 la terre de produire de la v\u00e9g\u00e9tation, notamment de l\u2019herbe verte, des plantes portant des graines et des arbres fruitiers.\u00a0\u00a0<\/span><\/p>\n<p><span style=\"font-weight: 400;\">Cet acte marque le d\u00e9but de la vie sur la plan\u00e8te, \u00e9tablissant une base pour d\u2019autres \u00eatres vivants.\u00a0\u00a0<\/span><\/p>\n<p><span style=\"font-weight: 400;\">La v\u00e9g\u00e9tation joue \u00e9galement un r\u00f4le crucial dans la production d\u2019oxyg\u00e8ne et le maintien des cycles \u00e9cologiques.<\/span><\/p>\n<h4><b>2. Diversit\u00e9 des plantes et des arbres\u00a0\u00a0<\/b><\/h4>\n<p><span style=\"font-weight: 400;\">La cr\u00e9ation d\u2019une vari\u00e9t\u00e9 de plantes et d\u2019arbres refl\u00e8te la richesse et la complexit\u00e9 du dessein divin.\u00a0\u00a0<\/span><\/p>\n<p><span style=\"font-weight: 400;\">Chaque plante et chaque arbre a un but sp\u00e9cifique, qu\u2019il s\u2019agisse de fournir de la nourriture, des m\u00e9dicaments ou de contribuer \u00e0 la beaut\u00e9 du paysage.\u00a0\u00a0<\/span><\/p>\n<p><span style=\"font-weight: 400;\">Cette diversit\u00e9 t\u00e9moigne de la providence et de la sagesse de Dieu dans la cr\u00e9ation d\u2019un \u00e9cosyst\u00e8me \u00e9quilibr\u00e9.<\/span><\/p>\n<h3><b>Le troisi\u00e8me jour du c<span>r\u00e9action mondiale<\/span><\/b><\/h3>\n<p><span style=\"font-weight: 400;\">L\u2019importance de la v\u00e9g\u00e9tation pour la vie ne peut \u00eatre sous-estim\u00e9e.\u00a0\u00a0<\/span><\/p>\n<p><span style=\"font-weight: 400;\">La biodiversit\u00e9 cr\u00e9\u00e9e ce jour-l\u00e0 garantit que la Terre sera un lieu fertile et habitable pour les cr\u00e9atures futures.\u00a0\u00a0<\/span><\/p>\n<p><span style=\"font-weight: 400;\">R\u00e9fl\u00e9chir \u00e0 la biodiversit\u00e9 nous invite \u00e0 appr\u00e9cier l\u2019interd\u00e9pendance de toutes les formes de vie.\u00a0\u00a0<\/span><\/p>\n<p><span style=\"font-weight: 400;\">J&#039;explique ici comment ce processus se d\u00e9veloppe :<\/span><\/p>\n<h4><b>1. Fertilit\u00e9 du sol\u00a0\u00a0<\/b><\/h4>\n<p><span style=\"font-weight: 400;\">L\u2019introduction de v\u00e9g\u00e9tation fait de la terre un lieu fertile, capable de soutenir diverses formes de vie.\u00a0\u00a0<\/span><\/p>\n<p><span style=\"font-weight: 400;\">La pr\u00e9sence de plantes et d\u2019arbres garantit qu\u2019il y aura suffisamment de nourriture et de ressources pour les animaux et, \u00e0 terme, pour les humains.\u00a0\u00a0<\/span><\/p>\n<p><span style=\"font-weight: 400;\">Cet acte de cr\u00e9ation d\u00e9montre la provision continue de Dieu pour toutes les cr\u00e9atures.<\/span><\/p>\n<h4><b>2. L&#039;interconnexion de la vie\u00a0\u00a0<\/b><\/h4>\n<p><span style=\"font-weight: 400;\">La cr\u00e9ation de la v\u00e9g\u00e9tation le troisi\u00e8me jour souligne l\u2019interd\u00e9pendance de toutes les formes de vie.\u00a0\u00a0<\/span><\/p>\n<p><span style=\"font-weight: 400;\">Les plantes ne fournissent pas seulement de la nourriture, mais cr\u00e9ent \u00e9galement des habitats et contribuent \u00e0 l\u2019\u00e9quilibre \u00e9cologique.\u00a0\u00a0<\/span><\/p>\n<p><span style=\"font-weight: 400;\">Cette interd\u00e9pendance nous rappelle l\u2019importance de prendre soin de la nature et de la pr\u00e9server dans le cadre du plan de Dieu.<\/span><\/p>\n<p><span style=\"font-weight: 400;\">En d\u00e9veloppant ces points, nous pouvons appr\u00e9cier la profondeur et la planification du r\u00e9cit biblique de la cr\u00e9ation, en voyant comment chaque acte divin non seulement organise le monde physique mais pr\u00e9pare \u00e9galement le terrain pour une vie abondante et connect\u00e9e.<\/span><\/p>[\/et_pb_text][\/et_pb_column][\/et_pb_row][et_pb_row admin_label=&#8221;FILA DESAROLLO&#8221; _builder_version=&#8221;4.25.0&#8243; _module_preset=&#8221;default&#8221; custom_padding=&#8221;||0px||false|false&#8221; global_colors_info=&#8221;{}&#8221; theme_builder_area=&#8221;post_content&#8221;][et_pb_column type=&#8221;4_4&#8243; _builder_version=&#8221;4.25.0&#8243; _module_preset=&#8221;default&#8221; global_colors_info=&#8221;{}&#8221; theme_builder_area=&#8221;post_content&#8221;][et_pb_text admin_label=&#8221;1.T\u00edtulo H2 Pers. con espacio 0 Abajo&#8221; _builder_version=&#8221;4.26.1&#8243; _module_preset=&#8221;9dcd691c-2a53-439d-9f69-d20be4c8c6a1&#8243; text_text_color=&#8221;#000000&#8243; text_line_height=&#8221;1.8em&#8221; header_font=&#8221;|600|||||||&#8221; header_text_align=&#8221;center&#8221; header_text_color=&#8221;#000000&#8243; header_font_size=&#8221;45px&#8221; header_line_height=&#8221;1.5em&#8221; header_2_font=&#8221;|600|||||||&#8221; header_2_text_align=&#8221;center&#8221; header_2_text_color=&#8221;#000000&#8243; header_2_font_size=&#8221;40px&#8221; header_2_line_height=&#8221;1.2em&#8221; custom_margin=&#8221;||0px||false|false&#8221; custom_padding=&#8221;||||false|false&#8221; text_font_size_tablet=&#8221;17px&#8221; text_font_size_phone=&#8221;16px&#8221; text_font_size_last_edited=&#8221;on|desktop&#8221; header_text_align_tablet=&#8221;center&#8221; header_text_align_phone=&#8221;center&#8221; header_text_align_last_edited=&#8221;on|desktop&#8221; header_font_size_tablet=&#8221;40px&#8221; header_font_size_phone=&#8221;30px&#8221; header_font_size_last_edited=&#8221;on|tablet&#8221; header_line_height_tablet=&#8221;1.5em&#8221; header_line_height_phone=&#8221;1.3em&#8221; header_line_height_last_edited=&#8221;on|desktop&#8221; header_2_font_size_tablet=&#8221;35px&#8221; header_2_font_size_phone=&#8221;20px&#8221; header_2_font_size_last_edited=&#8221;on|desktop&#8221; global_colors_info=&#8221;{}&#8221; theme_builder_area=&#8221;post_content&#8221;]<h2><span class=\"ez-toc-section\" id=\"Dia_Cuatro_Astros_Luminosos\"><\/span><b>Jour quatre : \u00c9toiles brillantes<\/b><span class=\"ez-toc-section-end\"><\/span><\/h2>[\/et_pb_text][et_pb_image src=&#8221;https:\/\/cleefbible.com\/wp-content\/uploads\/2024\/07\/Creacion-del-mundo-5.png&#8221; alt=&#8221;Creaci\u00f3n-del-mundo-5&#8243; title_text=&#8221;Creaci\u00f3n del mundo&#8221; admin_label=&#8221;1.1.Foto Blog interior&#8221; _builder_version=&#8221;4.26.1&#8243; _module_preset=&#8221;default&#8221; global_colors_info=&#8221;{}&#8221; theme_builder_area=&#8221;post_content&#8221;][\/et_pb_image][et_pb_text admin_label=&#8221;1.2.Texto&#8221; _builder_version=&#8221;4.26.1&#8243; _module_preset=&#8221;9dcd691c-2a53-439d-9f69-d20be4c8c6a1&#8243; text_text_color=&#8221;#000000&#8243; text_line_height=&#8221;1.8em&#8221; header_font=&#8221;|600|||||||&#8221; header_text_align=&#8221;center&#8221; header_text_color=&#8221;#000000&#8243; header_font_size=&#8221;45px&#8221; header_line_height=&#8221;1.5em&#8221; header_2_font=&#8221;|600|||||||&#8221; header_2_text_align=&#8221;center&#8221; header_2_text_color=&#8221;#000000&#8243; header_2_font_size=&#8221;40px&#8221; header_2_line_height=&#8221;1.2em&#8221; text_font_size_tablet=&#8221;17px&#8221; text_font_size_phone=&#8221;16px&#8221; text_font_size_last_edited=&#8221;on|desktop&#8221; header_text_align_tablet=&#8221;center&#8221; header_text_align_phone=&#8221;center&#8221; header_text_align_last_edited=&#8221;on|desktop&#8221; header_font_size_tablet=&#8221;40px&#8221; header_font_size_phone=&#8221;30px&#8221; header_font_size_last_edited=&#8221;on|tablet&#8221; header_line_height_tablet=&#8221;1.5em&#8221; header_line_height_phone=&#8221;1.3em&#8221; header_line_height_last_edited=&#8221;on|desktop&#8221; header_2_font_size_tablet=&#8221;35px&#8221; header_2_font_size_phone=&#8221;20px&#8221; header_2_font_size_last_edited=&#8221;on|desktop&#8221; global_colors_info=&#8221;{}&#8221; theme_builder_area=&#8221;post_content&#8221;]<p><span style=\"font-weight: 400;\">Pour mieux comprendre les \u00e9tapes cruciales de la cr\u00e9ation selon le r\u00e9cit biblique, il est essentiel d\u2019explorer les d\u00e9tails de ces processus.\u00a0<\/span><\/p>\n<p><span style=\"font-weight: 400;\">J&#039;explique ici en d\u00e9tail certains des aspects les plus importants :<\/span><\/p>\n<h3><b>Cr\u00e9ation des \u00e9toiles dans le c<span>r\u00e9action mondiale<\/span><\/b><\/h3>\n<p><span style=\"font-weight: 400;\">\u00ab\u00a0Qu\u2019il y ait des luminaires dans l\u2019\u00e9tendue du ciel.\u00a0\u00bb Dieu cr\u00e9e le soleil, la lune et les \u00e9toiles pour \u00e9clairer la terre et s\u00e9parer le jour de la nuit.\u00a0\u00a0<\/span><\/p>\n<p><span style=\"font-weight: 400;\">Ces corps c\u00e9lestes servent \u00e9galement de signes pour les saisons, les jours et les ann\u00e9es.\u00a0\u00a0<\/span><\/p>\n<p><span style=\"font-weight: 400;\">Ici, j&#039;explique comment ce processus de c se d\u00e9veloppe<span>r\u00e9action mondiale<\/span>:<\/span><\/p>\n<h4><b>1. Illumination de la terre\u00a0\u00a0<\/b><\/h4>\n<p><span style=\"font-weight: 400;\">Dieu cr\u00e9e le soleil pour gouverner le jour et la lune pour gouverner la nuit, fournissant ainsi une source constante de lumi\u00e8re pour la terre.\u00a0\u00a0<\/span><\/p>\n<p><span style=\"font-weight: 400;\">La lumi\u00e8re est essentielle \u00e0 la vie, facilitant les processus biologiques tels que la photosynth\u00e8se chez les plantes.\u00a0\u00a0<\/span><\/p>\n<p><span style=\"font-weight: 400;\">Cet acte de cr\u00e9ation garantit que la terre est bien \u00e9clair\u00e9e, permettant aux \u00eatres vivants de prosp\u00e9rer dans les cycles de jour et de nuit.<\/span><\/p>\n<h4><b>2. S\u00e9paration du jour et de la nuit\u00a0\u00a0<\/b><\/h4>\n<p><span style=\"font-weight: 400;\">La cr\u00e9ation des \u00e9toiles \u00e9tablit une distinction claire entre le jour et la nuit, marquant le rythme du temps sur Terre.\u00a0\u00a0<\/span><\/p>\n<p><span style=\"font-weight: 400;\">Cette s\u00e9paration est fondamentale pour l\u2019organisation du temps et les cycles naturels qui r\u00e9gulent la vie sur la plan\u00e8te.\u00a0\u00a0<\/span><\/p>\n<p><span style=\"font-weight: 400;\">Le jour et la nuit offrent un rythme constant qui permet aux \u00eatres vivants de d\u00e9velopper des mod\u00e8les d\u2019activit\u00e9 et de repos.<\/span><\/p>\n<h3><b>Fonctions des \u00e9toiles dans le c<span>r\u00e9action mondiale<\/span><\/b><\/h3>\n<p><span style=\"font-weight: 400;\">Les \u00e9toiles ne fournissent pas seulement de la lumi\u00e8re, mais marquent \u00e9galement le passage du temps et des saisons, permettant aux \u00eatres vivants de r\u00e9guler leurs cycles biologiques.\u00a0\u00a0<\/span><\/p>\n<p><span style=\"font-weight: 400;\">La pr\u00e9cision de l\u2019univers dans son fonctionnement est une merveille qui continue de nous \u00e9tonner.\u00a0\u00a0<\/span><\/p>\n<p><span style=\"font-weight: 400;\">J&#039;explique ici comment ces fonctions sont d\u00e9velopp\u00e9es :<\/span><\/p>\n<h4><b>1. Marquer le passage du temps\u00a0\u00a0<\/b><\/h4>\n<p><span style=\"font-weight: 400;\">Le mouvement du soleil, de la lune et des \u00e9toiles permet de mesurer le temps, notamment les jours, les mois et les ann\u00e9es.\u00a0\u00a0<\/span><\/p>\n<p><span style=\"font-weight: 400;\">Ce syst\u00e8me de mesure du temps est essentiel \u00e0 l\u2019organisation des activit\u00e9s humaines et naturelles.\u00a0\u00a0<\/span><\/p>\n<p><span style=\"font-weight: 400;\">Les cycles naturels, tels que les saisons, d\u00e9pendent de la position et du mouvement de ces corps c\u00e9lestes.<\/span><\/p>\n<h4><b>2. R\u00e9gulation des cycles biologiques\u00a0\u00a0<\/b><\/h4>\n<p><span style=\"font-weight: 400;\">La lumi\u00e8re et l\u2019obscurit\u00e9, ainsi que les changements saisonniers, influencent les cycles biologiques de tous les \u00eatres vivants.\u00a0\u00a0<\/span><\/p>\n<p><span style=\"font-weight: 400;\">Les \u00e9toiles aident \u00e0 r\u00e9guler les habitudes de sommeil et d\u2019\u00e9veil, la migration des animaux et les cycles de croissance des plantes.\u00a0\u00a0<\/span><\/p>\n<p><span style=\"font-weight: 400;\">Cette interd\u00e9pendance d\u00e9montre la pr\u00e9cision et la conception m\u00e9ticuleuse de l\u2019univers, o\u00f9 chaque \u00e9l\u00e9ment a un but sp\u00e9cifique.<\/span><\/p>\n<h3><b>Le quatri\u00e8me jour du c<span>r\u00e9action mondiale<\/span><\/b><\/h3>\n<p><span style=\"font-weight: 400;\">R\u00e9fl\u00e9chir \u00e0 la pr\u00e9cision de l\u2019univers nous am\u00e8ne \u00e0 consid\u00e9rer la relation entre la science et la foi.\u00a0\u00a0<\/span><\/p>\n<p><span style=\"font-weight: 400;\">L\u2019harmonie et l\u2019ordre observ\u00e9s dans les cieux nous invitent \u00e0 voir la main d\u2019un Cr\u00e9ateur intentionnel et m\u00e9ticuleux.\u00a0\u00a0<\/span><\/p>\n<p><span style=\"font-weight: 400;\">J&#039;explique ici comment se d\u00e9veloppe cette r\u00e9flexion sur la cr\u00e9ation du monde :<\/span><\/p>\n<h4><b>1. Relation entre science et foi\u00a0\u00a0<\/b><\/h4>\n<p><span style=\"font-weight: 400;\">L\u2019observation scientifique des \u00e9toiles et de leur fonctionnement r\u00e9v\u00e8le une pr\u00e9cision impressionnante qui sugg\u00e8re une conception intelligente.\u00a0\u00a0<\/span><\/p>\n<p><span style=\"font-weight: 400;\">La foi nous conduit \u00e0 voir cette conception comme l\u2019\u0153uvre d\u2019un Cr\u00e9ateur qui a \u00e9tabli des lois naturelles pr\u00e9cises et harmonieuses.\u00a0\u00a0<\/span><\/p>\n<p><span style=\"font-weight: 400;\">Cette perspective nous invite \u00e0 int\u00e9grer la connaissance scientifique \u00e0 une appr\u00e9ciation spirituelle de l\u2019univers.<\/span><\/p>\n<h4><b>2. Harmonie et ordre dans l&#039;univers\u00a0\u00a0<\/b><\/h4>\n<p><span style=\"font-weight: 400;\">L\u2019ordre observable dans le mouvement des \u00e9toiles et la r\u00e9gularit\u00e9 des cycles naturels refl\u00e8tent une conception intentionnelle.\u00a0\u00a0<\/span><\/p>\n<p><span style=\"font-weight: 400;\">Cette harmonie nous rappelle que l\u2019univers n\u2019est pas chaotique, mais suit un plan m\u00e9ticuleux qui soutient la vie.\u00a0\u00a0<\/span><\/p>\n<p><span style=\"font-weight: 400;\">R\u00e9fl\u00e9chir \u00e0 cet ordre nous invite \u00e0 voir la grandeur du Cr\u00e9ateur et \u00e0 vivre en harmonie avec les lois naturelles \u00e9tablies par Lui.<\/span><\/p>\n<p><span style=\"font-weight: 400;\">En d\u00e9veloppant ces points, nous pouvons appr\u00e9cier la profondeur et la planification du r\u00e9cit biblique de la cr\u00e9ation, en voyant comment chaque acte divin non seulement organise le monde physique mais pr\u00e9pare \u00e9galement le terrain pour une vie ordonn\u00e9e et connect\u00e9e.<\/span><\/p>[\/et_pb_text][\/et_pb_column][\/et_pb_row][et_pb_row admin_label=&#8221;FILA DESAROLLO&#8221; _builder_version=&#8221;4.25.0&#8243; _module_preset=&#8221;default&#8221; custom_padding=&#8221;||0px||false|false&#8221; global_colors_info=&#8221;{}&#8221; theme_builder_area=&#8221;post_content&#8221;][et_pb_column type=&#8221;4_4&#8243; _builder_version=&#8221;4.25.0&#8243; _module_preset=&#8221;default&#8221; global_colors_info=&#8221;{}&#8221; theme_builder_area=&#8221;post_content&#8221;][et_pb_text admin_label=&#8221;1.T\u00edtulo H2 Pers. con espacio 0 Abajo&#8221; _builder_version=&#8221;4.26.1&#8243; _module_preset=&#8221;9dcd691c-2a53-439d-9f69-d20be4c8c6a1&#8243; text_text_color=&#8221;#000000&#8243; text_line_height=&#8221;1.8em&#8221; header_font=&#8221;|600|||||||&#8221; header_text_align=&#8221;center&#8221; header_text_color=&#8221;#000000&#8243; header_font_size=&#8221;45px&#8221; header_line_height=&#8221;1.5em&#8221; header_2_font=&#8221;|600|||||||&#8221; header_2_text_align=&#8221;center&#8221; header_2_text_color=&#8221;#000000&#8243; header_2_font_size=&#8221;40px&#8221; header_2_line_height=&#8221;1.2em&#8221; custom_margin=&#8221;||0px||false|false&#8221; custom_padding=&#8221;||||false|false&#8221; text_font_size_tablet=&#8221;17px&#8221; text_font_size_phone=&#8221;16px&#8221; text_font_size_last_edited=&#8221;on|desktop&#8221; header_text_align_tablet=&#8221;center&#8221; header_text_align_phone=&#8221;center&#8221; header_text_align_last_edited=&#8221;on|desktop&#8221; header_font_size_tablet=&#8221;40px&#8221; header_font_size_phone=&#8221;30px&#8221; header_font_size_last_edited=&#8221;on|tablet&#8221; header_line_height_tablet=&#8221;1.5em&#8221; header_line_height_phone=&#8221;1.3em&#8221; header_line_height_last_edited=&#8221;on|desktop&#8221; header_2_font_size_tablet=&#8221;35px&#8221; header_2_font_size_phone=&#8221;20px&#8221; header_2_font_size_last_edited=&#8221;on|desktop&#8221; global_colors_info=&#8221;{}&#8221; theme_builder_area=&#8221;post_content&#8221;]<h2><span class=\"ez-toc-section\" id=\"Dia_Cinco_Vida_Marina_y_Aves\"><\/span><b>Jour cinq : Vie marine et oiseaux<\/b><span class=\"ez-toc-section-end\"><\/span><\/h2>[\/et_pb_text][et_pb_image src=&#8221;https:\/\/cleefbible.com\/wp-content\/uploads\/2024\/07\/Creacion-del-mundo-6.png&#8221; alt=&#8221;Creaci\u00f3n-del-mundo-6&#8243; title_text=&#8221;Creaci\u00f3n del mundo&#8221; admin_label=&#8221;1.1.Foto Blog interior&#8221; _builder_version=&#8221;4.26.1&#8243; _module_preset=&#8221;default&#8221; global_colors_info=&#8221;{}&#8221; theme_builder_area=&#8221;post_content&#8221;][\/et_pb_image][et_pb_text admin_label=&#8221;1.2.Texto&#8221; _builder_version=&#8221;4.26.1&#8243; _module_preset=&#8221;9dcd691c-2a53-439d-9f69-d20be4c8c6a1&#8243; text_text_color=&#8221;#000000&#8243; text_line_height=&#8221;1.8em&#8221; header_font=&#8221;|600|||||||&#8221; header_text_align=&#8221;center&#8221; header_text_color=&#8221;#000000&#8243; header_font_size=&#8221;45px&#8221; header_line_height=&#8221;1.5em&#8221; header_2_font=&#8221;|600|||||||&#8221; header_2_text_align=&#8221;center&#8221; header_2_text_color=&#8221;#000000&#8243; header_2_font_size=&#8221;40px&#8221; header_2_line_height=&#8221;1.2em&#8221; text_font_size_tablet=&#8221;17px&#8221; text_font_size_phone=&#8221;16px&#8221; text_font_size_last_edited=&#8221;on|desktop&#8221; header_text_align_tablet=&#8221;center&#8221; header_text_align_phone=&#8221;center&#8221; header_text_align_last_edited=&#8221;on|desktop&#8221; header_font_size_tablet=&#8221;40px&#8221; header_font_size_phone=&#8221;30px&#8221; header_font_size_last_edited=&#8221;on|tablet&#8221; header_line_height_tablet=&#8221;1.5em&#8221; header_line_height_phone=&#8221;1.3em&#8221; header_line_height_last_edited=&#8221;on|desktop&#8221; header_2_font_size_tablet=&#8221;35px&#8221; header_2_font_size_phone=&#8221;20px&#8221; header_2_font_size_last_edited=&#8221;on|desktop&#8221; global_colors_info=&#8221;{}&#8221; theme_builder_area=&#8221;post_content&#8221;]<p><span style=\"font-weight: 400;\">Pour mieux comprendre les \u00e9tapes cruciales de la cr\u00e9ation selon le r\u00e9cit biblique, il est essentiel d\u2019explorer les d\u00e9tails de ces processus.\u00a0<\/span><\/p>\n<p><span style=\"font-weight: 400;\">J&#039;explique ici en d\u00e9tail certains des aspects les plus importants de la cr\u00e9ation du monde :<\/span><\/p>\n<h3><b>Cr\u00e9ation des \u00eatres marins dans la cr\u00e9ation du monde<\/b><\/h3>\n<p><span style=\"font-weight: 400;\">\u00ab Que les eaux produisent des \u00eatres vivants. \u00bb <\/span><\/p>\n<p><span style=\"font-weight: 400;\">La vie marine est cr\u00e9\u00e9e dans toute sa diversit\u00e9, des poissons aux grandes cr\u00e9atures oc\u00e9aniques.\u00a0\u00a0<\/span><\/p>\n<p><span style=\"font-weight: 400;\">Cet acte refl\u00e8te l\u2019abondance et la cr\u00e9ativit\u00e9 de Dieu.\u00a0\u00a0<\/span><\/p>\n<p><span style=\"font-weight: 400;\">J&#039;explique ici comment ce processus se d\u00e9veloppe dans la cr\u00e9ation du monde :<\/span><\/p>\n<h4><b>1. Diversit\u00e9 de la vie marine\u00a0\u00a0<\/b><\/h4>\n<p><span style=\"font-weight: 400;\">Dieu ordonne aux eaux de produire une vari\u00e9t\u00e9 d\u2019\u00eatres vivants, notamment des poissons, des mollusques et de grandes cr\u00e9atures marines.\u00a0\u00a0<\/span><\/p>\n<p><span style=\"font-weight: 400;\">Cette diversit\u00e9 montre la cr\u00e9ativit\u00e9 et la puissance de Dieu qui remplit les oc\u00e9ans de vie.\u00a0\u00a0<\/span><\/p>\n<p><span style=\"font-weight: 400;\">Chaque esp\u00e8ce marine joue un r\u00f4le sp\u00e9cifique dans l\u2019\u00e9cosyst\u00e8me, contribuant \u00e0 l\u2019\u00e9quilibre et \u00e0 la sant\u00e9 du milieu marin.<\/span><\/p>\n<h4><b>2. Provision et subsistance\u00a0\u00a0<\/b><\/h4>\n<p><span style=\"font-weight: 400;\">La cr\u00e9ation de la vie marine assure une source abondante de nourriture et de ressources pour d\u2019autres cr\u00e9atures.\u00a0\u00a0<\/span><\/p>\n<p><span style=\"font-weight: 400;\">Les oc\u00e9ans, grouillants de vie, deviennent un syst\u00e8me autosuffisant o\u00f9 chaque \u00eatre joue un r\u00f4le crucial dans la cha\u00eene alimentaire.\u00a0\u00a0<\/span><\/p>\n<p><span style=\"font-weight: 400;\">Cet acte divin d\u00e9montre la providence de Dieu et sa capacit\u00e9 \u00e0 cr\u00e9er un monde autonome.<\/span><\/p>\n<h3><b>Cr\u00e9ation des oiseaux \u00e0 la cr\u00e9ation du monde<\/b><\/h3>\n<p><span style=\"font-weight: 400;\">\u00ab Laissez les oiseaux voler sur la terre. \u00bb <\/span><\/p>\n<p><span style=\"font-weight: 400;\">Les oiseaux sont cr\u00e9\u00e9s pour remplir le ciel, parfaitement adapt\u00e9s \u00e0 leur environnement.\u00a0\u00a0<\/span><\/p>\n<p><span style=\"font-weight: 400;\">Son existence nous rappelle la beaut\u00e9 et la complexit\u00e9 de la vie.\u00a0\u00a0<\/span><\/p>\n<p><span style=\"font-weight: 400;\">J&#039;explique ici comment se d\u00e9roule ce processus de cr\u00e9ation du monde :<\/span><\/p>\n<h4><b>1. Adaptation \u00e0 l&#039;environnement\u00a0\u00a0<\/b><\/h4>\n<p><span style=\"font-weight: 400;\">Dieu cr\u00e9e les oiseaux pour voler au-dessus de la terre et remplir le ciel, d\u00e9montrant ainsi leur capacit\u00e9 \u00e0 s\u2019adapter \u00e0 diff\u00e9rents environnements.\u00a0\u00a0<\/span><\/p>\n<p><span style=\"font-weight: 400;\">Les oiseaux sont dot\u00e9s de capacit\u00e9s uniques comme le vol, ce qui leur permet d\u2019explorer et d\u2019habiter diff\u00e9rents \u00e9cosyst\u00e8mes.\u00a0\u00a0<\/span><\/p>\n<p><span style=\"font-weight: 400;\">Cette adaptation refl\u00e8te la sagesse de Dieu dans la cr\u00e9ation d\u2019\u00eatres vivants parfaitement adapt\u00e9s \u00e0 leur environnement.<\/span><\/p>\n<h4><b>2. Beaut\u00e9 et complexit\u00e9\u00a0\u00a0<\/b><\/h4>\n<p><span style=\"font-weight: 400;\">La vari\u00e9t\u00e9 des oiseaux, avec leurs couleurs vibrantes et leurs chants m\u00e9lodieux, ajoute de la beaut\u00e9 au monde naturel.\u00a0\u00a0<\/span><\/p>\n<p><span style=\"font-weight: 400;\">Chaque esp\u00e8ce d\u2019oiseau, du colibri \u00e0 l\u2019aigle, poss\u00e8de des caract\u00e9ristiques uniques qui contribuent \u00e0 la diversit\u00e9 et \u00e0 la complexit\u00e9 de l\u2019\u00e9cosyst\u00e8me.\u00a0\u00a0<\/span><\/p>\n<p><span style=\"font-weight: 400;\">Cette beaut\u00e9 et cette complexit\u00e9 nous invitent \u00e0 appr\u00e9cier et \u00e0 prot\u00e9ger la faune en tant que partie de la cr\u00e9ation de Dieu.<\/span><\/p>\n<h3><b>Le cinqui\u00e8me jour de la cr\u00e9ation du monde<\/b><\/h3>\n<p><span style=\"font-weight: 400;\">L\u2019interd\u00e9pendance des cr\u00e9atures est \u00e9vidente.\u00a0\u00a0<\/span><\/p>\n<p><span style=\"font-weight: 400;\">La vie marine et les oiseaux font partie d\u2019un \u00e9cosyst\u00e8me \u00e9quilibr\u00e9, o\u00f9 chaque cr\u00e9ature joue un r\u00f4le crucial.\u00a0\u00a0<\/span><\/p>\n<p><span style=\"font-weight: 400;\">R\u00e9fl\u00e9chir \u00e0 cette interd\u00e9pendance nous am\u00e8ne \u00e0 appr\u00e9cier la toile complexe de la vie.\u00a0\u00a0<\/span><\/p>\n<p><span style=\"font-weight: 400;\">J&#039;explique ici comment se d\u00e9veloppe cette r\u00e9flexion :<\/span><\/p>\n<h4><b>1. \u00c9cosyst\u00e8me \u00e9quilibr\u00e9\u00a0\u00a0<\/b><\/h4>\n<p><span style=\"font-weight: 400;\">La vie marine et les oiseaux coexistent dans un \u00e9cosyst\u00e8me \u00e9quilibr\u00e9, o\u00f9 chaque \u00eatre vivant d\u00e9pend des autres pour sa survie.\u00a0\u00a0<\/span><\/p>\n<p><span style=\"font-weight: 400;\">Cette interd\u00e9pendance assure la stabilit\u00e9 et la sant\u00e9 de l\u2019environnement, d\u00e9montrant ainsi le dessein intentionnel de Dieu.\u00a0\u00a0<\/span><\/p>\n<p><span style=\"font-weight: 400;\">En observant comment ils interagissent et d\u00e9pendent les uns des autres, nous pouvons voir la main d\u2019un Cr\u00e9ateur qui a con\u00e7u le monde avec pr\u00e9cision et objectif.<\/span><\/p>\n<h4><b>2. R\u00e9seau complexe de la vie\u00a0\u00a0<\/b><\/h4>\n<p><span style=\"font-weight: 400;\">La cr\u00e9ation des cr\u00e9atures marines et des oiseaux le cinqui\u00e8me jour souligne la complexit\u00e9 et l\u2019interd\u00e9pendance de toutes les formes de vie.\u00a0\u00a0<\/span><\/p>\n<p><span style=\"font-weight: 400;\">Chaque \u00eatre, du plus petit poisson au plus grand oiseau, a un r\u00f4le \u00e0 jouer dans le maintien de l\u2019\u00e9quilibre naturel.\u00a0\u00a0<\/span><\/p>\n<p><span style=\"font-weight: 400;\">R\u00e9fl\u00e9chir \u00e0 cette toile de vie nous invite \u00e0 valoriser et \u00e0 prot\u00e9ger la biodiversit\u00e9 comme une partie essentielle du plan de Dieu pour le monde.<\/span><\/p>\n<p><span style=\"font-weight: 400;\">Nous pouvons appr\u00e9cier la profondeur et la planification du r\u00e9cit biblique de la cr\u00e9ation, en voyant comment chaque acte divin non seulement organise le monde physique mais pr\u00e9pare \u00e9galement le terrain pour une vie ordonn\u00e9e et connect\u00e9e.<\/span><\/p>[\/et_pb_text][\/et_pb_column][\/et_pb_row][et_pb_row admin_label=&#8221;FILA DESAROLLO&#8221; _builder_version=&#8221;4.25.0&#8243; _module_preset=&#8221;default&#8221; custom_padding=&#8221;||0px||false|false&#8221; global_colors_info=&#8221;{}&#8221; theme_builder_area=&#8221;post_content&#8221;][et_pb_column type=&#8221;4_4&#8243; _builder_version=&#8221;4.25.0&#8243; _module_preset=&#8221;default&#8221; global_colors_info=&#8221;{}&#8221; theme_builder_area=&#8221;post_content&#8221;][et_pb_text admin_label=&#8221;1.T\u00edtulo H2 Pers. con espacio 0 Abajo&#8221; _builder_version=&#8221;4.26.1&#8243; _module_preset=&#8221;9dcd691c-2a53-439d-9f69-d20be4c8c6a1&#8243; text_text_color=&#8221;#000000&#8243; text_line_height=&#8221;1.8em&#8221; header_font=&#8221;|600|||||||&#8221; header_text_align=&#8221;center&#8221; header_text_color=&#8221;#000000&#8243; header_font_size=&#8221;45px&#8221; header_line_height=&#8221;1.5em&#8221; header_2_font=&#8221;|600|||||||&#8221; header_2_text_align=&#8221;center&#8221; header_2_text_color=&#8221;#000000&#8243; header_2_font_size=&#8221;40px&#8221; header_2_line_height=&#8221;1.2em&#8221; custom_margin=&#8221;||0px||false|false&#8221; custom_padding=&#8221;||||false|false&#8221; text_font_size_tablet=&#8221;17px&#8221; text_font_size_phone=&#8221;16px&#8221; text_font_size_last_edited=&#8221;on|desktop&#8221; header_text_align_tablet=&#8221;center&#8221; header_text_align_phone=&#8221;center&#8221; header_text_align_last_edited=&#8221;on|desktop&#8221; header_font_size_tablet=&#8221;40px&#8221; header_font_size_phone=&#8221;30px&#8221; header_font_size_last_edited=&#8221;on|tablet&#8221; header_line_height_tablet=&#8221;1.5em&#8221; header_line_height_phone=&#8221;1.3em&#8221; header_line_height_last_edited=&#8221;on|desktop&#8221; header_2_font_size_tablet=&#8221;35px&#8221; header_2_font_size_phone=&#8221;20px&#8221; header_2_font_size_last_edited=&#8221;on|desktop&#8221; global_colors_info=&#8221;{}&#8221; theme_builder_area=&#8221;post_content&#8221;]<h2><span class=\"ez-toc-section\" id=\"Dia_Seis_Animales_Terrestres_y_el_Ser_Humano\"><\/span><b>Jour six : Animaux terrestres et humains<\/b><span class=\"ez-toc-section-end\"><\/span><\/h2>[\/et_pb_text][et_pb_image src=&#8221;https:\/\/cleefbible.com\/wp-content\/uploads\/2024\/07\/Creacion-del-mundo-7.png&#8221; alt=&#8221;Creaci\u00f3n-del-mundo-7&#8243; title_text=&#8221;Creaci\u00f3n del mundo&#8221; admin_label=&#8221;1.1.Foto Blog interior&#8221; _builder_version=&#8221;4.26.1&#8243; _module_preset=&#8221;default&#8221; global_colors_info=&#8221;{}&#8221; theme_builder_area=&#8221;post_content&#8221;][\/et_pb_image][et_pb_text admin_label=&#8221;1.2.Texto&#8221; _builder_version=&#8221;4.26.1&#8243; _module_preset=&#8221;9dcd691c-2a53-439d-9f69-d20be4c8c6a1&#8243; text_text_color=&#8221;#000000&#8243; text_line_height=&#8221;1.8em&#8221; header_font=&#8221;|600|||||||&#8221; header_text_align=&#8221;center&#8221; header_text_color=&#8221;#000000&#8243; header_font_size=&#8221;45px&#8221; header_line_height=&#8221;1.5em&#8221; header_2_font=&#8221;|600|||||||&#8221; header_2_text_align=&#8221;center&#8221; header_2_text_color=&#8221;#000000&#8243; header_2_font_size=&#8221;40px&#8221; header_2_line_height=&#8221;1.2em&#8221; text_font_size_tablet=&#8221;17px&#8221; text_font_size_phone=&#8221;16px&#8221; text_font_size_last_edited=&#8221;on|desktop&#8221; header_text_align_tablet=&#8221;center&#8221; header_text_align_phone=&#8221;center&#8221; header_text_align_last_edited=&#8221;on|desktop&#8221; header_font_size_tablet=&#8221;40px&#8221; header_font_size_phone=&#8221;30px&#8221; header_font_size_last_edited=&#8221;on|tablet&#8221; header_line_height_tablet=&#8221;1.5em&#8221; header_line_height_phone=&#8221;1.3em&#8221; header_line_height_last_edited=&#8221;on|desktop&#8221; header_2_font_size_tablet=&#8221;35px&#8221; header_2_font_size_phone=&#8221;20px&#8221; header_2_font_size_last_edited=&#8221;on|desktop&#8221; global_colors_info=&#8221;{}&#8221; theme_builder_area=&#8221;post_content&#8221;]<p><span style=\"font-weight: 400;\">Pour mieux comprendre les \u00e9tapes cruciales de la cr\u00e9ation selon le r\u00e9cit biblique, il est essentiel d\u2019explorer les d\u00e9tails de ces processus. <\/span><\/p>\n<p><span style=\"font-weight: 400;\">J&#039;explique ici en d\u00e9tail certains des aspects les plus importants de la cr\u00e9ation du monde :<\/span><\/p>\n<h3><b>Cr\u00e9ation des animaux terrestres \u00e0 la cr\u00e9ation du monde<\/b><\/h3>\n<p><span style=\"font-weight: 400;\">\u00ab Que la terre produise des \u00eatres vivants selon leur esp\u00e8ce. \u00bb <\/span><\/p>\n<p><span style=\"font-weight: 400;\">Les animaux terrestres, des mammif\u00e8res aux reptiles, sont cr\u00e9\u00e9s ce jour-l\u00e0.\u00a0\u00a0<\/span><\/p>\n<p><span style=\"font-weight: 400;\">Chaque esp\u00e8ce est con\u00e7ue pour habiter la Terre et contribuer \u00e0 l\u2019\u00e9cosyst\u00e8me.\u00a0\u00a0<\/span><\/p>\n<p><span style=\"font-weight: 400;\">J&#039;explique ici comment se d\u00e9roule ce processus de cr\u00e9ation du monde :<\/span><\/p>\n<h4><b>1. Diversit\u00e9 des esp\u00e8ces terrestres\u00a0\u00a0<\/b><\/h4>\n<p><span style=\"font-weight: 400;\">Dieu ordonne \u00e0 la terre de produire des \u00eatres vivants selon leurs esp\u00e8ces, ce qui donne naissance \u00e0 une grande vari\u00e9t\u00e9 de mammif\u00e8res, de reptiles et d\u2019insectes.\u00a0\u00a0<\/span><\/p>\n<p><span style=\"font-weight: 400;\">Chaque esp\u00e8ce a un r\u00f4le sp\u00e9cifique dans l\u2019\u00e9cosyst\u00e8me, des petits insectes aux grands mammif\u00e8res.\u00a0\u00a0<\/span><\/p>\n<p><span style=\"font-weight: 400;\">Cette diversit\u00e9 garantit que l\u2019\u00e9cosyst\u00e8me terrestre est \u00e9quilibr\u00e9 et fonctionnel, chaque cr\u00e9ature contribuant au bien-\u00eatre de l\u2019environnement.<\/span><\/p>\n<h4><b>2. Adaptation et fonctions \u00e9cologiques\u00a0\u00a0<\/b><\/h4>\n<p><span style=\"font-weight: 400;\">Chaque esp\u00e8ce cr\u00e9\u00e9e est parfaitement adapt\u00e9e \u00e0 son environnement, avec des caract\u00e9ristiques physiques et des comportements qui lui permettent de survivre et de prosp\u00e9rer.\u00a0\u00a0<\/span><\/p>\n<p><span style=\"font-weight: 400;\">Les animaux jouent des r\u00f4les cruciaux, comme la pollinisation des plantes, la dispersion des graines et le contr\u00f4le des populations d\u2019autres esp\u00e8ces.\u00a0\u00a0<\/span><\/p>\n<p><span style=\"font-weight: 400;\">Cette adaptation et cette fonctionnalit\u00e9 d\u00e9montrent la sagesse divine dans la conception d\u2019un monde interconnect\u00e9 et durable.<\/span><\/p>\n<h3><b>Cr\u00e9ation de l&#039;\u00eatre humain dans la cr\u00e9ation du monde<\/b><\/h3>\n<p><span style=\"font-weight: 400;\">\u00abFaisons l\u2019homme \u00e0 notre image, selon notre ressemblance.\u00bb <\/span><\/p>\n<p><span style=\"font-weight: 400;\">La cr\u00e9ation de l\u2019\u00eatre humain est un acte particulier.\u00a0\u00a0<\/span><\/p>\n<p><span style=\"font-weight: 400;\">Contrairement aux animaux, les \u00eatres humains sont cr\u00e9\u00e9s \u00e0 l\u2019image de Dieu, avec la capacit\u00e9 de raisonner, de cr\u00e9er et d\u2019aimer.\u00a0\u00a0<\/span><\/p>\n<p><span style=\"font-weight: 400;\">J&#039;explique ici comment se d\u00e9roule ce processus de cr\u00e9ation du monde :<\/span><\/p>\n<h4><b>1. La cr\u00e9ation \u00e0 l&#039;image de Dieu\u00a0\u00a0<\/b><\/h4>\n<p><span style=\"font-weight: 400;\">Dieu cr\u00e9e les \u00eatres humains avec des caract\u00e9ristiques uniques qui refl\u00e8tent son image, notamment la capacit\u00e9 de pens\u00e9e rationnelle, de cr\u00e9ativit\u00e9 et de moralit\u00e9.\u00a0\u00a0<\/span><\/p>\n<p><span style=\"font-weight: 400;\">Cela \u00e9tablit une distinction claire entre les humains et le reste de la cr\u00e9ation, leur donnant une position particuli\u00e8re dans le monde.\u00a0\u00a0<\/span><\/p>\n<p><span style=\"font-weight: 400;\">\u00catre cr\u00e9\u00e9 \u00e0 l\u2019image de Dieu implique \u00e9galement une capacit\u00e9 inn\u00e9e \u00e0 \u00e9tablir des relations significatives avec Lui et avec d\u2019autres \u00eatres humains.<\/span><\/p>\n<h4><b>2. Capacit\u00e9 de raisonner et d&#039;aimer\u00a0\u00a0<\/b><\/h4>\n<p><span style=\"font-weight: 400;\">Les humains ont la capacit\u00e9 de raisonner, de prendre des d\u00e9cisions et de cr\u00e9er de nouvelles choses, refl\u00e9tant la nature cr\u00e9atrice de Dieu.\u00a0\u00a0<\/span><\/p>\n<p><span style=\"font-weight: 400;\">Ils ont \u00e9galement la capacit\u00e9 d\u2019aimer et d\u2019\u00e9tablir des relations profondes et significatives, \u00e0 la fois avec d\u2019autres humains et avec Dieu.\u00a0\u00a0<\/span><\/p>\n<p><span style=\"font-weight: 400;\">Cette capacit\u00e9 \u00e0 aimer et \u00e0 raisonner est fondamentale pour le r\u00f4le des humains en tant que gardiens et intendants de la cr\u00e9ation.<\/span><\/p>\n<h3><b>Le sixi\u00e8me jour de la cr\u00e9ation du monde<\/b><\/h3>\n<p><span style=\"font-weight: 400;\">Le r\u00f4le des \u00eatres humains dans la cr\u00e9ation est important.\u00a0\u00a0<\/span><\/p>\n<p><span style=\"font-weight: 400;\">Nous sommes appel\u00e9s \u00e0 \u00eatre les intendants de la terre, \u00e0 prendre soin de toutes les formes de vie et \u00e0 les prot\u00e9ger.\u00a0\u00a0<\/span><\/p>\n<p><span style=\"font-weight: 400;\">Ce concept d\u2019intendance implique une grande responsabilit\u00e9 et nous invite \u00e0 vivre en harmonie avec la cr\u00e9ation.\u00a0\u00a0<\/span><\/p>\n<p><span style=\"font-weight: 400;\">J&#039;explique ici comment se d\u00e9veloppe cette r\u00e9flexion sur la cr\u00e9ation du monde :<\/span><\/p>\n<h4><b>1. Intendance de la cr\u00e9ation\u00a0\u00a0<\/b><\/h4>\n<p><span style=\"font-weight: 400;\">Dieu confie aux humains la responsabilit\u00e9 de prendre soin de la terre et de la gouverner, y compris de toutes les cr\u00e9atures vivantes.\u00a0\u00a0<\/span><\/p>\n<p><span style=\"font-weight: 400;\">Cette responsabilit\u00e9 implique de prot\u00e9ger l\u2019environnement, de pr\u00e9server la biodiversit\u00e9 et d\u2019utiliser les ressources de mani\u00e8re durable.\u00a0\u00a0<\/span><\/p>\n<p><span style=\"font-weight: 400;\">L\u2019intendance est un appel \u00e0 agir avec sagesse et compassion, en reconnaissant la valeur intrins\u00e8que de toute la cr\u00e9ation.<\/span><\/p>\n<h4><b>2. Vivre en harmonie avec la cr\u00e9ation\u00a0\u00a0<\/b><\/h4>\n<p><span style=\"font-weight: 400;\">La relation entre les humains et le reste de la cr\u00e9ation doit \u00eatre fond\u00e9e sur le respect et l\u2019\u00e9quilibre, \u0153uvrant pour maintenir l\u2019harmonie \u00e9cologique.\u00a0\u00a0<\/span><\/p>\n<p><span style=\"font-weight: 400;\">Cela comprend des pratiques durables, la conservation des habitats naturels et une \u00e9thique de protection de toutes les formes de vie.\u00a0\u00a0<\/span><\/p>\n<p><span style=\"font-weight: 400;\">R\u00e9fl\u00e9chir \u00e0 cette responsabilit\u00e9 nous invite \u00e0 adopter un style de vie qui honore Dieu et prot\u00e8ge l\u2019int\u00e9grit\u00e9 du monde qu\u2019il a cr\u00e9\u00e9.<\/span><\/p>\n<p><span style=\"font-weight: 400;\">Nous pouvons appr\u00e9cier la profondeur et la planification du r\u00e9cit biblique de la cr\u00e9ation du monde, en voyant comment chaque acte divin non seulement organise le monde physique mais pr\u00e9pare \u00e9galement le terrain pour une vie ordonn\u00e9e et connect\u00e9e.<\/span><\/p>[\/et_pb_text][\/et_pb_column][\/et_pb_row][et_pb_row admin_label=&#8221;FILA DESAROLLO&#8221; _builder_version=&#8221;4.25.0&#8243; _module_preset=&#8221;default&#8221; custom_padding=&#8221;||0px||false|false&#8221; global_colors_info=&#8221;{}&#8221; theme_builder_area=&#8221;post_content&#8221;][et_pb_column type=&#8221;4_4&#8243; _builder_version=&#8221;4.25.0&#8243; _module_preset=&#8221;default&#8221; global_colors_info=&#8221;{}&#8221; theme_builder_area=&#8221;post_content&#8221;][et_pb_text admin_label=&#8221;1.T\u00edtulo H2 Pers. con espacio 0 Abajo&#8221; _builder_version=&#8221;4.26.1&#8243; _module_preset=&#8221;9dcd691c-2a53-439d-9f69-d20be4c8c6a1&#8243; text_text_color=&#8221;#000000&#8243; text_line_height=&#8221;1.8em&#8221; header_font=&#8221;|600|||||||&#8221; header_text_align=&#8221;center&#8221; header_text_color=&#8221;#000000&#8243; header_font_size=&#8221;45px&#8221; header_line_height=&#8221;1.5em&#8221; header_2_font=&#8221;|600|||||||&#8221; header_2_text_align=&#8221;center&#8221; header_2_text_color=&#8221;#000000&#8243; header_2_font_size=&#8221;40px&#8221; header_2_line_height=&#8221;1.2em&#8221; custom_margin=&#8221;||0px||false|false&#8221; custom_padding=&#8221;||||false|false&#8221; text_font_size_tablet=&#8221;17px&#8221; text_font_size_phone=&#8221;16px&#8221; text_font_size_last_edited=&#8221;on|desktop&#8221; header_text_align_tablet=&#8221;center&#8221; header_text_align_phone=&#8221;center&#8221; header_text_align_last_edited=&#8221;on|desktop&#8221; header_font_size_tablet=&#8221;40px&#8221; header_font_size_phone=&#8221;30px&#8221; header_font_size_last_edited=&#8221;on|tablet&#8221; header_line_height_tablet=&#8221;1.5em&#8221; header_line_height_phone=&#8221;1.3em&#8221; header_line_height_last_edited=&#8221;on|desktop&#8221; header_2_font_size_tablet=&#8221;35px&#8221; header_2_font_size_phone=&#8221;20px&#8221; header_2_font_size_last_edited=&#8221;on|desktop&#8221; global_colors_info=&#8221;{}&#8221; theme_builder_area=&#8221;post_content&#8221;]<h2><span class=\"ez-toc-section\" id=\"Dia_Siete_El_Descanso\"><\/span><b>Jour sept : Repos<\/b><span class=\"ez-toc-section-end\"><\/span><\/h2>[\/et_pb_text][et_pb_image src=&#8221;https:\/\/cleefbible.com\/wp-content\/uploads\/2024\/07\/Creacion-del-mundo-8.png&#8221; alt=&#8221;Creaci\u00f3n-del-mundo-8&#8243; title_text=&#8221;Creaci\u00f3n del mundo&#8221; admin_label=&#8221;1.1.Foto Blog interior&#8221; _builder_version=&#8221;4.26.1&#8243; _module_preset=&#8221;default&#8221; global_colors_info=&#8221;{}&#8221; theme_builder_area=&#8221;post_content&#8221;][\/et_pb_image][et_pb_text admin_label=&#8221;1.2.Texto&#8221; _builder_version=&#8221;4.26.1&#8243; _module_preset=&#8221;9dcd691c-2a53-439d-9f69-d20be4c8c6a1&#8243; text_text_color=&#8221;#000000&#8243; text_line_height=&#8221;1.8em&#8221; header_font=&#8221;|600|||||||&#8221; header_text_align=&#8221;center&#8221; header_text_color=&#8221;#000000&#8243; header_font_size=&#8221;45px&#8221; header_line_height=&#8221;1.5em&#8221; header_2_font=&#8221;|600|||||||&#8221; header_2_text_align=&#8221;center&#8221; header_2_text_color=&#8221;#000000&#8243; header_2_font_size=&#8221;40px&#8221; header_2_line_height=&#8221;1.2em&#8221; text_font_size_tablet=&#8221;17px&#8221; text_font_size_phone=&#8221;16px&#8221; text_font_size_last_edited=&#8221;on|desktop&#8221; header_text_align_tablet=&#8221;center&#8221; header_text_align_phone=&#8221;center&#8221; header_text_align_last_edited=&#8221;on|desktop&#8221; header_font_size_tablet=&#8221;40px&#8221; header_font_size_phone=&#8221;30px&#8221; header_font_size_last_edited=&#8221;on|tablet&#8221; header_line_height_tablet=&#8221;1.5em&#8221; header_line_height_phone=&#8221;1.3em&#8221; header_line_height_last_edited=&#8221;on|desktop&#8221; header_2_font_size_tablet=&#8221;35px&#8221; header_2_font_size_phone=&#8221;20px&#8221; header_2_font_size_last_edited=&#8221;on|desktop&#8221; global_colors_info=&#8221;{}&#8221; theme_builder_area=&#8221;post_content&#8221;]<p><span style=\"font-weight: 400;\">Pour mieux comprendre les \u00e9tapes cruciales de la cr\u00e9ation selon le r\u00e9cit biblique, il est essentiel d\u2019explorer les d\u00e9tails de ces processus.\u00a0\u00a0<\/span><\/p>\n<p><span style=\"font-weight: 400;\">J&#039;explique ici en d\u00e9tail certains des aspects les plus importants de la cr\u00e9ation du monde :<\/span><\/p>\n<h3><b>Le repos de Dieu dans la cr\u00e9ation du monde<\/b><\/h3>\n<p><span style=\"font-weight: 400;\">\u00ab Et il se reposa le septi\u00e8me jour de tout son travail qu\u2019il avait fait. \u00bb <\/span><\/p>\n<p><span style=\"font-weight: 400;\">Dieu se repose le septi\u00e8me jour, \u00e9tablissant le sabbat comme un jour de repos et de r\u00e9flexion.\u00a0\u00a0<\/span><\/p>\n<p><span style=\"font-weight: 400;\">Ce repos marque non seulement l\u2019aboutissement de la cr\u00e9ation, mais \u00e9tablit \u00e9galement un rythme de travail et de repos pour l\u2019humanit\u00e9.\u00a0\u00a0<\/span><\/p>\n<p><span style=\"font-weight: 400;\">J&#039;explique ici comment se d\u00e9roule ce processus de cr\u00e9ation du monde :<\/span><\/p>\n<h4><b>1. L&#039;aboutissement de la cr\u00e9ation\u00a0\u00a0<\/b><\/h4>\n<p><span style=\"font-weight: 400;\">Le repos de Dieu le septi\u00e8me jour symbolise l\u2019ach\u00e8vement de l\u2019\u0153uvre cr\u00e9atrice.\u00a0\u00a0<\/span><\/p>\n<p><span style=\"font-weight: 400;\">Cet acte de repos indique que tout ce qui a \u00e9t\u00e9 cr\u00e9\u00e9 \u00e9tait complet et bon dans son essence.\u00a0\u00a0<\/span><\/p>\n<p><span style=\"font-weight: 400;\">L\u2019aboutissement de la cr\u00e9ation avec le repos montre l\u2019importance de reconna\u00eetre et de c\u00e9l\u00e9brer l\u2019ach\u00e8vement du travail.<\/span><\/p>\n<h4><b>2. \u00c9tablissement du sabbat\u00a0\u00a0<\/b><\/h4>\n<p><span style=\"font-weight: 400;\">Dieu \u00e9tablit le septi\u00e8me jour comme un jour de repos, connu sous le nom de sabbat, et le sanctifie.\u00a0\u00a0<\/span><\/p>\n<p><span style=\"font-weight: 400;\">Cette journ\u00e9e est r\u00e9serv\u00e9e comme un moment privil\u00e9gi\u00e9 pour se reposer et r\u00e9fl\u00e9chir \u00e0 l\u2019\u0153uvre de Dieu.\u00a0\u00a0<\/span><\/p>\n<p><span style=\"font-weight: 400;\">Le sabbat devient un signe perp\u00e9tuel de l\u2019alliance entre Dieu et son peuple, leur rappelant l\u2019importance du repos et de l\u2019adoration.<\/span><\/p>\n<h3><b>Le septi\u00e8me jour de la cr\u00e9ation du monde<\/b><\/h3>\n<p><span style=\"font-weight: 400;\">Le repos et la sanctification du temps sont des aspects cruciaux du sabbat.\u00a0\u00a0<\/span><\/p>\n<p><span style=\"font-weight: 400;\">Cette journ\u00e9e nous offre l\u2019occasion de nous d\u00e9connecter des soucis quotidiens et de nous reconnecter au divin.\u00a0\u00a0<\/span><\/p>\n<p><span style=\"font-weight: 400;\">L\u2019importance du sabbat dans la tradition jud\u00e9o-chr\u00e9tienne nous rappelle la n\u00e9cessit\u00e9 de trouver un \u00e9quilibre dans nos vies.\u00a0\u00a0<\/span><\/p>\n<p><span style=\"font-weight: 400;\">J&#039;explique ici comment se d\u00e9veloppe cette r\u00e9flexion sur la cr\u00e9ation du monde :<\/span><\/p>\n<h4><b>1. Repos et renouvellement\u00a0\u00a0<\/b><\/h4>\n<p><span style=\"font-weight: 400;\">Le samedi est une journ\u00e9e d\u00e9di\u00e9e au repos physique et mental, permettant de reprendre des forces.\u00a0\u00a0<\/span><\/p>\n<p><span style=\"font-weight: 400;\">Se d\u00e9connecter des activit\u00e9s et des soucis quotidiens permet de se ressourcer et de retrouver la paix int\u00e9rieure.\u00a0\u00a0<\/span><\/p>\n<p><span style=\"font-weight: 400;\">Ce repos r\u00e9gulier est essentiel au maintien d\u2019une vie \u00e9quilibr\u00e9e et saine, tant sur le plan physique que spirituel.<\/span><\/p>\n<h4><b>2. Reconnexion avec le divin\u00a0\u00a0<\/b><\/h4>\n<p><span style=\"font-weight: 400;\">Le samedi est aussi un moment pour renouer avec Dieu par la pri\u00e8re, la m\u00e9ditation et le culte.\u00a0\u00a0<\/span><\/p>\n<p><span style=\"font-weight: 400;\">Ce temps consacr\u00e9 au spirituel renforce la relation avec le Cr\u00e9ateur et offre une perspective renouvel\u00e9e sur la vie et ses d\u00e9fis.\u00a0\u00a0<\/span><\/p>\n<p><span style=\"font-weight: 400;\">L\u2019observance du sabbat comme jour saint renforce l\u2019identit\u00e9 et la communaut\u00e9 des croyants, unissant les gens dans l\u2019adoration et la gratitude.<\/span><\/p>\n<p><span style=\"font-weight: 400;\">Nous pouvons appr\u00e9cier la profondeur et la planification du r\u00e9cit biblique de la cr\u00e9ation du monde, en voyant comment chaque acte divin non seulement organise le monde physique mais pr\u00e9pare \u00e9galement le terrain pour une vie ordonn\u00e9e et connect\u00e9e.<\/span><\/p>[\/et_pb_text][\/et_pb_column][\/et_pb_row][et_pb_row admin_label=&#8221;FILA DESAROLLO + CONCLUSI\u00d3N&#8221; _builder_version=&#8221;4.25.0&#8243; _module_preset=&#8221;default&#8221; custom_padding=&#8221;||0px||false|false&#8221; global_colors_info=&#8221;{}&#8221; theme_builder_area=&#8221;post_content&#8221;][et_pb_column type=&#8221;4_4&#8243; _builder_version=&#8221;4.25.0&#8243; _module_preset=&#8221;default&#8221; global_colors_info=&#8221;{}&#8221; theme_builder_area=&#8221;post_content&#8221;][et_pb_text admin_label=&#8221;1.T\u00edtulo H2 Pers. con espacio 0 Abajo&#8221; _builder_version=&#8221;4.26.1&#8243; _module_preset=&#8221;9dcd691c-2a53-439d-9f69-d20be4c8c6a1&#8243; text_text_color=&#8221;#000000&#8243; text_line_height=&#8221;1.8em&#8221; header_font=&#8221;|600|||||||&#8221; header_text_align=&#8221;center&#8221; header_text_color=&#8221;#000000&#8243; header_font_size=&#8221;45px&#8221; header_line_height=&#8221;1.5em&#8221; header_2_font=&#8221;|600|||||||&#8221; header_2_text_align=&#8221;center&#8221; header_2_text_color=&#8221;#000000&#8243; header_2_font_size=&#8221;40px&#8221; header_2_line_height=&#8221;1.2em&#8221; custom_margin=&#8221;||0px||false|false&#8221; custom_padding=&#8221;||||false|false&#8221; text_font_size_tablet=&#8221;17px&#8221; text_font_size_phone=&#8221;16px&#8221; text_font_size_last_edited=&#8221;on|desktop&#8221; header_text_align_tablet=&#8221;center&#8221; header_text_align_phone=&#8221;center&#8221; header_text_align_last_edited=&#8221;on|desktop&#8221; header_font_size_tablet=&#8221;40px&#8221; header_font_size_phone=&#8221;30px&#8221; header_font_size_last_edited=&#8221;on|tablet&#8221; header_line_height_tablet=&#8221;1.5em&#8221; header_line_height_phone=&#8221;1.3em&#8221; header_line_height_last_edited=&#8221;on|desktop&#8221; header_2_font_size_tablet=&#8221;35px&#8221; header_2_font_size_phone=&#8221;20px&#8221; header_2_font_size_last_edited=&#8221;on|desktop&#8221; global_colors_info=&#8221;{}&#8221; theme_builder_area=&#8221;post_content&#8221;]<h2><span class=\"ez-toc-section\" id=\"Reflexiones_Finales_sobre_la_creacion_del_mundo\"><\/span><b>R\u00e9flexions finales sur la cr\u00e9ation du monde<\/b><span class=\"ez-toc-section-end\"><\/span><\/h2>[\/et_pb_text][et_pb_image src=&#8221;https:\/\/cleefbible.com\/wp-content\/uploads\/2024\/07\/Creacion-del-mundo-9.png&#8221; alt=&#8221;Creaci\u00f3n-del-mundo-9&#8243; title_text=&#8221;Creaci\u00f3n del mundo&#8221; admin_label=&#8221;1.1.Foto Blog interior&#8221; _builder_version=&#8221;4.26.1&#8243; _module_preset=&#8221;default&#8221; global_colors_info=&#8221;{}&#8221; theme_builder_area=&#8221;post_content&#8221;][\/et_pb_image][et_pb_text admin_label=&#8221;1.2.Texto&#8221; _builder_version=&#8221;4.26.1&#8243; _module_preset=&#8221;9dcd691c-2a53-439d-9f69-d20be4c8c6a1&#8243; text_text_color=&#8221;#000000&#8243; text_line_height=&#8221;1.8em&#8221; header_font=&#8221;|600|||||||&#8221; header_text_align=&#8221;center&#8221; header_text_color=&#8221;#000000&#8243; header_font_size=&#8221;45px&#8221; header_line_height=&#8221;1.5em&#8221; header_2_font=&#8221;|600|||||||&#8221; header_2_text_align=&#8221;center&#8221; header_2_text_color=&#8221;#000000&#8243; header_2_font_size=&#8221;40px&#8221; header_2_line_height=&#8221;1.2em&#8221; text_font_size_tablet=&#8221;17px&#8221; text_font_size_phone=&#8221;16px&#8221; text_font_size_last_edited=&#8221;on|desktop&#8221; header_text_align_tablet=&#8221;center&#8221; header_text_align_phone=&#8221;center&#8221; header_text_align_last_edited=&#8221;on|desktop&#8221; header_font_size_tablet=&#8221;40px&#8221; header_font_size_phone=&#8221;30px&#8221; header_font_size_last_edited=&#8221;on|tablet&#8221; header_line_height_tablet=&#8221;1.5em&#8221; header_line_height_phone=&#8221;1.3em&#8221; header_line_height_last_edited=&#8221;on|desktop&#8221; header_2_font_size_tablet=&#8221;35px&#8221; header_2_font_size_phone=&#8221;20px&#8221; header_2_font_size_last_edited=&#8221;on|desktop&#8221; global_colors_info=&#8221;{}&#8221; theme_builder_area=&#8221;post_content&#8221;]<p><span style=\"font-weight: 400;\">Pour mieux comprendre les significations et les implications plus profondes de la cr\u00e9ation du monde selon le r\u00e9cit biblique et son dialogue avec la science, il est essentiel d\u2019explorer les d\u00e9tails de ces processus.\u00a0\u00a0<\/span><\/p>\n<p><span style=\"font-weight: 400;\">J&#039;explique ici en d\u00e9tail certains des aspects les plus importants de la cr\u00e9ation du monde :<\/span><\/p>\n<h3><b>Signification th\u00e9ologique de la cr\u00e9ation du monde<\/b><\/h3>\n<p><span style=\"font-weight: 400;\">Le r\u00e9cit de la cr\u00e9ation du monde dans la Gen\u00e8se nous donne un aper\u00e7u de la relation entre Dieu et sa cr\u00e9ation.\u00a0\u00a0<\/span><\/p>\n<p><span style=\"font-weight: 400;\">Chaque acte cr\u00e9atif refl\u00e8te l\u2019intentionnalit\u00e9 et l\u2019amour divins.\u00a0\u00a0<\/span><\/p>\n<p><span style=\"font-weight: 400;\">Cette histoire nous invite \u00e0 voir le monde comme un don sacr\u00e9, plein de sens et de finalit\u00e9.\u00a0\u00a0<\/span><\/p>\n<p><span style=\"font-weight: 400;\">J&#039;explique ici comment se d\u00e9roule ce processus de cr\u00e9ation du monde :<\/span><\/p>\n<h4><b>1. Relation entre Dieu et sa cr\u00e9ation\u00a0\u00a0<\/b><\/h4>\n<p><span style=\"font-weight: 400;\">Le r\u00e9cit de la Gen\u00e8se d\u00e9crit comment Dieu, avec amour et dessein, cr\u00e9e le monde et tout ce qu\u2019il contient.\u00a0\u00a0<\/span><\/p>\n<p><span style=\"font-weight: 400;\">Chaque acte de cr\u00e9ation est intentionnel, d\u00e9montrant la volont\u00e9 de Dieu d\u2019\u00e9tablir un monde ordonn\u00e9 et bon.\u00a0\u00a0<\/span><\/p>\n<p><span style=\"font-weight: 400;\">Cette relation souligne que la cr\u00e9ation n\u2019est pas un accident, mais un acte d\u00e9lib\u00e9r\u00e9 d\u2019un Dieu aimant qui d\u00e9sire le meilleur pour sa cr\u00e9ation.<\/span><\/p>\n<h4><b>2. But et sens du monde\u00a0\u00a0<\/b><\/h4>\n<p><span style=\"font-weight: 400;\">Le monde, selon le r\u00e9cit biblique, est un don sacr\u00e9, plein de but et de sens, cr\u00e9\u00e9 pour refl\u00e9ter la gloire de Dieu.\u00a0\u00a0<\/span><\/p>\n<p><span style=\"font-weight: 400;\">Les \u00eatres humains sont appel\u00e9s \u00e0 reconna\u00eetre ce but et \u00e0 vivre en harmonie avec la cr\u00e9ation, en prenant soin d\u2019elle et en la prot\u00e9geant.\u00a0\u00a0<\/span><\/p>\n<p><span style=\"font-weight: 400;\">Cette compr\u00e9hension nous invite \u00e0 consid\u00e9rer notre environnement non seulement comme une ressource \u00e0 exploiter, mais comme un h\u00e9ritage divin que nous devons valoriser et pr\u00e9server.<\/span><\/p>\n<h3><b>La cr\u00e9ation et la science de la cr\u00e9ation du monde<\/b><\/h3>\n<p><span style=\"font-weight: 400;\">Le dialogue entre le r\u00e9cit biblique et les d\u00e9couvertes scientifiques peut enrichir notre compr\u00e9hension de l\u2019univers.\u00a0\u00a0<\/span><\/p>\n<p><span style=\"font-weight: 400;\">Alors que la science nous donne une compr\u00e9hension d\u00e9taill\u00e9e du fonctionnement des choses, la foi nous offre un aper\u00e7u de la raison pour laquelle elles existent.\u00a0\u00a0<\/span><\/p>\n<p><span style=\"font-weight: 400;\">Les conceptions contemporaines de la cr\u00e9ation cherchent \u00e0 harmoniser ces perspectives, en consid\u00e9rant la science et la foi comme des partenaires dans la recherche de la v\u00e9rit\u00e9.\u00a0\u00a0<\/span><\/p>\n<p><span style=\"font-weight: 400;\">J&#039;explique ici comment se d\u00e9roule ce processus de cr\u00e9ation du monde :<\/span><\/p>\n<h4><b>1. Compr\u00e9hension scientifique de l&#039;univers\u00a0\u00a0<\/b><\/h4>\n<p><span style=\"font-weight: 400;\">La science nous aide \u00e0 comprendre les m\u00e9canismes derri\u00e8re la cr\u00e9ation du monde, tels que la formation des \u00e9toiles, des plan\u00e8tes et l\u2019\u00e9volution de la vie.\u00a0\u00a0<\/span><\/p>\n<p><span style=\"font-weight: 400;\">Ces connaissances nous permettent d\u2019appr\u00e9cier la complexit\u00e9 et les merveilles de l\u2019univers \u00e0 un niveau technique et d\u00e9taill\u00e9.\u00a0\u00a0<\/span><\/p>\n<p><span style=\"font-weight: 400;\">En \u00e9tudiant l\u2019univers, les scientifiques d\u00e9couvrent les lois naturelles qui le r\u00e9gissent, r\u00e9v\u00e9lant la pr\u00e9cision et l\u2019ordre du cosmos.<\/span><\/p>\n<h4><b>2. Le point de vue de la foi sur la cr\u00e9ation\u00a0\u00a0<\/b><\/h4>\n<p><span style=\"font-weight: 400;\">La foi offre un contexte plus large et plus significatif \u00e0 l\u2019existence, r\u00e9pondant aux questions sur le but et le sens de la vie.\u00a0\u00a0<\/span><\/p>\n<p><span style=\"font-weight: 400;\">Selon la foi, la cr\u00e9ation est l\u2019acte d\u2019un Cr\u00e9ateur intentionnel qui a un plan et un but pour tout ce qui existe.\u00a0\u00a0<\/span><\/p>\n<p><span style=\"font-weight: 400;\">Cette perspective compl\u00e8te les connaissances scientifiques, offrant une vision globale qui inclut \u00e0 la fois le comment et le pourquoi de l\u2019existence.<\/span><\/p>\n<h3><b>Harmonisation de la science et de la foi dans la cr\u00e9ation du monde<\/b><\/h3>\n<p><span style=\"font-weight: 400;\">R\u00e9fl\u00e9chir \u00e0 la pr\u00e9cision de l\u2019univers nous am\u00e8ne \u00e0 consid\u00e9rer la relation entre la science et la foi.\u00a0\u00a0<\/span><\/p>\n<p><span style=\"font-weight: 400;\">L\u2019harmonie et l\u2019ordre observ\u00e9s dans les cieux nous invitent \u00e0 voir la main d\u2019un Cr\u00e9ateur intentionnel et m\u00e9ticuleux.\u00a0\u00a0<\/span><\/p>\n<p><span style=\"font-weight: 400;\">J&#039;explique ici comment se d\u00e9veloppe cette r\u00e9flexion sur la cr\u00e9ation du monde :<\/span><\/p>\n<h4><b>1. Dialogue entre science et foi\u00a0\u00a0<\/b><\/h4>\n<p><span style=\"font-weight: 400;\">Le dialogue entre la science et la foi peut enrichir notre compr\u00e9hension, montrant que les deux peuvent coexister et se compl\u00e9ter.\u00a0\u00a0<\/span><\/p>\n<p><span style=\"font-weight: 400;\">La science peut expliquer les processus naturels, tandis que la foi peut fournir un sens et une direction.\u00a0\u00a0<\/span><\/p>\n<p><span style=\"font-weight: 400;\">Cette approche harmonis\u00e9e nous permet d\u2019explorer la cr\u00e9ation avec un esprit ouvert et un c\u0153ur pr\u00eat \u00e0 apprendre.<\/span><\/p>\n<h4><b>2. Compl\u00e9mentarit\u00e9 des perspectives\u00a0\u00a0<\/b><\/h4>\n<p><span style=\"font-weight: 400;\">En int\u00e9grant les perspectives scientifiques et th\u00e9ologiques, nous pouvons acqu\u00e9rir une vision plus compl\u00e8te et plus profonde de l\u2019univers.\u00a0\u00a0<\/span><\/p>\n<p><span style=\"font-weight: 400;\">La science et la foi, consid\u00e9r\u00e9es comme des compagnons dans la recherche de la v\u00e9rit\u00e9, nous permettent d\u2019appr\u00e9cier la cr\u00e9ation dans son int\u00e9gralit\u00e9.\u00a0\u00a0<\/span><\/p>\n<p><span style=\"font-weight: 400;\">Cette compl\u00e9mentarit\u00e9 nous invite \u00e0 c\u00e9l\u00e9brer \u00e0 la fois la connaissance technique et la spiritualit\u00e9, voyant dans l\u2019une et l\u2019autre l\u2019expression de la v\u00e9rit\u00e9 et de la beaut\u00e9 de l\u2019univers.<\/span><\/p>\n<p><span style=\"font-weight: 400;\">Nous pouvons appr\u00e9cier la profondeur et la planification du r\u00e9cit biblique de la cr\u00e9ation du monde et son dialogue avec la science, en voyant comment chaque acte divin et chaque d\u00e9couverte scientifique nous invitent \u00e0 une plus grande compr\u00e9hension et appr\u00e9ciation du monde dans lequel nous vivons.<\/span><\/p>\n<h2><span class=\"ez-toc-section\" id=\"Conclusion\"><\/span><b>Conclusion<\/b><span class=\"ez-toc-section-end\"><\/span><\/h2>\n<p><span style=\"font-weight: 400;\">Le r\u00e9cit de la cr\u00e9ation du monde dans Gen\u00e8se 1-2 offre non seulement un r\u00e9cit fascinant sur les origines du monde, mais fournit \u00e9galement une base solide pour comprendre la relation entre Dieu et l\u2019humanit\u00e9.\u00a0\u00a0<\/span><\/p>\n<p><span style=\"font-weight: 400;\">Tout au long des sept jours de la cr\u00e9ation du monde, nous voyons l\u2019intention de Dieu d\u2019\u00e9tablir un monde ordonn\u00e9 et rempli de vie, dans lequel les \u00eatres humains jouent un r\u00f4le central en tant qu\u2019administrateurs et gardiens de la cr\u00e9ation.\u00a0\u00a0<\/span><\/p>\n<p><span style=\"font-weight: 400;\">Cette histoire nous invite \u00e0 r\u00e9fl\u00e9chir sur notre raison d\u2019\u00eatre et notre responsabilit\u00e9 dans le monde, ainsi que sur l\u2019importance du repos et de la connexion spirituelle.\u00a0\u00a0<\/span><\/p>\n<p><span style=\"font-weight: 400;\">En explorant ces chapitres, nous sommes mis au d\u00e9fi de consid\u00e9rer comment notre compr\u00e9hension de la cr\u00e9ation du monde peut influencer notre vie quotidienne et nos actions envers l\u2019environnement et les autres \u00eatres humains.\u00a0\u00a0<\/span><\/p>\n<p><span style=\"font-weight: 400;\">L\u2019intersection de la foi et de la science ouvre \u00e9galement un espace de dialogue et d\u2019apprentissage mutuel, enrichissant notre perception de l\u2019univers et de notre place dans celui-ci.\u00a0\u00a0<\/span><\/p>\n<p><span style=\"font-weight: 400;\">Comment le r\u00e9cit de la cr\u00e9ation du monde dans Gen\u00e8se 1-2 a-t-il eu un impact sur votre vie personnelle ou spirituelle ?\u00a0<\/span><\/p>\n<p><span style=\"font-weight: 400;\">Partagez vos exp\u00e9riences et vos r\u00e9flexions dans les commentaires. Nous aimerions conna\u00eetre votre avis\u00a0!<\/span><\/p>\n<p><span style=\"font-weight: 400;\">Si vous souhaitez lire un livre sur la Gen\u00e8se autre que le <a href=\"https:\/\/amzn.to\/4cGfoLd\" target=\"_blank\" rel=\"noopener\">Bible<\/a>, je vous recommande \u00ab<a href=\"https:\/\/amzn.to\/4cD2PQT\" target=\"_blank\" rel=\"noopener\">Le guide du livre de la Gen\u00e8se dans la Bible<\/a>\u201c&quot;.<\/span><\/p>\n<p><span style=\"font-weight: 400;\">Si vous pr\u00eachez dans votre \u00e9glise ou votre communaut\u00e9, je vous recommande le livre \u00ab<span data-sheets-root=\"1\" data-sheets-value=\"{&quot;1&quot;:2,&quot;2&quot;:&quot;Biblia De Bosquejos Y Sermones: G\u00e9nesis 12-50&quot;}\" data-sheets-userformat=\"{&quot;2&quot;:513,&quot;3&quot;:{&quot;1&quot;:0},&quot;12&quot;:0}\"><a href=\"https:\/\/amzn.to\/4cYEB38\" target=\"_blank\" rel=\"noopener\">Plan de sermon Bible\u00a0: Gen\u00e8se 12-50<\/a>\u201d .<\/span><\/span><\/p>[\/et_pb_text][\/et_pb_column][\/et_pb_row][\/et_pb_section][et_pb_section fb_built=\u201d1\u2033 custom_padding_last_edited=\u201don|desktop\u201d admin_label=\u201d\u00c9tude biblique CTA PC ET MOBILE\u201d _builder_version=\u201d4.27.0\u2033 _module_preset=\u201d01c6ffc7-f2ab-4daa-8c3f-f9f3f648fa91\u2033 custom_margin=\u201d||||false|false\u201d custom_padding=\u201d0px||0px||true|false\u201d custom_padding_tablet=\u201d||||true|false\u201d custom_padding_phone=\u201d||||true|false\u201d global_colors_info=\u201d{}\u201d theme_builder_area=\u201dpost_content\u201d][et_pb_row column_structure=\u201d1_2,1_2\u2033 custom_padding_last_edited=\u201don|desktop\u201d disabled_on=\u201don|on|off\u201d admin_label=\u201dPC 30 jours d\u2019annonces CTA Formulaire Leads\u201d _builder_version=\u201d4.27.0\u2033 _module_preset=\u201ddefault\u201d background_color=\u201d#ddecf7\u2033 custom_margin=\u201d30px|||false|false\u201d custom_margin_tablet=\u201d30px||30px||true|false\u201d custom_margin_phone=\u201d30px||30px||true|false\u201d custom_margin_last_edited=\u201don|desktop\u201d custom_padding=\u201d0px|0px|0px|0px|true|true\u201d custom_padding_tablet=\u201d17px|22px|17px|22px|true|true\u201d custom_padding_phone=\u201d15px|22px|15px|22px|true|true\u201d border_radii=\u201don|5px|5px|5px|5px\u201d border_width_all=\u201d2px\u201d border_color_all=\u201drgba(214,214,214,0.19)\u201d global_colors_info=\u201d{}\u201d theme_builder_area=\u201dpost_content\u201d][et_pb_column type=\u201d1_2\u2033 _builder_version=\u201d4.27.0\u2033 _module_preset=\u201ddefault\u201d background_enable_color=\u201doff\u201d custom_padding=\u201d30px||30px|20px|true|false\u201d custom_padding_tablet=\u201d0px||0px||true|false\u201d custom_padding_phone=\u201d0px||0px||true|false\u201d custom_padding_last_edited=\u201don|desktop\u201d global_colors_info=\u201d{}\u201d theme_builder_area=\u201dpost_content\u201d][et_pb_text _builder_version=\u201d4.27.0\u2033 _module_preset=\u201d9dcd691c-2a53-439d-9f69-d20be4c8c6a1\u2033 text_font=\u201d|700|||||||\u201d text_text_color=\u201d#0970C4\u2033 text_line_height=\u201d1.8em\u201d header_font=\u201d|600|||||||\u201d header_text_align=\u201dcentre\u201d header_text_color=\u201d#000000\u2033 header_font_size=\u201d45px\u201d header_line_height=\u201d1.5em\u201d header_2_font=\u201d|600|||||||\u201d header_2_text_align=\u201dcentre\u201d header_2_text_color=\u201d#000000\u2033 header_2_font_size=\u201d40px\u201d header_2_line_height=\u201d1.2em\u201d custom_margin=\u201d0px||0px||false|false\u201d text_font_size_tablet=\u201d17px\u201d text_font_size_phone=\u201d16px\u201d text_font_size_last_edited=\u201dsur|bureau\u201d header_text_align_tablet=\u201dcentre\u201d header_text_align_phone=\u201dcentre\u201d header_text_align_last_edited=\u201dsur|bureau\u201d header_font_size_tablet=\u201d40px\u201d header_font_size_phone=\u201d30px\u201d header_font_size_last_edited=\u201dsur|tablette\u201d header_line_height_tablet=\u201d1.5em\u201d header_line_height_phone=\u201d1.3em\u201d header_line_height_last_edited=\u201dsur|bureau\u201d header_2_font_size_tablet=\u201d35px\u201d header_2_font_size_phone=\u201d20px\u201d header_2_font_size_last_edited=\u201dsur|bureau\u201d global_colors_info=\u201d{}\u201d theme_builder_area=\u201dpost_content\u201d]<p>D\u00e9couvrez comment la Bible peut transformer votre vie<\/p>[\/et_pb_text][et_pb_text _builder_version=\u201d4.27.0\u2033 _module_preset=\u201d9dcd691c-2a53-439d-9f69-d20be4c8c6a1\u2033 text_font=\u201d||||||||\u201d text_text_color=\u201d#000000\u2033 text_font_size=\u201d14px\u201d text_line_height=\u201d1.8em\u201d header_font=\u201d|600|||||||\u201d header_text_align=\u201dcenter\u201d header_text_color=\u201d#000000\u2033 header_font_size=\u201d45px\u201d header_line_height=\u201d1.5em\u201d header_2_font=\u201d|600|||||||\u201d header_2_text_align=\u201dcentre\u201d header_2_text_color=\u201d#000000\u2033 header_2_font_size=\u201d40px\u201d header_2_line_height=\u201d1.2em\u201d custom_margin_tablet=\u201d\u201d custom_margin_phone=\u201d\u201d custom_margin_last_edited=\u201dsur|bureau\u201d text_font_size_tablet=\u201d14px\u201d text_font_size_phone=\u201d14px\u201d text_font_size_last_edited=\u201dsur|bureau\u201d header_text_align_tablet=\u201dcentre\u201d header_text_align_phone=\u201dcentre\u201d header_text_align_last_edited=\u201dsur|bureau\u201d header_font_size_tablet=\u201d40px\u201d header_font_size_phone=\u201d30px\u201d header_font_size_last_edited=\u201dsur|tablette\u201d header_line_height_tablet=\u201d1.5em\u201d header_line_height_phone=\u201d1.3em\u201d header_line_height_last_edited=\u201don|desktop\u201d header_2_font_size_tablet=\u201d35px\u201d header_2_font_size_phone=\u201d20px\u201d header_2_font_size_last_edited=\u201don|desktop\u201d global_colors_info=\u201d{}\u201d theme_builder_area=\u201dpost_content\u201d]<ul>\n<li><strong>\u00c9tude biblique<\/strong> \u2013 explorer les enseignements de la Bible et trouver des r\u00e9ponses aux d\u00e9fis de la vie.<\/li>\n<li><strong>Croyances fondamentales<\/strong> \u2013 explore les principes qui ont guid\u00e9 des millions de personnes \u00e0 travers les si\u00e8cles.<\/li>\n<li><strong>Croissance spirituelle<\/strong> \u2013 Renforcez votre foi avec des \u00e9tudes con\u00e7ues pour vous rapprocher de Dieu.<\/li>\n<\/ul>[\/et_pb_text][et_pb_button button_url=\u201dhttps:\/\/cleefbible.com\/?fluentcrm=1&amp;route=smart_url&amp;slug=busayx2\u2033 button_text=\u201dREJOIGNEZ NOTRE STUDIO\u201d button_alignment=\u201dleft\u201d button_alignment_tablet=\u201dcenter\u201d button_alignment_phone=\u201dcenter\u201d button_alignment_last_edited=\u201don|desktop\u201d _builder_version=\u201d4.27.0\u2033 _module_preset=\u201dbef62ac1-2fa8-4492-bbf9-17d338b20e68\u2033 custom_button=\u201don\u201d button_text_size=\u201d14px\u201d button_text_color=\u201d#FFFFFF\u201d button_bg_color=\u201d#C35D09\u2033 button_border_width=\u201d11px\u201d button_border_color=\u201d#C35D09\u2033 button_font=\u201d|600|||||||\u201d button_use_icon=\u201doff\u201d button_text_size_tablet=\u201d14px\u201d button_text_size_phone=\u201d13px\u201d button_text_size_last_edited=\u201don|desktop\u201d button_border_width_tablet=\u201d\u201d button_border_width_phone=\u201d\u201d button_border_width_last_edited=\u201don|desktop\u201d button_on_hover_tablet=\u201d\u201d button_on_hover_phone=\u201doff\u201d button_on_hover_last_edited=\u201don|phone\u201d global_colors_info=\u201d{}\u201d theme_builder_area=\u201dpost_content\u201d][\/et_pb_button][\/et_pb_column][et_pb_column type=\u201d1_2\u2033 admin_label=\u201dColonne\u201d _builder_version=\u201d4.27.0\u2033 _module_preset=\u201ddefault\u201d background_color=\u201drgba(214,214,214,0.19)\u201d custom_padding=\u201d||||true|false\u201d global_colors_info=\u201d{}\u201d theme_builder_area=\u201dpost_content\u201d][et_pb_image src=\u201dhttps:\/\/cleefbible.com\/wp-content\/uploads\/2024\/08\/Estudio-Biblico.png\u201d alt=\u201d\u00c9tude biblique\u201d title_text=\u201d\u00c9tude biblique\u201d align=\u201dcenter\u201d align_tablet=\u201dcenter\u201d align_phone=\u201dcenter\u201d align_last_edited=\u201don|desktop\u201d disabled_on=\u201don|on|off\u201d _builder_version=\u201d4.27.0\u2033 _module_preset=\u201ddefault\u201d width=\u201d84%\u201d width_tablet=\u201d40%\u201d width_phone=\u201d40%\u201d width_last_edited=\u201don|desktop\u201d custom_margin=\u201d10px||10px||true|false\u201d custom_margin_tablet=\u201d||0px||false|false\u201d custom_margin_phone=\u201d||0px||false|false\u201d custom_margin_last_edited=\u201don|desktop\u201d global_colors_info=\u201d{}\u201d theme_builder_area=\u201dpost_content\u201d][\/et_pb_image][\/et_pb_column][\/et_pb_row][et_pb_row column_structure=\u201d1_2,1_2\u2033 custom_padding_last_edited=\u201don|desktop\u201d disabled_on=\u201doff|off|on\u201d admin_label=\u201dFormulaire d\u2019appel \u00e0 l\u2019action pour les annonces mobiles de 30 jours \u00ab\u00a0Leads\u00a0\u00bb _builder_version=\u201d4.27.0\u2033 _module_preset=\u201ddefault\u201d background_color=\u201d#ddecf7\u2033 custom_margin=\u201d30px|||false|false\u201d custom_margin_tablet=\u201d30px||30px||true|false\u201d custom_margin_phone=\u201d30px||30px||true|false\u201d custom_margin_last_edited=\u201don|desktop\u201d custom_padding=\u201d0px|0px|0px|0px|true|true\u201d custom_padding_tablet=\u201d17px|22px|17px|22px|true|true\u201d custom_padding_phone=\u201d15px|22px|15px|22px|true|true\u201d border_radii=\u201don|5px|5px|5px|5px\u201d border_width_all=\u201d2px\u201d border_color_all=\u201drgba(214,214,214,0.19)\u201d global_colors_info=\u201d{}\u201d theme_builder_area=\u201dpost_content\u201d][et_pb_column type=\u201d1_2\u2033 _builder_version=\u201d4.27.0\u2033 _module_preset=\u201ddefault\u201d background_enable_color=\u201doff\u201d custom_padding=\u201d30px||30px|20px|true|false\u201d custom_padding_tablet=\u201d0px||0px||true|false\u201d custom_padding_phone=\u201d0px||0px||true|false\u201d custom_padding_last_edited=\u201don|desktop\u201d global_colors_info=\u201d{}\u201d theme_builder_area=\u201dpost_content\u201d][et_pb_text _builder_version=\u201d4.27.0\u2033 _module_preset=\u201d9dcd691c-2a53-439d-9f69-d20be4c8c6a1\u2033 text_font=\u201d|700|||||||\u201d text_text_color=\u201d#0970C4\u2033 text_line_height=\u201d1.8em\u201d header_font=\u201d|600|||||||\u201d header_text_align=\u201dcenter\u201d header_text_color=\u201d#000000\u2033 header_font_size=\u201d45px\u201d header_line_height=\u201d1.5em\u201d header_2_font=\u201d|600|||||||\u201d header_2_text_align=\u201dcentre\u201d header_2_text_color=\u201d#000000\u2033 header_2_font_size=\u201d40px\u201d header_2_line_height=\u201d1.2em\u201d custom_margin=\u201d0px||0px||false|false\u201d text_font_size_tablet=\u201d17px\u201d text_font_size_phone=\u201d16px\u201d text_font_size_last_edited=\u201dsur|bureau\u201d header_text_align_tablet=\u201dcentre\u201d header_text_align_phone=\u201dcentre\u201d header_text_align_last_edited=\u201dsur|bureau\u201d header_font_size_tablet=\u201d40px\u201d header_font_size_phone=\u201d30px\u201d header_font_size_last_edited=\u201dsur|tablette\u201d header_line_height_tablet=\u201d1.5em\u201d header_line_height_phone=\u201d1.3em\u201d header_line_height_last_edited=\u201dsur|bureau\u201d header_2_font_size_tablet=\u201d35px\u201d header_2_font_size_phone=\u201d20px\u201d header_2_font_size_last_edited=\u201dsur|bureau\u201d global_colors_info=\u201d{}\u201d theme_builder_area=\u201dpost_content\u201d]<p>D\u00e9couvrez comment la Bible peut transformer votre vie<\/p>[\/et_pb_text][et_pb_text _builder_version=\u201d4.27.0\u2033 _module_preset=\u201d9dcd691c-2a53-439d-9f69-d20be4c8c6a1\u2033 text_font=\u201d||||||||\u201d text_text_color=\u201d#000000\u2033 text_font_size=\u201d14px\u201d text_line_height=\u201d1.8em\u201d header_font=\u201d|600|||||||\u201d header_text_align=\u201dcenter\u201d header_text_color=\u201d#000000\u2033 header_font_size=\u201d45px\u201d header_line_height=\u201d1.5em\u201d header_2_font=\u201d|600|||||||\u201d header_2_text_align=\u201dcentre\u201d header_2_text_color=\u201d#000000\u2033 header_2_font_size=\u201d40px\u201d header_2_line_height=\u201d1.2em\u201d custom_margin_tablet=\u201d\u201d custom_margin_phone=\u201d\u201d custom_margin_last_edited=\u201dsur|bureau\u201d text_font_size_tablet=\u201d14px\u201d text_font_size_phone=\u201d14px\u201d text_font_size_last_edited=\u201dsur|bureau\u201d header_text_align_tablet=\u201dcentre\u201d header_text_align_phone=\u201dcentre\u201d header_text_align_last_edited=\u201dsur|bureau\u201d header_font_size_tablet=\u201d40px\u201d header_font_size_phone=\u201d30px\u201d header_font_size_last_edited=\u201dsur|tablette\u201d header_line_height_tablet=\u201d1.5em\u201d header_line_height_phone=\u201d1.3em\u201d header_line_height_last_edited=\u201don|desktop\u201d header_2_font_size_tablet=\u201d35px\u201d header_2_font_size_phone=\u201d20px\u201d header_2_font_size_last_edited=\u201don|desktop\u201d global_colors_info=\u201d{}\u201d theme_builder_area=\u201dpost_content\u201d]<ul>\n<li><strong>\u00c9tude biblique<\/strong> \u2013 explorer les enseignements de la Bible et trouver des r\u00e9ponses aux d\u00e9fis de la vie.<\/li>\n<li><strong>Croyances fondamentales<\/strong> \u2013 explore les principes qui ont guid\u00e9 des millions de personnes \u00e0 travers les si\u00e8cles.<\/li>\n<li><strong>Croissance spirituelle<\/strong> \u2013 Renforcez votre foi avec des \u00e9tudes con\u00e7ues pour vous rapprocher de Dieu.<\/li>\n<\/ul>[\/et_pb_text][et_pb_button button_url=&#8221;https:\/\/cleefbible.com\/?fluentcrm=1&#038;route=smart_url&#038;slug=busayx2&#8243; button_text=&#8221;\u00daNETE A NUESTRO ESTUDIO&#8221; button_alignment=&#8221;left&#8221; button_alignment_tablet=&#8221;center&#8221; button_alignment_phone=&#8221;center&#8221; button_alignment_last_edited=&#8221;on|desktop&#8221; _builder_version=&#8221;4.27.0&#8243; _module_preset=&#8221;bef62ac1-2fa8-4492-bbf9-17d338b20e68&#8243; custom_button=&#8221;on&#8221; button_text_size=&#8221;14px&#8221; button_text_color=&#8221;#FFFFFF&#8221; button_bg_color=&#8221;#C35D09&#8243; button_border_width=&#8221;11px&#8221; button_border_color=&#8221;#C35D09&#8243; button_font=&#8221;|600|||||||&#8221; button_use_icon=&#8221;off&#8221; button_text_size_tablet=&#8221;14px&#8221; button_text_size_phone=&#8221;13px&#8221; button_text_size_last_edited=&#8221;on|desktop&#8221; button_border_width_tablet=&#8221;&#8221; button_border_width_phone=&#8221;&#8221; button_border_width_last_edited=&#8221;on|desktop&#8221; button_on_hover_tablet=&#8221;&#8221; button_on_hover_phone=&#8221;off&#8221; button_on_hover_last_edited=&#8221;on|phone&#8221; global_colors_info=&#8221;{}&#8221; theme_builder_area=&#8221;post_content&#8221;][\/et_pb_button][\/et_pb_column][et_pb_column type=&#8221;1_2&#8243; admin_label=&#8221;Columna&#8221; disabled_on=&#8221;on|on|off&#8221; _builder_version=&#8221;4.27.0&#8243; _module_preset=&#8221;default&#8221; background_color=&#8221;rgba(214,214,214,0.19)&#8221; custom_padding=&#8221;||||true|false&#8221; global_colors_info=&#8221;{}&#8221; theme_builder_area=&#8221;post_content&#8221;][et_pb_image src=&#8221;https:\/\/cleefbible.com\/wp-content\/uploads\/2024\/08\/Estudio-Biblico.png&#8221; alt=&#8221;Estudio-B\u00edblico&#8221; title_text=&#8221;Estudio B\u00edblico&#8221; align=&#8221;center&#8221; align_tablet=&#8221;center&#8221; align_phone=&#8221;center&#8221; align_last_edited=&#8221;on|desktop&#8221; disabled_on=&#8221;on|on|off&#8221; _builder_version=&#8221;4.27.0&#8243; _module_preset=&#8221;default&#8221; width_tablet=&#8221;40%&#8221; width_phone=&#8221;40%&#8221; width_last_edited=&#8221;on|desktop&#8221; custom_margin=&#8221;10px||10px||true|false&#8221; custom_margin_tablet=&#8221;||0px||false|false&#8221; custom_margin_phone=&#8221;||0px||false|false&#8221; custom_margin_last_edited=&#8221;on|desktop&#8221; global_colors_info=&#8221;{}&#8221; theme_builder_area=&#8221;post_content&#8221;][\/et_pb_image][\/et_pb_column][\/et_pb_row][\/et_pb_section][et_pb_section fb_built=&#8221;1&#8243; custom_padding_last_edited=&#8221;on|phone&#8221; admin_label=&#8221;Secci\u00f3n Preguntas frecuentes&#8221; _builder_version=&#8221;4.25.0&#8243; _module_preset=&#8221;01c6ffc7-f2ab-4daa-8c3f-f9f3f648fa91&#8243; background_enable_color=&#8221;off&#8221; custom_margin=&#8221;||||false|false&#8221; custom_padding=&#8221;0px||||false|false&#8221; custom_padding_tablet=&#8221;22px||22px||true|false&#8221; custom_padding_phone=&#8221;22px||22px||true|false&#8221; global_colors_info=&#8221;{}&#8221; theme_builder_area=&#8221;post_content&#8221;][et_pb_row admin_label=&#8221;FILA PREGUNTAS FRECUENTES&#8221; _builder_version=&#8221;4.25.0&#8243; _module_preset=&#8221;default&#8221; global_colors_info=&#8221;{}&#8221; theme_builder_area=&#8221;post_content&#8221;][et_pb_column type=&#8221;4_4&#8243; _builder_version=&#8221;4.25.0&#8243; _module_preset=&#8221;default&#8221; global_colors_info=&#8221;{}&#8221; theme_builder_area=&#8221;post_content&#8221;][et_pb_text admin_label=&#8221;Texto&#8221; _builder_version=&#8221;4.26.1&#8243; _module_preset=&#8221;9dcd691c-2a53-439d-9f69-d20be4c8c6a1&#8243; text_text_color=&#8221;#000000&#8243; text_line_height=&#8221;1.8em&#8221; header_font=&#8221;|600|||||||&#8221; header_text_align=&#8221;center&#8221; header_text_color=&#8221;#000000&#8243; header_font_size=&#8221;45px&#8221; header_line_height=&#8221;1.5em&#8221; header_2_font=&#8221;|600|||||||&#8221; header_2_text_align=&#8221;center&#8221; header_2_text_color=&#8221;#000000&#8243; header_2_font_size=&#8221;40px&#8221; header_2_line_height=&#8221;1.2em&#8221; text_font_size_tablet=&#8221;17px&#8221; text_font_size_phone=&#8221;16px&#8221; text_font_size_last_edited=&#8221;on|desktop&#8221; header_text_align_tablet=&#8221;center&#8221; header_text_align_phone=&#8221;center&#8221; header_text_align_last_edited=&#8221;on|desktop&#8221; header_font_size_tablet=&#8221;40px&#8221; header_font_size_phone=&#8221;30px&#8221; header_font_size_last_edited=&#8221;on|tablet&#8221; header_line_height_tablet=&#8221;1.5em&#8221; header_line_height_phone=&#8221;1.3em&#8221; header_line_height_last_edited=&#8221;on|desktop&#8221; header_2_font_size_tablet=&#8221;35px&#8221; header_2_font_size_phone=&#8221;20px&#8221; header_2_font_size_last_edited=&#8221;on|desktop&#8221; global_colors_info=&#8221;{}&#8221; theme_builder_area=&#8221;post_content&#8221;]<h2><span class=\"ez-toc-section\" id=\"Preguntas_Frecuentes_sobre_la_Creacion_del_mundo_en_Genesis_1-2\"><\/span><b>Questions fr\u00e9quemment pos\u00e9es sur la cr\u00e9ation du monde dans Gen\u00e8se 1-2<\/b><span class=\"ez-toc-section-end\"><\/span><\/h2>\n<h3><b>Que signifie \u00ab au commencement \u00bb dans Gen\u00e8se 1:1 ?<\/b><\/h3>\n<p><span style=\"font-weight: 400;\">Cela signifie le d\u00e9but de tout ce qui existe, le d\u00e9but du temps et de la cr\u00e9ation.<\/span><\/p>\n<h3><b>Pourquoi la cr\u00e9ation de lumi\u00e8re est-elle importante ?<\/b><\/h3>\n<p><span style=\"font-weight: 400;\">La lumi\u00e8re est essentielle \u00e0 la vie et marque le d\u00e9but de l\u2019ordre dans l\u2019univers.<\/span><\/p>\n<h3><b>Que repr\u00e9sente le firmament dans la cr\u00e9ation du monde ?<\/b><\/h3>\n<p><span style=\"font-weight: 400;\">Il repr\u00e9sente la s\u00e9paration et l&#039;organisation du chaos, cr\u00e9ant un espace habitable.<\/span><\/p>\n<h3><b>Pourquoi la v\u00e9g\u00e9tation a-t-elle \u00e9t\u00e9 cr\u00e9\u00e9e avant les animaux lors de la cr\u00e9ation du monde ?<\/b><\/h3>\n<p><span style=\"font-weight: 400;\">La v\u00e9g\u00e9tation fournit la nourriture et les moyens de subsistance n\u00e9cessaires \u00e0 la vie animale.<\/span><\/p>\n<h3><b>Quel est le r\u00f4le des \u00e9toiles dans la cr\u00e9ation du monde ?<\/b><\/h3>\n<p><span style=\"font-weight: 400;\">Ils marquent le passage du temps et r\u00e9gulent les cycles biologiques.<\/span><\/p>\n<h3><b>Que symbolise la cr\u00e9ation des cr\u00e9atures marines et des oiseaux ?<\/b><\/h3>\n<p><span style=\"font-weight: 400;\">Il symbolise l\u2019abondance et la diversit\u00e9 de la vie cr\u00e9\u00e9e par Dieu.<\/span><\/p>\n<h3><b>En quoi la cr\u00e9ation des humains diff\u00e8re-t-elle de celle des animaux ?<\/b><\/h3>\n<p><span style=\"font-weight: 400;\">Les \u00eatres humains sont cr\u00e9\u00e9s \u00e0 l\u2019image de Dieu, avec des capacit\u00e9s uniques de raisonnement et de cr\u00e9ativit\u00e9.<\/span><\/p>\n<h3><b>Quelle est la signification du repos le septi\u00e8me jour de la cr\u00e9ation du monde ?<\/b><\/h3>\n<p><span style=\"font-weight: 400;\">Elle marque l\u2019aboutissement de la cr\u00e9ation du monde et \u00e9tablit un rythme de travail et de repos pour l\u2019humanit\u00e9.<\/span><\/p>\n<h3><b>Quel est le rapport entre l\u2019histoire de la cr\u00e9ation du monde et la science moderne ?<\/b><\/h3>\n<p><span style=\"font-weight: 400;\">Bien qu\u2019ils aient des approches diff\u00e9rentes, tous deux peuvent se compl\u00e9ter dans la recherche de la v\u00e9rit\u00e9.<\/span><\/p>\n<h3><b>Pourquoi est-il important de r\u00e9fl\u00e9chir \u00e0 l\u2019histoire de la cr\u00e9ation du monde ?<\/b><\/h3>\n<p><span style=\"font-weight: 400;\">Cela nous aide \u00e0 comprendre notre objectif et notre responsabilit\u00e9 dans la prise en charge du monde.<\/span><\/p>[\/et_pb_text][\/et_pb_column][\/et_pb_row][\/et_pb_section]","protected":false},"excerpt":{"rendered":"<p>D\u00e9couvrez comment Dieu a cr\u00e9\u00e9 le monde dans Gen\u00e8se 1-2, de la lumi\u00e8re \u00e0 l&#039;humanit\u00e9.<br \/>\nCet article explore le r\u00e9cit biblique et ses implications th\u00e9ologiques et philosophiques.<br \/>\nQue signifie \u00eatre cr\u00e9\u00e9 \u00e0 l\u2019image et \u00e0 la ressemblance de Dieu ?<br \/>\nLisez la suite pour en savoir plus.<\/p>","protected":false},"author":2,"featured_media":1073,"comment_status":"open","ping_status":"open","sticky":false,"template":"","format":"standard","meta":{"_et_pb_use_builder":"on","_et_pb_old_content":"","_et_gb_content_width":"","_monsterinsights_skip_tracking":false,"_monsterinsights_sitenote_active":false,"_monsterinsights_sitenote_note":"","_monsterinsights_sitenote_category":0,"footnotes":""},"categories":[5],"tags":[6,7,10,9,8],"class_list":["post-56","post","type-post","status-publish","format-standard","has-post-thumbnail","hentry","category-biblia-y-teologia","tag-creacion-del-mundo","tag-fe-y-ciencia","tag-genesis-1-2","tag-relato-biblico","tag-teologia"],"_links":{"self":[{"href":"https:\/\/cleefbible.com\/fr\/wp-json\/wp\/v2\/posts\/56","targetHints":{"allow":["GET"]}}],"collection":[{"href":"https:\/\/cleefbible.com\/fr\/wp-json\/wp\/v2\/posts"}],"about":[{"href":"https:\/\/cleefbible.com\/fr\/wp-json\/wp\/v2\/types\/post"}],"author":[{"embeddable":true,"href":"https:\/\/cleefbible.com\/fr\/wp-json\/wp\/v2\/users\/2"}],"replies":[{"embeddable":true,"href":"https:\/\/cleefbible.com\/fr\/wp-json\/wp\/v2\/comments?post=56"}],"version-history":[{"count":10,"href":"https:\/\/cleefbible.com\/fr\/wp-json\/wp\/v2\/posts\/56\/revisions"}],"predecessor-version":[{"id":1079,"href":"https:\/\/cleefbible.com\/fr\/wp-json\/wp\/v2\/posts\/56\/revisions\/1079"}],"wp:featuredmedia":[{"embeddable":true,"href":"https:\/\/cleefbible.com\/fr\/wp-json\/wp\/v2\/media\/1073"}],"wp:attachment":[{"href":"https:\/\/cleefbible.com\/fr\/wp-json\/wp\/v2\/media?parent=56"}],"wp:term":[{"taxonomy":"category","embeddable":true,"href":"https:\/\/cleefbible.com\/fr\/wp-json\/wp\/v2\/categories?post=56"},{"taxonomy":"post_tag","embeddable":true,"href":"https:\/\/cleefbible.com\/fr\/wp-json\/wp\/v2\/tags?post=56"}],"curies":[{"name":"wp","href":"https:\/\/api.w.org\/{rel}","templated":true}]}}