{"id":181,"date":"2024-07-29T10:00:00","date_gmt":"2024-07-29T14:00:00","guid":{"rendered":"https:\/\/cleefbible.com\/?p=181"},"modified":"2025-04-18T08:18:17","modified_gmt":"2025-04-18T12:18:17","slug":"evolution-vs-creation","status":"publish","type":"post","link":"https:\/\/cleefbible.com\/fr\/evolution-vs-creation\/","title":{"rendered":"\u00c9volution contre cr\u00e9ation : que dit Gen\u00e8se 1:1-31 ?"},"content":{"rendered":"[et_pb_section fb_built=\u201d1\u2033 custom_padding_last_edited=\u201don|phone\u201d _builder_version=\u201d4.25.0\u2033 _module_preset=\u201d01c6ffc7-f2ab-4daa-8c3f-f9f3f648fa91\u2033 custom_padding=\u201d||||true|false\u201d custom_padding_tablet=\u201d22px||22px||true|false\u201d custom_padding_phone=\u201d22px||22px||true|false\u201d global_colors_info=\u201d{}\u201d theme_builder_area=\u201dpost_content\u201d][et_pb_row admin_label=\u201dLIGNE D\u2019INTRODUCTION\u201d _builder_version=\u201d4.25.0\u2033 _module_preset=\u201ddefault\u201d custom_padding=\u201d||0px||false|false\u201d global_colors_info=\u201d{}\u201d theme_builder_area=\u201dpost_content\u201d][et_pb_column type=\u201d4_4\u2033 _builder_version=\u201d4.25.0\u2033 _module_preset=\u201ddefault\u201d global_colors_info=\u201d{}\u201d theme_builder_area=\u201dpost_content\u201d][et_pb_text admin_label=\u201dTexyo Intro et R\u00e9ponse Qu\u2019est-ce que c\u2019est ?\u201d header_font=\u201d|600|||||||\u201d header_text_align=\u201dcenter\u201d header_text_color=\u201d#000000\u2033 header_font_size=\u201d45px\u201d header_line_height=\u201d1.5em\u201d header_2_font=\u201d|600|||||||\u201d header_2_text_align=\u201dcentre\u201d header_2_text_color=\u201d#000000\u2033 header_2_font_size=\u201d40px\u201d header_2_line_height=\u201d1.2em\u201d text_font_size_tablet=\u201d17px\u201d text_font_size_phone=\u201d16px\u201d text_font_size_last_edited=\u201dsur|bureau\u201d header_text_align_tablet=\u201dcentre\u201d header_text_align_phone=\u201dcentre\u201d header_text_align_last_edited=\u201dsur|bureau\u201d header_font_size_tablet=\u201d40px\u201d header_font_size_phone=\u201d30px\u201d header_font_size_last_edited=\u201dsur|tablette\u201d header_line_height_tablet=\u201d1.5em\u201d header_line_height_phone=\u201d1.3em\u201d header_line_height_last_edited=\u201dsur|bureau\u201d header_2_font_size_tablet=\u201d35px\u201d header_2_font_size_phone=\u201d20px\u201d header_2_font_size_last_edited=\u201dsur|bureau\u201d global_colors_info=\u201d{}\u201d theme_builder_area=\u201dpost_content\u201d]<p><span style=\"font-weight: 400;\">Vous \u00eates-vous d\u00e9j\u00e0 demand\u00e9 comment tout ce qui nous entoure est apparu ?\u00a0\u00a0<\/span><\/p>\n<p><span style=\"font-weight: 400;\">Depuis des temps imm\u00e9moriaux, l\u2019humanit\u00e9 a tent\u00e9 de comprendre l\u2019origine de l\u2019univers et de la vie sur Terre.\u00a0\u00a0<\/span><\/p>\n<p><span style=\"font-weight: 400;\">Deux des th\u00e9ories les plus discut\u00e9es et d\u00e9battues sont l\u2019\u00e9volution et la cr\u00e9ation ou l\u2019\u00e9volution contre la cr\u00e9ation.\u00a0\u00a0<\/span><\/p>\n<p><span style=\"font-weight: 400;\">Dans cet article, nous explorerons les deux concepts, en nous concentrant sp\u00e9cifiquement sur le r\u00e9cit biblique de Gen\u00e8se 1:1-31 et sur la fa\u00e7on dont il se compare \u00e0 la th\u00e9orie de l&#039;\u00e9volution.\u00a0\u00a0<\/span><\/p>\n<p><span style=\"font-weight: 400;\">Pr\u00eat \u00e0 plonger dans ce d\u00e9bat fascinant ?<\/span><\/p>\n<div id=\"ez-toc-container\" class=\"ez-toc-v2_0_82_2 counter-hierarchy ez-toc-counter ez-toc-grey ez-toc-container-direction\">\n<div class=\"ez-toc-title-container\">\n<p class=\"ez-toc-title\" style=\"cursor:inherit\">Table des mati\u00e8res<\/p>\n<span class=\"ez-toc-title-toggle\"><a href=\"#\" class=\"ez-toc-pull-right ez-toc-btn ez-toc-btn-xs ez-toc-btn-default ez-toc-toggle\" aria-label=\"Basculer la table des mati\u00e8res\"><span class=\"ez-toc-js-icon-con\"><span class=\"\"><span class=\"eztoc-hide\" style=\"display:none;\">Basculer<\/span><span class=\"ez-toc-icon-toggle-span\"><svg style=\"fill: #999;color:#999\" xmlns=\"http:\/\/www.w3.org\/2000\/svg\" class=\"list-377408\" width=\"20px\" height=\"20px\" viewbox=\"0 0 24 24\" fill=\"none\"><path d=\"M6 6H4v2h2V6zm14 0H8v2h12V6zM4 11h2v2H4v-2zm16 0H8v2h12v-2zM4 16h2v2H4v-2zm16 0H8v2h12v-2z\" fill=\"currentColor\"><\/path><\/svg><svg style=\"fill: #999;color:#999\" class=\"arrow-unsorted-368013\" xmlns=\"http:\/\/www.w3.org\/2000\/svg\" width=\"10px\" height=\"10px\" viewbox=\"0 0 24 24\" version=\"1.2\" baseprofile=\"tiny\"><path d=\"M18.2 9.3l-6.2-6.3-6.2 6.3c-.2.2-.3.4-.3.7s.1.5.3.7c.2.2.4.3.7.3h11c.3 0 .5-.1.7-.3.2-.2.3-.5.3-.7s-.1-.5-.3-.7zM5.8 14.7l6.2 6.3 6.2-6.3c.2-.2.3-.5.3-.7s-.1-.5-.3-.7c-.2-.2-.4-.3-.7-.3h-11c-.3 0-.5.1-.7.3-.2.2-.3.5-.3.7s.1.5.3.7z\"\/><\/svg><\/span><\/span><\/span><\/a><\/span><\/div>\n<nav><ul class='ez-toc-list ez-toc-list-level-1' ><li class='ez-toc-page-1 ez-toc-heading-level-2'><a class=\"ez-toc-link ez-toc-heading-1\" href=\"https:\/\/cleefbible.com\/fr\/evolution-vs-creation\/#Presentacion_del_Tema\" >Pr\u00e9sentation du sujet<\/a><\/li><li class='ez-toc-page-1 ez-toc-heading-level-2'><a class=\"ez-toc-link ez-toc-heading-2\" href=\"https:\/\/cleefbible.com\/fr\/evolution-vs-creation\/#Objetivo_del_Articulo\" >Objectif de l&#039;article<\/a><\/li><li class='ez-toc-page-1 ez-toc-heading-level-2'><a class=\"ez-toc-link ez-toc-heading-3\" href=\"https:\/\/cleefbible.com\/fr\/evolution-vs-creation\/#Contexto_Historico_y_Cultural\" >Contexte historique et culturel<\/a><\/li><li class='ez-toc-page-1 ez-toc-heading-level-2'><a class=\"ez-toc-link ez-toc-heading-4\" href=\"https:\/\/cleefbible.com\/fr\/evolution-vs-creation\/#Descripcion_de_la_Creacion_en_Genesis_1_1-31\" >Description de la cr\u00e9ation dans Gen\u00e8se 1:1-31<\/a><\/li><li class='ez-toc-page-1 ez-toc-heading-level-2'><a class=\"ez-toc-link ez-toc-heading-5\" href=\"https:\/\/cleefbible.com\/fr\/evolution-vs-creation\/#Dia_2_Creacion_del_Firmamento\" >Jour 2 : Cr\u00e9ation du Firmament<\/a><\/li><li class='ez-toc-page-1 ez-toc-heading-level-2'><a class=\"ez-toc-link ez-toc-heading-6\" href=\"https:\/\/cleefbible.com\/fr\/evolution-vs-creation\/#Dia_3_Separacion_de_Tierra_y_Mar_y_Creacion_de_la_Vegetacion\" >Jour 3 : S\u00e9paration de la terre et de la mer et cr\u00e9ation de la v\u00e9g\u00e9tation<\/a><\/li><li class='ez-toc-page-1 ez-toc-heading-level-2'><a class=\"ez-toc-link ez-toc-heading-7\" href=\"https:\/\/cleefbible.com\/fr\/evolution-vs-creation\/#Dia_4_Creacion_de_los_Astros\" >Jour 4 : Cr\u00e9ation des \u00e9toiles<\/a><\/li><li class='ez-toc-page-1 ez-toc-heading-level-2'><a class=\"ez-toc-link ez-toc-heading-8\" href=\"https:\/\/cleefbible.com\/fr\/evolution-vs-creation\/#Dia_5_Creacion_de_los_Animales_Marinos_y_Aves\" >Jour 5 : Cr\u00e9ation d&#039;animaux marins et d&#039;oiseaux<\/a><\/li><li class='ez-toc-page-1 ez-toc-heading-level-2'><a class=\"ez-toc-link ez-toc-heading-9\" href=\"https:\/\/cleefbible.com\/fr\/evolution-vs-creation\/#Dia_6_Creacion_de_los_Animales_Terrestres_y_el_Hombre\" >Jour 6 : Cr\u00e9ation des animaux terrestres et de l&#039;homme<\/a><\/li><li class='ez-toc-page-1 ez-toc-heading-level-2'><a class=\"ez-toc-link ez-toc-heading-10\" href=\"https:\/\/cleefbible.com\/fr\/evolution-vs-creation\/#Dia_7_El_Descanso_de_Dios\" >Jour 7 : Le repos de Dieu<\/a><\/li><li class='ez-toc-page-1 ez-toc-heading-level-2'><a class=\"ez-toc-link ez-toc-heading-11\" href=\"https:\/\/cleefbible.com\/fr\/evolution-vs-creation\/#Comparacion_de_Teorias\" >Comparaison des th\u00e9ories<\/a><\/li><li class='ez-toc-page-1 ez-toc-heading-level-2'><a class=\"ez-toc-link ez-toc-heading-12\" href=\"https:\/\/cleefbible.com\/fr\/evolution-vs-creation\/#Reflexion_Final\" >R\u00e9flexion finale<\/a><\/li><li class='ez-toc-page-1 ez-toc-heading-level-2'><a class=\"ez-toc-link ez-toc-heading-13\" href=\"https:\/\/cleefbible.com\/fr\/evolution-vs-creation\/#Conclusion\" >Conclusion<\/a><\/li><li class='ez-toc-page-1 ez-toc-heading-level-2'><a class=\"ez-toc-link ez-toc-heading-14\" href=\"https:\/\/cleefbible.com\/fr\/evolution-vs-creation\/#Preguntas_Frecuentes_sobre_Evolucion_vs_Creacion_en_Genesis_1_1-31\" >Questions fr\u00e9quemment pos\u00e9es sur l&#039;\u00e9volution et la cr\u00e9ation dans Gen\u00e8se 1:1-31<\/a><\/li><\/ul><\/nav><\/div>\n<h2><span class=\"ez-toc-section\" id=\"Presentacion_del_Tema\"><\/span><b>Pr\u00e9sentation du sujet<\/b><span class=\"ez-toc-section-end\"><\/span><\/h2>\n<p><span style=\"font-weight: 400;\">La controverse entre \u00e9volution et cr\u00e9ation est un sujet br\u00fblant depuis des d\u00e9cennies.\u00a0\u00a0<\/span><\/p>\n<p><span style=\"font-weight: 400;\">D\u2019un c\u00f4t\u00e9, nous avons le r\u00e9cit biblique de la Gen\u00e8se, qui raconte comment Dieu a cr\u00e9\u00e9 le monde en six jours.\u00a0\u00a0<\/span><\/p>\n<p><span style=\"font-weight: 400;\">D\u2019autre part, la th\u00e9orie de l\u2019\u00e9volution, popularis\u00e9e par Charles Darwin au XIXe si\u00e8cle, sugg\u00e8re que toutes les esp\u00e8ces ont \u00e9volu\u00e9 \u00e0 partir d\u2019anc\u00eatres communs par un processus de s\u00e9lection naturelle.\u00a0\u00a0<\/span><\/p>\n<p><span style=\"font-weight: 400;\">Les deux points de vue ont des d\u00e9fenseurs passionn\u00e9s, et comprendre leur raisonnement est essentiel pour se forger une opinion \u00e9clair\u00e9e.<\/span><\/p>\n<h2><span class=\"ez-toc-section\" id=\"Objetivo_del_Articulo\"><\/span><b>Objectif de l&#039;article<\/b><span class=\"ez-toc-section-end\"><\/span><\/h2>\n<p><span style=\"font-weight: 400;\">Le but de cet article est de comparer les th\u00e9ories de l\u2019\u00e9volution et de la cr\u00e9ation, en offrant une perspective \u00e9quilibr\u00e9e et fond\u00e9e sur des preuves.\u00a0\u00a0<\/span><\/p>\n<p><span style=\"font-weight: 400;\">Nous explorerons le contexte historique et culturel de chaque th\u00e9orie, d\u00e9crirons l\u2019histoire de la cr\u00e9ation dans Gen\u00e8se 1:1-31 et analyserons les bases scientifiques et th\u00e9ologiques des deux positions.\u00a0\u00a0<\/span><\/p>\n<p><span style=\"font-weight: 400;\">Au final, nous esp\u00e9rons vous offrir un aper\u00e7u plus clair et plus approfondi de ce d\u00e9bat fascinant.<\/span><\/p>[\/et_pb_text][et_pb_text admin_label=&#8221;T\u00edtulo H2 Pers. con espacio 0 Abajo&#8221; _builder_version=&#8221;4.27.0&#8243; _module_preset=&#8221;9dcd691c-2a53-439d-9f69-d20be4c8c6a1&#8243; text_text_color=&#8221;#000000&#8243; text_line_height=&#8221;1.8em&#8221; header_font=&#8221;|600|||||||&#8221; header_text_align=&#8221;center&#8221; header_text_color=&#8221;#000000&#8243; header_font_size=&#8221;45px&#8221; header_line_height=&#8221;1.5em&#8221; header_2_font=&#8221;|600|||||||&#8221; header_2_text_align=&#8221;center&#8221; header_2_text_color=&#8221;#000000&#8243; header_2_font_size=&#8221;40px&#8221; header_2_line_height=&#8221;1.2em&#8221; custom_margin=&#8221;||0px||false|false&#8221; custom_padding=&#8221;||||false|false&#8221; text_font_size_tablet=&#8221;17px&#8221; text_font_size_phone=&#8221;16px&#8221; text_font_size_last_edited=&#8221;on|desktop&#8221; header_text_align_tablet=&#8221;center&#8221; header_text_align_phone=&#8221;center&#8221; header_text_align_last_edited=&#8221;on|desktop&#8221; header_font_size_tablet=&#8221;40px&#8221; header_font_size_phone=&#8221;30px&#8221; header_font_size_last_edited=&#8221;on|tablet&#8221; header_line_height_tablet=&#8221;1.5em&#8221; header_line_height_phone=&#8221;1.3em&#8221; header_line_height_last_edited=&#8221;on|desktop&#8221; header_2_font_size_tablet=&#8221;35px&#8221; header_2_font_size_phone=&#8221;20px&#8221; header_2_font_size_last_edited=&#8221;on|desktop&#8221; global_colors_info=&#8221;{}&#8221; theme_builder_area=&#8221;post_content&#8221;]<h2><span class=\"ez-toc-section\" id=\"Contexto_Historico_y_Cultural\"><\/span><b>Contexte historique et culturel<\/b><span class=\"ez-toc-section-end\"><\/span><\/h2>[\/et_pb_text][et_pb_image src=&#8221;https:\/\/cleefbible.com\/wp-content\/uploads\/2024\/07\/Evolucion-vs.-Creacion-2.png&#8221; alt=&#8221;Evoluci\u00f3n-vs.-Creaci\u00f3n-2&#8243; title_text=&#8221;Evoluci\u00f3n vs. Creaci\u00f3n&#8221; admin_label=&#8221;Foto Blog interior&#8221; _builder_version=&#8221;4.27.0&#8243; _module_preset=&#8221;default&#8221; global_colors_info=&#8221;{}&#8221; theme_builder_area=&#8221;post_content&#8221;][\/et_pb_image][et_pb_text admin_label=&#8221;Texto Cuerpo&#8221; _builder_version=&#8221;4.27.0&#8243; _module_preset=&#8221;9dcd691c-2a53-439d-9f69-d20be4c8c6a1&#8243; text_text_color=&#8221;#000000&#8243; text_line_height=&#8221;1.8em&#8221; header_font=&#8221;|600|||||||&#8221; header_text_align=&#8221;center&#8221; header_text_color=&#8221;#000000&#8243; header_font_size=&#8221;45px&#8221; header_line_height=&#8221;1.5em&#8221; header_2_font=&#8221;|600|||||||&#8221; header_2_text_align=&#8221;center&#8221; header_2_text_color=&#8221;#000000&#8243; header_2_font_size=&#8221;40px&#8221; header_2_line_height=&#8221;1.2em&#8221; text_font_size_tablet=&#8221;17px&#8221; text_font_size_phone=&#8221;16px&#8221; text_font_size_last_edited=&#8221;on|desktop&#8221; header_text_align_tablet=&#8221;center&#8221; header_text_align_phone=&#8221;center&#8221; header_text_align_last_edited=&#8221;on|desktop&#8221; header_font_size_tablet=&#8221;40px&#8221; header_font_size_phone=&#8221;30px&#8221; header_font_size_last_edited=&#8221;on|tablet&#8221; header_line_height_tablet=&#8221;1.5em&#8221; header_line_height_phone=&#8221;1.3em&#8221; header_line_height_last_edited=&#8221;on|desktop&#8221; header_2_font_size_tablet=&#8221;35px&#8221; header_2_font_size_phone=&#8221;20px&#8221; header_2_font_size_last_edited=&#8221;on|desktop&#8221; global_colors_info=&#8221;{}&#8221; theme_builder_area=&#8221;post_content&#8221;]<p><span style=\"font-weight: 400;\">Pour mieux comprendre le contexte de la Gen\u00e8se dans la Bible et l\u2019histoire de la th\u00e9orie de l\u2019\u00e9volution, il est essentiel d\u2019explorer les d\u00e9tails de ces sujets.\u00a0\u00a0<\/span><\/p>\n<p><span style=\"font-weight: 400;\">J&#039;explique ici en d\u00e9tail certains des aspects les plus importants :<\/span><\/p>\n<h3><b>Le contexte de la Gen\u00e8se dans la Bible<\/b><\/h3>\n<p><span style=\"font-weight: 400;\">Le livre de la Gen\u00e8se est le premier livre de la Bible et est fondamental pour les religions jud\u00e9o-chr\u00e9tiennes.\u00a0\u00a0<\/span><\/p>\n<p><span style=\"font-weight: 400;\">Traditionnellement, sa paternit\u00e9 est attribu\u00e9e \u00e0 Mo\u00efse, bien que sa r\u00e9daction finale ait pu \u00eatre influenc\u00e9e par diverses sources et traditions.\u00a0\u00a0<\/span><\/p>\n<p><span style=\"font-weight: 400;\">La Gen\u00e8se a \u00e9t\u00e9 \u00e9crite dans un contexte culturel et religieux o\u00f9 les mythes de cr\u00e9ation \u00e9taient courants.\u00a0\u00a0<\/span><\/p>\n<p><span style=\"font-weight: 400;\">Cependant, le r\u00e9cit de la Gen\u00e8se se distingue par son monoth\u00e9isme, pr\u00e9sentant un Dieu unique comme cr\u00e9ateur de tous.\u00a0\u00a0<\/span><\/p>\n<p><span style=\"font-weight: 400;\">J&#039;explique ici comment ce contexte se d\u00e9veloppe :<\/span><\/p>\n<h4><b>1. Auteur et \u00e9criture de la Gen\u00e8se\u00a0\u00a0<\/b><\/h4>\n<p><span style=\"font-weight: 400;\">Bien que Mo\u00efse soit traditionnellement consid\u00e9r\u00e9 comme l\u2019auteur de la Gen\u00e8se, les chercheurs sugg\u00e8rent que le texte a pu \u00eatre influenc\u00e9 par de multiples sources et traditions au fil du temps.\u00a0\u00a0<\/span><\/p>\n<p><span style=\"font-weight: 400;\">Ces sources comprennent des documents et des r\u00e9cits oraux qui ont \u00e9t\u00e9 compil\u00e9s et unifi\u00e9s dans le texte que nous connaissons aujourd\u2019hui.\u00a0\u00a0<\/span><\/p>\n<p><span style=\"font-weight: 400;\">Cette diversit\u00e9 de sources refl\u00e8te la richesse historique et la profondeur th\u00e9ologique du r\u00e9cit biblique.<\/span><\/p>\n<h4><b>2. Contexte culturel et religieux\u00a0\u00a0<\/b><\/h4>\n<p><span style=\"font-weight: 400;\">\u00c0 l\u2019\u00e9poque o\u00f9 la Gen\u00e8se a \u00e9t\u00e9 \u00e9crite, de nombreuses cultures anciennes avaient leurs propres mythes de cr\u00e9ation qui expliquaient l\u2019origine du monde et de l\u2019humanit\u00e9.\u00a0\u00a0<\/span><\/p>\n<p><span style=\"font-weight: 400;\">Ces mythes impliquaient souvent plusieurs dieux et des r\u00e9cits complexes de chaos et d\u2019ordre.\u00a0\u00a0<\/span><\/p>\n<p><span style=\"font-weight: 400;\">Le r\u00e9cit de la Gen\u00e8se est remarquable par l\u2019accent qu\u2019il met sur un Dieu souverain unique qui cr\u00e9e l\u2019univers avec intention et but, contrastant avec les mythes polyth\u00e9istes contemporains.<\/span><\/p>\n<h4><b>3. Le monoth\u00e9isme dans la Gen\u00e8se\u00a0\u00a0<\/b><\/h4>\n<p><span style=\"font-weight: 400;\">Le r\u00e9cit de la Gen\u00e8se introduit le concept de monoth\u00e9isme, la croyance en un Dieu cr\u00e9ateur tout-puissant.\u00a0\u00a0<\/span><\/p>\n<p><span style=\"font-weight: 400;\">Ce Dieu est pr\u00e9sent\u00e9 non seulement comme cr\u00e9ateur, mais aussi comme gardien et soutien de toute la cr\u00e9ation.\u00a0\u00a0<\/span><\/p>\n<p><span style=\"font-weight: 400;\">Cette approche monoth\u00e9iste \u00e9tablit un fondement th\u00e9ologique unique qui a profond\u00e9ment influenc\u00e9 les religions jud\u00e9o-chr\u00e9tiennes.<\/span><\/p>\n<h3><b>Histoire de la th\u00e9orie de l&#039;\u00e9volution<\/b><\/h3>\n<p><span style=\"font-weight: 400;\">La th\u00e9orie de l&#039;\u00e9volution trouve ses racines dans les observations de Charles Darwin lors de son voyage sur le HMS Beagle.\u00a0\u00a0<\/span><\/p>\n<p><span style=\"font-weight: 400;\">En 1859, Darwin publie \u00ab L\u2019Origine des esp\u00e8ces \u00bb, dans lequel il expose sa th\u00e9orie de la s\u00e9lection naturelle.\u00a0\u00a0<\/span><\/p>\n<p><span style=\"font-weight: 400;\">Ces travaux ont r\u00e9volutionn\u00e9 la biologie et chang\u00e9 notre compr\u00e9hension du d\u00e9veloppement de la vie sur Terre.\u00a0\u00a0<\/span><\/p>\n<p><span style=\"font-weight: 400;\">Malgr\u00e9 la controverse initiale, la th\u00e9orie de l\u2019\u00e9volution a \u00e9t\u00e9 largement accept\u00e9e par la communaut\u00e9 scientifique en raison des nombreuses preuves fossiles et g\u00e9n\u00e9tiques qui la soutiennent.\u00a0\u00a0<\/span><\/p>\n<p><span style=\"font-weight: 400;\">J&#039;explique ici comment cette histoire se d\u00e9veloppe :<\/span><\/p>\n<h4><b>1. Les observations de Darwin\u00a0\u00a0<\/b><\/h4>\n<p><span style=\"font-weight: 400;\">Au cours de son voyage \u00e0 bord du HMS Beagle, Charles Darwin a fait des observations d\u00e9taill\u00e9es de diverses formes de vie et de leurs adaptations \u00e0 leur environnement.\u00a0\u00a0<\/span><\/p>\n<p><span style=\"font-weight: 400;\">Ces observations, en particulier celles des \u00eeles Galapagos, l\u2019ont conduit \u00e0 formuler des id\u00e9es sur la variation et l\u2019adaptation des esp\u00e8ces.\u00a0\u00a0<\/span><\/p>\n<p><span style=\"font-weight: 400;\">Darwin a not\u00e9 que les esp\u00e8ces n\u2019\u00e9taient pas fixes, mais pouvaient changer au fil du temps en r\u00e9ponse \u00e0 leur environnement.<\/span><\/p>\n<h4><b>2. Publication de \u00ab L\u2019Origine des esp\u00e8ces \u00bb\u00a0\u00a0<\/b><\/h4>\n<p><span style=\"font-weight: 400;\">En 1859, Darwin publie son ouvrage fondateur, \u00ab L\u2019Origine des esp\u00e8ces \u00bb, dans lequel il propose la th\u00e9orie de la s\u00e9lection naturelle comme m\u00e9canisme principal de l\u2019\u00e9volution.\u00a0\u00a0<\/span><\/p>\n<p><span style=\"font-weight: 400;\">La s\u00e9lection naturelle sugg\u00e8re que les individus dot\u00e9s de caract\u00e9ristiques favorables ont plus de chances de survivre et de se reproduire, transmettant ces caract\u00e9ristiques \u00e0 la g\u00e9n\u00e9ration suivante.\u00a0\u00a0<\/span><\/p>\n<p><span style=\"font-weight: 400;\">Cette th\u00e9orie a fourni une explication naturaliste de la diversit\u00e9 de la vie et a radicalement chang\u00e9 la biologie.<\/span><\/p>\n<h4><b>3. Preuve et acceptation de la th\u00e9orie\u00a0\u00a0<\/b><\/h4>\n<p><span style=\"font-weight: 400;\">Malgr\u00e9 une controverse initiale, la th\u00e9orie de l\u2019\u00e9volution a \u00e9t\u00e9 soutenue par une multitude de preuves provenant de diverses disciplines scientifiques, notamment la pal\u00e9ontologie, la g\u00e9n\u00e9tique et la biologie mol\u00e9culaire.\u00a0\u00a0<\/span><\/p>\n<p><span style=\"font-weight: 400;\">Les archives fossiles montrent une progression des formes de vie, des plus simples aux plus complexes.\u00a0\u00a0<\/span><\/p>\n<p><span style=\"font-weight: 400;\">La g\u00e9n\u00e9tique moderne a confirm\u00e9 et \u00e9largi notre compr\u00e9hension de l\u2019\u00e9volution, montrant comment les g\u00e8nes et les mutations jouent un r\u00f4le dans l\u2019adaptation et la diversification des esp\u00e8ces.<\/span><\/p>\n<p><span style=\"font-weight: 400;\">En d\u00e9veloppant ces points, nous pouvons appr\u00e9cier la profondeur et la richesse du r\u00e9cit biblique de la Gen\u00e8se et de la th\u00e9orie scientifique de l\u2019\u00e9volution, en voyant comment tous deux offrent des perspectives pr\u00e9cieuses sur l\u2019origine et le d\u00e9veloppement de la vie sur Terre.<\/span><\/p>[\/et_pb_text][\/et_pb_column][\/et_pb_row][et_pb_row admin_label=&#8221;FILA DESAROLLO&#8221; _builder_version=&#8221;4.25.0&#8243; _module_preset=&#8221;default&#8221; custom_padding=&#8221;||0px||false|false&#8221; global_colors_info=&#8221;{}&#8221; theme_builder_area=&#8221;post_content&#8221;][et_pb_column type=&#8221;4_4&#8243; _builder_version=&#8221;4.25.0&#8243; _module_preset=&#8221;default&#8221; global_colors_info=&#8221;{}&#8221; theme_builder_area=&#8221;post_content&#8221;][et_pb_text admin_label=&#8221;1.T\u00edtulo H2 Pers. con espacio 0 Abajo&#8221; _builder_version=&#8221;4.27.0&#8243; _module_preset=&#8221;9dcd691c-2a53-439d-9f69-d20be4c8c6a1&#8243; text_text_color=&#8221;#000000&#8243; text_line_height=&#8221;1.8em&#8221; header_font=&#8221;|600|||||||&#8221; header_text_align=&#8221;center&#8221; header_text_color=&#8221;#000000&#8243; header_font_size=&#8221;45px&#8221; header_line_height=&#8221;1.5em&#8221; header_2_font=&#8221;|600|||||||&#8221; header_2_text_align=&#8221;center&#8221; header_2_text_color=&#8221;#000000&#8243; header_2_font_size=&#8221;40px&#8221; header_2_line_height=&#8221;1.2em&#8221; custom_margin=&#8221;||0px||false|false&#8221; custom_padding=&#8221;||||false|false&#8221; text_font_size_tablet=&#8221;17px&#8221; text_font_size_phone=&#8221;16px&#8221; text_font_size_last_edited=&#8221;on|desktop&#8221; header_text_align_tablet=&#8221;center&#8221; header_text_align_phone=&#8221;center&#8221; header_text_align_last_edited=&#8221;on|desktop&#8221; header_font_size_tablet=&#8221;40px&#8221; header_font_size_phone=&#8221;30px&#8221; header_font_size_last_edited=&#8221;on|tablet&#8221; header_line_height_tablet=&#8221;1.5em&#8221; header_line_height_phone=&#8221;1.3em&#8221; header_line_height_last_edited=&#8221;on|desktop&#8221; header_2_font_size_tablet=&#8221;35px&#8221; header_2_font_size_phone=&#8221;20px&#8221; header_2_font_size_last_edited=&#8221;on|desktop&#8221; global_colors_info=&#8221;{}&#8221; theme_builder_area=&#8221;post_content&#8221;]<h2><span class=\"ez-toc-section\" id=\"Descripcion_de_la_Creacion_en_Genesis_1_1-31\"><\/span><b>Description de la cr\u00e9ation dans Gen\u00e8se 1:1-31<\/b><span class=\"ez-toc-section-end\"><\/span><\/h2>[\/et_pb_text][et_pb_image src=&#8221;https:\/\/cleefbible.com\/wp-content\/uploads\/2024\/07\/Evolucion-vs.-Creacion-4.png&#8221; alt=&#8221;Evoluci\u00f3n-vs.-Creaci\u00f3n-4&#8243; title_text=&#8221;Evoluci\u00f3n vs. Creaci\u00f3n&#8221; admin_label=&#8221;1.1.Foto Blog interior&#8221; _builder_version=&#8221;4.27.0&#8243; _module_preset=&#8221;default&#8221; global_colors_info=&#8221;{}&#8221; theme_builder_area=&#8221;post_content&#8221;][\/et_pb_image][et_pb_text admin_label=&#8221;1.2.Texto&#8221; _builder_version=&#8221;4.27.0&#8243; _module_preset=&#8221;9dcd691c-2a53-439d-9f69-d20be4c8c6a1&#8243; text_text_color=&#8221;#000000&#8243; text_line_height=&#8221;1.8em&#8221; header_font=&#8221;|600|||||||&#8221; header_text_align=&#8221;center&#8221; header_text_color=&#8221;#000000&#8243; header_font_size=&#8221;45px&#8221; header_line_height=&#8221;1.5em&#8221; header_2_font=&#8221;|600|||||||&#8221; header_2_text_align=&#8221;center&#8221; header_2_text_color=&#8221;#000000&#8243; header_2_font_size=&#8221;40px&#8221; header_2_line_height=&#8221;1.2em&#8221; text_font_size_tablet=&#8221;17px&#8221; text_font_size_phone=&#8221;16px&#8221; text_font_size_last_edited=&#8221;on|desktop&#8221; header_text_align_tablet=&#8221;center&#8221; header_text_align_phone=&#8221;center&#8221; header_text_align_last_edited=&#8221;on|desktop&#8221; header_font_size_tablet=&#8221;40px&#8221; header_font_size_phone=&#8221;30px&#8221; header_font_size_last_edited=&#8221;on|tablet&#8221; header_line_height_tablet=&#8221;1.5em&#8221; header_line_height_phone=&#8221;1.3em&#8221; header_line_height_last_edited=&#8221;on|desktop&#8221; header_2_font_size_tablet=&#8221;35px&#8221; header_2_font_size_phone=&#8221;20px&#8221; header_2_font_size_last_edited=&#8221;on|desktop&#8221; global_colors_info=&#8221;{}&#8221; theme_builder_area=&#8221;post_content&#8221;]<p><span style=\"font-weight: 400;\">Pour mieux comprendre l\u2019histoire de la cr\u00e9ation selon le livre de la Gen\u00e8se dans la Bible, il est essentiel d\u2019explorer chaque jour de la cr\u00e9ation et sa signification th\u00e9ologique.<\/span><\/p>\n<p><span style=\"font-weight: 400;\">J&#039;explique ici en d\u00e9tail certains des aspects les plus importants :<\/span><\/p>\n<h3><b>Jour 1 : Cr\u00e9ation de la Lumi\u00e8re<\/b><\/h3>\n<p><span style=\"font-weight: 400;\">\u00ab Et Dieu dit : Que la lumi\u00e8re soit ! Et la lumi\u00e8re fut. \u00bb\u00a0\u00a0<\/span><\/p>\n<p><span style=\"font-weight: 400;\">Ce premier acte de cr\u00e9ation \u00e9tablit la distinction entre la lumi\u00e8re et les t\u00e9n\u00e8bres.\u00a0\u00a0<\/span><\/p>\n<p><span style=\"font-weight: 400;\">Th\u00e9ologiquement, la lumi\u00e8re symbolise la pr\u00e9sence de Dieu et son pouvoir d\u2019ordonner le chaos.\u00a0\u00a0<\/span><\/p>\n<p><span style=\"font-weight: 400;\">J&#039;explique ici comment ce processus se d\u00e9veloppe :<\/span><\/p>\n<h4><b>1. Distinction entre la lumi\u00e8re et l&#039;obscurit\u00e9\u00a0\u00a0<\/b><\/h4>\n<p><span style=\"font-weight: 400;\">Dieu introduit la lumi\u00e8re dans le chaos primordial, le s\u00e9parant des t\u00e9n\u00e8bres et \u00e9tablissant l\u2019ordre dans l\u2019univers.\u00a0\u00a0<\/span><\/p>\n<p><span style=\"font-weight: 400;\">Cette s\u00e9paration est fondamentale pour la cr\u00e9ation, car elle \u00e9tablit le cycle du jour et de la nuit.\u00a0\u00a0<\/span><\/p>\n<p><span style=\"font-weight: 400;\">La lumi\u00e8re repr\u00e9sente le bien, la clart\u00e9 et la vie, tandis que l\u2019obscurit\u00e9 symbolise le chaos et l\u2019incertitude.<\/span><\/p>\n<h4><b>2. Symbole de la pr\u00e9sence de Dieu\u00a0\u00a0<\/b><\/h4>\n<p><span style=\"font-weight: 400;\">La lumi\u00e8re est consid\u00e9r\u00e9e comme un reflet de la pr\u00e9sence et de la puissance de Dieu, illuminant et guidant la cr\u00e9ation.\u00a0\u00a0<\/span><\/p>\n<p><span style=\"font-weight: 400;\">Cet acte d\u00e9montre que Dieu est la source de toute lumi\u00e8re et de toute vie, et que sa pr\u00e9sence apporte ordre et but.\u00a0\u00a0<\/span><\/p>\n<p><span style=\"font-weight: 400;\">L\u2019introduction de la lumi\u00e8re peut \u00e9galement \u00eatre interpr\u00e9t\u00e9e comme le d\u00e9but de la r\u00e9v\u00e9lation divine au monde.<\/span><\/p>[\/et_pb_text][\/et_pb_column][\/et_pb_row][et_pb_row admin_label=&#8221;FILA DESAROLLO&#8221; _builder_version=&#8221;4.25.0&#8243; _module_preset=&#8221;default&#8221; custom_padding=&#8221;||0px||false|false&#8221; global_colors_info=&#8221;{}&#8221; theme_builder_area=&#8221;post_content&#8221;][et_pb_column type=&#8221;4_4&#8243; _builder_version=&#8221;4.25.0&#8243; _module_preset=&#8221;default&#8221; global_colors_info=&#8221;{}&#8221; theme_builder_area=&#8221;post_content&#8221;][et_pb_text admin_label=&#8221;1.T\u00edtulo H2 Pers. con espacio 0 Abajo&#8221; _builder_version=&#8221;4.27.0&#8243; _module_preset=&#8221;9dcd691c-2a53-439d-9f69-d20be4c8c6a1&#8243; text_text_color=&#8221;#000000&#8243; text_line_height=&#8221;1.8em&#8221; header_font=&#8221;|600|||||||&#8221; header_text_align=&#8221;center&#8221; header_text_color=&#8221;#000000&#8243; header_font_size=&#8221;45px&#8221; header_line_height=&#8221;1.5em&#8221; header_2_font=&#8221;|600|||||||&#8221; header_2_text_align=&#8221;center&#8221; header_2_text_color=&#8221;#000000&#8243; header_2_font_size=&#8221;40px&#8221; header_2_line_height=&#8221;1.2em&#8221; custom_margin=&#8221;||0px||false|false&#8221; custom_padding=&#8221;||||false|false&#8221; text_font_size_tablet=&#8221;17px&#8221; text_font_size_phone=&#8221;16px&#8221; text_font_size_last_edited=&#8221;on|desktop&#8221; header_text_align_tablet=&#8221;center&#8221; header_text_align_phone=&#8221;center&#8221; header_text_align_last_edited=&#8221;on|desktop&#8221; header_font_size_tablet=&#8221;40px&#8221; header_font_size_phone=&#8221;30px&#8221; header_font_size_last_edited=&#8221;on|tablet&#8221; header_line_height_tablet=&#8221;1.5em&#8221; header_line_height_phone=&#8221;1.3em&#8221; header_line_height_last_edited=&#8221;on|desktop&#8221; header_2_font_size_tablet=&#8221;35px&#8221; header_2_font_size_phone=&#8221;20px&#8221; header_2_font_size_last_edited=&#8221;on|desktop&#8221; global_colors_info=&#8221;{}&#8221; theme_builder_area=&#8221;post_content&#8221;]<h2><span class=\"ez-toc-section\" id=\"Dia_2_Creacion_del_Firmamento\"><\/span><b>Jour 2 : Cr\u00e9ation du Firmament<\/b><span class=\"ez-toc-section-end\"><\/span><\/h2>[\/et_pb_text][et_pb_image src=&#8221;https:\/\/cleefbible.com\/wp-content\/uploads\/2024\/07\/Evolucion-vs.-Creacion-5.png&#8221; alt=&#8221;Evoluci\u00f3n-vs.-Creaci\u00f3n-5&#8243; title_text=&#8221;Evoluci\u00f3n vs. Creaci\u00f3n&#8221; admin_label=&#8221;1.1.Foto Blog interior&#8221; _builder_version=&#8221;4.27.0&#8243; _module_preset=&#8221;default&#8221; global_colors_info=&#8221;{}&#8221; theme_builder_area=&#8221;post_content&#8221;][\/et_pb_image][et_pb_text admin_label=&#8221;1.2.Texto&#8221; _builder_version=&#8221;4.27.0&#8243; _module_preset=&#8221;9dcd691c-2a53-439d-9f69-d20be4c8c6a1&#8243; text_text_color=&#8221;#000000&#8243; text_line_height=&#8221;1.8em&#8221; header_font=&#8221;|600|||||||&#8221; header_text_align=&#8221;center&#8221; header_text_color=&#8221;#000000&#8243; header_font_size=&#8221;45px&#8221; header_line_height=&#8221;1.5em&#8221; header_2_font=&#8221;|600|||||||&#8221; header_2_text_align=&#8221;center&#8221; header_2_text_color=&#8221;#000000&#8243; header_2_font_size=&#8221;40px&#8221; header_2_line_height=&#8221;1.2em&#8221; text_font_size_tablet=&#8221;17px&#8221; text_font_size_phone=&#8221;16px&#8221; text_font_size_last_edited=&#8221;on|desktop&#8221; header_text_align_tablet=&#8221;center&#8221; header_text_align_phone=&#8221;center&#8221; header_text_align_last_edited=&#8221;on|desktop&#8221; header_font_size_tablet=&#8221;40px&#8221; header_font_size_phone=&#8221;30px&#8221; header_font_size_last_edited=&#8221;on|tablet&#8221; header_line_height_tablet=&#8221;1.5em&#8221; header_line_height_phone=&#8221;1.3em&#8221; header_line_height_last_edited=&#8221;on|desktop&#8221; header_2_font_size_tablet=&#8221;35px&#8221; header_2_font_size_phone=&#8221;20px&#8221; header_2_font_size_last_edited=&#8221;on|desktop&#8221; global_colors_info=&#8221;{}&#8221; theme_builder_area=&#8221;post_content&#8221;]<p><span style=\"font-weight: 400;\">Dieu s\u00e9pare les eaux et cr\u00e9e le firmament, \u00e9tablissant le ciel.\u00a0\u00a0<\/span><\/p>\n<p><span style=\"font-weight: 400;\">Cette journ\u00e9e repr\u00e9sente l\u2019organisation du cosmos et la cr\u00e9ation d\u2019un espace habitable pour la vie.\u00a0\u00a0<\/span><\/p>\n<p><span style=\"font-weight: 400;\">J&#039;explique ici comment ce processus se d\u00e9veloppe :<\/span><\/p>\n<h4><b>1. S\u00e9paration des eaux\u00a0\u00a0<\/b><\/h4>\n<p><span style=\"font-weight: 400;\">Dieu cr\u00e9e un firmament qui s\u00e9pare les eaux sup\u00e9rieures (le ciel) des eaux inf\u00e9rieures (les mers et les oc\u00e9ans).\u00a0\u00a0<\/span><\/p>\n<p><span style=\"font-weight: 400;\">Cette s\u00e9paration \u00e9tablit une structure ordonn\u00e9e dans l\u2019univers, diff\u00e9renciant le ciel de la terre.\u00a0\u00a0<\/span><\/p>\n<p><span style=\"font-weight: 400;\">Le firmament agit comme une barri\u00e8re qui retient les eaux au-dessus, cr\u00e9ant un espace pour l&#039;atmosph\u00e8re et la vie.<\/span><\/p>\n<h4><b>2. Cr\u00e9er un espace de vie\u00a0\u00a0<\/b><\/h4>\n<p><span style=\"font-weight: 400;\">L\u2019\u00e9tablissement du firmament et l\u2019organisation du cosmos pr\u00e9parent le terrain \u00e0 la vie.\u00a0\u00a0<\/span><\/p>\n<p><span style=\"font-weight: 400;\">Cet acte montre l\u2019intention de Dieu de cr\u00e9er un environnement appropri\u00e9 et s\u00fbr pour les \u00eatres vivants.\u00a0\u00a0<\/span><\/p>\n<p><span style=\"font-weight: 400;\">Le ciel, en tant que partie du firmament, est \u00e9galement consid\u00e9r\u00e9 comme une manifestation de la gloire et de la grandeur de Dieu.<\/span><\/p>[\/et_pb_text][\/et_pb_column][\/et_pb_row][et_pb_row admin_label=&#8221;FILA DESAROLLO&#8221; _builder_version=&#8221;4.25.0&#8243; _module_preset=&#8221;default&#8221; custom_padding=&#8221;||0px||false|false&#8221; global_colors_info=&#8221;{}&#8221; theme_builder_area=&#8221;post_content&#8221;][et_pb_column type=&#8221;4_4&#8243; _builder_version=&#8221;4.25.0&#8243; _module_preset=&#8221;default&#8221; global_colors_info=&#8221;{}&#8221; theme_builder_area=&#8221;post_content&#8221;][et_pb_text admin_label=&#8221;1.T\u00edtulo H2 Pers. con espacio 0 Abajo&#8221; _builder_version=&#8221;4.27.0&#8243; _module_preset=&#8221;9dcd691c-2a53-439d-9f69-d20be4c8c6a1&#8243; text_text_color=&#8221;#000000&#8243; text_line_height=&#8221;1.8em&#8221; header_font=&#8221;|600|||||||&#8221; header_text_align=&#8221;center&#8221; header_text_color=&#8221;#000000&#8243; header_font_size=&#8221;45px&#8221; header_line_height=&#8221;1.5em&#8221; header_2_font=&#8221;|600|||||||&#8221; header_2_text_align=&#8221;center&#8221; header_2_text_color=&#8221;#000000&#8243; header_2_font_size=&#8221;40px&#8221; header_2_line_height=&#8221;1.2em&#8221; custom_margin=&#8221;||0px||false|false&#8221; custom_padding=&#8221;||||false|false&#8221; text_font_size_tablet=&#8221;17px&#8221; text_font_size_phone=&#8221;16px&#8221; text_font_size_last_edited=&#8221;on|desktop&#8221; header_text_align_tablet=&#8221;center&#8221; header_text_align_phone=&#8221;center&#8221; header_text_align_last_edited=&#8221;on|desktop&#8221; header_font_size_tablet=&#8221;40px&#8221; header_font_size_phone=&#8221;30px&#8221; header_font_size_last_edited=&#8221;on|tablet&#8221; header_line_height_tablet=&#8221;1.5em&#8221; header_line_height_phone=&#8221;1.3em&#8221; header_line_height_last_edited=&#8221;on|desktop&#8221; header_2_font_size_tablet=&#8221;35px&#8221; header_2_font_size_phone=&#8221;20px&#8221; header_2_font_size_last_edited=&#8221;on|desktop&#8221; global_colors_info=&#8221;{}&#8221; theme_builder_area=&#8221;post_content&#8221;]<h2><span class=\"ez-toc-section\" id=\"Dia_3_Separacion_de_Tierra_y_Mar_y_Creacion_de_la_Vegetacion\"><\/span><b>Jour 3 : S\u00e9paration de la terre et de la mer et cr\u00e9ation de la v\u00e9g\u00e9tation<\/b><span class=\"ez-toc-section-end\"><\/span><\/h2>[\/et_pb_text][et_pb_image src=&#8221;https:\/\/cleefbible.com\/wp-content\/uploads\/2024\/07\/Evolucion-vs.-Creacion-6.png&#8221; alt=&#8221;Evoluci\u00f3n-vs.-Creaci\u00f3n-6&#8243; title_text=&#8221;Evoluci\u00f3n vs. Creaci\u00f3n&#8221; admin_label=&#8221;1.1.Foto Blog interior&#8221; _builder_version=&#8221;4.27.0&#8243; _module_preset=&#8221;default&#8221; global_colors_info=&#8221;{}&#8221; theme_builder_area=&#8221;post_content&#8221;][\/et_pb_image][et_pb_text admin_label=&#8221;1.2.Texto&#8221; _builder_version=&#8221;4.27.0&#8243; _module_preset=&#8221;9dcd691c-2a53-439d-9f69-d20be4c8c6a1&#8243; text_text_color=&#8221;#000000&#8243; text_line_height=&#8221;1.8em&#8221; header_font=&#8221;|600|||||||&#8221; header_text_align=&#8221;center&#8221; header_text_color=&#8221;#000000&#8243; header_font_size=&#8221;45px&#8221; header_line_height=&#8221;1.5em&#8221; header_2_font=&#8221;|600|||||||&#8221; header_2_text_align=&#8221;center&#8221; header_2_text_color=&#8221;#000000&#8243; header_2_font_size=&#8221;40px&#8221; header_2_line_height=&#8221;1.2em&#8221; text_font_size_tablet=&#8221;17px&#8221; text_font_size_phone=&#8221;16px&#8221; text_font_size_last_edited=&#8221;on|desktop&#8221; header_text_align_tablet=&#8221;center&#8221; header_text_align_phone=&#8221;center&#8221; header_text_align_last_edited=&#8221;on|desktop&#8221; header_font_size_tablet=&#8221;40px&#8221; header_font_size_phone=&#8221;30px&#8221; header_font_size_last_edited=&#8221;on|tablet&#8221; header_line_height_tablet=&#8221;1.5em&#8221; header_line_height_phone=&#8221;1.3em&#8221; header_line_height_last_edited=&#8221;on|desktop&#8221; header_2_font_size_tablet=&#8221;35px&#8221; header_2_font_size_phone=&#8221;20px&#8221; header_2_font_size_last_edited=&#8221;on|desktop&#8221; global_colors_info=&#8221;{}&#8221; theme_builder_area=&#8221;post_content&#8221;]<p><span style=\"font-weight: 400;\">Dieu rassemble les eaux, laisse appara\u00eetre la terre s\u00e8che et cr\u00e9e la v\u00e9g\u00e9tation.\u00a0\u00a0<\/span><\/p>\n<p><span style=\"font-weight: 400;\">Cette action ouvre non seulement la voie \u00e0 la vie animale, mais souligne \u00e9galement l\u2019importance \u00e9cologique des plantes en tant que fondement de la cha\u00eene alimentaire.\u00a0\u00a0<\/span><\/p>\n<p><span style=\"font-weight: 400;\">J&#039;explique ici comment ce processus se d\u00e9veloppe :<\/span><\/p>\n<h4><b>1. Apparition de la terre ferme\u00a0\u00a0<\/b><\/h4>\n<p><span style=\"font-weight: 400;\">Dieu ordonne aux eaux de se rassembler en un seul endroit, permettant \u00e0 la terre s\u00e8che d\u2019appara\u00eetre.\u00a0\u00a0<\/span><\/p>\n<p><span style=\"font-weight: 400;\">Cette loi \u00e9tablit les continents et les oc\u00e9ans, cr\u00e9ant ainsi un environnement diversifi\u00e9 propice \u00e0 la vie terrestre.\u00a0\u00a0<\/span><\/p>\n<p><span style=\"font-weight: 400;\">La formation des terres et des mers est essentielle \u00e0 la biodiversit\u00e9 et \u00e0 l\u2019habitabilit\u00e9 de la plan\u00e8te.<\/span><\/p>\n<h4><b>2. Cr\u00e9ation de v\u00e9g\u00e9tation\u00a0\u00a0<\/b><\/h4>\n<p><span style=\"font-weight: 400;\">Dieu ordonne \u00e0 la terre de produire des plantes, des arbres et toutes sortes de v\u00e9g\u00e9tation.\u00a0\u00a0<\/span><\/p>\n<p><span style=\"font-weight: 400;\">La v\u00e9g\u00e9tation est la premi\u00e8re forme de vie cr\u00e9\u00e9e, fournissant de l\u2019oxyg\u00e8ne et de la nourriture aux futurs \u00eatres vivants.\u00a0\u00a0<\/span><\/p>\n<p><span style=\"font-weight: 400;\">Les plantes et les arbres jouent un r\u00f4le crucial dans les \u00e9cosyst\u00e8mes, \u00e9tant la base de la cha\u00eene alimentaire et soutenant la vie animale.<\/span><\/p>[\/et_pb_text][\/et_pb_column][\/et_pb_row][et_pb_row admin_label=&#8221;FILA DESAROLLO&#8221; _builder_version=&#8221;4.25.0&#8243; _module_preset=&#8221;default&#8221; custom_padding=&#8221;||0px||false|false&#8221; global_colors_info=&#8221;{}&#8221; theme_builder_area=&#8221;post_content&#8221;][et_pb_column type=&#8221;4_4&#8243; _builder_version=&#8221;4.25.0&#8243; _module_preset=&#8221;default&#8221; global_colors_info=&#8221;{}&#8221; theme_builder_area=&#8221;post_content&#8221;][et_pb_text admin_label=&#8221;1.T\u00edtulo H2 Pers. con espacio 0 Abajo&#8221; _builder_version=&#8221;4.27.0&#8243; _module_preset=&#8221;9dcd691c-2a53-439d-9f69-d20be4c8c6a1&#8243; text_text_color=&#8221;#000000&#8243; text_line_height=&#8221;1.8em&#8221; header_font=&#8221;|600|||||||&#8221; header_text_align=&#8221;center&#8221; header_text_color=&#8221;#000000&#8243; header_font_size=&#8221;45px&#8221; header_line_height=&#8221;1.5em&#8221; header_2_font=&#8221;|600|||||||&#8221; header_2_text_align=&#8221;center&#8221; header_2_text_color=&#8221;#000000&#8243; header_2_font_size=&#8221;40px&#8221; header_2_line_height=&#8221;1.2em&#8221; custom_margin=&#8221;||0px||false|false&#8221; custom_padding=&#8221;||||false|false&#8221; text_font_size_tablet=&#8221;17px&#8221; text_font_size_phone=&#8221;16px&#8221; text_font_size_last_edited=&#8221;on|desktop&#8221; header_text_align_tablet=&#8221;center&#8221; header_text_align_phone=&#8221;center&#8221; header_text_align_last_edited=&#8221;on|desktop&#8221; header_font_size_tablet=&#8221;40px&#8221; header_font_size_phone=&#8221;30px&#8221; header_font_size_last_edited=&#8221;on|tablet&#8221; header_line_height_tablet=&#8221;1.5em&#8221; header_line_height_phone=&#8221;1.3em&#8221; header_line_height_last_edited=&#8221;on|desktop&#8221; header_2_font_size_tablet=&#8221;35px&#8221; header_2_font_size_phone=&#8221;20px&#8221; header_2_font_size_last_edited=&#8221;on|desktop&#8221; global_colors_info=&#8221;{}&#8221; theme_builder_area=&#8221;post_content&#8221;]<h2><span class=\"ez-toc-section\" id=\"Dia_4_Creacion_de_los_Astros\"><\/span><b>Jour 4 : Cr\u00e9ation des \u00e9toiles<\/b><span class=\"ez-toc-section-end\"><\/span><\/h2>[\/et_pb_text][et_pb_image src=&#8221;https:\/\/cleefbible.com\/wp-content\/uploads\/2024\/07\/Evolucion-vs.-Creacion-7.png&#8221; alt=&#8221;Evoluci\u00f3n-vs.-Creaci\u00f3n-7&#8243; title_text=&#8221;Evoluci\u00f3n vs. Creaci\u00f3n&#8221; admin_label=&#8221;1.1.Foto Blog interior&#8221; _builder_version=&#8221;4.27.0&#8243; _module_preset=&#8221;default&#8221; global_colors_info=&#8221;{}&#8221; theme_builder_area=&#8221;post_content&#8221;][\/et_pb_image][et_pb_text admin_label=&#8221;1.2.Texto&#8221; _builder_version=&#8221;4.27.0&#8243; _module_preset=&#8221;9dcd691c-2a53-439d-9f69-d20be4c8c6a1&#8243; text_text_color=&#8221;#000000&#8243; text_line_height=&#8221;1.8em&#8221; header_font=&#8221;|600|||||||&#8221; header_text_align=&#8221;center&#8221; header_text_color=&#8221;#000000&#8243; header_font_size=&#8221;45px&#8221; header_line_height=&#8221;1.5em&#8221; header_2_font=&#8221;|600|||||||&#8221; header_2_text_align=&#8221;center&#8221; header_2_text_color=&#8221;#000000&#8243; header_2_font_size=&#8221;40px&#8221; header_2_line_height=&#8221;1.2em&#8221; text_font_size_tablet=&#8221;17px&#8221; text_font_size_phone=&#8221;16px&#8221; text_font_size_last_edited=&#8221;on|desktop&#8221; header_text_align_tablet=&#8221;center&#8221; header_text_align_phone=&#8221;center&#8221; header_text_align_last_edited=&#8221;on|desktop&#8221; header_font_size_tablet=&#8221;40px&#8221; header_font_size_phone=&#8221;30px&#8221; header_font_size_last_edited=&#8221;on|tablet&#8221; header_line_height_tablet=&#8221;1.5em&#8221; header_line_height_phone=&#8221;1.3em&#8221; header_line_height_last_edited=&#8221;on|desktop&#8221; header_2_font_size_tablet=&#8221;35px&#8221; header_2_font_size_phone=&#8221;20px&#8221; header_2_font_size_last_edited=&#8221;on|desktop&#8221; global_colors_info=&#8221;{}&#8221; theme_builder_area=&#8221;post_content&#8221;]<p><span style=\"font-weight: 400;\">Le quatri\u00e8me jour, Dieu cr\u00e9e le soleil, la lune et les \u00e9toiles pour marquer les temps et les saisons.\u00a0\u00a0<\/span><\/p>\n<p><span style=\"font-weight: 400;\">Ce r\u00e9cit contraste avec les cosmologies anciennes qui v\u00e9n\u00e9raient les \u00e9toiles comme des divinit\u00e9s.\u00a0\u00a0<\/span><\/p>\n<p><span style=\"font-weight: 400;\">J&#039;explique ici comment ce processus se d\u00e9veloppe :<\/span><\/p>\n<h4><b>1. Cr\u00e9ation du soleil, de la lune et des \u00e9toiles\u00a0\u00a0<\/b><\/h4>\n<p><span style=\"font-weight: 400;\">Dieu place des lumi\u00e8res dans le firmament pour \u00e9clairer la terre et s\u00e9parer le jour de la nuit.\u00a0\u00a0<\/span><\/p>\n<p><span style=\"font-weight: 400;\">Le soleil a \u00e9t\u00e9 cr\u00e9\u00e9 pour gouverner le jour, tandis que la lune et les \u00e9toiles gouvernent la nuit.\u00a0\u00a0<\/span><\/p>\n<p><span style=\"font-weight: 400;\">Ces \u00e9toiles servent \u00e9galement de signes pour les temps, les saisons et les ann\u00e9es, fournissant un calendrier naturel.<\/span><\/p>\n<h4><b>2. Contraste avec le culte des \u00e9toiles\u00a0\u00a0<\/b><\/h4>\n<p><span style=\"font-weight: 400;\">Dans de nombreuses cultures anciennes, les \u00e9toiles \u00e9taient v\u00e9n\u00e9r\u00e9es comme des dieux puissants.\u00a0\u00a0<\/span><\/p>\n<p><span style=\"font-weight: 400;\">Le r\u00e9cit biblique, cependant, pr\u00e9sente les \u00e9toiles comme des cr\u00e9ations d\u2019un seul Dieu supr\u00eame, d\u00e9mystifiant sa divinit\u00e9.\u00a0\u00a0<\/span><\/p>\n<p><span style=\"font-weight: 400;\">Cette approche renforce l\u2019id\u00e9e du monoth\u00e9isme et de la souverainet\u00e9 de Dieu sur toute la cr\u00e9ation.<\/span><\/p>[\/et_pb_text][\/et_pb_column][\/et_pb_row][et_pb_row admin_label=&#8221;FILA DESAROLLO + CONCLUSI\u00d3N&#8221; _builder_version=&#8221;4.25.0&#8243; _module_preset=&#8221;default&#8221; custom_padding=&#8221;||0px||false|false&#8221; global_colors_info=&#8221;{}&#8221; theme_builder_area=&#8221;post_content&#8221;][et_pb_column type=&#8221;4_4&#8243; admin_label=&#8221;Columna&#8221; _builder_version=&#8221;4.25.0&#8243; _module_preset=&#8221;default&#8221; global_colors_info=&#8221;{}&#8221; theme_builder_area=&#8221;post_content&#8221;][et_pb_text admin_label=&#8221;1.T\u00edtulo H2 Pers. con espacio 0 Abajo&#8221; _builder_version=&#8221;4.27.0&#8243; _module_preset=&#8221;9dcd691c-2a53-439d-9f69-d20be4c8c6a1&#8243; text_text_color=&#8221;#000000&#8243; text_line_height=&#8221;1.8em&#8221; header_font=&#8221;|600|||||||&#8221; header_text_align=&#8221;center&#8221; header_text_color=&#8221;#000000&#8243; header_font_size=&#8221;45px&#8221; header_line_height=&#8221;1.5em&#8221; header_2_font=&#8221;|600|||||||&#8221; header_2_text_align=&#8221;center&#8221; header_2_text_color=&#8221;#000000&#8243; header_2_font_size=&#8221;40px&#8221; header_2_line_height=&#8221;1.2em&#8221; custom_margin=&#8221;||0px||false|false&#8221; custom_padding=&#8221;||||false|false&#8221; text_font_size_tablet=&#8221;17px&#8221; text_font_size_phone=&#8221;16px&#8221; text_font_size_last_edited=&#8221;on|desktop&#8221; header_text_align_tablet=&#8221;center&#8221; header_text_align_phone=&#8221;center&#8221; header_text_align_last_edited=&#8221;on|desktop&#8221; header_font_size_tablet=&#8221;40px&#8221; header_font_size_phone=&#8221;30px&#8221; header_font_size_last_edited=&#8221;on|tablet&#8221; header_line_height_tablet=&#8221;1.5em&#8221; header_line_height_phone=&#8221;1.3em&#8221; header_line_height_last_edited=&#8221;on|desktop&#8221; header_2_font_size_tablet=&#8221;35px&#8221; header_2_font_size_phone=&#8221;20px&#8221; header_2_font_size_last_edited=&#8221;on|desktop&#8221; global_colors_info=&#8221;{}&#8221; theme_builder_area=&#8221;post_content&#8221;]<h2><span class=\"ez-toc-section\" id=\"Dia_5_Creacion_de_los_Animales_Marinos_y_Aves\"><\/span><b>Jour 5 : Cr\u00e9ation d&#039;animaux marins et d&#039;oiseaux<\/b><span class=\"ez-toc-section-end\"><\/span><\/h2>[\/et_pb_text][et_pb_image src=&#8221;https:\/\/cleefbible.com\/wp-content\/uploads\/2024\/07\/Evolucion-vs.-Creacion-8.png&#8221; alt=&#8221;Evoluci\u00f3n-vs.-Creaci\u00f3n-8&#8243; title_text=&#8221;Evoluci\u00f3n vs. Creaci\u00f3n&#8221; admin_label=&#8221;1.1.Foto Blog interior&#8221; _builder_version=&#8221;4.27.0&#8243; _module_preset=&#8221;default&#8221; global_colors_info=&#8221;{}&#8221; theme_builder_area=&#8221;post_content&#8221;][\/et_pb_image][et_pb_text admin_label=&#8221;1.2.Texto&#8221; _builder_version=&#8221;4.27.0&#8243; _module_preset=&#8221;9dcd691c-2a53-439d-9f69-d20be4c8c6a1&#8243; text_text_color=&#8221;#000000&#8243; text_line_height=&#8221;1.8em&#8221; header_font=&#8221;|600|||||||&#8221; header_text_align=&#8221;center&#8221; header_text_color=&#8221;#000000&#8243; header_font_size=&#8221;45px&#8221; header_line_height=&#8221;1.5em&#8221; header_2_font=&#8221;|600|||||||&#8221; header_2_text_align=&#8221;center&#8221; header_2_text_color=&#8221;#000000&#8243; header_2_font_size=&#8221;40px&#8221; header_2_line_height=&#8221;1.2em&#8221; text_font_size_tablet=&#8221;17px&#8221; text_font_size_phone=&#8221;16px&#8221; text_font_size_last_edited=&#8221;on|desktop&#8221; header_text_align_tablet=&#8221;center&#8221; header_text_align_phone=&#8221;center&#8221; header_text_align_last_edited=&#8221;on|desktop&#8221; header_font_size_tablet=&#8221;40px&#8221; header_font_size_phone=&#8221;30px&#8221; header_font_size_last_edited=&#8221;on|tablet&#8221; header_line_height_tablet=&#8221;1.5em&#8221; header_line_height_phone=&#8221;1.3em&#8221; header_line_height_last_edited=&#8221;on|desktop&#8221; header_2_font_size_tablet=&#8221;35px&#8221; header_2_font_size_phone=&#8221;20px&#8221; header_2_font_size_last_edited=&#8221;on|desktop&#8221; global_colors_info=&#8221;{}&#8221; theme_builder_area=&#8221;post_content&#8221;]<p><span style=\"font-weight: 400;\">Dieu remplit les mers et les cieux de vie, cr\u00e9ant les poissons et les oiseaux.\u00a0\u00a0<\/span><\/p>\n<p><span style=\"font-weight: 400;\">Cette journ\u00e9e refl\u00e8te la biodiversit\u00e9 et l\u2019abondance de la vie dans diff\u00e9rents environnements.\u00a0\u00a0<\/span><\/p>\n<p><span style=\"font-weight: 400;\">J&#039;explique ici comment ce processus se d\u00e9veloppe :<\/span><\/p>\n<h4><b>1. Cr\u00e9ation de la vie marine\u00a0\u00a0<\/b><\/h4>\n<p><span style=\"font-weight: 400;\">Dieu ordonne aux eaux de produire des \u00eatres vivants, notamment des poissons et d\u2019autres cr\u00e9atures marines.\u00a0\u00a0<\/span><\/p>\n<p><span style=\"font-weight: 400;\">La diversit\u00e9 de la vie marine montre la cr\u00e9ativit\u00e9 et la puissance de Dieu qui a rempli les oc\u00e9ans de vie.\u00a0\u00a0<\/span><\/p>\n<p><span style=\"font-weight: 400;\">Chaque esp\u00e8ce marine joue un r\u00f4le essentiel dans l\u2019\u00e9cosyst\u00e8me, contribuant \u00e0 l\u2019\u00e9quilibre des oc\u00e9ans.<\/span><\/p>\n<h4><b>2. Cr\u00e9ation des oiseaux\u00a0\u00a0<\/b><\/h4>\n<p><span style=\"font-weight: 400;\">Dieu cr\u00e9e les oiseaux pour voler au-dessus de la terre et remplir les cieux.\u00a0\u00a0<\/span><\/p>\n<p><span style=\"font-weight: 400;\">Les oiseaux, avec leurs diff\u00e9rentes formes, couleurs et capacit\u00e9s, ajoutent de la beaut\u00e9 et de la diversit\u00e9 au monde.\u00a0\u00a0<\/span><\/p>\n<p><span style=\"font-weight: 400;\">Son existence refl\u00e8te la capacit\u00e9 de Dieu \u00e0 cr\u00e9er une vie adapt\u00e9e \u00e0 diff\u00e9rents environnements, tels que l\u2019air et la terre.<\/span><\/p>[\/et_pb_text][\/et_pb_column][\/et_pb_row][et_pb_row admin_label=&#8221;FILA DESAROLLO + CONCLUSI\u00d3N&#8221; _builder_version=&#8221;4.25.0&#8243; _module_preset=&#8221;default&#8221; custom_padding=&#8221;||0px||false|false&#8221; global_colors_info=&#8221;{}&#8221; theme_builder_area=&#8221;post_content&#8221;][et_pb_column type=&#8221;4_4&#8243; admin_label=&#8221;Columna&#8221; _builder_version=&#8221;4.25.0&#8243; _module_preset=&#8221;default&#8221; global_colors_info=&#8221;{}&#8221; theme_builder_area=&#8221;post_content&#8221;][et_pb_text admin_label=&#8221;1.T\u00edtulo H2 Pers. con espacio 0 Abajo&#8221; _builder_version=&#8221;4.27.0&#8243; _module_preset=&#8221;9dcd691c-2a53-439d-9f69-d20be4c8c6a1&#8243; text_text_color=&#8221;#000000&#8243; text_line_height=&#8221;1.8em&#8221; header_font=&#8221;|600|||||||&#8221; header_text_align=&#8221;center&#8221; header_text_color=&#8221;#000000&#8243; header_font_size=&#8221;45px&#8221; header_line_height=&#8221;1.5em&#8221; header_2_font=&#8221;|600|||||||&#8221; header_2_text_align=&#8221;center&#8221; header_2_text_color=&#8221;#000000&#8243; header_2_font_size=&#8221;40px&#8221; header_2_line_height=&#8221;1.2em&#8221; custom_margin=&#8221;||0px||false|false&#8221; custom_padding=&#8221;||||false|false&#8221; text_font_size_tablet=&#8221;17px&#8221; text_font_size_phone=&#8221;16px&#8221; text_font_size_last_edited=&#8221;on|desktop&#8221; header_text_align_tablet=&#8221;center&#8221; header_text_align_phone=&#8221;center&#8221; header_text_align_last_edited=&#8221;on|desktop&#8221; header_font_size_tablet=&#8221;40px&#8221; header_font_size_phone=&#8221;30px&#8221; header_font_size_last_edited=&#8221;on|tablet&#8221; header_line_height_tablet=&#8221;1.5em&#8221; header_line_height_phone=&#8221;1.3em&#8221; header_line_height_last_edited=&#8221;on|desktop&#8221; header_2_font_size_tablet=&#8221;35px&#8221; header_2_font_size_phone=&#8221;20px&#8221; header_2_font_size_last_edited=&#8221;on|desktop&#8221; global_colors_info=&#8221;{}&#8221; theme_builder_area=&#8221;post_content&#8221;]<h2><span class=\"ez-toc-section\" id=\"Dia_6_Creacion_de_los_Animales_Terrestres_y_el_Hombre\"><\/span><b>Jour 6 : Cr\u00e9ation des animaux terrestres et de l&#039;homme<\/b><span class=\"ez-toc-section-end\"><\/span><\/h2>[\/et_pb_text][et_pb_image src=&#8221;https:\/\/cleefbible.com\/wp-content\/uploads\/2024\/07\/Evolucion-vs.-Creacion-9.png&#8221; alt=&#8221;Evoluci\u00f3n-vs.-Creaci\u00f3n-8&#8243; title_text=&#8221;Evoluci\u00f3n vs. Creaci\u00f3n&#8221; admin_label=&#8221;1.1.Foto Blog interior&#8221; _builder_version=&#8221;4.27.0&#8243; _module_preset=&#8221;default&#8221; global_colors_info=&#8221;{}&#8221; theme_builder_area=&#8221;post_content&#8221;][\/et_pb_image][et_pb_text admin_label=&#8221;1.2.Texto&#8221; _builder_version=&#8221;4.27.0&#8243; _module_preset=&#8221;9dcd691c-2a53-439d-9f69-d20be4c8c6a1&#8243; text_text_color=&#8221;#000000&#8243; text_line_height=&#8221;1.8em&#8221; header_font=&#8221;|600|||||||&#8221; header_text_align=&#8221;center&#8221; header_text_color=&#8221;#000000&#8243; header_font_size=&#8221;45px&#8221; header_line_height=&#8221;1.5em&#8221; header_2_font=&#8221;|600|||||||&#8221; header_2_text_align=&#8221;center&#8221; header_2_text_color=&#8221;#000000&#8243; header_2_font_size=&#8221;40px&#8221; header_2_line_height=&#8221;1.2em&#8221; text_font_size_tablet=&#8221;17px&#8221; text_font_size_phone=&#8221;16px&#8221; text_font_size_last_edited=&#8221;on|desktop&#8221; header_text_align_tablet=&#8221;center&#8221; header_text_align_phone=&#8221;center&#8221; header_text_align_last_edited=&#8221;on|desktop&#8221; header_font_size_tablet=&#8221;40px&#8221; header_font_size_phone=&#8221;30px&#8221; header_font_size_last_edited=&#8221;on|tablet&#8221; header_line_height_tablet=&#8221;1.5em&#8221; header_line_height_phone=&#8221;1.3em&#8221; header_line_height_last_edited=&#8221;on|desktop&#8221; header_2_font_size_tablet=&#8221;35px&#8221; header_2_font_size_phone=&#8221;20px&#8221; header_2_font_size_last_edited=&#8221;on|desktop&#8221; global_colors_info=&#8221;{}&#8221; theme_builder_area=&#8221;post_content&#8221;]<p><span style=\"font-weight: 400;\">Dieu cr\u00e9e les animaux terrestres et finalement les \u00eatres humains \u00e0 son image et \u00e0 sa ressemblance.\u00a0\u00a0<\/span><\/p>\n<p><span style=\"font-weight: 400;\">Ce point culminant de la cr\u00e9ation met en \u00e9vidence l\u2019importance et le r\u00f4le particulier des \u00eatres humains dans le r\u00e9cit biblique.\u00a0\u00a0<\/span><\/p>\n<p><span style=\"font-weight: 400;\">J&#039;explique ici comment ce processus se d\u00e9veloppe :<\/span><\/p>\n<h4><b>1. Cr\u00e9ation des animaux terrestres\u00a0\u00a0<\/b><\/h4>\n<p><span style=\"font-weight: 400;\">Dieu ordonne \u00e0 la terre de produire des \u00eatres vivants selon leurs esp\u00e8ces, y compris des mammif\u00e8res, des reptiles et des insectes.\u00a0\u00a0<\/span><\/p>\n<p><span style=\"font-weight: 400;\">Chaque esp\u00e8ce est adapt\u00e9e \u00e0 son environnement et joue un r\u00f4le crucial dans l\u2019\u00e9cosyst\u00e8me terrestre.\u00a0\u00a0<\/span><\/p>\n<p><span style=\"font-weight: 400;\">La diversit\u00e9 des animaux terrestres montre la richesse et la complexit\u00e9 du dessein de Dieu.<\/span><\/p>\n<h4><b>2. Cr\u00e9ation de l&#039;\u00eatre humain\u00a0\u00a0<\/b><\/h4>\n<p><span style=\"font-weight: 400;\">Dieu cr\u00e9e les \u00eatres humains \u00e0 son image et \u00e0 sa ressemblance, les dotant de capacit\u00e9s uniques telles que la raison, la cr\u00e9ativit\u00e9 et la moralit\u00e9.\u00a0\u00a0<\/span><\/p>\n<p><span style=\"font-weight: 400;\">Les humains sont charg\u00e9s de gouverner et de prendre soin de la Terre, refl\u00e9tant la responsabilit\u00e9 et le but divins de sa cr\u00e9ation.\u00a0\u00a0<\/span><\/p>\n<p><span style=\"font-weight: 400;\">\u00catre cr\u00e9\u00e9 \u00e0 l\u2019image de Dieu implique une relation particuli\u00e8re avec Lui et un r\u00f4le important dans la cr\u00e9ation.<\/span><\/p>[\/et_pb_text][\/et_pb_column][\/et_pb_row][et_pb_row admin_label=&#8221;FILA DESAROLLO + CONCLUSI\u00d3N&#8221; _builder_version=&#8221;4.25.0&#8243; _module_preset=&#8221;default&#8221; custom_padding=&#8221;||0px||false|false&#8221; global_colors_info=&#8221;{}&#8221; theme_builder_area=&#8221;post_content&#8221;][et_pb_column type=&#8221;4_4&#8243; admin_label=&#8221;Columna&#8221; _builder_version=&#8221;4.25.0&#8243; _module_preset=&#8221;default&#8221; global_colors_info=&#8221;{}&#8221; theme_builder_area=&#8221;post_content&#8221;][et_pb_text admin_label=&#8221;1.T\u00edtulo H2 Pers. con espacio 0 Abajo&#8221; _builder_version=&#8221;4.27.0&#8243; _module_preset=&#8221;9dcd691c-2a53-439d-9f69-d20be4c8c6a1&#8243; text_text_color=&#8221;#000000&#8243; text_line_height=&#8221;1.8em&#8221; header_font=&#8221;|600|||||||&#8221; header_text_align=&#8221;center&#8221; header_text_color=&#8221;#000000&#8243; header_font_size=&#8221;45px&#8221; header_line_height=&#8221;1.5em&#8221; header_2_font=&#8221;|600|||||||&#8221; header_2_text_align=&#8221;center&#8221; header_2_text_color=&#8221;#000000&#8243; header_2_font_size=&#8221;40px&#8221; header_2_line_height=&#8221;1.2em&#8221; custom_margin=&#8221;||0px||false|false&#8221; custom_padding=&#8221;||||false|false&#8221; text_font_size_tablet=&#8221;17px&#8221; text_font_size_phone=&#8221;16px&#8221; text_font_size_last_edited=&#8221;on|desktop&#8221; header_text_align_tablet=&#8221;center&#8221; header_text_align_phone=&#8221;center&#8221; header_text_align_last_edited=&#8221;on|desktop&#8221; header_font_size_tablet=&#8221;40px&#8221; header_font_size_phone=&#8221;30px&#8221; header_font_size_last_edited=&#8221;on|tablet&#8221; header_line_height_tablet=&#8221;1.5em&#8221; header_line_height_phone=&#8221;1.3em&#8221; header_line_height_last_edited=&#8221;on|desktop&#8221; header_2_font_size_tablet=&#8221;35px&#8221; header_2_font_size_phone=&#8221;20px&#8221; header_2_font_size_last_edited=&#8221;on|desktop&#8221; global_colors_info=&#8221;{}&#8221; theme_builder_area=&#8221;post_content&#8221;]<h2><span class=\"ez-toc-section\" id=\"Dia_7_El_Descanso_de_Dios\"><\/span><b>Jour 7 : Le repos de Dieu<\/b><span class=\"ez-toc-section-end\"><\/span><\/h2>[\/et_pb_text][et_pb_image src=&#8221;https:\/\/cleefbible.com\/wp-content\/uploads\/2024\/07\/Evolucion-vs.-Creacion-10.png&#8221; alt=&#8221;Evoluci\u00f3n-vs.-Creaci\u00f3n-10&#8243; title_text=&#8221;Evoluci\u00f3n vs. Creaci\u00f3n&#8221; admin_label=&#8221;1.1.Foto Blog interior&#8221; _builder_version=&#8221;4.27.0&#8243; _module_preset=&#8221;default&#8221; global_colors_info=&#8221;{}&#8221; theme_builder_area=&#8221;post_content&#8221;][\/et_pb_image][et_pb_text admin_label=&#8221;1.2.Texto&#8221; _builder_version=&#8221;4.27.0&#8243; _module_preset=&#8221;9dcd691c-2a53-439d-9f69-d20be4c8c6a1&#8243; text_text_color=&#8221;#000000&#8243; text_line_height=&#8221;1.8em&#8221; header_font=&#8221;|600|||||||&#8221; header_text_align=&#8221;center&#8221; header_text_color=&#8221;#000000&#8243; header_font_size=&#8221;45px&#8221; header_line_height=&#8221;1.5em&#8221; header_2_font=&#8221;|600|||||||&#8221; header_2_text_align=&#8221;center&#8221; header_2_text_color=&#8221;#000000&#8243; header_2_font_size=&#8221;40px&#8221; header_2_line_height=&#8221;1.2em&#8221; text_font_size_tablet=&#8221;17px&#8221; text_font_size_phone=&#8221;16px&#8221; text_font_size_last_edited=&#8221;on|desktop&#8221; header_text_align_tablet=&#8221;center&#8221; header_text_align_phone=&#8221;center&#8221; header_text_align_last_edited=&#8221;on|desktop&#8221; header_font_size_tablet=&#8221;40px&#8221; header_font_size_phone=&#8221;30px&#8221; header_font_size_last_edited=&#8221;on|tablet&#8221; header_line_height_tablet=&#8221;1.5em&#8221; header_line_height_phone=&#8221;1.3em&#8221; header_line_height_last_edited=&#8221;on|desktop&#8221; header_2_font_size_tablet=&#8221;35px&#8221; header_2_font_size_phone=&#8221;20px&#8221; header_2_font_size_last_edited=&#8221;on|desktop&#8221; global_colors_info=&#8221;{}&#8221; theme_builder_area=&#8221;post_content&#8221;]<p><span style=\"font-weight: 400;\">Le septi\u00e8me jour, Dieu se repose et sanctifie ce jour.\u00a0\u00a0<\/span><\/p>\n<p><span style=\"font-weight: 400;\">Cet acte final souligne l\u2019importance du repos et du culte dans la vie humaine.\u00a0\u00a0<\/span><\/p>\n<p><span style=\"font-weight: 400;\">J&#039;explique ici comment ce processus se d\u00e9veloppe :<\/span><\/p>\n<h4><b>1. Le repos de Dieu\u00a0\u00a0<\/b><\/h4>\n<p><span style=\"font-weight: 400;\">Apr\u00e8s avoir achev\u00e9 la cr\u00e9ation, Dieu se repose le septi\u00e8me jour, \u00e9tablissant un mod\u00e8le de travail et de repos.\u00a0\u00a0<\/span><\/p>\n<p><span style=\"font-weight: 400;\">Ce repos n\u2019implique pas l\u2019inactivit\u00e9, mais plut\u00f4t une pause pour contempler et profiter du travail accompli.\u00a0\u00a0<\/span><\/p>\n<p><span style=\"font-weight: 400;\">Le repos de Dieu sanctifie le septi\u00e8me jour, le rendant sp\u00e9cial et sacr\u00e9.<\/span><\/p>\n<h4><b>2. Importance du repos et du culte\u00a0\u00a0<\/b><\/h4>\n<p><span style=\"font-weight: 400;\">Le septi\u00e8me jour, connu sous le nom de sabbat, devient un jour de repos et de r\u00e9flexion pour l\u2019humanit\u00e9.\u00a0\u00a0<\/span><\/p>\n<p><span style=\"font-weight: 400;\">Cette journ\u00e9e est l\u2019occasion de se d\u00e9connecter des activit\u00e9s quotidiennes et de se reconnecter avec Dieu et la cr\u00e9ation.\u00a0\u00a0<\/span><\/p>\n<p><span style=\"font-weight: 400;\">L\u2019observance du sabbat souligne la n\u00e9cessit\u00e9 d\u2019un \u00e9quilibre dans la vie, int\u00e9grant le travail, le repos et le culte.<\/span><\/p>\n<p><span style=\"font-weight: 400;\">En d\u00e9veloppant ces points, nous pouvons appr\u00e9cier la profondeur et la planification du r\u00e9cit biblique de la cr\u00e9ation, en voyant comment chaque acte divin non seulement organise le monde physique mais pr\u00e9pare \u00e9galement le terrain pour une vie ordonn\u00e9e et connect\u00e9e.<\/span><\/p>[\/et_pb_text][\/et_pb_column][\/et_pb_row][et_pb_row admin_label=&#8221;FILA DESAROLLO + CONCLUSI\u00d3N&#8221; _builder_version=&#8221;4.25.0&#8243; _module_preset=&#8221;default&#8221; custom_padding=&#8221;||0px||false|false&#8221; global_colors_info=&#8221;{}&#8221; theme_builder_area=&#8221;post_content&#8221;][et_pb_column type=&#8221;4_4&#8243; admin_label=&#8221;Columna&#8221; _builder_version=&#8221;4.25.0&#8243; _module_preset=&#8221;default&#8221; global_colors_info=&#8221;{}&#8221; theme_builder_area=&#8221;post_content&#8221;][et_pb_text admin_label=&#8221;1.T\u00edtulo H2 Pers. con espacio 0 Abajo&#8221; _builder_version=&#8221;4.27.0&#8243; _module_preset=&#8221;9dcd691c-2a53-439d-9f69-d20be4c8c6a1&#8243; text_text_color=&#8221;#000000&#8243; text_line_height=&#8221;1.8em&#8221; header_font=&#8221;|600|||||||&#8221; header_text_align=&#8221;center&#8221; header_text_color=&#8221;#000000&#8243; header_font_size=&#8221;45px&#8221; header_line_height=&#8221;1.5em&#8221; header_2_font=&#8221;|600|||||||&#8221; header_2_text_align=&#8221;center&#8221; header_2_text_color=&#8221;#000000&#8243; header_2_font_size=&#8221;40px&#8221; header_2_line_height=&#8221;1.2em&#8221; custom_margin=&#8221;||0px||false|false&#8221; custom_padding=&#8221;||||false|false&#8221; text_font_size_tablet=&#8221;17px&#8221; text_font_size_phone=&#8221;16px&#8221; text_font_size_last_edited=&#8221;on|desktop&#8221; header_text_align_tablet=&#8221;center&#8221; header_text_align_phone=&#8221;center&#8221; header_text_align_last_edited=&#8221;on|desktop&#8221; header_font_size_tablet=&#8221;40px&#8221; header_font_size_phone=&#8221;30px&#8221; header_font_size_last_edited=&#8221;on|tablet&#8221; header_line_height_tablet=&#8221;1.5em&#8221; header_line_height_phone=&#8221;1.3em&#8221; header_line_height_last_edited=&#8221;on|desktop&#8221; header_2_font_size_tablet=&#8221;35px&#8221; header_2_font_size_phone=&#8221;20px&#8221; header_2_font_size_last_edited=&#8221;on|desktop&#8221; global_colors_info=&#8221;{}&#8221; theme_builder_area=&#8221;post_content&#8221;]<h2><span class=\"ez-toc-section\" id=\"Comparacion_de_Teorias\"><\/span><b>Comparaison des th\u00e9ories<\/b><span class=\"ez-toc-section-end\"><\/span><\/h2>[\/et_pb_text][et_pb_image src=&#8221;https:\/\/cleefbible.com\/wp-content\/uploads\/2024\/07\/Evolucion-vs.-Creacion-11.png&#8221; alt=&#8221;Evoluci\u00f3n-vs.-Creaci\u00f3n-11&#8243; title_text=&#8221;Evoluci\u00f3n vs. Creaci\u00f3n&#8221; admin_label=&#8221;1.1.Foto Blog interior&#8221; _builder_version=&#8221;4.27.0&#8243; _module_preset=&#8221;default&#8221; global_colors_info=&#8221;{}&#8221; theme_builder_area=&#8221;post_content&#8221;][\/et_pb_image][et_pb_text admin_label=&#8221;1.2.Texto&#8221; _builder_version=&#8221;4.27.0&#8243; _module_preset=&#8221;9dcd691c-2a53-439d-9f69-d20be4c8c6a1&#8243; text_text_color=&#8221;#000000&#8243; text_line_height=&#8221;1.8em&#8221; header_font=&#8221;|600|||||||&#8221; header_text_align=&#8221;center&#8221; header_text_color=&#8221;#000000&#8243; header_font_size=&#8221;45px&#8221; header_line_height=&#8221;1.5em&#8221; header_2_font=&#8221;|600|||||||&#8221; header_2_text_align=&#8221;center&#8221; header_2_text_color=&#8221;#000000&#8243; header_2_font_size=&#8221;40px&#8221; header_2_line_height=&#8221;1.2em&#8221; text_font_size_tablet=&#8221;17px&#8221; text_font_size_phone=&#8221;16px&#8221; text_font_size_last_edited=&#8221;on|desktop&#8221; header_text_align_tablet=&#8221;center&#8221; header_text_align_phone=&#8221;center&#8221; header_text_align_last_edited=&#8221;on|desktop&#8221; header_font_size_tablet=&#8221;40px&#8221; header_font_size_phone=&#8221;30px&#8221; header_font_size_last_edited=&#8221;on|tablet&#8221; header_line_height_tablet=&#8221;1.5em&#8221; header_line_height_phone=&#8221;1.3em&#8221; header_line_height_last_edited=&#8221;on|desktop&#8221; header_2_font_size_tablet=&#8221;35px&#8221; header_2_font_size_phone=&#8221;20px&#8221; header_2_font_size_last_edited=&#8221;on|desktop&#8221; global_colors_info=&#8221;{}&#8221; theme_builder_area=&#8221;post_content&#8221;]<p><span style=\"font-weight: 400;\">Pour mieux comprendre les fondements scientifiques de la th\u00e9orie de l\u2019\u00e9volution et les fondements th\u00e9ologiques de la cr\u00e9ation biblique, il est essentiel d\u2019explorer les d\u00e9tails de ces concepts.\u00a0\u00a0<\/span><\/p>\n<p><span style=\"font-weight: 400;\">J&#039;explique ici en d\u00e9tail certains des aspects les plus importants :<\/span><\/p>\n<h3><b>Bases scientifiques de la th\u00e9orie de l&#039;\u00e9volution<\/b><\/h3>\n<p><span style=\"font-weight: 400;\">L\u2019\u00e9volution est bas\u00e9e sur la s\u00e9lection naturelle et la mutation g\u00e9n\u00e9tique.\u00a0\u00a0<\/span><\/p>\n<p><span style=\"font-weight: 400;\">Les preuves fossiles montrent une progression progressive des formes de vie simples vers des formes de vie complexes.\u00a0\u00a0<\/span><\/p>\n<p><span style=\"font-weight: 400;\">De plus, des \u00e9tudes g\u00e9n\u00e9tiques ont confirm\u00e9 la relation entre diff\u00e9rentes esp\u00e8ces, soutenant l\u2019id\u00e9e d\u2019anc\u00eatres communs.\u00a0\u00a0<\/span><\/p>\n<p><span style=\"font-weight: 400;\">J&#039;explique ici comment ce processus se d\u00e9veloppe :<\/span><\/p>\n<h4><b>1. S\u00e9lection naturelle et mutation g\u00e9n\u00e9tique\u00a0\u00a0<\/b><\/h4>\n<p><span style=\"font-weight: 400;\">La s\u00e9lection naturelle, propos\u00e9e par Charles Darwin, est le processus par lequel les caract\u00e9ristiques favorables \u00e0 la survie sont transmises \u00e0 la g\u00e9n\u00e9ration suivante.\u00a0\u00a0<\/span><\/p>\n<p><span style=\"font-weight: 400;\">Les mutations g\u00e9n\u00e9tiques, qui sont des changements dans l\u2019ADN, fournissent la variabilit\u00e9 sur laquelle agit la s\u00e9lection naturelle.\u00a0\u00a0<\/span><\/p>\n<p><span style=\"font-weight: 400;\">Ces mutations peuvent \u00eatre b\u00e9n\u00e9fiques, neutres ou nuisibles, et celles qui am\u00e9liorent l\u2019adaptation d\u2019un organisme \u00e0 son environnement ont tendance \u00e0 \u00eatre pr\u00e9serv\u00e9es.<\/span><\/p>\n<h4><b>2. Preuves fossiles\u00a0\u00a0<\/b><\/h4>\n<p><span style=\"font-weight: 400;\">Les fossiles sont des restes ou des empreintes d\u2019organismes anciens pr\u00e9serv\u00e9s dans les roches.\u00a0\u00a0<\/span><\/p>\n<p><span style=\"font-weight: 400;\">Les archives fossiles montrent une s\u00e9quence de changements progressifs dans les formes de vie, des organismes simples aux organismes complexes.\u00a0\u00a0<\/span><\/p>\n<p><span style=\"font-weight: 400;\">Des exemples tels que les fossiles de transition illustrent comment certains groupes d\u2019organismes ont \u00e9volu\u00e9 au fil du temps.<\/span><\/p>\n<h4><b>3. \u00c9tudes g\u00e9n\u00e9tiques et relations entre esp\u00e8ces\u00a0\u00a0<\/b><\/h4>\n<p><span style=\"font-weight: 400;\">La g\u00e9n\u00e9tique moderne a fourni des preuves solides de la relation entre diff\u00e9rentes esp\u00e8ces.\u00a0\u00a0<\/span><\/p>\n<p><span style=\"font-weight: 400;\">L\u2019analyse de l\u2019ADN montre des similitudes et des diff\u00e9rences qui refl\u00e8tent l\u2019histoire \u00e9volutive et l\u2019ascendance commune.\u00a0\u00a0<\/span><\/p>\n<p><span style=\"font-weight: 400;\">Par exemple, les humains partagent un pourcentage \u00e9lev\u00e9 de leur ADN avec les chimpanz\u00e9s, ce qui indique un anc\u00eatre commun r\u00e9cent.<\/span><\/p>\n<h3><b>Fondements th\u00e9ologiques de la cr\u00e9ation biblique<\/b><\/h3>\n<p><span style=\"font-weight: 400;\">L\u2019histoire de la Gen\u00e8se peut \u00eatre interpr\u00e9t\u00e9e litt\u00e9ralement ou all\u00e9goriquement.\u00a0\u00a0<\/span><\/p>\n<p><span style=\"font-weight: 400;\">Les partisans de la cr\u00e9ation litt\u00e9rale consid\u00e8rent les six jours de la cr\u00e9ation comme des jours de 24 heures, tandis que d\u2019autres interpr\u00e8tent ces jours comme des p\u00e9riodes de temps symboliques.\u00a0\u00a0<\/span><\/p>\n<p><span style=\"font-weight: 400;\">La cr\u00e9ation divine repose sur la foi et l\u2019interpr\u00e9tation des \u00c9critures.\u00a0\u00a0<\/span><\/p>\n<p><span style=\"font-weight: 400;\">J&#039;explique ici comment ce processus se d\u00e9veloppe :<\/span><\/p>\n<h4><b>1. Interpr\u00e9tation litt\u00e9rale\u00a0\u00a0<\/b><\/h4>\n<p><span style=\"font-weight: 400;\">L\u2019interpr\u00e9tation litt\u00e9rale de la Gen\u00e8se soutient que Dieu a cr\u00e9\u00e9 le monde en six jours de 24 heures.\u00a0\u00a0<\/span><\/p>\n<p><span style=\"font-weight: 400;\">Chaque jour de la cr\u00e9ation correspond \u00e0 une action sp\u00e9cifique de Dieu, cr\u00e9ant la lumi\u00e8re, le ciel, la terre, les plantes, les \u00e9toiles, les animaux et enfin, les \u00eatres humains.\u00a0\u00a0<\/span><\/p>\n<p><span style=\"font-weight: 400;\">Cette vision met l\u2019accent sur l\u2019omnipotence de Dieu et sa capacit\u00e9 \u00e0 cr\u00e9er instantan\u00e9ment et compl\u00e8tement.<\/span><\/p>\n<h4><b>2. Interpr\u00e9tation all\u00e9gorique ou symbolique\u00a0\u00a0<\/b><\/h4>\n<p><span style=\"font-weight: 400;\">Certains th\u00e9ologiens interpr\u00e8tent les jours de la cr\u00e9ation comme des p\u00e9riodes de temps plus longues, pas n\u00e9cessairement de 24 heures.\u00a0\u00a0<\/span><\/p>\n<p><span style=\"font-weight: 400;\">Cette interpr\u00e9tation permet une plus grande compatibilit\u00e9 avec les d\u00e9couvertes scientifiques sur l\u2019\u00e2ge de la Terre et le d\u00e9veloppement progressif de la vie.\u00a0\u00a0<\/span><\/p>\n<p><span style=\"font-weight: 400;\">La cr\u00e9ation est consid\u00e9r\u00e9e comme un processus dirig\u00e9 par Dieu, qui utilise des moyens naturels pour r\u00e9aliser son plan.<\/span><\/p>\n<h4><b>3. La foi et les \u00c9critures\u00a0\u00a0<\/b><\/h4>\n<p><span style=\"font-weight: 400;\">La croyance en la cr\u00e9ation divine est fond\u00e9e sur la foi en l\u2019autorit\u00e9 de l\u2019\u00c9criture et de la r\u00e9v\u00e9lation de Dieu.\u00a0\u00a0<\/span><\/p>\n<p><span style=\"font-weight: 400;\">Le r\u00e9cit de la Gen\u00e8se d\u00e9crit non seulement l\u2019origine du monde, mais transmet \u00e9galement des v\u00e9rit\u00e9s th\u00e9ologiques sur la nature de Dieu et sa relation avec la cr\u00e9ation.\u00a0\u00a0<\/span><\/p>\n<p><span style=\"font-weight: 400;\">La foi en la cr\u00e9ation met l\u2019accent sur l\u2019intention et le but divins derri\u00e8re l\u2019existence de l\u2019univers.<\/span><\/p>\n<p><span style=\"font-weight: 400;\">En d\u00e9veloppant ces points, nous pouvons appr\u00e9cier la profondeur des fondements scientifiques de la th\u00e9orie de l\u2019\u00e9volution et des fondements th\u00e9ologiques de la cr\u00e9ation biblique, en voyant comment chaque approche offre une perspective distincte sur l\u2019origine et le d\u00e9veloppement de la vie sur Terre.<\/span><\/p>\n<h2><span class=\"ez-toc-section\" id=\"Reflexion_Final\"><\/span><b>R\u00e9flexion finale<\/b><span class=\"ez-toc-section-end\"><\/span><\/h2>\n<h3><b>L&#039;importance du d\u00e9bat pour la soci\u00e9t\u00e9 d&#039;aujourd&#039;hui<\/b><\/h3>\n<p><span style=\"font-weight: 400;\">Ce d\u00e9bat n\u2019est pas seulement acad\u00e9mique ; il influence notre culture, notre \u00e9ducation et notre politique.\u00a0<\/span><\/p>\n<p><span style=\"font-weight: 400;\">Aborder ces questions avec un esprit ouvert et respectueux est essentiel pour une soci\u00e9t\u00e9 harmonieuse.<\/span><\/p>\n<h2><span class=\"ez-toc-section\" id=\"Conclusion\"><\/span><b>Conclusion<\/b><span class=\"ez-toc-section-end\"><\/span><\/h2>\n<p><span style=\"font-weight: 400;\">Le d\u00e9bat entre \u00e9volution et cr\u00e9ation est l\u2019un des plus anciens et des plus fascinants de l\u2019humanit\u00e9.\u00a0\u00a0<\/span><\/p>\n<p><span style=\"font-weight: 400;\">Elle nous invite \u00e0 r\u00e9fl\u00e9chir sur notre origine, notre existence et le but de la vie.\u00a0\u00a0<\/span><\/p>\n<p><span style=\"font-weight: 400;\">La th\u00e9orie de l\u2019\u00e9volution et le r\u00e9cit biblique de la cr\u00e9ation nous offrent tous deux des perspectives uniques et pr\u00e9cieuses.\u00a0\u00a0<\/span><\/p>\n<p><span style=\"font-weight: 400;\">La science nous fournit des outils pour comprendre le comment de notre existence, tandis que la foi nous aide \u00e0 trouver le pourquoi.\u00a0\u00a0<\/span><\/p>\n<p><span style=\"font-weight: 400;\">Dans un monde en constante \u00e9volution, il est crucial de garder l\u2019esprit ouvert et d\u2019encourager le dialogue entre diff\u00e9rents points de vue.\u00a0\u00a0<\/span><\/p>\n<p><span style=\"font-weight: 400;\">En explorant ces th\u00e9ories, nous \u00e9largissons non seulement nos connaissances, mais nous enrichissons \u00e9galement notre compr\u00e9hension de l\u2019univers et de nous-m\u00eames.\u00a0\u00a0<\/span><\/p>\n<p><span style=\"font-weight: 400;\">Que pensez-vous de ce d\u00e9bat entre \u00e9volution et cr\u00e9ation ?\u00a0\u00a0<\/span><\/p>\n<p><span style=\"font-weight: 400;\">Comment cela a-t-il influenc\u00e9 votre perspective ou votre foi ?\u00a0\u00a0<\/span><\/p>\n<p><span style=\"font-weight: 400;\">Laissez votre commentaire et partagez votre exp\u00e9rience avec nous.\u00a0<\/span><\/p>\n<p><span style=\"font-weight: 400;\">Nous voulons conna\u00eetre votre opinion !<\/span><\/p>[\/et_pb_text][\/et_pb_column][\/et_pb_row][\/et_pb_section][et_pb_section fb_built=\u201d1\u2033 custom_padding_last_edited=\u201don|desktop\u201d admin_label=\u201d\u00c9tude biblique CTA PC ET MOBILE\u201d _builder_version=\u201d4.27.0\u2033 _module_preset=\u201d01c6ffc7-f2ab-4daa-8c3f-f9f3f648fa91\u2033 custom_margin=\u201d||||false|false\u201d custom_padding=\u201d0px||0px||true|false\u201d custom_padding_tablet=\u201d||||true|false\u201d custom_padding_phone=\u201d||||true|false\u201d global_colors_info=\u201d{}\u201d theme_builder_area=\u201dpost_content\u201d][et_pb_row column_structure=\u201d1_2,1_2\u2033 custom_padding_last_edited=\u201don|desktop\u201d disabled_on=\u201don|on|off\u201d admin_label=\u201dPC 30 jours d\u2019annonces CTA Formulaire Leads\u201d _builder_version=\u201d4.27.0\u2033 _module_preset=\u201ddefault\u201d background_color=\u201d#ddecf7\u2033 custom_margin=\u201d30px|||false|false\u201d custom_margin_tablet=\u201d30px||30px||true|false\u201d custom_margin_phone=\u201d30px||30px||true|false\u201d custom_margin_last_edited=\u201don|desktop\u201d custom_padding=\u201d0px|0px|0px|0px|true|true\u201d custom_padding_tablet=\u201d17px|22px|17px|22px|true|true\u201d custom_padding_phone=\u201d15px|22px|15px|22px|true|true\u201d border_radii=\u201don|5px|5px|5px|5px\u201d border_width_all=\u201d2px\u201d border_color_all=\u201drgba(214,214,214,0.19)\u201d global_colors_info=\u201d{}\u201d theme_builder_area=\u201dpost_content\u201d][et_pb_column type=\u201d1_2\u2033 _builder_version=\u201d4.27.0\u2033 _module_preset=\u201ddefault\u201d background_enable_color=\u201doff\u201d custom_padding=\u201d30px||30px|20px|true|false\u201d custom_padding_tablet=\u201d0px||0px||true|false\u201d custom_padding_phone=\u201d0px||0px||true|false\u201d custom_padding_last_edited=\u201don|desktop\u201d global_colors_info=\u201d{}\u201d theme_builder_area=\u201dpost_content\u201d][et_pb_text _builder_version=\u201d4.27.0\u2033 _module_preset=\u201d9dcd691c-2a53-439d-9f69-d20be4c8c6a1\u2033 text_font=\u201d|700|||||||\u201d text_text_color=\u201d#0970C4\u2033 text_line_height=\u201d1.8em\u201d header_font=\u201d|600|||||||\u201d header_text_align=\u201dcentre\u201d header_text_color=\u201d#000000\u2033 header_font_size=\u201d45px\u201d header_line_height=\u201d1.5em\u201d header_2_font=\u201d|600|||||||\u201d header_2_text_align=\u201dcentre\u201d header_2_text_color=\u201d#000000\u2033 header_2_font_size=\u201d40px\u201d header_2_line_height=\u201d1.2em\u201d custom_margin=\u201d0px||0px||false|false\u201d text_font_size_tablet=\u201d17px\u201d text_font_size_phone=\u201d16px\u201d text_font_size_last_edited=\u201dsur|bureau\u201d header_text_align_tablet=\u201dcentre\u201d header_text_align_phone=\u201dcentre\u201d header_text_align_last_edited=\u201dsur|bureau\u201d header_font_size_tablet=\u201d40px\u201d header_font_size_phone=\u201d30px\u201d header_font_size_last_edited=\u201dsur|tablette\u201d header_line_height_tablet=\u201d1.5em\u201d header_line_height_phone=\u201d1.3em\u201d header_line_height_last_edited=\u201dsur|bureau\u201d header_2_font_size_tablet=\u201d35px\u201d header_2_font_size_phone=\u201d20px\u201d header_2_font_size_last_edited=\u201dsur|bureau\u201d global_colors_info=\u201d{}\u201d theme_builder_area=\u201dpost_content\u201d]<p>D\u00e9couvrez comment la Bible peut transformer votre vie<\/p>[\/et_pb_text][et_pb_text _builder_version=\u201d4.27.0\u2033 _module_preset=\u201d9dcd691c-2a53-439d-9f69-d20be4c8c6a1\u2033 text_font=\u201d||||||||\u201d text_text_color=\u201d#000000\u2033 text_font_size=\u201d14px\u201d text_line_height=\u201d1.8em\u201d header_font=\u201d|600|||||||\u201d header_text_align=\u201dcenter\u201d header_text_color=\u201d#000000\u2033 header_font_size=\u201d45px\u201d header_line_height=\u201d1.5em\u201d header_2_font=\u201d|600|||||||\u201d header_2_text_align=\u201dcentre\u201d header_2_text_color=\u201d#000000\u2033 header_2_font_size=\u201d40px\u201d header_2_line_height=\u201d1.2em\u201d custom_margin_tablet=\u201d\u201d custom_margin_phone=\u201d\u201d custom_margin_last_edited=\u201dsur|bureau\u201d text_font_size_tablet=\u201d14px\u201d text_font_size_phone=\u201d14px\u201d text_font_size_last_edited=\u201dsur|bureau\u201d header_text_align_tablet=\u201dcentre\u201d header_text_align_phone=\u201dcentre\u201d header_text_align_last_edited=\u201dsur|bureau\u201d header_font_size_tablet=\u201d40px\u201d header_font_size_phone=\u201d30px\u201d header_font_size_last_edited=\u201dsur|tablette\u201d header_line_height_tablet=\u201d1.5em\u201d header_line_height_phone=\u201d1.3em\u201d header_line_height_last_edited=\u201don|desktop\u201d header_2_font_size_tablet=\u201d35px\u201d header_2_font_size_phone=\u201d20px\u201d header_2_font_size_last_edited=\u201don|desktop\u201d global_colors_info=\u201d{}\u201d theme_builder_area=\u201dpost_content\u201d]<ul>\n<li><strong>\u00c9tude biblique<\/strong> \u2013 explorer les enseignements de la Bible et trouver des r\u00e9ponses aux d\u00e9fis de la vie.<\/li>\n<li><strong>Croyances fondamentales<\/strong> \u2013 explore les principes qui ont guid\u00e9 des millions de personnes \u00e0 travers les si\u00e8cles.<\/li>\n<li><strong>Croissance spirituelle<\/strong> \u2013 Renforcez votre foi avec des \u00e9tudes con\u00e7ues pour vous rapprocher de Dieu.<\/li>\n<\/ul>[\/et_pb_text][et_pb_button button_url=\u201dhttps:\/\/cleefbible.com\/?fluentcrm=1&amp;route=smart_url&amp;slug=busayx2\u2033 button_text=\u201dREJOIGNEZ NOTRE STUDIO\u201d button_alignment=\u201dleft\u201d button_alignment_tablet=\u201dcenter\u201d button_alignment_phone=\u201dcenter\u201d button_alignment_last_edited=\u201don|desktop\u201d _builder_version=\u201d4.27.0\u2033 _module_preset=\u201dbef62ac1-2fa8-4492-bbf9-17d338b20e68\u2033 custom_button=\u201don\u201d button_text_size=\u201d14px\u201d button_text_color=\u201d#FFFFFF\u201d button_bg_color=\u201d#C35D09\u2033 button_border_width=\u201d11px\u201d button_border_color=\u201d#C35D09\u2033 button_font=\u201d|600|||||||\u201d button_use_icon=\u201doff\u201d button_text_size_tablet=\u201d14px\u201d button_text_size_phone=\u201d13px\u201d button_text_size_last_edited=\u201don|desktop\u201d button_border_width_tablet=\u201d\u201d button_border_width_phone=\u201d\u201d button_border_width_last_edited=\u201don|desktop\u201d button_on_hover_tablet=\u201d\u201d button_on_hover_phone=\u201doff\u201d button_on_hover_last_edited=\u201don|phone\u201d global_colors_info=\u201d{}\u201d theme_builder_area=\u201dpost_content\u201d][\/et_pb_button][\/et_pb_column][et_pb_column type=\u201d1_2\u2033 admin_label=\u201dColonne\u201d _builder_version=\u201d4.27.0\u2033 _module_preset=\u201ddefault\u201d background_color=\u201drgba(214,214,214,0.19)\u201d custom_padding=\u201d||||true|false\u201d global_colors_info=\u201d{}\u201d theme_builder_area=\u201dpost_content\u201d][et_pb_image src=\u201dhttps:\/\/cleefbible.com\/wp-content\/uploads\/2024\/08\/Estudio-Biblico.png\u201d alt=\u201d\u00c9tude biblique\u201d title_text=\u201d\u00c9tude biblique\u201d align=\u201dcenter\u201d align_tablet=\u201dcenter\u201d align_phone=\u201dcenter\u201d align_last_edited=\u201don|desktop\u201d disabled_on=\u201don|on|off\u201d _builder_version=\u201d4.27.0\u2033 _module_preset=\u201ddefault\u201d width=\u201d84%\u201d width_tablet=\u201d40%\u201d width_phone=\u201d40%\u201d width_last_edited=\u201don|desktop\u201d custom_margin=\u201d10px||10px||true|false\u201d custom_margin_tablet=\u201d||0px||false|false\u201d custom_margin_phone=\u201d||0px||false|false\u201d custom_margin_last_edited=\u201don|desktop\u201d global_colors_info=\u201d{}\u201d theme_builder_area=\u201dpost_content\u201d][\/et_pb_image][\/et_pb_column][\/et_pb_row][et_pb_row column_structure=\u201d1_2,1_2\u2033 custom_padding_last_edited=\u201don|desktop\u201d disabled_on=\u201doff|off|on\u201d admin_label=\u201dFormulaire d\u2019appel \u00e0 l\u2019action pour les annonces mobiles de 30 jours \u00ab\u00a0Leads\u00a0\u00bb _builder_version=\u201d4.27.0\u2033 _module_preset=\u201ddefault\u201d background_color=\u201d#ddecf7\u2033 custom_margin=\u201d30px|||false|false\u201d custom_margin_tablet=\u201d30px||30px||true|false\u201d custom_margin_phone=\u201d30px||30px||true|false\u201d custom_margin_last_edited=\u201don|desktop\u201d custom_padding=\u201d0px|0px|0px|0px|true|true\u201d custom_padding_tablet=\u201d17px|22px|17px|22px|true|true\u201d custom_padding_phone=\u201d15px|22px|15px|22px|true|true\u201d border_radii=\u201don|5px|5px|5px|5px\u201d border_width_all=\u201d2px\u201d border_color_all=\u201drgba(214,214,214,0.19)\u201d global_colors_info=\u201d{}\u201d theme_builder_area=\u201dpost_content\u201d][et_pb_column type=\u201d1_2\u2033 _builder_version=\u201d4.27.0\u2033 _module_preset=\u201ddefault\u201d background_enable_color=\u201doff\u201d custom_padding=\u201d30px||30px|20px|true|false\u201d custom_padding_tablet=\u201d0px||0px||true|false\u201d custom_padding_phone=\u201d0px||0px||true|false\u201d custom_padding_last_edited=\u201don|desktop\u201d global_colors_info=\u201d{}\u201d theme_builder_area=\u201dpost_content\u201d][et_pb_text _builder_version=\u201d4.27.0\u2033 _module_preset=\u201d9dcd691c-2a53-439d-9f69-d20be4c8c6a1\u2033 text_font=\u201d|700|||||||\u201d text_text_color=\u201d#0970C4\u2033 text_line_height=\u201d1.8em\u201d header_font=\u201d|600|||||||\u201d header_text_align=\u201dcenter\u201d header_text_color=\u201d#000000\u2033 header_font_size=\u201d45px\u201d header_line_height=\u201d1.5em\u201d header_2_font=\u201d|600|||||||\u201d header_2_text_align=\u201dcentre\u201d header_2_text_color=\u201d#000000\u2033 header_2_font_size=\u201d40px\u201d header_2_line_height=\u201d1.2em\u201d custom_margin=\u201d0px||0px||false|false\u201d text_font_size_tablet=\u201d17px\u201d text_font_size_phone=\u201d16px\u201d text_font_size_last_edited=\u201dsur|bureau\u201d header_text_align_tablet=\u201dcentre\u201d header_text_align_phone=\u201dcentre\u201d header_text_align_last_edited=\u201dsur|bureau\u201d header_font_size_tablet=\u201d40px\u201d header_font_size_phone=\u201d30px\u201d header_font_size_last_edited=\u201dsur|tablette\u201d header_line_height_tablet=\u201d1.5em\u201d header_line_height_phone=\u201d1.3em\u201d header_line_height_last_edited=\u201dsur|bureau\u201d header_2_font_size_tablet=\u201d35px\u201d header_2_font_size_phone=\u201d20px\u201d header_2_font_size_last_edited=\u201dsur|bureau\u201d global_colors_info=\u201d{}\u201d theme_builder_area=\u201dpost_content\u201d]<p>D\u00e9couvrez comment la Bible peut transformer votre vie<\/p>[\/et_pb_text][et_pb_text _builder_version=\u201d4.27.0\u2033 _module_preset=\u201d9dcd691c-2a53-439d-9f69-d20be4c8c6a1\u2033 text_font=\u201d||||||||\u201d text_text_color=\u201d#000000\u2033 text_font_size=\u201d14px\u201d text_line_height=\u201d1.8em\u201d header_font=\u201d|600|||||||\u201d header_text_align=\u201dcenter\u201d header_text_color=\u201d#000000\u2033 header_font_size=\u201d45px\u201d header_line_height=\u201d1.5em\u201d header_2_font=\u201d|600|||||||\u201d header_2_text_align=\u201dcentre\u201d header_2_text_color=\u201d#000000\u2033 header_2_font_size=\u201d40px\u201d header_2_line_height=\u201d1.2em\u201d custom_margin_tablet=\u201d\u201d custom_margin_phone=\u201d\u201d custom_margin_last_edited=\u201dsur|bureau\u201d text_font_size_tablet=\u201d14px\u201d text_font_size_phone=\u201d14px\u201d text_font_size_last_edited=\u201dsur|bureau\u201d header_text_align_tablet=\u201dcentre\u201d header_text_align_phone=\u201dcentre\u201d header_text_align_last_edited=\u201dsur|bureau\u201d header_font_size_tablet=\u201d40px\u201d header_font_size_phone=\u201d30px\u201d header_font_size_last_edited=\u201dsur|tablette\u201d header_line_height_tablet=\u201d1.5em\u201d header_line_height_phone=\u201d1.3em\u201d header_line_height_last_edited=\u201don|desktop\u201d header_2_font_size_tablet=\u201d35px\u201d header_2_font_size_phone=\u201d20px\u201d header_2_font_size_last_edited=\u201don|desktop\u201d global_colors_info=\u201d{}\u201d theme_builder_area=\u201dpost_content\u201d]<ul>\n<li><strong>\u00c9tude biblique<\/strong> \u2013 explorer les enseignements de la Bible et trouver des r\u00e9ponses aux d\u00e9fis de la vie.<\/li>\n<li><strong>Croyances fondamentales<\/strong> \u2013 explore les principes qui ont guid\u00e9 des millions de personnes \u00e0 travers les si\u00e8cles.<\/li>\n<li><strong>Croissance spirituelle<\/strong> \u2013 Renforcez votre foi avec des \u00e9tudes con\u00e7ues pour vous rapprocher de Dieu.<\/li>\n<\/ul>[\/et_pb_text][et_pb_button button_url=&#8221;https:\/\/cleefbible.com\/?fluentcrm=1&#038;route=smart_url&#038;slug=busayx2&#8243; button_text=&#8221;\u00daNETE A NUESTRO ESTUDIO&#8221; button_alignment=&#8221;left&#8221; button_alignment_tablet=&#8221;center&#8221; button_alignment_phone=&#8221;center&#8221; button_alignment_last_edited=&#8221;on|desktop&#8221; _builder_version=&#8221;4.27.0&#8243; _module_preset=&#8221;bef62ac1-2fa8-4492-bbf9-17d338b20e68&#8243; custom_button=&#8221;on&#8221; button_text_size=&#8221;14px&#8221; button_text_color=&#8221;#FFFFFF&#8221; button_bg_color=&#8221;#C35D09&#8243; button_border_width=&#8221;11px&#8221; button_border_color=&#8221;#C35D09&#8243; button_font=&#8221;|600|||||||&#8221; button_use_icon=&#8221;off&#8221; button_text_size_tablet=&#8221;14px&#8221; button_text_size_phone=&#8221;13px&#8221; button_text_size_last_edited=&#8221;on|desktop&#8221; button_border_width_tablet=&#8221;&#8221; button_border_width_phone=&#8221;&#8221; button_border_width_last_edited=&#8221;on|desktop&#8221; button_on_hover_tablet=&#8221;&#8221; button_on_hover_phone=&#8221;off&#8221; button_on_hover_last_edited=&#8221;on|phone&#8221; global_colors_info=&#8221;{}&#8221; theme_builder_area=&#8221;post_content&#8221;][\/et_pb_button][\/et_pb_column][et_pb_column type=&#8221;1_2&#8243; admin_label=&#8221;Columna&#8221; disabled_on=&#8221;on|on|off&#8221; _builder_version=&#8221;4.27.0&#8243; _module_preset=&#8221;default&#8221; background_color=&#8221;rgba(214,214,214,0.19)&#8221; custom_padding=&#8221;||||true|false&#8221; global_colors_info=&#8221;{}&#8221; theme_builder_area=&#8221;post_content&#8221;][et_pb_image src=&#8221;https:\/\/cleefbible.com\/wp-content\/uploads\/2024\/08\/Estudio-Biblico.png&#8221; alt=&#8221;Estudio-B\u00edblico&#8221; title_text=&#8221;Estudio B\u00edblico&#8221; align=&#8221;center&#8221; align_tablet=&#8221;center&#8221; align_phone=&#8221;center&#8221; align_last_edited=&#8221;on|desktop&#8221; disabled_on=&#8221;on|on|off&#8221; _builder_version=&#8221;4.27.0&#8243; _module_preset=&#8221;default&#8221; width_tablet=&#8221;40%&#8221; width_phone=&#8221;40%&#8221; width_last_edited=&#8221;on|desktop&#8221; custom_margin=&#8221;10px||10px||true|false&#8221; custom_margin_tablet=&#8221;||0px||false|false&#8221; custom_margin_phone=&#8221;||0px||false|false&#8221; custom_margin_last_edited=&#8221;on|desktop&#8221; global_colors_info=&#8221;{}&#8221; theme_builder_area=&#8221;post_content&#8221;][\/et_pb_image][\/et_pb_column][\/et_pb_row][\/et_pb_section][et_pb_section fb_built=&#8221;1&#8243; custom_padding_last_edited=&#8221;on|phone&#8221; admin_label=&#8221;Secci\u00f3n Preguntas frecuentes&#8221; _builder_version=&#8221;4.25.0&#8243; _module_preset=&#8221;01c6ffc7-f2ab-4daa-8c3f-f9f3f648fa91&#8243; background_enable_color=&#8221;off&#8221; custom_margin=&#8221;||||false|false&#8221; custom_padding=&#8221;0px||||false|false&#8221; custom_padding_tablet=&#8221;22px||22px||true|false&#8221; custom_padding_phone=&#8221;22px||22px||true|false&#8221; global_colors_info=&#8221;{}&#8221; theme_builder_area=&#8221;post_content&#8221;][et_pb_row admin_label=&#8221;FILA PREGUNTAS FRECUENTES&#8221; _builder_version=&#8221;4.25.0&#8243; _module_preset=&#8221;default&#8221; global_colors_info=&#8221;{}&#8221; theme_builder_area=&#8221;post_content&#8221;][et_pb_column type=&#8221;4_4&#8243; _builder_version=&#8221;4.25.0&#8243; _module_preset=&#8221;default&#8221; global_colors_info=&#8221;{}&#8221; theme_builder_area=&#8221;post_content&#8221;][et_pb_text admin_label=&#8221;Texto&#8221; _builder_version=&#8221;4.27.0&#8243; _module_preset=&#8221;9dcd691c-2a53-439d-9f69-d20be4c8c6a1&#8243; text_text_color=&#8221;#000000&#8243; text_line_height=&#8221;1.8em&#8221; header_font=&#8221;|600|||||||&#8221; header_text_align=&#8221;center&#8221; header_text_color=&#8221;#000000&#8243; header_font_size=&#8221;45px&#8221; header_line_height=&#8221;1.5em&#8221; header_2_font=&#8221;|600|||||||&#8221; header_2_text_align=&#8221;center&#8221; header_2_text_color=&#8221;#000000&#8243; header_2_font_size=&#8221;40px&#8221; header_2_line_height=&#8221;1.2em&#8221; text_font_size_tablet=&#8221;17px&#8221; text_font_size_phone=&#8221;16px&#8221; text_font_size_last_edited=&#8221;on|desktop&#8221; header_text_align_tablet=&#8221;center&#8221; header_text_align_phone=&#8221;center&#8221; header_text_align_last_edited=&#8221;on|desktop&#8221; header_font_size_tablet=&#8221;40px&#8221; header_font_size_phone=&#8221;30px&#8221; header_font_size_last_edited=&#8221;on|tablet&#8221; header_line_height_tablet=&#8221;1.5em&#8221; header_line_height_phone=&#8221;1.3em&#8221; header_line_height_last_edited=&#8221;on|desktop&#8221; header_2_font_size_tablet=&#8221;35px&#8221; header_2_font_size_phone=&#8221;20px&#8221; header_2_font_size_last_edited=&#8221;on|desktop&#8221; global_colors_info=&#8221;{}&#8221; theme_builder_area=&#8221;post_content&#8221;]<h2><span class=\"ez-toc-section\" id=\"Preguntas_Frecuentes_sobre_Evolucion_vs_Creacion_en_Genesis_1_1-31\"><\/span><b>Questions fr\u00e9quemment pos\u00e9es sur l&#039;\u00e9volution et la cr\u00e9ation dans Gen\u00e8se 1:1-31<\/b><span class=\"ez-toc-section-end\"><\/span><\/h2>\n<h3><b>Quelle est la principale diff\u00e9rence entre l\u2019\u00e9volution et la cr\u00e9ation ?<\/b><\/h3>\n<p><span style=\"font-weight: 400;\">L\u2019\u00e9volution est bas\u00e9e sur des processus naturels de changement progressif, tandis que la cr\u00e9ation implique une intervention divine directe.<\/span><\/p>\n<h3><b>La science et la religion peuvent-elles coexister ?<\/b><\/h3>\n<p><span style=\"font-weight: 400;\">Beaucoup le croient, arguant que la science explique le \u00ab comment \u00bb et la religion le \u00ab pourquoi \u00bb.<\/span><\/p>\n<h3><b>Qu&#039;est-ce que la conception intelligente ?<\/b><\/h3>\n<p><span style=\"font-weight: 400;\">C&#039;est la th\u00e9orie qui sugg\u00e8re que certaines caract\u00e9ristiques de la vie s&#039;expliquent mieux par une cause intelligente plut\u00f4t que par un processus naturel.<\/span><\/p>\n<h3><b>Pourquoi ce d\u00e9bat est-il important ?<\/b><\/h3>\n<p><span style=\"font-weight: 400;\">Cela affecte notre compr\u00e9hension du monde, nos croyances et notre \u00e9ducation.<\/span><\/p>\n<h3><b>Quelles preuves soutiennent la th\u00e9orie de l\u2019\u00e9volution ?<\/b><\/h3>\n<p><span style=\"font-weight: 400;\">Preuves fossiles, \u00e9tudes g\u00e9n\u00e9tiques et observations des changements \u00e9volutifs chez les esp\u00e8ces.<\/span><\/p>\n<h3><b>Quelles interpr\u00e9tations existent de la Gen\u00e8se ?<\/b><\/h3>\n<p><span style=\"font-weight: 400;\">Litt\u00e9ral, symbolique et all\u00e9gorique, chacun avec sa propre orientation th\u00e9ologique.<\/span><\/p>\n<h3><b>Comment ce d\u00e9bat est-il enseign\u00e9 dans les \u00e9coles ?<\/b><\/h3>\n<p><span style=\"font-weight: 400;\">Cela varie selon les pays et les syst\u00e8mes \u00e9ducatifs, certains enseignent les deux points de vue, d\u2019autres se concentrent sur l\u2019\u00e9volution.<\/span><\/p>\n<h3><b>Quel impact ce d\u00e9bat a-t-il sur la foi ?<\/b><\/h3>\n<p><span style=\"font-weight: 400;\">Cela peut renforcer la foi de certains et remettre en question celle d\u2019autres, selon leur point de vue.<\/span><\/p>\n<h3><b>La th\u00e9orie de l\u2019\u00e9volution n\u2019est-elle qu\u2019une th\u00e9orie ?<\/b><\/h3>\n<p><span style=\"font-weight: 400;\">En science, une th\u00e9orie est une explication bien fond\u00e9e et fond\u00e9e sur des preuves, et non une simple hypoth\u00e8se.<\/span><\/p>\n<h3><b>Comment concilier science et religion ?<\/b><\/h3>\n<p><span style=\"font-weight: 400;\">Par le dialogue et le respect mutuel, en recherchant un terrain d\u2019entente et en comprenant les diff\u00e9rences.<\/span><\/p>\n<p><span style=\"font-weight: 400;\">Que pensez-vous du d\u00e9bat entre \u00e9volution et cr\u00e9ation ?\u00a0<\/span><\/p>\n<p><span style=\"font-weight: 400;\">Laissez-nous votre commentaire et partagez votre point de vue !<\/span><\/p>[\/et_pb_text][\/et_pb_column][\/et_pb_row][\/et_pb_section]","protected":false},"excerpt":{"rendered":"<p>Le d\u00e9bat entre \u00e9volution et cr\u00e9ation est l\u2019un des plus fascinants.<br \/>\nNous explorons Gen\u00e8se 1:1-31 et comparons ses enseignements avec la th\u00e9orie de l\u2019\u00e9volution de Darwin.<br \/>\nVoulez-vous mieux comprendre ces perspectives et comment elles influencent notre vision du monde ?<\/p>","protected":false},"author":2,"featured_media":1064,"comment_status":"open","ping_status":"open","sticky":false,"template":"","format":"standard","meta":{"_et_pb_use_builder":"on","_et_pb_old_content":"","_et_gb_content_width":"","_monsterinsights_skip_tracking":false,"_monsterinsights_sitenote_active":false,"_monsterinsights_sitenote_note":"","_monsterinsights_sitenote_category":0,"footnotes":""},"categories":[41],"tags":[44,42,43,45],"class_list":["post-181","post","type-post","status-publish","format-standard","has-post-thumbnail","hentry","category-ciencia-y-fe","tag-debate-cientifico","tag-evolucion-vs-creacion","tag-genesis","tag-teoria-de-la-evolucion"],"_links":{"self":[{"href":"https:\/\/cleefbible.com\/fr\/wp-json\/wp\/v2\/posts\/181","targetHints":{"allow":["GET"]}}],"collection":[{"href":"https:\/\/cleefbible.com\/fr\/wp-json\/wp\/v2\/posts"}],"about":[{"href":"https:\/\/cleefbible.com\/fr\/wp-json\/wp\/v2\/types\/post"}],"author":[{"embeddable":true,"href":"https:\/\/cleefbible.com\/fr\/wp-json\/wp\/v2\/users\/2"}],"replies":[{"embeddable":true,"href":"https:\/\/cleefbible.com\/fr\/wp-json\/wp\/v2\/comments?post=181"}],"version-history":[{"count":6,"href":"https:\/\/cleefbible.com\/fr\/wp-json\/wp\/v2\/posts\/181\/revisions"}],"predecessor-version":[{"id":1071,"href":"https:\/\/cleefbible.com\/fr\/wp-json\/wp\/v2\/posts\/181\/revisions\/1071"}],"wp:featuredmedia":[{"embeddable":true,"href":"https:\/\/cleefbible.com\/fr\/wp-json\/wp\/v2\/media\/1064"}],"wp:attachment":[{"href":"https:\/\/cleefbible.com\/fr\/wp-json\/wp\/v2\/media?parent=181"}],"wp:term":[{"taxonomy":"category","embeddable":true,"href":"https:\/\/cleefbible.com\/fr\/wp-json\/wp\/v2\/categories?post=181"},{"taxonomy":"post_tag","embeddable":true,"href":"https:\/\/cleefbible.com\/fr\/wp-json\/wp\/v2\/tags?post=181"}],"curies":[{"name":"wp","href":"https:\/\/api.w.org\/{rel}","templated":true}]}}