{"id":1171,"date":"2026-04-25T08:52:22","date_gmt":"2026-04-25T12:52:22","guid":{"rendered":"https:\/\/cleefbible.com\/?p=1171"},"modified":"2026-04-25T08:52:23","modified_gmt":"2026-04-25T12:52:23","slug":"oracion-mas-famosa-de-la-biblia","status":"publish","type":"post","link":"https:\/\/cleefbible.com\/fr\/oracion-mas-famosa-de-la-biblia\/","title":{"rendered":"Quelle est la pri\u00e8re la plus c\u00e9l\u00e8bre de la Bible et quel est son impact ?"},"content":{"rendered":"<p>[et_pb_section fb_built=&#8221;1&#8243; _builder_version=&#8221;4.27.6&#8243; _module_preset=&#8221;default&#8221; global_colors_info=&#8221;{}&#8221; theme_builder_area=&#8221;post_content&#8221;][et_pb_row _builder_version=&#8221;4.27.6&#8243; _module_preset=&#8221;default&#8221; global_colors_info=&#8221;{}&#8221; theme_builder_area=&#8221;post_content&#8221;][et_pb_column type=&#8221;4_4&#8243; _builder_version=&#8221;4.27.6&#8243; _module_preset=&#8221;default&#8221; global_colors_info=&#8221;{}&#8221; theme_builder_area=&#8221;post_content&#8221;][et_pb_text _builder_version=&#8221;4.27.6&#8243; _module_preset=&#8221;default&#8221; global_colors_info=&#8221;{}&#8221; theme_builder_area=&#8221;post_content&#8221;]<\/p>\n<p><span style=\"font-weight: 400;\">Antes de responder esa pregunta, vale la pena detenerse un momento y mirar algo que atraviesa toda la Escritura de principio a fin: la oraci\u00f3n. Desde el G\u00e9nesis hasta el Apocalipsis, la Biblia muestra a hombres y mujeres que abren su coraz\u00f3n delante de Dios, que claman, alaban, confiesan, interceden y agradecen. No se trata solo de palabras bonitas, se trata de una relaci\u00f3n viva con el Dios creador, revelado en Jesucristo.<\/span><\/p>\n<p><span style=\"font-weight: 400;\">Para una persona cristiana en el mundo, y en especial para quienes pertenecen a la Iglesia Adventista del S\u00e9ptimo D\u00eda, la oraci\u00f3n no es un adorno en la vida espiritual. Es parte de la experiencia diaria con Dios. Forma parte de la adoraci\u00f3n, del estudio b\u00edblico, de la misi\u00f3n y de la vida familiar. Por eso, comprender qu\u00e9 oraciones b\u00edblicas han marcado la historia de la fe, y por qu\u00e9, puede profundizar esa relaci\u00f3n con el Se\u00f1or y dar nuevo significado a pr\u00e1cticas que quiz\u00e1 ya son muy conocidas.<\/span><\/p>\n<div id=\"ez-toc-container\" class=\"ez-toc-v2_0_82_2 counter-hierarchy ez-toc-counter ez-toc-grey ez-toc-container-direction\">\n<div class=\"ez-toc-title-container\">\n<p class=\"ez-toc-title\" style=\"cursor:inherit\">Table des mati\u00e8res<\/p>\n<span class=\"ez-toc-title-toggle\"><a href=\"#\" class=\"ez-toc-pull-right ez-toc-btn ez-toc-btn-xs ez-toc-btn-default ez-toc-toggle\" aria-label=\"Basculer la table des mati\u00e8res\"><span class=\"ez-toc-js-icon-con\"><span class=\"\"><span class=\"eztoc-hide\" style=\"display:none;\">Basculer<\/span><span class=\"ez-toc-icon-toggle-span\"><svg style=\"fill: #999;color:#999\" xmlns=\"http:\/\/www.w3.org\/2000\/svg\" class=\"list-377408\" width=\"20px\" height=\"20px\" viewbox=\"0 0 24 24\" fill=\"none\"><path d=\"M6 6H4v2h2V6zm14 0H8v2h12V6zM4 11h2v2H4v-2zm16 0H8v2h12v-2zM4 16h2v2H4v-2zm16 0H8v2h12v-2z\" fill=\"currentColor\"><\/path><\/svg><svg style=\"fill: #999;color:#999\" class=\"arrow-unsorted-368013\" xmlns=\"http:\/\/www.w3.org\/2000\/svg\" width=\"10px\" height=\"10px\" viewbox=\"0 0 24 24\" version=\"1.2\" baseprofile=\"tiny\"><path d=\"M18.2 9.3l-6.2-6.3-6.2 6.3c-.2.2-.3.4-.3.7s.1.5.3.7c.2.2.4.3.7.3h11c.3 0 .5-.1.7-.3.2-.2.3-.5.3-.7s-.1-.5-.3-.7zM5.8 14.7l6.2 6.3 6.2-6.3c.2-.2.3-.5.3-.7s-.1-.5-.3-.7c-.2-.2-.4-.3-.7-.3h-11c-.3 0-.5.1-.7.3-.2.2-.3.5-.3.7s.1.5.3.7z\"\/><\/svg><\/span><\/span><\/span><\/a><\/span><\/div>\n<nav><ul class='ez-toc-list ez-toc-list-level-1' ><li class='ez-toc-page-1 ez-toc-heading-level-2'><a class=\"ez-toc-link ez-toc-heading-1\" href=\"https:\/\/cleefbible.com\/fr\/oracion-mas-famosa-de-la-biblia\/#La_Biblia_un_libro_de_oracion_de_principio_a_fin\" >La Biblia, un libro de oraci\u00f3n de principio a fin<\/a><\/li><li class='ez-toc-page-1 ez-toc-heading-level-2'><a class=\"ez-toc-link ez-toc-heading-2\" href=\"https:\/\/cleefbible.com\/fr\/oracion-mas-famosa-de-la-biblia\/#Por_que_preguntarse_por_la_oracion_%E2%80%9Cmas_famosa%E2%80%9D\" >Por qu\u00e9 preguntarse por la oraci\u00f3n \u201cm\u00e1s famosa\u201d<\/a><\/li><li class='ez-toc-page-1 ez-toc-heading-level-2'><a class=\"ez-toc-link ez-toc-heading-3\" href=\"https:\/\/cleefbible.com\/fr\/oracion-mas-famosa-de-la-biblia\/#Relevancia_especial_para_la_comunidad_adventista_en_el_mundo\" >Relevancia especial para la comunidad adventista en el mundo<\/a><\/li><li class='ez-toc-page-1 ez-toc-heading-level-2'><a class=\"ez-toc-link ez-toc-heading-4\" href=\"https:\/\/cleefbible.com\/fr\/oracion-mas-famosa-de-la-biblia\/#El_proposito_de_este_articulo\" >El prop\u00f3sito de este art\u00edculo<\/a><\/li><li class='ez-toc-page-1 ez-toc-heading-level-2'><a class=\"ez-toc-link ez-toc-heading-5\" href=\"https:\/\/cleefbible.com\/fr\/oracion-mas-famosa-de-la-biblia\/#Como_este_conocimiento_puede_enriquecer_tu_vida_espiritual\" >C\u00f3mo este conocimiento puede enriquecer tu vida espiritual<\/a><\/li><li class='ez-toc-page-1 ez-toc-heading-level-2'><a class=\"ez-toc-link ez-toc-heading-6\" href=\"https:\/\/cleefbible.com\/fr\/oracion-mas-famosa-de-la-biblia\/#Contexto_historico_y_cultural_de_la_oracion_mas_famosa\" >Contexto hist\u00f3rico y cultural de la oraci\u00f3n m\u00e1s famosa<\/a><\/li><li class='ez-toc-page-1 ez-toc-heading-level-2'><a class=\"ez-toc-link ez-toc-heading-7\" href=\"https:\/\/cleefbible.com\/fr\/oracion-mas-famosa-de-la-biblia\/#Entender_el_contexto_es_parte_de_orar_bien\" >Entender el contexto es parte de orar bien<\/a><\/li><li class='ez-toc-page-1 ez-toc-heading-level-2'><a class=\"ez-toc-link ez-toc-heading-8\" href=\"https:\/\/cleefbible.com\/fr\/oracion-mas-famosa-de-la-biblia\/#Identificacion_de_la_oracion_mas_famosa_de_la_Biblia\" >Identificaci\u00f3n de la oraci\u00f3n m\u00e1s famosa de la Biblia<\/a><\/li><li class='ez-toc-page-1 ez-toc-heading-level-2'><a class=\"ez-toc-link ez-toc-heading-9\" href=\"https:\/\/cleefbible.com\/fr\/oracion-mas-famosa-de-la-biblia\/#Como_cada_frase_moldea_la_relacion_con_Dios\" >C\u00f3mo cada frase moldea la relaci\u00f3n con Dios<\/a><\/li><li class='ez-toc-page-1 ez-toc-heading-level-2'><a class=\"ez-toc-link ez-toc-heading-10\" href=\"https:\/\/cleefbible.com\/fr\/oracion-mas-famosa-de-la-biblia\/#Principales_ensenanzas_y_valores_transmitidos_en_el_Padre_Nuestro\" >Principales ense\u00f1anzas y valores transmitidos en el Padre Nuestro<\/a><\/li><li class='ez-toc-page-1 ez-toc-heading-level-2'><a class=\"ez-toc-link ez-toc-heading-11\" href=\"https:\/\/cleefbible.com\/fr\/oracion-mas-famosa-de-la-biblia\/#Aplicacion_practica_para_la_comunidad_cristiana_y_adventista_en_el_mundo\" >Aplicaci\u00f3n pr\u00e1ctica para la comunidad cristiana y adventista en el mundo<\/a><\/li><li class='ez-toc-page-1 ez-toc-heading-level-2'><a class=\"ez-toc-link ez-toc-heading-12\" href=\"https:\/\/cleefbible.com\/fr\/oracion-mas-famosa-de-la-biblia\/#Comparativa_con_otras_oraciones_biblicas_importantes\" >Comparativa con otras oraciones b\u00edblicas importantes<\/a><\/li><li class='ez-toc-page-1 ez-toc-heading-level-2'><a class=\"ez-toc-link ez-toc-heading-13\" href=\"https:\/\/cleefbible.com\/fr\/oracion-mas-famosa-de-la-biblia\/#Preguntas_frecuentes_sobre_el_Padre_Nuestro_y_sus_respuestas\" >Preguntas frecuentes sobre el Padre Nuestro y sus respuestas<\/a><\/li><li class='ez-toc-page-1 ez-toc-heading-level-2'><a class=\"ez-toc-link ez-toc-heading-14\" href=\"https:\/\/cleefbible.com\/fr\/oracion-mas-famosa-de-la-biblia\/#Conclusion_conocer_y_practicar_la_oracion_mas_famosa_de_la_Biblia\" >Conclusi\u00f3n: conocer y practicar la oraci\u00f3n m\u00e1s famosa de la Biblia<\/a><\/li><li class='ez-toc-page-1 ez-toc-heading-level-2'><a class=\"ez-toc-link ez-toc-heading-15\" href=\"https:\/\/cleefbible.com\/fr\/oracion-mas-famosa-de-la-biblia\/#Llamado_a_la_accion_para_la_comunidad_adventista_en_el_mundo\" >Llamado a la acci\u00f3n para la comunidad adventista en el mundo<\/a><\/li><\/ul><\/nav><\/div>\n<h2><span class=\"ez-toc-section\" id=\"La_Biblia_un_libro_de_oracion_de_principio_a_fin\"><\/span><b>La Biblia, un libro de oraci\u00f3n de principio a fin<\/b><span class=\"ez-toc-section-end\"><\/span><\/h2>\n<p><span style=\"font-weight: 400;\">Cuando abrimos la Biblia no encontramos un tratado te\u00f3rico sobre c\u00f3mo orar, sino una colecci\u00f3n viva de oraciones que surgen en contextos muy distintos. Hay oraciones en momentos de alegr\u00eda, de angustia, de arrepentimiento, de guerra y de paz. Hay oraciones breves, casi un susurro, y oraciones largas, estructuradas y po\u00e9ticas. Todas ellas tienen algo en com\u00fan, parten de la convicci\u00f3n de que Dios escucha y responde.<\/span><\/p>\n<p><span style=\"font-weight: 400;\">Como creyente, esto tiene un impacto directo en tu vida espiritual. Saber que la oraci\u00f3n ocupa un lugar central en la Biblia afirma algo sencillo pero profundo, Dios quiere di\u00e1logo, no solo mon\u00f3logos humanos ni rituales vac\u00edos. Quiere que le conozcas por medio de su Palabra y que le hables con confianza por medio de la oraci\u00f3n. En la experiencia adventista, esto se une a la importancia de estudiar toda la Escritura, Antiguo y Nuevo Testamento, como la revelaci\u00f3n de Dios para su pueblo en todos los tiempos.<\/span><\/p>\n<p><span style=\"font-weight: 400;\">Si te interesa seguir profundizando en el mensaje global de la Biblia y c\u00f3mo se estructura, puedes revisar recursos como la explicaci\u00f3n sobre los<\/span><a href=\"https:\/\/cleefbible.com\/fr\/livres-de-la-bible\/\"> <span style=\"font-weight: 400;\">livres de la Bible<\/span><\/a><span style=\"font-weight: 400;\">, que ayudan a ubicar mejor cada oraci\u00f3n dentro del gran relato b\u00edblico.<\/span><\/p>\n<h2><span class=\"ez-toc-section\" id=\"Por_que_preguntarse_por_la_oracion_%E2%80%9Cmas_famosa%E2%80%9D\"><\/span><b>Por qu\u00e9 preguntarse por la oraci\u00f3n \u201cm\u00e1s famosa\u201d<\/b><span class=\"ez-toc-section-end\"><\/span><\/h2>\n<p><span style=\"font-weight: 400;\">En 2026, en un contexto donde abundan mensajes espirituales de todo tipo, muchos creyentes en el mundo sienten el deseo de volver a lo central, a lo que viene directamente de Dios y se revela con claridad en la Biblia. En medio de devocionales breves, contenido digital y una vida r\u00e1pida, una pregunta como <\/span><i><span style=\"font-weight: 400;\">\u00bfCu\u00e1l es la oraci\u00f3n m\u00e1s famosa de la Biblia?<\/span><\/i><span style=\"font-weight: 400;\"> no es un simple dato curioso. Expresa el deseo de ir al coraz\u00f3n de la ense\u00f1anza b\u00edblica sobre la comuni\u00f3n con Dios.<\/span><\/p>\n<p><span style=\"font-weight: 400;\">Pensar en \u201cla oraci\u00f3n m\u00e1s famosa\u201d nos lleva a considerar varios aspectos importantes:<\/span><\/p>\n<ul>\n<li style=\"font-weight: 400;\" aria-level=\"1\"><b>Qu\u00e9 oraci\u00f3n ha impactado m\u00e1s la vida y la liturgia de la Iglesia cristiana<\/b><span style=\"font-weight: 400;\">, incluyendo las comunidades adventistas.<\/span><\/li>\n<li style=\"font-weight: 400;\" aria-level=\"1\"><b>Qu\u00e9 oraci\u00f3n resume de forma m\u00e1s clara la relaci\u00f3n entre Dios y el creyente<\/b><span style=\"font-weight: 400;\">, tal como la Biblia la presenta.<\/span><\/li>\n<li style=\"font-weight: 400;\" aria-level=\"1\"><b>Qu\u00e9 oraci\u00f3n ha sido ense\u00f1ada con mayor frecuencia a ni\u00f1os, j\u00f3venes y adultos<\/b><span style=\"font-weight: 400;\">, y c\u00f3mo ha moldeado la espiritualidad personal y comunitaria.<\/span><\/li>\n<\/ul>\n<p><span style=\"font-weight: 400;\">Responder esta pregunta nos har\u00e1 mirar con atenci\u00f3n una oraci\u00f3n muy conocida, aprender a verla con nuevos ojos y dejar que el Esp\u00edritu Santo use ese texto b\u00edblico para renovar nuestra manera de orar.<\/span><\/p>\n<h2><span class=\"ez-toc-section\" id=\"Relevancia_especial_para_la_comunidad_adventista_en_el_mundo\"><\/span><b>Relevancia especial para la comunidad adventista en el mundo<\/b><span class=\"ez-toc-section-end\"><\/span><\/h2>\n<p><span style=\"font-weight: 400;\">Dentro de la fe adventista, la oraci\u00f3n se entiende como parte de una experiencia integral de comuni\u00f3n con Dios que incluye la Biblia, la adoraci\u00f3n en s\u00e1bado, el servicio al pr\u00f3jimo y la esperanza en la segunda venida de Cristo. No se separa la oraci\u00f3n de la doctrina, ni la doctrina de la vida diaria. Por eso, estudiar cuidadosamente una oraci\u00f3n b\u00edblica famosa no es solo un ejercicio intelectual. Toca la obediencia, la misi\u00f3n, el car\u00e1cter y la vida comunitaria.<\/span><\/p>\n<p><span style=\"font-weight: 400;\">Para las iglesias locales en el mundo, donde la realidad social, econ\u00f3mica y familiar presenta desaf\u00edos concretos, una oraci\u00f3n b\u00edblica bien comprendida puede convertirse en una gu\u00eda pr\u00e1ctica. Puede orientar la manera en que la iglesia ora por su pa\u00eds, por sus autoridades, por los j\u00f3venes, por las familias, por quienes sufren y por la predicaci\u00f3n del evangelio. Tambi\u00e9n puede ayudar a unificar el lenguaje de la comunidad, ya que orar juntos un mismo texto b\u00edblico crea identidad y sentido de pertenencia.<\/span><\/p>\n<h2><span class=\"ez-toc-section\" id=\"El_proposito_de_este_articulo\"><\/span><b>El prop\u00f3sito de este art\u00edculo<\/b><span class=\"ez-toc-section-end\"><\/span><\/h2>\n<p><span style=\"font-weight: 400;\">Este contenido tiene un objetivo claro y directo.<\/span><\/p>\n<ul>\n<li style=\"font-weight: 400;\" aria-level=\"1\"><b>Responder de forma fundamentada a la pregunta<\/b><span style=\"font-weight: 400;\"> \u00bfCu\u00e1l es la oraci\u00f3n m\u00e1s famosa de la Biblia?, considerando la experiencia de las iglesias cristianas y, dentro de ellas, la perspectiva adventista.<\/span><\/li>\n<li style=\"font-weight: 400;\" aria-level=\"1\"><b>Explicar el contexto b\u00edblico<\/b><span style=\"font-weight: 400;\"> en el que surge esa oraci\u00f3n, para que no se repita de memoria sin entender su trasfondo.<\/span><\/li>\n<li style=\"font-weight: 400;\" aria-level=\"1\"><b>Analizar su contenido frase por frase<\/b><span style=\"font-weight: 400;\">, para descubrir qu\u00e9 ense\u00f1a sobre Dios Padre, sobre Jesucristo y sobre la obra del Esp\u00edritu Santo en la vida del creyente.<\/span><\/li>\n<li style=\"font-weight: 400;\" aria-level=\"1\"><b>Mostrar c\u00f3mo esa oraci\u00f3n puede enriquecer la vida espiritual diaria<\/b><span style=\"font-weight: 400;\">, tanto personal como comunitaria, en las iglesias adventistas en el mundo.<\/span><\/li>\n<\/ul>\n<p><span style=\"font-weight: 400;\">No se trata solo de responder \u201ccu\u00e1l\u201d es la oraci\u00f3n, sino de comprender \u201cpor qu\u00e9\u201d y \u201cpara qu\u00e9\u201d. La meta es que, al terminar, tengas m\u00e1s claridad b\u00edblica, m\u00e1s amor por Dios y m\u00e1s deseo de orar como Jes\u00fas ense\u00f1\u00f3, con coraz\u00f3n sincero y vida coherente.<\/span><\/p>\n<h2><span class=\"ez-toc-section\" id=\"Como_este_conocimiento_puede_enriquecer_tu_vida_espiritual\"><\/span><b>C\u00f3mo este conocimiento puede enriquecer tu vida espiritual<\/b><span class=\"ez-toc-section-end\"><\/span><\/h2>\n<p><span style=\"font-weight: 400;\">Cuando una oraci\u00f3n b\u00edblica se entiende en profundidad, deja de ser una f\u00f3rmula repetida y se convierte en un camino de discipulado. Cada palabra cobra peso. Cada petici\u00f3n ilumina un aspecto del car\u00e1cter de Dios. Cada frase confronta \u00e1reas de tu vida que necesitan rendirse al Se\u00f1or.<\/span><\/p>\n<p><span style=\"font-weight: 400;\">Para un creyente adventista, esto se conecta con varios aspectos clave de la fe.<\/span><\/p>\n<ul>\n<li style=\"font-weight: 400;\" aria-level=\"1\"><b>Fortalece la confianza en la Biblia<\/b><span style=\"font-weight: 400;\"> como autoridad para la vida y la pr\u00e1ctica cristiana.<\/span><\/li>\n<li style=\"font-weight: 400;\" aria-level=\"1\"><b>Profundiza la relaci\u00f3n con Dios<\/b><span style=\"font-weight: 400;\">, ya que la oraci\u00f3n se alinea con la voluntad divina revelada en la Escritura.<\/span><\/li>\n<li style=\"font-weight: 400;\" aria-level=\"1\"><b>Renueva la vida devocional<\/b><span style=\"font-weight: 400;\">, al ofrecer un modelo concreto de c\u00f3mo orar de manera equilibrada, centrada en Dios y no solo en las propias necesidades.<\/span><\/li>\n<li style=\"font-weight: 400;\" aria-level=\"1\"><b>Da unidad doctrinal y espiritual<\/b><span style=\"font-weight: 400;\"> a la iglesia local, porque todos pueden aprender, repetir y meditar la misma oraci\u00f3n b\u00edblica, con comprensi\u00f3n compartida.<\/span><\/li>\n<\/ul>\n<p><span style=\"font-weight: 400;\">Si te interesa reforzar esta base b\u00edblica, puede ser \u00fatil revisar tambi\u00e9n el sentido m\u00e1s amplio de t\u00e9rminos como<\/span><a href=\"https:\/\/cleefbible.com\/fr\/evangile-signification-biblique-et-explication-complete\/\"> <span style=\"font-weight: 400;\">evangelio y su significado b\u00edblico<\/span><\/a><span style=\"font-weight: 400;\">, ya que la oraci\u00f3n que estudiaremos se relaciona estrechamente con el mensaje central de Jesucristo.<\/span><\/p>\n<p><span style=\"font-weight: 400;\">En las siguientes secciones vamos a identificar cu\u00e1l es la oraci\u00f3n m\u00e1s famosa de la Biblia, ver su contexto hist\u00f3rico y cultural, analizar cada una de sus frases y considerar de qu\u00e9 manera puede marcar la diferencia en la vida de la iglesia adventista en el mundo hoy. El objetivo es claro, volver a la Palabra, escuchar a Dios y aprender a hablarle como \u00c9l mismo nos ense\u00f1\u00f3 en la Escritura.<\/span><\/p>\n<h2><span class=\"ez-toc-section\" id=\"Contexto_historico_y_cultural_de_la_oracion_mas_famosa\"><\/span><b>Contexto hist\u00f3rico y cultural de la oraci\u00f3n m\u00e1s famosa<\/b><span class=\"ez-toc-section-end\"><\/span><\/h2>\n<p><span style=\"font-weight: 400;\">Cuando hablamos de la oraci\u00f3n m\u00e1s famosa de la Biblia, no estamos frente a un texto aislado, sino frente a una ense\u00f1anza que nace en un contexto muy concreto de la vida y el ministerio de Jes\u00fas. Entender ese entorno hist\u00f3rico y cultural ayuda a orar con m\u00e1s conciencia, con m\u00e1s reverencia y con una fe mejor informada b\u00edblicamente.<\/span><\/p>\n<h3><b>Ubicaci\u00f3n b\u00edblica y momento del ministerio de Jes\u00fas<\/b><\/h3>\n<p><span style=\"font-weight: 400;\">La oraci\u00f3n m\u00e1s conocida del Nuevo Testamento aparece en el coraz\u00f3n de la ense\u00f1anza de Jes\u00fas. Dentro de la Biblia, forma parte de lo que se conoce como el serm\u00f3n del monte, una secci\u00f3n clave para comprender el car\u00e1cter del Reino de Dios y el llamado al discipulado. Si quieres profundizar en ese marco general, puedes revisar el contenido sobre el<\/span><a href=\"https:\/\/cleefbible.com\/fr\/sermon-sur-la-montagne\/\"> <span style=\"font-weight: 400;\">serm\u00f3n del monte<\/span><\/a><span style=\"font-weight: 400;\">, que ayuda a ubicar esta oraci\u00f3n en su lugar correcto dentro de la predicaci\u00f3n de Cristo.<\/span><\/p>\n<p><span style=\"font-weight: 400;\">El serm\u00f3n del monte presenta a Jes\u00fas como Maestro, sentado, instruyendo a sus disc\u00edpulos y a una multitud que lo escucha. No se trata solo de una pr\u00e9dica moral. Es la presentaci\u00f3n del estilo de vida del Reino de los cielos, que incluye c\u00f3mo el creyente se relaciona con Dios en la oraci\u00f3n. En ese escenario, Jes\u00fas introduce la oraci\u00f3n modelo, no como una simple f\u00f3rmula, sino como una correcci\u00f3n y una gu\u00eda frente a formas de oraci\u00f3n vac\u00edas o interesadas.<\/span><\/p>\n<h3><b>La situaci\u00f3n espiritual del pueblo de Israel<\/b><\/h3>\n<p><span style=\"font-weight: 400;\">En el contexto en que Jes\u00fas ense\u00f1a esta oraci\u00f3n, el pueblo de Israel vive bajo dominaci\u00f3n extranjera, con tensiones pol\u00edticas, esperanzas mesi\u00e1nicas y una intensa vida religiosa. Hab\u00eda un fuerte \u00e9nfasis en pr\u00e1cticas como la oraci\u00f3n, el ayuno y la limosna. Sin embargo, Jes\u00fas confronta la tendencia a convertir estas pr\u00e1cticas en demostraciones externas para buscar reconocimiento humano, en vez de una verdadera comuni\u00f3n con el Padre.<\/span><\/p>\n<p><span style=\"font-weight: 400;\">En ese clima espiritual se da una mezcla de sincera b\u00fasqueda de Dios y de religiosidad formalista. La oraci\u00f3n que Jes\u00fas ense\u00f1a responde a esa realidad. Llama a una relaci\u00f3n directa con Dios, que ve en lo secreto, y que no necesita repeticiones mec\u00e1nicas ni discursos complicados. Para un creyente adventista en el mundo, que tambi\u00e9n vive rodeado de ofertas religiosas diversas, este contexto invita a revisar constantemente la motivaci\u00f3n del coraz\u00f3n al orar.<\/span><\/p>\n<h3><b>El trasfondo cultural de la oraci\u00f3n jud\u00eda<\/b><\/h3>\n<p><span style=\"font-weight: 400;\">Para el juda\u00edsmo de la \u00e9poca de Jes\u00fas, la oraci\u00f3n formaba parte del ritmo normal de la vida diaria. Hab\u00eda horarios establecidos para la oraci\u00f3n, oraciones comunitarias en la sinagoga y en el templo, y f\u00f3rmulas memorizadas. Orar no era algo extra\u00f1o, era parte de la identidad del pueblo de Dios.<\/span><\/p>\n<p><span style=\"font-weight: 400;\">En ese sentido, la oraci\u00f3n que Jes\u00fas ense\u00f1a dialoga con una larga tradici\u00f3n de s\u00faplicas, salmos y bendiciones. No aparece de la nada, se apoya en la revelaci\u00f3n previa del Antiguo Testamento, donde Dios ya se hab\u00eda dado a conocer como Padre, Rey y Pastor de su pueblo. Sin embargo, Jes\u00fas lleva esa tradici\u00f3n a una profundidad nueva al introducir una cercan\u00eda filial m\u00e1s clara y al centrar la oraci\u00f3n en el Reino de Dios y en la voluntad divina.<\/span><\/p>\n<p><span style=\"font-weight: 400;\">Comprender este tel\u00f3n de fondo ayuda a valorar que Jes\u00fas no elimina la oraci\u00f3n comunitaria ni la disciplina espiritual. Lo que hace es purificarla, quitarle el orgullo y el inter\u00e9s ego\u00edsta, y devolverla a su prop\u00f3sito original, la comuni\u00f3n sincera con Dios.<\/span><\/p>\n<h3><b>Autor de la oraci\u00f3n y autoridad del que ense\u00f1a<\/b><\/h3>\n<p><span style=\"font-weight: 400;\">El autor humano que registra la oraci\u00f3n depende del evangelio que se consulte, pero la fuente directa de la oraci\u00f3n es Jes\u00fas mismo. No es una composici\u00f3n de un profeta que ora a Dios, como en los Salmos, sino una ense\u00f1anza de Jesucristo que indica a sus disc\u00edpulos c\u00f3mo deben orar.<\/span><\/p>\n<p><span style=\"font-weight: 400;\">Esto tiene un peso especial para la fe cristiana y, de manera muy particular, para la comunidad adventista. No estamos frente a una sugerencia piadosa, estamos frente a una instrucci\u00f3n del Hijo de Dios, el Mes\u00edas prometido, que conoce el coraz\u00f3n del Padre y que sabe exactamente qu\u00e9 necesita el ser humano al acercarse en oraci\u00f3n.<\/span><\/p>\n<p><span style=\"font-weight: 400;\">La autoridad de esta oraci\u00f3n proviene de qui\u00e9n la ense\u00f1a, el mismo Jes\u00fas que anuncia el evangelio del Reino, que sana, que perdona pecados y que finalmente entrega su vida en la cruz. Orar como \u00c9l ense\u00f1\u00f3 significa alinearse con su misi\u00f3n, con su car\u00e1cter y con el proyecto de salvaci\u00f3n que recorre toda la Escritura. Por eso, para una iglesia que afirma que la Biblia es la Palabra de Dios, como lo hace la Iglesia Adventista, esta oraci\u00f3n tiene un lugar pedag\u00f3gico privilegiado.<\/span><\/p>\n<h3><b>Audiencia original dentro de las Escrituras<\/b><\/h3>\n<p><span style=\"font-weight: 400;\">La audiencia inmediata de esta oraci\u00f3n son los disc\u00edpulos de Jes\u00fas, junto con la multitud que lo escuchaba en el contexto del serm\u00f3n del monte. No se trata de una instrucci\u00f3n solo para l\u00edderes religiosos, ni para una \u00e9lite espiritual. Es ense\u00f1anza para todo creyente que quiere seguir a Cristo.<\/span><\/p>\n<p><span style=\"font-weight: 400;\">Dentro del relato b\u00edblico se percibe un rasgo importante. Los disc\u00edpulos ve\u00edan c\u00f3mo Jes\u00fas oraba y percib\u00edan algo distinto en su comuni\u00f3n con el Padre. Eso gener\u00f3 en ellos la necesidad de aprender a orar de manera m\u00e1s profunda y verdadera. Jes\u00fas responde a ese anhelo con una oraci\u00f3n sencilla, breve y cargada de contenido teol\u00f3gico y espiritual.<\/span><\/p>\n<p><span style=\"font-weight: 400;\">La audiencia original, formada por jud\u00edos que conoc\u00edan las Escrituras del Antiguo Testamento, escuch\u00f3 esta oraci\u00f3n dentro de una cosmovisi\u00f3n donde Dios es Creador, Legislador y Redentor de su pueblo. En esa base, Jes\u00fas presenta a Dios como Padre cercano, cuyo nombre es santo, que gobierna mediante su Reino y cuya voluntad es buena. Esto conecta de inmediato con temas que la comunidad adventista valora mucho, como la santidad del nombre de Dios, su Ley, su Reino y su proyecto de redenci\u00f3n que abarca cielo y tierra.<\/span><\/p>\n<h3><b>Puente entre el contexto original y la realidad de la iglesia en el mundo<\/b><\/h3>\n<p><span style=\"font-weight: 400;\">Al escuchar esta oraci\u00f3n con o\u00eddos cristianos y adventistas en 2026, puede surgir la distancia cultural, idiomas distintos, geograf\u00edas muy alejadas y situaciones pol\u00edticas diferentes. Sin embargo, el n\u00facleo de la experiencia humana y de la revelaci\u00f3n de Dios sigue siendo el mismo. Las necesidades b\u00e1sicas que aparecen en la oraci\u00f3n no han cambiado, el pan cotidiano, el perd\u00f3n, la lucha contra la tentaci\u00f3n y la realidad del mal.<\/span><\/p>\n<p><span style=\"font-weight: 400;\">El contexto hist\u00f3rico y cultural de la oraci\u00f3n m\u00e1s famosa de la Biblia, lejos de alejarla, la hace m\u00e1s relevante. Muestra que Dios habl\u00f3 en una historia concreta para guiar a su pueblo en todas las \u00e9pocas. Como parte de esa historia, el Nuevo Testamento, y en especial los evangelios, invitan al creyente actual a dejarse ense\u00f1ar por el mismo Cristo. Puedes profundizar en ese marco general del<\/span><a href=\"https:\/\/cleefbible.com\/fr\/le-nouveau-testament\/\"> <span style=\"font-weight: 400;\">le Nouveau Testament<\/span><\/a><span style=\"font-weight: 400;\"> para comprender mejor c\u00f3mo esta oraci\u00f3n se inserta en la revelaci\u00f3n final de Dios en Jes\u00fas.<\/span><\/p>\n<h2><span class=\"ez-toc-section\" id=\"Entender_el_contexto_es_parte_de_orar_bien\"><\/span><b>Entender el contexto es parte de orar bien<\/b><span class=\"ez-toc-section-end\"><\/span><\/h2>\n<p><span style=\"font-weight: 400;\">Cuando conoces el trasfondo hist\u00f3rico, cultural y b\u00edblico de esta oraci\u00f3n, dejas de repetir palabras sueltas y comienzas a situarte en la misma escuela espiritual donde Jes\u00fas form\u00f3 a sus primeros disc\u00edpulos. Esa comprensi\u00f3n prepara el terreno para el siguiente paso, identificar con claridad cu\u00e1l es esta oraci\u00f3n, ver su estructura y dejar que cada frase moldee tu comuni\u00f3n con Dios Padre, en el nombre de Jesucristo y con la gu\u00eda del Esp\u00edritu Santo.<\/span><\/p>\n<h2><span class=\"ez-toc-section\" id=\"Identificacion_de_la_oracion_mas_famosa_de_la_Biblia\"><\/span><b>Identificaci\u00f3n de la oraci\u00f3n m\u00e1s famosa de la Biblia<\/b><span class=\"ez-toc-section-end\"><\/span><\/h2>\n<p><span style=\"font-weight: 400;\">Despu\u00e9s de mirar el contexto b\u00edblico e hist\u00f3rico, podemos responder con claridad a la pregunta que gu\u00eda este contenido. <\/span><b>La oraci\u00f3n m\u00e1s famosa de la Biblia es la que conocemos como \u201cel Padre Nuestro\u201d.<\/b><span style=\"font-weight: 400;\"> Esta es la oraci\u00f3n que Jes\u00fas ense\u00f1\u00f3 expl\u00edcitamente a sus disc\u00edpulos cuando les dijo c\u00f3mo deb\u00edan orar. No es una oraci\u00f3n cualquiera, es la oraci\u00f3n modelo que sale de los labios del propio Hijo de Dios.<\/span><\/p>\n<p><span style=\"font-weight: 400;\">En la tradici\u00f3n cristiana, y tambi\u00e9n dentro de la experiencia adventista, esta oraci\u00f3n ha recibido distintos nombres, \u201cPadre Nuestro\u201d, \u201cla oraci\u00f3n del Se\u00f1or\u201d o \u201cla oraci\u00f3n modelo\u201d. Todos estos nombres apuntan a lo mismo, un texto breve, profundamente b\u00edblico, que resume en pocas frases la manera en que un hijo de Dios se relaciona con su Padre celestial.<\/span><\/p>\n<h3><b>\u00bfQu\u00e9 caracteriza al Padre Nuestro?<\/b><\/h3>\n<p><span style=\"font-weight: 400;\">Para entender por qu\u00e9 el Padre Nuestro se considera la oraci\u00f3n m\u00e1s famosa de la Biblia, conviene definir algunos rasgos clave de su contenido y su funci\u00f3n dentro de la vida cristiana.<\/span><\/p>\n<ul>\n<li style=\"font-weight: 400;\" aria-level=\"1\"><b>Es una oraci\u00f3n ense\u00f1ada directamente por Jes\u00fas<\/b><span style=\"font-weight: 400;\">. No es el registro de alguien orando espont\u00e1neamente, es una instrucci\u00f3n. Jes\u00fas dice que as\u00ed debemos orar. Esto coloca al Padre Nuestro en una categor\u00eda muy especial dentro de la Escritura, ya que sirve como patr\u00f3n para toda oraci\u00f3n cristiana.<\/span><\/li>\n<li style=\"font-weight: 400;\" aria-level=\"1\"><b>Es una oraci\u00f3n dirigida a Dios como Padre<\/b><span style=\"font-weight: 400;\">. Comienza con \u201cPadre nuestro\u201d, lo que revela la relaci\u00f3n de familia que Dios establece con quienes creen en Cristo. No se trata solo de hablar con un Dios lejano, sino con un Padre cercano que cuida y gobierna.<\/span><\/li>\n<li style=\"font-weight: 400;\" aria-level=\"1\"><b>Est\u00e1 centrada en Dios antes que en las necesidades humanas<\/b><span style=\"font-weight: 400;\">. Las primeras peticiones se enfocan en el nombre de Dios, su Reino y su voluntad. Solo despu\u00e9s vienen las s\u00faplicas por el pan cotidiano, el perd\u00f3n y la victoria frente a la tentaci\u00f3n. Este orden ense\u00f1a una prioridad espiritual muy clara.<\/span><\/li>\n<li style=\"font-weight: 400;\" aria-level=\"1\"><b>Es una oraci\u00f3n equilibrada<\/b><span style=\"font-weight: 400;\">. Re\u00fane adoraci\u00f3n, sumisi\u00f3n a la voluntad divina, petici\u00f3n por las necesidades diarias, confesi\u00f3n de pecado y s\u00faplica por protecci\u00f3n espiritual. No se queda en un solo aspecto de la vida cristiana.<\/span><\/li>\n<li style=\"font-weight: 400;\" aria-level=\"1\"><b>Es una oraci\u00f3n comunitaria<\/b><span style=\"font-weight: 400;\">. Usa expresiones como \u201cnuestro\u201d, \u201cdanos\u201d, \u201cperd\u00f3nanos\u201d, \u201cl\u00edbranos\u201d. No est\u00e1 pensada solo para la devoci\u00f3n individual, tambi\u00e9n expresa la fe del pueblo de Dios como cuerpo unido.<\/span><\/li>\n<\/ul>\n<p><span style=\"font-weight: 400;\">Si quieres seguir ubicando esta oraci\u00f3n dentro del panorama m\u00e1s amplio del ministerio de Jes\u00fas, puede ayudarte revisar contenidos sobre los<\/span><a href=\"https:\/\/cleefbible.com\/fr\/quatre-evangiles\/\"> <span style=\"font-weight: 400;\">quatre \u00e9vangiles<\/span><\/a><span style=\"font-weight: 400;\">, ya que son esos libros los que preservan las palabras de Cristo, incluida esta ense\u00f1anza sobre la oraci\u00f3n.<\/span><\/p>\n<h3><b>Por qu\u00e9 se considera la oraci\u00f3n m\u00e1s famosa entre los cristianos<\/b><\/h3>\n<p><span style=\"font-weight: 400;\">En casi todas las tradiciones cristianas, de distintas regiones y \u00e9pocas, el Padre Nuestro ocupa un lugar destacado. Aunque existan diferencias lit\u00fargicas, doctrinales o culturales, hay un punto de encuentro, la oraci\u00f3n que Jes\u00fas ense\u00f1\u00f3. Algunas razones de su fama dentro del cristianismo en general son las siguientes.<\/span><\/p>\n<ul>\n<li style=\"font-weight: 400;\" aria-level=\"1\"><b>Se aprende desde la ni\u00f1ez<\/b><span style=\"font-weight: 400;\">. En muchas familias y comunidades cristianas es una de las primeras oraciones que se ense\u00f1a a ni\u00f1os y ni\u00f1as que comienzan a conocer la Biblia. Eso hace que se grave en la memoria desde temprano y acompa\u00f1e a la persona a lo largo de su vida.<\/span><\/li>\n<li style=\"font-weight: 400;\" aria-level=\"1\"><b>Se utiliza en contextos muy variados<\/b><span style=\"font-weight: 400;\">. Forma parte de cultos, liturgias, reuniones de oraci\u00f3n, momentos de crisis y espacios de ense\u00f1anza b\u00edblica. Esto hace que se repita con frecuencia en la vida comunitaria.<\/span><\/li>\n<li style=\"font-weight: 400;\" aria-level=\"1\"><b>Es f\u00e1cil de memorizar y profunda al mismo tiempo<\/b><span style=\"font-weight: 400;\">. Tiene frases breves y claras, pero su contenido teol\u00f3gico toca temas centrales como la santidad de Dios, su Reino, su voluntad, la provisi\u00f3n diaria, el perd\u00f3n y la lucha contra el mal.<\/span><\/li>\n<li style=\"font-weight: 400;\" aria-level=\"1\"><b>Une a creyentes de distintas denominaciones<\/b><span style=\"font-weight: 400;\">. Aun con diferencias en otros puntos doctrinales, muchas iglesias reconocen el valor del Padre Nuestro y lo usan como texto com\u00fan de oraci\u00f3n y ense\u00f1anza.<\/span><\/li>\n<\/ul>\n<p><span style=\"font-weight: 400;\">Todo esto contribuye a que, cuando alguien pregunta \u201c\u00bfcu\u00e1l es la oraci\u00f3n m\u00e1s famosa de la Biblia?\u201d, la respuesta natural y m\u00e1s compartida sea el Padre Nuestro. No porque otras oraciones no tengan importancia, sino porque esta re\u00fane caracter\u00edsticas \u00fanicas que la han hecho central en la experiencia cristiana.<\/span><\/p>\n<h3><b>Relevancia espec\u00edfica del Padre Nuestro para la fe adventista<\/b><\/h3>\n<p><span style=\"font-weight: 400;\">En la Iglesia Adventista del S\u00e9ptimo D\u00eda, la Biblia completa se considera la autoridad para la fe y la conducta. Dentro de ese marco, el Padre Nuestro tiene una relevancia particular que se conecta con varios \u00e9nfasis doctrinales y pr\u00e1cticos.<\/span><\/p>\n<ul>\n<li style=\"font-weight: 400;\" aria-level=\"1\"><b>Refuerza la centralidad de Dios Padre<\/b><span style=\"font-weight: 400;\">. La fe adventista subraya la relaci\u00f3n personal con un Dios que es creador, legislador y salvador. El Padre Nuestro empieza reconociendo a Dios como Padre y como aquel cuyo nombre debe ser santificado. Esto armoniza con la preocupaci\u00f3n por honrar el car\u00e1cter de Dios en toda la vida.<\/span><\/li>\n<li style=\"font-weight: 400;\" aria-level=\"1\"><b>Se alinea con la visi\u00f3n del Reino de Dios<\/b><span style=\"font-weight: 400;\">. La petici\u00f3n \u201cvenga tu Reino\u201d se conecta con la esperanza adventista en el regreso de Cristo y el establecimiento pleno de su Reino. La comunidad adventista en el mundo encuentra en esta frase un eco de su esperanza bienaventurada.<\/span><\/li>\n<li style=\"font-weight: 400;\" aria-level=\"1\"><b>Conecta con la obediencia a la voluntad divina<\/b><span style=\"font-weight: 400;\">. La oraci\u00f3n \u201ch\u00e1gase tu voluntad\u201d tiene relaci\u00f3n directa con la importancia de la Ley de Dios, incluida la observancia del s\u00e1bado, y con la vida santa que refleja el car\u00e1cter de Cristo.<\/span><\/li>\n<li style=\"font-weight: 400;\" aria-level=\"1\"><b>Subraya la dependencia diaria de Dios<\/b><span style=\"font-weight: 400;\">. Cuando se pide el pan de cada d\u00eda, se reconoce que la vida, la salud, el trabajo y todo recurso provienen de la mano de Dios, lo que inspira una administraci\u00f3n responsable de los bienes y un esp\u00edritu de gratitud.<\/span><\/li>\n<li style=\"font-weight: 400;\" aria-level=\"1\"><b>Enfatiza el perd\u00f3n y la santificaci\u00f3n<\/b><span style=\"font-weight: 400;\">. La petici\u00f3n por el perd\u00f3n y el llamado a perdonar a otros se conectan con la comprensi\u00f3n adventista del juicio, la gracia y la transformaci\u00f3n del car\u00e1cter por obra del Esp\u00edritu Santo.<\/span><\/li>\n<li style=\"font-weight: 400;\" aria-level=\"1\"><b>Enmarca la lucha espiritual<\/b><span style=\"font-weight: 400;\">. La s\u00faplica por no caer en tentaci\u00f3n y ser librados del mal armoniza con la visi\u00f3n del gran conflicto entre Cristo y Satan\u00e1s, un tema muy presente en la comprensi\u00f3n adventista de la historia b\u00edblica.<\/span><\/li>\n<\/ul>\n<p><span style=\"font-weight: 400;\">Por eso, cuando la comunidad adventista en el mundo usa el Padre Nuestro de forma consciente, no lo hace solo porque sea famoso, sino porque expresa de manera condensada muchos puntos clave de la fe que se predica cada s\u00e1bado y se estudia en la Escuela Sab\u00e1tica.<\/span><\/p>\n<h3><b>No solo famosa, tambi\u00e9n normativa para nuestra manera de orar<\/b><\/h3>\n<p><span style=\"font-weight: 400;\">Es importante subrayar algo, el Padre Nuestro no es solo la oraci\u00f3n m\u00e1s conocida, tambi\u00e9n es un modelo que orienta la forma en que deber\u00edamos estructurar toda nuestra vida de oraci\u00f3n. Jes\u00fas no la entrega solo para repetirla, la entrega para aprender de su orden, de sus prioridades y de su enfoque en Dios.<\/span><\/p>\n<p><span style=\"font-weight: 400;\">Para un creyente adventista, acostumbrado a estudiar tanto el Antiguo como el<\/span><a href=\"https:\/\/cleefbible.com\/fr\/ancien-testament\/\"> <span style=\"font-weight: 400;\">le Nouveau Testament<\/span><\/a><span style=\"font-weight: 400;\">, esto tiene implicancias pr\u00e1cticas. La oraci\u00f3n personal, la oraci\u00f3n en familia y la oraci\u00f3n congregacional pueden evaluarse a la luz del Padre Nuestro. Puedes preguntarte, por ejemplo, si tus oraciones comienzan con adoraci\u00f3n, si dan espacio a la voluntad de Dios, si expresan dependencia diaria, si incluyen confesi\u00f3n y perd\u00f3n, y si reconocen la realidad de la tentaci\u00f3n y del mal.<\/span><\/p>\n<p><span style=\"font-weight: 400;\">Cuando se reconoce al Padre Nuestro como la oraci\u00f3n m\u00e1s famosa de la Biblia, se abre una oportunidad. No se trata solo de saber un dato b\u00edblico, se trata de dejar que Jes\u00fas, por medio de su Palabra, vuelva a ense\u00f1arnos a orar con un coraz\u00f3n centrado en Dios Padre, confiado en la obra de Cristo y abierto a la gu\u00eda del Esp\u00edritu Santo.<\/span><\/p>\n<p><span style=\"font-weight: 400;\">An\u00e1lisis detallado del Padre Nuestro frase por frase<\/span><\/p>\n<p><span style=\"font-weight: 400;\">Una vez identificada la oraci\u00f3n m\u00e1s famosa de la Biblia, el Padre Nuestro, el siguiente paso es ir frase por frase. Esta ex\u00e9gesis pr\u00e1ctica ayuda a que lo que quiz\u00e1s repites de memoria se convierta en una gu\u00eda consciente de comuni\u00f3n con Dios. Cada segmento revela algo del car\u00e1cter del Padre, del se\u00f1or\u00edo de Cristo y de la obra del Esp\u00edritu Santo en la vida del creyente.<\/span><\/p>\n<h3><b>\u00ab Notre P\u00e8re qui es aux cieux \u00bb<\/b><\/h3>\n<p><span style=\"font-weight: 400;\">La oraci\u00f3n comienza con una relaci\u00f3n, no con una lista de necesidades. Decir \u201cPadre nuestro\u201d afirma que Dios no es una fuerza impersonal, es un Padre personal que conoce, ama y corrige. Para la fe cristiana, y en especial para la fe adventista, esta paternidad se entiende a la luz de Jesucristo, el Hijo eterno que nos introduce en la familia de Dios.<\/span><\/p>\n<p><span style=\"font-weight: 400;\">La expresi\u00f3n \u201cnuestro\u201d recuerda que la vida cristiana no se vive en soledad. El creyente se sabe parte de un pueblo. En la pr\u00e1ctica de la iglesia en el mundo, esta conciencia debiera afectar la manera en que oramos en la congregaci\u00f3n. No hablas solo de \u201cmi problema\u201d y \u201cmi bendici\u00f3n\u201d, presentas al Padre las cargas y alegr\u00edas de toda la comunidad.<\/span><\/p>\n<p><span style=\"font-weight: 400;\">\u201cQue est\u00e1s en los cielos\u201d no indica distancia, indica autoridad y gloria. Dios trasciende la realidad humana, gobierna sobre toda la creaci\u00f3n. Esa frase mantiene el equilibrio, confianza filial y reverencia. No se trata de un \u201cpap\u00e1\u201d reducido a amigo sin autoridad, se trata del Padre soberano que habita en los cielos pero se interesa por sus hijos en la tierra.<\/span><\/p>\n<h3><b>\u00ab Que ton nom soit sanctifi\u00e9 \u00bb<\/b><\/h3>\n<p><span style=\"font-weight: 400;\">Las primeras palabras de Jes\u00fas orientan la prioridad. Antes de hablar de pan, salud o protecci\u00f3n, la oraci\u00f3n se centra en la santidad del nombre de Dios. En la Biblia, el \u201cnombre\u201d representa el car\u00e1cter. Pedir que su nombre sea santificado es pedir que Dios sea reconocido como realmente es, santo, justo, bueno, fiel.<\/span><\/p>\n<p><span style=\"font-weight: 400;\">Para un creyente adventista que ama la Ley de Dios, esta petici\u00f3n resuena con fuerza. La vida entera se entiende como un llamado a reflejar el car\u00e1cter del Padre. El s\u00e1bado, el cuidado del cuerpo, la honestidad en el trabajo, la pureza en las relaciones, todo eso contribuye o da\u00f1a la santificaci\u00f3n del nombre divino.<\/span><\/p>\n<p><span style=\"font-weight: 400;\">Cuando pronuncias esta frase, en realidad est\u00e1s diciendo, \u201cSe\u00f1or, que mi vida, mi iglesia y mi pa\u00eds te reconozcan como el Dios santo de la Biblia\u201d. Es una oraci\u00f3n de adoraci\u00f3n y, al mismo tiempo, un compromiso pr\u00e1ctico con la obediencia.<\/span><\/p>\n<h3><b>\u00abQue ton r\u00e8gne vienne\u00bb<\/b><\/h3>\n<p><span style=\"font-weight: 400;\">En esta petici\u00f3n aparece el coraz\u00f3n del mensaje de Jes\u00fas. \u00c9l predic\u00f3 el Reino de Dios, la soberan\u00eda activa del Padre que irrumpe en la historia para salvar, restaurar y juzgar. Al orar \u201cvenga tu Reino\u201d, reconoces que el mundo actual no est\u00e1 como Dios desea. Pides que su gobierno se haga visible en la vida personal, en la iglesia y en la sociedad.<\/span><\/p>\n<p><span style=\"font-weight: 400;\">Para la comunidad adventista, esta frase se conecta en forma directa con la esperanza en la segunda venida de Cristo. El Reino ya ha comenzado en la primera venida de Jes\u00fas, en su vida, muerte y resurrecci\u00f3n, pero todav\u00eda esperamos su plenitud. Cada vez que un creyente en el mundo pronuncia \u201cvenga tu Reino\u201d, est\u00e1 uniendo el presente con esa esperanza futura.<\/span><\/p>\n<p><span style=\"font-weight: 400;\">Esta petici\u00f3n tambi\u00e9n corrige el ego\u00edsmo espiritual. No se trata de que \u201cvenga mi proyecto\u201d, \u201cmi ministerio\u201d, \u201cmi agenda\u201d. El foco es uno solo, que el Reino de Dios avance, aunque eso implique ajustes profundos en los planes personales.<\/span><\/p>\n<h3><b>\u201cH\u00e1gase tu voluntad, como en el cielo, as\u00ed tambi\u00e9n en la tierra\u201d<\/b><\/h3>\n<p><span style=\"font-weight: 400;\">Aqu\u00ed la oraci\u00f3n reconoce que la voluntad perfecta de Dios ya se cumple plenamente en el cielo. En la tierra, en cambio, hay resistencia, pecado, rebeld\u00eda. Pedir que se haga su voluntad es rendir la propia. En vez de usar la oraci\u00f3n como un intento de torcer el brazo de Dios, el creyente se pone a disposici\u00f3n del plan divino.<\/span><\/p>\n<p><span style=\"font-weight: 400;\">Para una fe que valora los mandamientos, como la adventista, esta frase es muy concreta. La voluntad de Dios no es un misterio nebuloso. Se revela en la Escritura, en la vida de Cristo y en la gu\u00eda del Esp\u00edritu Santo. Orar as\u00ed implica disposici\u00f3n a ajustar decisiones diarias, desde el uso del tiempo hasta la manera de administrar recursos.<\/span><\/p>\n<p><span style=\"font-weight: 400;\">En la vida de iglesia, esta petici\u00f3n tambi\u00e9n protege de conflictos centrados en gustos personales. Cuando una comunidad en el mundo ora \u201ch\u00e1gase tu voluntad\u201d, reconoce que la prioridad no es ganar discusiones internas, sino discernir juntos qu\u00e9 pide Dios a esa congregaci\u00f3n en ese contexto.<\/span><\/p>\n<h3><b>\u00ab Donne-nous aujourd&#039;hui notre pain quotidien \u00bb<\/b><\/h3>\n<p><span style=\"font-weight: 400;\">Reci\u00e9n en este punto aparece la primera petici\u00f3n material. El orden es pedag\u00f3gico, primero Dios y su gloria, despu\u00e9s las necesidades. El \u201cpan\u201d representa todo lo necesario para la vida diaria, alimentaci\u00f3n, salud, trabajo, sustento. No se trata de lujo, se trata de lo b\u00e1sico para vivir con dignidad.<\/span><\/p>\n<p><span style=\"font-weight: 400;\">Esta frase ense\u00f1a dependencia. El creyente reconoce que, por m\u00e1s esfuerzo que haga, la provisi\u00f3n \u00faltima viene del Padre. En el contexto mundial, con desaf\u00edos econ\u00f3micos diversos, esta oraci\u00f3n se vuelve muy concreta. Las familias, los j\u00f3venes, los adultos mayores, todos necesitan recordar que su seguridad no est\u00e1 en un sueldo o un t\u00edtulo, est\u00e1 en Dios.<\/span><\/p>\n<p><span style=\"font-weight: 400;\">Tambi\u00e9n hay una dimensi\u00f3n comunitaria. Decimos \u201cdanos\u201d, no \u201cdame\u201d. Esto abre los ojos frente a la necesidad del pr\u00f3jimo. Quien ora as\u00ed no solo pide pan para s\u00ed, se vuelve sensible a la falta de pan del hermano. All\u00ed aparece el llamado a compartir, a apoyar, a servir con lo que el Se\u00f1or provee.<\/span><\/p>\n<h3><b>\u201cY perd\u00f3nanos nuestras deudas, como tambi\u00e9n nosotros perdonamos a nuestros deudores\u201d<\/b><\/h3>\n<p><span style=\"font-weight: 400;\">La oraci\u00f3n pasa del pan a la culpa. La imagen de \u201cdeudas\u201d subraya que el pecado no es un simple error, es una ofensa real frente a la santidad de Dios. Al pedir perd\u00f3n, el creyente reconoce su condici\u00f3n, depende de la gracia que se revela en la cruz de Cristo.<\/span><\/p>\n<p><span style=\"font-weight: 400;\">Para la comprensi\u00f3n adventista del juicio y del santuario, esta frase tiene un peso profundo. No basta saber que Dios perdona en teor\u00eda, hace falta venir a \u00c9l, confesar, aceptar el perd\u00f3n basado en la obra de Jes\u00fas. Cada vez que pronuncias estas palabras, te colocas otra vez bajo la misericordia divina.<\/span><\/p>\n<p><span style=\"font-weight: 400;\">La segunda parte de la frase suma un reto. \u201cComo tambi\u00e9n nosotros perdonamos\u201d. El perd\u00f3n recibido se ofrece a otros. No se trata de ganar m\u00e9ritos, se trata de coherencia. Quien recibe misericordia no puede mantener un coraz\u00f3n duro. En la pr\u00e1ctica de la iglesia local, esto impacta la manera en que se abordan conflictos, diferencias y heridas antiguas.<\/span><\/p>\n<h3><b>\u201cY no nos metas en tentaci\u00f3n, mas l\u00edbranos del mal\u201d<\/b><\/h3>\n<p><span style=\"font-weight: 400;\">Aqu\u00ed la oraci\u00f3n aborda la realidad de la lucha espiritual. El creyente no vive en un terreno neutral, enfrenta tentaciones internas y presiones externas. Pedir que Dios no nos lleve a la tentaci\u00f3n no significa que \u00c9l sea el autor del mal, significa que reconocemos nuestra fragilidad y suplicamos protecci\u00f3n, direcci\u00f3n, discernimiento.<\/span><\/p>\n<p><span style=\"font-weight: 400;\">La petici\u00f3n \u201cl\u00edbranos del mal\u201d tiene una dimensi\u00f3n amplia. Puede entenderse como mal en general o como el maligno. En cualquier caso, expresa la conciencia de que existe un enemigo real del plan de Dios. Esta idea armoniza con la visi\u00f3n adventista del gran conflicto entre Cristo y Satan\u00e1s, que recorre la historia b\u00edblica desde el G\u00e9nesis hasta el Apocalipsis.<\/span><\/p>\n<p><span style=\"font-weight: 400;\">Quien ora as\u00ed no juega con el pecado. Reconoce sus puntos d\u00e9biles, pide ayuda antes de caer, no solo despu\u00e9s. Para la vida cristiana en el mundo, esto es clave. Las presiones culturales, las tentaciones ligadas al consumo, al uso de medios, a las relaciones afectivas, todo eso exige una actitud de vigilancia y oraci\u00f3n constante.<\/span><\/p>\n<h3><b>\u201cPorque tuyo es el Reino, el poder y la gloria por los siglos\u201d<\/b><\/h3>\n<p><span style=\"font-weight: 400;\">Muchas tradiciones cristianas incluyen esta doxolog\u00eda al final del Padre Nuestro. Conecta las peticiones con una declaraci\u00f3n de confianza. El Reino, el poder y la gloria pertenecen solo a Dios. La oraci\u00f3n termina como empez\u00f3, centrada en \u00c9l.<\/span><\/p>\n<p><span style=\"font-weight: 400;\">Esta frase afirma tres convicciones. Dios gobierna, Dios puede, Dios merece toda adoraci\u00f3n. Cuando una iglesia adventista la pronuncia, recuerda que su misi\u00f3n, su crecimiento y su fidelidad no dependen de su propia fuerza, dependen del Se\u00f1or soberano que reina en el cielo y act\u00faa en la historia humana.<\/span><\/p>\n<p><span style=\"font-weight: 400;\">En un contexto donde abundan mensajes que exaltan el poder humano, esta confesi\u00f3n protege el coraz\u00f3n de la autosuficiencia. Sit\u00faa a la iglesia en el lugar correcto, servidores de un Rey que no comparte su gloria con nadie.<\/span><\/p>\n<h3><b>\u201cAm\u00e9n\u201d<\/b><\/h3>\n<p><span style=\"font-weight: 400;\">La oraci\u00f3n concluye con una palabra breve y cargada de contenido. \u201cAm\u00e9n\u201d significa \u201cas\u00ed es\u201d, \u201ces verdad\u201d, \u201cque as\u00ed sea\u201d. No es un simple cierre autom\u00e1tico, es una expresi\u00f3n de fe. El creyente dice, en otras palabras, \u201cConf\u00edo en que lo que he pedido seg\u00fan la voluntad de Dios est\u00e1 en sus manos, y acepto su respuesta\u201d.<\/span><\/p>\n<p><span style=\"font-weight: 400;\">Pronunciar \u201cam\u00e9n\u201d despu\u00e9s del Padre Nuestro implica algo m\u00e1s que terminar la oraci\u00f3n, implica descansar en el car\u00e1cter del Padre, en la obra completa de Jesucristo y en la gu\u00eda constante del Esp\u00edritu Santo. Quien dice \u201cam\u00e9n\u201d se levanta de la oraci\u00f3n dispuesto a vivir de acuerdo con lo que ha pedido.<\/span><\/p>\n<h2><span class=\"ez-toc-section\" id=\"Como_cada_frase_moldea_la_relacion_con_Dios\"><\/span><b>C\u00f3mo cada frase moldea la relaci\u00f3n con Dios<\/b><span class=\"ez-toc-section-end\"><\/span><\/h2>\n<p><span style=\"font-weight: 400;\">Vistas en conjunto, las frases del Padre Nuestro ofrecen un marco claro para la relaci\u00f3n entre el creyente y Dios.<\/span><\/p>\n<ul>\n<li style=\"font-weight: 400;\" aria-level=\"1\"><b>Identidad<\/b><span style=\"font-weight: 400;\">. \u201cPadre nuestro\u201d te recuerda qui\u00e9n eres, hijo o hija, parte de un pueblo.<\/span><\/li>\n<li style=\"font-weight: 400;\" aria-level=\"1\"><b>Prioridad<\/b><span style=\"font-weight: 400;\">. \u201cSantificado sea tu nombre\u201d y \u201cvenga tu Reino\u201d fijan el centro en Dios, no en el yo.<\/span><\/li>\n<li style=\"font-weight: 400;\" aria-level=\"1\"><b>Sumisi\u00f3n<\/b><span style=\"font-weight: 400;\">. \u201cH\u00e1gase tu voluntad\u201d ense\u00f1a a rendir planes y deseos a la direcci\u00f3n divina.<\/span><\/li>\n<li style=\"font-weight: 400;\" aria-level=\"1\"><b>Dependencia<\/b><span style=\"font-weight: 400;\">. \u201cEl pan nuestro de cada d\u00eda\u201d forma un coraz\u00f3n agradecido y confiado en la provisi\u00f3n del Padre.<\/span><\/li>\n<li style=\"font-weight: 400;\" aria-level=\"1\"><b>Restauration<\/b><span style=\"font-weight: 400;\">. \u201cPerd\u00f3nanos nuestras deudas\u201d abre el camino a una vida reconciliada con Dios y con el pr\u00f3jimo.<\/span><\/li>\n<li style=\"font-weight: 400;\" aria-level=\"1\"><b>Vigilancia espiritual<\/b><span style=\"font-weight: 400;\">. \u201cNo nos metas en tentaci\u00f3n, l\u00edbranos del mal\u201d mantiene despierta la conciencia frente al pecado y al enemigo.<\/span><\/li>\n<li style=\"font-weight: 400;\" aria-level=\"1\"><b>Adoraci\u00f3n confiada<\/b><span style=\"font-weight: 400;\">. \u201cTuyo es el Reino, el poder y la gloria\u201d corona todo con alabanza y descanso en la soberan\u00eda de Dios.<\/span><\/li>\n<\/ul>\n<p><span style=\"font-weight: 400;\">Esta estructura puede servir como esquema para tus tiempos devocionales, para la oraci\u00f3n familiar y para la oraci\u00f3n congregacional. Es una escuela permanente de discipulado. Si quieres seguir profundizando en c\u00f3mo esta oraci\u00f3n se integra en el mensaje general de la Biblia, puede ayudarte revisar contenidos sobre el<\/span><a href=\"https:\/\/cleefbible.com\/en\/new-testament\/\"> <span style=\"font-weight: 400;\">le Nouveau Testament<\/span><\/a><span style=\"font-weight: 400;\"> y sobre el<\/span><a href=\"https:\/\/cleefbible.com\/en\/gospel-biblical-meaning-and-complete-explanation\/\"> <span style=\"font-weight: 400;\">significado b\u00edblico del evangelio<\/span><\/a><span style=\"font-weight: 400;\">, ya que ambos temas se entrelazan con cada petici\u00f3n del Padre Nuestro.<\/span><\/p>\n<h2><span class=\"ez-toc-section\" id=\"Principales_ensenanzas_y_valores_transmitidos_en_el_Padre_Nuestro\"><\/span><b>Principales ense\u00f1anzas y valores transmitidos en el Padre Nuestro<\/b><span class=\"ez-toc-section-end\"><\/span><\/h2>\n<p><span style=\"font-weight: 400;\">El Padre Nuestro no solo ense\u00f1a c\u00f3mo orar, tambi\u00e9n forma el car\u00e1cter. Cada petici\u00f3n trabaja un valor cristiano concreto que el Esp\u00edritu Santo quiere grabar en la vida del creyente. Para la comunidad adventista en el mundo, estos valores no se quedan en teor\u00eda, tocan la manera de vivir el s\u00e1bado, de relacionarse en la iglesia local, de enfrentar las tensiones del pa\u00eds y de dar testimonio de Jesucristo.<\/span><\/p>\n<h3><b>Fe: confiar en el Padre en todo<\/b><\/h3>\n<p><span style=\"font-weight: 400;\">Desde la primera palabra, \u201cPadre\u201d, el Padre Nuestro es una escuela de fe. Orar as\u00ed implica confiar de manera personal en Dios, creer que escucha, que se interesa y que act\u00faa. No se trata de una fe vaga, se apoya en lo que Dios ha revelado de s\u00ed mismo en la Biblia y en lo que hizo por nosotros en Jesucristo.<\/span><\/p>\n<p><span style=\"font-weight: 400;\">Esta fe tiene varias caracter\u00edsticas que se pueden usar como marco de autoevaluaci\u00f3n.<\/span><\/p>\n<ul>\n<li style=\"font-weight: 400;\" aria-level=\"1\"><b>Fe relacional<\/b><span style=\"font-weight: 400;\">, se basa en una relaci\u00f3n de hijo o hija, no solo en aceptar doctrinas correctas. El creyente se acerca con confianza, no con miedo paralizante.<\/span><\/li>\n<li style=\"font-weight: 400;\" aria-level=\"1\"><b>Fe obediente<\/b><span style=\"font-weight: 400;\">, se refleja en la disposici\u00f3n a decir \u201ch\u00e1gase tu voluntad\u201d. No es una fe que exige, es una fe que se somete.<\/span><\/li>\n<li style=\"font-weight: 400;\" aria-level=\"1\"><b>Fe perseverante<\/b><span style=\"font-weight: 400;\">, reconoce que las respuestas de Dios pueden tomar tiempo, pero sigue orando \u201cvenga tu Reino\u201d, incluso cuando la realidad parece ir en direcci\u00f3n contraria.<\/span><\/li>\n<\/ul>\n<p><span style=\"font-weight: 400;\">En la pr\u00e1ctica diaria del adventista en el mundo, esta fe se expresa en decisiones concretas, guardar el s\u00e1bado a pesar de presiones laborales, confiar en la provisi\u00f3n de Dios cuando el presupuesto est\u00e1 ajustado, sostener la esperanza en la segunda venida de Cristo aunque la cultura relativice la fe b\u00edblica.<\/span><\/p>\n<h3><b>Humildad: poner a Dios primero<\/b><\/h3>\n<p><span style=\"font-weight: 400;\">Las primeras tres peticiones, centradas en el nombre de Dios, su Reino y su voluntad, ense\u00f1an humildad. La oraci\u00f3n no gira alrededor de \u201cmi nombre\u201d, \u201cmi reino\u201d o \u201cmi voluntad\u201d. La persona que ora aprende a reconocer que la historia no tiene como centro sus intereses, sino el prop\u00f3sito eterno del Padre.<\/span><\/p>\n<p><span style=\"font-weight: 400;\">Esta humildad se puede trabajar con algunas preguntas gu\u00eda.<\/span><\/p>\n<ul>\n<li style=\"font-weight: 400;\" aria-level=\"1\"><b>\u00bfQu\u00e9 busco primero al orar?<\/b><span style=\"font-weight: 400;\"> Si lo primero siempre son mis problemas, el Padre Nuestro invita a reajustar el enfoque.<\/span><\/li>\n<li style=\"font-weight: 400;\" aria-level=\"1\"><b>\u00bfQu\u00e9 pesa m\u00e1s en mis decisiones?<\/b><span style=\"font-weight: 400;\"> \u201cLo que quiero\u201d o \u201clo que la Palabra de Dios muestra como mejor\u201d.<\/span><\/li>\n<li style=\"font-weight: 400;\" aria-level=\"1\"><b>\u00bfC\u00f3mo reacciono cuando Dios responde distinto a lo que esperaba?<\/b><span style=\"font-weight: 400;\"> La humildad acepta que el Padre sabe m\u00e1s y mejor.<\/span><\/li>\n<\/ul>\n<p><span style=\"font-weight: 400;\">Para una iglesia donde se valora tanto la sana doctrina, la humildad tambi\u00e9n protege de la autosuficiencia espiritual. Recordar cada d\u00eda \u201csantificado sea tu nombre\u201d ayuda a no usar el conocimiento b\u00edblico para ganar discusiones, sino para honrar a Dios y servir mejor a las personas.<\/span><\/p>\n<h3><b>Perd\u00f3n: vivir reconciliados con Dios y con el pr\u00f3jimo<\/b><\/h3>\n<p><span style=\"font-weight: 400;\">El Padre Nuestro ense\u00f1a que la vida cristiana es imposible sin perd\u00f3n. Por un lado, el creyente necesita ser perdonado. Por otro lado, est\u00e1 llamado a perdonar. Las dos dimensiones caminan juntas. Una comunidad que ora \u201cperd\u00f3nanos nuestras deudas\u201d reconoce su necesidad permanente de la gracia que se revela en la cruz de Cristo.<\/span><\/p>\n<p><span style=\"font-weight: 400;\">Para que este valor baje de la cabeza al coraz\u00f3n, puede ayudar un esquema sencillo de reflexi\u00f3n personal.<\/span><\/p>\n<ol>\n<li style=\"font-weight: 400;\" aria-level=\"1\"><b>Reconocer<\/b><span style=\"font-weight: 400;\"> delante de Dios las \u201cdeudas\u201d espec\u00edficas, no solo decir \u201csoy pecador\u201d de forma general.<\/span><\/li>\n<li style=\"font-weight: 400;\" aria-level=\"1\"><b>Recordar<\/b><span style=\"font-weight: 400;\"> que el perd\u00f3n se basa en lo que Jes\u00fas hizo, no en el propio desempe\u00f1o religioso.<\/span><\/li>\n<li style=\"font-weight: 400;\" aria-level=\"1\"><b>Responder<\/b><span style=\"font-weight: 400;\"> al perd\u00f3n recibido con una actitud de gracia hacia quienes han fallado.<\/span><\/li>\n<\/ol>\n<p><span style=\"font-weight: 400;\">En el contexto de una iglesia local adventista, este valor impacta la manera de enfrentar ofensas, malentendidos o heridas antiguas. Una comunidad que repite el Padre Nuestro y al mismo tiempo alimenta rencores internos vive una incoherencia dolorosa. Trabajar el perd\u00f3n de forma intencional fortalece la unidad, la salud emocional y la credibilidad del testimonio cristiano.<\/span><\/p>\n<h3><b>Dependencia de Dios: vida diaria sostenida por el Padre<\/b><\/h3>\n<p><span style=\"font-weight: 400;\">La petici\u00f3n por el pan cotidiano ense\u00f1a un estilo de vida de dependencia, que combina responsabilidad humana y confianza en la provisi\u00f3n divina. El creyente trabaja, se esfuerza y planifica, pero reconoce que el resultado final est\u00e1 en manos del Se\u00f1or.<\/span><\/p>\n<p><span style=\"font-weight: 400;\">Este valor se puede aplicar en distintos \u00e1mbitos de la realidad mundial.<\/span><\/p>\n<ul>\n<li style=\"font-weight: 400;\" aria-level=\"1\"><b>\u00c1rea econ\u00f3mica<\/b><span style=\"font-weight: 400;\">, recordar cada d\u00eda que el salario, el alimento y el techo son regalos del Padre, evita el orgullo cuando las cosas van bien y la desesperaci\u00f3n cuando vienen tiempos dif\u00edciles.<\/span><\/li>\n<li style=\"font-weight: 400;\" aria-level=\"1\"><b>\u00c1rea de salud<\/b><span style=\"font-weight: 400;\">, el cuidado del cuerpo, tan resaltado en la experiencia adventista, se vive no como culto al rendimiento f\u00edsico, sino como respuesta agradecida al Dios que da la vida.<\/span><\/li>\n<li style=\"font-weight: 400;\" aria-level=\"1\"><b>\u00c1rea de proyectos e iglesia<\/b><span style=\"font-weight: 400;\">, los planes misioneros, las actividades juveniles, los ministerios de la congregaci\u00f3n, todo se presenta en oraci\u00f3n pidiendo \u201cdanos hoy\u201d, confiados en la provisi\u00f3n de recursos espirituales y materiales.<\/span><\/li>\n<\/ul>\n<p><span style=\"font-weight: 400;\">Esta dependencia tambi\u00e9n corrige la ansiedad. Quien ora cada d\u00eda por el pan de \u201choy\u201d aprende a no vivir atrapado en miedos por el ma\u00f1ana. Se apoya en un Padre que conoce cada detalle de la realidad nacional, de las familias y de la iglesia, y que no ha dejado de sostener a su pueblo a lo largo de la historia b\u00edblica. Para profundizar en esa historia de fidelidad divina puede ser \u00fatil revisar contenidos generales sobre los<\/span><a href=\"https:\/\/cleefbible.com\/fr\/auteurs-de-la-bible\/\"> <span style=\"font-weight: 400;\">autores de la Biblia<\/span><\/a><span style=\"font-weight: 400;\">, que muestran c\u00f3mo Dios gui\u00f3 a su pueblo en distintas \u00e9pocas.<\/span><\/p>\n<h3><b>Esperanza: vivir mirando el Reino que viene<\/b><\/h3>\n<p><span style=\"font-weight: 400;\">Cuando el creyente ora \u201cvenga tu Reino\u201d, abre la vida a la esperanza. No se resigna a que todo siga igual, espera la intervenci\u00f3n definitiva de Dios. Esta esperanza no es evasi\u00f3n de la realidad, impulsa a servir con m\u00e1s compromiso porque sabe que la historia tiene un final en manos de Cristo.<\/span><\/p>\n<p><span style=\"font-weight: 400;\">La esperanza que brota del Padre Nuestro tiene rasgos muy cercanos a la identidad adventista.<\/span><\/p>\n<ul>\n<li style=\"font-weight: 400;\" aria-level=\"1\"><b>Es esperanza centrada en Jes\u00fas<\/b><span style=\"font-weight: 400;\">, no en cambios meramente humanos. Se apoya en la promesa de su regreso y en la victoria del Reino de Dios.<\/span><\/li>\n<li style=\"font-weight: 400;\" aria-level=\"1\"><b>Es esperanza activa<\/b><span style=\"font-weight: 400;\">, motiva a la misi\u00f3n, al servicio, a la predicaci\u00f3n del evangelio, porque se sabe que Dios est\u00e1 reuniendo a un pueblo para ese d\u00eda.<\/span><\/li>\n<li style=\"font-weight: 400;\" aria-level=\"1\"><b>Es esperanza integral<\/b><span style=\"font-weight: 400;\">, abarca la restauraci\u00f3n de la creaci\u00f3n, la justicia, la sanidad plena. No se queda solo en la dimensi\u00f3n individual.<\/span><\/li>\n<\/ul>\n<p><span style=\"font-weight: 400;\">Para la iglesia adventista en el mundo, esta esperanza tiene impacto directo en la forma de mirar las noticias, las crisis sociales y los cambios culturales. La oraci\u00f3n diaria \u201cvenga tu Reino\u201d rescata del pesimismo y tambi\u00e9n del triunfalismo humano. Recuerda que la \u00faltima palabra no la tiene la econom\u00eda, ni las encuestas, ni los poderes de turno, la tiene Dios.<\/span><\/p>\n<h3><b>Otros valores que atraviesan toda la oraci\u00f3n<\/b><\/h3>\n<p><span style=\"font-weight: 400;\">Adem\u00e1s de fe, humildad, perd\u00f3n, dependencia y esperanza, el Padre Nuestro siembra otros valores que se entrelazan con los anteriores.<\/span><\/p>\n<ul>\n<li style=\"font-weight: 400;\" aria-level=\"1\"><b>Comuni\u00f3n<\/b><span style=\"font-weight: 400;\">, las expresiones \u201cnuestro\u201d, \u201cdanos\u201d, \u201cperd\u00f3nanos\u201d y \u201cl\u00edbranos\u201d forman un coraz\u00f3n comunitario. La espiritualidad no se vive como proyecto individualista.<\/span><\/li>\n<li style=\"font-weight: 400;\" aria-level=\"1\"><b>Santidad<\/b><span style=\"font-weight: 400;\">, la petici\u00f3n por la santificaci\u00f3n del nombre de Dios motiva una vida coherente, donde la doctrina, el car\u00e1cter y las relaciones reflejan el Evangelio.<\/span><\/li>\n<li style=\"font-weight: 400;\" aria-level=\"1\"><b>Discernimiento espiritual<\/b><span style=\"font-weight: 400;\">, al reconocer la realidad de la tentaci\u00f3n y del mal, el creyente aprende a vigilar, a probar los esp\u00edritus y a sujetar sus decisiones a la Palabra de Dios.<\/span><\/li>\n<\/ul>\n<p><span style=\"font-weight: 400;\">Estos valores se conectan con grandes temas b\u00edblicos que la comunidad adventista estudia con frecuencia, como la santidad de Dios, la obediencia a sus mandamientos, el conflicto entre el bien y el mal y la esperanza escatol\u00f3gica. Recursos que explican el<\/span><a href=\"https:\/\/cleefbible.com\/fr\/quest-ce-que-lapocalypse-dans-la-bible\/\"> <span style=\"font-weight: 400;\">sentido b\u00edblico del Apocalipsis<\/span><\/a><span style=\"font-weight: 400;\"> pueden complementar esta visi\u00f3n de esperanza y conflicto espiritual que el Padre Nuestro ya insin\u00faa.<\/span><\/p>\n<h3><b>Impacto en la pr\u00e1ctica diaria del cristiano adventista en el mundo<\/b><\/h3>\n<p><span style=\"font-weight: 400;\">Cuando el Padre Nuestro se ora con entendimiento, transforma la rutina del creyente. No se trata solo de repetirlo en el culto, se trata de dejar que marque el ritmo de la vida.<\/span><\/p>\n<ul>\n<li style=\"font-weight: 400;\" aria-level=\"1\"><b>En la devoci\u00f3n personal<\/b><span style=\"font-weight: 400;\">, puede servir como plantilla. Cada d\u00eda se toma una frase y se la desarrolla con palabras propias, aplicadas a la realidad local, al estudio, al trabajo, a la familia.<\/span><\/li>\n<li style=\"font-weight: 400;\" aria-level=\"1\"><b>En la vida familiar<\/b><span style=\"font-weight: 400;\">, puede ser parte del culto en casa, ayudando a ni\u00f1os, j\u00f3venes y adultos a aprender a orar con equilibrio, adorando, pidiendo, confesando y esperando en Dios.<\/span><\/li>\n<li style=\"font-weight: 400;\" aria-level=\"1\"><b>En la congregaci\u00f3n<\/b><span style=\"font-weight: 400;\">, puede orientar las reuniones de oraci\u00f3n, los cultos de mi\u00e9rcoles, las vigilias, para que no se centren solo en necesidades materiales, sino tambi\u00e9n en la santidad del nombre de Dios y en el avance de su Reino.<\/span><\/li>\n<li style=\"font-weight: 400;\" aria-level=\"1\"><b>En la misi\u00f3n<\/b><span style=\"font-weight: 400;\">, el orden del Padre Nuestro recuerda que toda obra misionera comienza con Dios y su Reino, no con proyectos humanos. Motiva a orar antes de actuar, a depender del Esp\u00edritu Santo y a evaluar la misi\u00f3n a la luz de la voluntad revelada en la Escritura.<\/span><\/li>\n<\/ul>\n<p><span style=\"font-weight: 400;\">As\u00ed, los valores que nacen del Padre Nuestro se vuelven visibles en la manera en que la iglesia trata a los m\u00e1s vulnerables, en la forma de usar los recursos, en el clima espiritual de los cultos y en la actitud frente a las dificultades. Cuando una comunidad adventista en el mundo ora de coraz\u00f3n como Jes\u00fas ense\u00f1\u00f3, su vida refleja con m\u00e1s claridad el car\u00e1cter del Padre y el mensaje del Evangelio.<\/span><\/p>\n<h2><span class=\"ez-toc-section\" id=\"Aplicacion_practica_para_la_comunidad_cristiana_y_adventista_en_el_mundo\"><\/span><b>Aplicaci\u00f3n pr\u00e1ctica para la comunidad cristiana y adventista en el mundo<\/b><span class=\"ez-toc-section-end\"><\/span><\/h2>\n<p><span style=\"font-weight: 400;\">Conocer el Padre Nuestro en profundidad es valioso, pero el punto central es otro, <\/span><b>c\u00f3mo llevar esta oraci\u00f3n a la vida diaria<\/b><span style=\"font-weight: 400;\">. La meta no es solo repetir palabras, sino dejar que lo que Jes\u00fas ense\u00f1\u00f3 marque el ritmo de la familia, de la iglesia local y de la misi\u00f3n en el mundo. Aqu\u00ed el enfoque es pr\u00e1ctico, concreto y pensado para la realidad de una comunidad cristiana y adventista que quiere vivir guiada por la Biblia.<\/span><\/p>\n<h3><b>Incorporar el Padre Nuestro en la vida cotidiana<\/b><\/h3>\n<p><span style=\"font-weight: 400;\">La vida diaria en el mundo suele ser intensa, trabajo, estudios, traslados, noticias que agotan. En medio de ese ritmo, el Padre Nuestro puede convertirse en un \u201ceje\u201d sencillo que ordena el d\u00eda y recuerda la presencia de Dios.<\/span><\/p>\n<ol>\n<li><b> Oraci\u00f3n personal guiada por el Padre Nuestro<\/b><\/li>\n<\/ol>\n<p><span style=\"font-weight: 400;\">En vez de repetirlo solo de memoria, puedes usarlo como estructura. Un esquema \u00fatil es este:<\/span><\/p>\n<ol>\n<li style=\"font-weight: 400;\" aria-level=\"1\"><b>Leer o recitar una frase<\/b><span style=\"font-weight: 400;\"> del Padre Nuestro.<\/span><\/li>\n<li style=\"font-weight: 400;\" aria-level=\"1\"><b>Detenerte unos instantes<\/b><span style=\"font-weight: 400;\"> y aplicarla a tu situaci\u00f3n concreta.<\/span><\/li>\n<li style=\"font-weight: 400;\" aria-level=\"1\"><b>Responder con tus propias palabras<\/b><span style=\"font-weight: 400;\"> a lo que esa frase te muestra de Dios y de tu vida.<\/span><\/li>\n<\/ol>\n<p><span style=\"font-weight: 400;\">Por ejemplo, al decir \u201csantificado sea tu nombre\u201d, puedes preguntarte en silencio qu\u00e9 \u00e1rea de tu car\u00e1cter hoy necesita reflejar mejor el nombre de Dios, y luego orar con tus propias palabras. Este enfoque transforma una oraci\u00f3n memorizada en un tiempo vivo de di\u00e1logo con el Padre.<\/span><\/p>\n<ol start=\"2\">\n<li><b> Marcar momentos del d\u00eda con el Padre Nuestro<\/b><\/li>\n<\/ol>\n<p><span style=\"font-weight: 400;\">Una forma sencilla de integrar esta oraci\u00f3n en la rutina es asociarla a momentos espec\u00edficos:<\/span><\/p>\n<ul>\n<li style=\"font-weight: 400;\" aria-level=\"1\"><b>Al despertar<\/b><span style=\"font-weight: 400;\">, para entregar el d\u00eda al Padre y ordenar tus prioridades seg\u00fan su Reino y su voluntad.<\/span><\/li>\n<li style=\"font-weight: 400;\" aria-level=\"1\"><b>Antes de comer<\/b><span style=\"font-weight: 400;\">, conectando el \u201cpan nuestro de cada d\u00eda\u201d con el alimento que tienes delante y con la gratitud por la provisi\u00f3n de Dios.<\/span><\/li>\n<li style=\"font-weight: 400;\" aria-level=\"1\"><b>Al terminar la jornada<\/b><span style=\"font-weight: 400;\">, repasando el d\u00eda a la luz de las frases del Padre Nuestro y pidiendo perd\u00f3n donde sea necesario.<\/span><\/li>\n<\/ul>\n<p><span style=\"font-weight: 400;\">No se trata de imponer reglas r\u00edgidas, sino de usar esta oraci\u00f3n como un recordatorio constante de que tu vida est\u00e1 delante del Padre celestial en todo momento.<\/span><\/p>\n<ol start=\"3\">\n<li><b> Uso del Padre Nuestro en momentos de crisis personal<\/b><\/li>\n<\/ol>\n<p><span style=\"font-weight: 400;\">En situaciones de ansiedad, tristeza o confusi\u00f3n, cuando cuesta encontrar palabras, puedes apoyarte en el Padre Nuestro como \u201coraci\u00f3n de emergencia\u201d. Una pauta pr\u00e1ctica es:<\/span><\/p>\n<ul>\n<li style=\"font-weight: 400;\" aria-level=\"1\"><span style=\"font-weight: 400;\">Respirar profundo y recitarlo lentamente.<\/span><\/li>\n<li style=\"font-weight: 400;\" aria-level=\"1\"><span style=\"font-weight: 400;\">Detenerte en la frase que m\u00e1s resuene con tu situaci\u00f3n.<\/span><\/li>\n<li style=\"font-weight: 400;\" aria-level=\"1\"><span style=\"font-weight: 400;\">Dejar que esa frase se convierta en un clamor sencillo, por ejemplo, \u201cvenga tu Reino\u201d frente a una situaci\u00f3n de injusticia, o \u201cl\u00edbranos del mal\u201d en momentos de fuerte tentaci\u00f3n.<\/span><\/li>\n<\/ul>\n<p><span style=\"font-weight: 400;\">Con el tiempo, descubrir\u00e1s que esta oraci\u00f3n b\u00edblica act\u00faa como ancla, te devuelve al car\u00e1cter de Dios cuando las emociones intentan tomar el control.<\/span><\/p>\n<h3><b>El Padre Nuestro en la familia cristiana y adventista<\/b><\/h3>\n<p><span style=\"font-weight: 400;\">El hogar es un lugar clave para que la ense\u00f1anza de Jes\u00fas se haga pr\u00e1ctica. Integrar el Padre Nuestro en la vida familiar ayuda a ni\u00f1os, j\u00f3venes y adultos a compartir un mismo lenguaje de fe.<\/span><\/p>\n<ol>\n<li><b> Culto familiar centrado en el Padre Nuestro<\/b><\/li>\n<\/ol>\n<p><span style=\"font-weight: 400;\">Un esquema sencillo para el culto familiar puede ser:<\/span><\/p>\n<ol>\n<li style=\"font-weight: 400;\" aria-level=\"1\"><b>Leer el Padre Nuestro en voz alta<\/b><span style=\"font-weight: 400;\">, todos juntos.<\/span><\/li>\n<li style=\"font-weight: 400;\" aria-level=\"1\"><b>Elegir una frase<\/b><span style=\"font-weight: 400;\"> y conversar brevemente qu\u00e9 significa con palabras simples.<\/span><\/li>\n<li style=\"font-weight: 400;\" aria-level=\"1\"><b>Aplicarla a la realidad de la familia en el mundo<\/b><span style=\"font-weight: 400;\">, estudios, trabajo, relaciones, desaf\u00edos econ\u00f3micos.<\/span><\/li>\n<li style=\"font-weight: 400;\" aria-level=\"1\"><b>Orar libremente<\/b><span style=\"font-weight: 400;\"> tomando esa frase como base.<\/span><\/li>\n<\/ol>\n<p><span style=\"font-weight: 400;\">Por ejemplo, una noche pueden enfocarse en \u201cel pan nuestro de cada d\u00eda\u201d y orar por quienes en el pa\u00eds no tienen lo necesario. Otra noche pueden centrarse en \u201cperd\u00f3nanos nuestras deudas\u201d y revisar si hay tensiones o palabras hirientes dentro del hogar que necesitan reconciliaci\u00f3n.<\/span><\/p>\n<ol start=\"2\">\n<li><b> Ense\u00f1ar a los ni\u00f1os a orar con el Padre Nuestro<\/b><\/li>\n<\/ol>\n<p><span style=\"font-weight: 400;\">Para la ni\u00f1ez, esta oraci\u00f3n es una puerta de entrada clara al coraz\u00f3n de Dios. Un camino pr\u00e1ctico es:<\/span><\/p>\n<ul>\n<li style=\"font-weight: 400;\" aria-level=\"1\"><span style=\"font-weight: 400;\">Ayudarles a memorizarla, una frase a la vez.<\/span><\/li>\n<li style=\"font-weight: 400;\" aria-level=\"1\"><span style=\"font-weight: 400;\">Explicar cada parte con im\u00e1genes sencillas, por ejemplo, \u201cPadre\u201d como alguien que cuida, protege y gu\u00eda.<\/span><\/li>\n<li style=\"font-weight: 400;\" aria-level=\"1\"><span style=\"font-weight: 400;\">Invitarlos a a\u00f1adir una frase propia despu\u00e9s de cada parte, para que no se quede en algo mec\u00e1nico.<\/span><\/li>\n<\/ul>\n<p><span style=\"font-weight: 400;\">Este ejercicio forma desde temprano una mente b\u00edblica y una confianza sencilla en Dios. Si quieres fortalecer a\u00fan m\u00e1s la base b\u00edblica de lo que ense\u00f1as a los ni\u00f1os, puede ayudarte revisar contenidos generales sobre el<\/span><a href=\"https:\/\/cleefbible.com\/fr\/histoires-bibliques\/\"> <span style=\"font-weight: 400;\">uso de historias b\u00edblicas<\/span><\/a><span style=\"font-weight: 400;\"> como apoyo en la ense\u00f1anza.<\/span><\/p>\n<ol start=\"3\">\n<li><b> Resolver conflictos familiares a la luz del \u201cperd\u00f3nanos\u201d<\/b><\/li>\n<\/ol>\n<p><span style=\"font-weight: 400;\">Cuando hay tensiones en el hogar, puede ser muy significativo orar juntos el Padre Nuestro, haciendo \u00e9nfasis en \u201cperd\u00f3nanos nuestras deudas, como tambi\u00e9n nosotros perdonamos\u201d. Una pauta pr\u00e1ctica:<\/span><\/p>\n<ol>\n<li style=\"font-weight: 400;\" aria-level=\"1\"><span style=\"font-weight: 400;\">Orar el Padre Nuestro en voz baja o moderada.<\/span><\/li>\n<li style=\"font-weight: 400;\" aria-level=\"1\"><span style=\"font-weight: 400;\">Guardar un momento de silencio despu\u00e9s de la parte del perd\u00f3n.<\/span><\/li>\n<li style=\"font-weight: 400;\" aria-level=\"1\"><span style=\"font-weight: 400;\">Dar oportunidad, si es posible, para que alguien exprese la necesidad de pedir perd\u00f3n o de ofrecerlo.<\/span><\/li>\n<\/ol>\n<p><span style=\"font-weight: 400;\">No se trata de forzar confesiones, sino de crear un ambiente donde el perd\u00f3n b\u00edblico se viva, no solo se mencione.<\/span><\/p>\n<h3><b>Uso del Padre Nuestro en la adoraci\u00f3n congregacional<\/b><\/h3>\n<p><span style=\"font-weight: 400;\">En la iglesia local, el Padre Nuestro puede fortalecer la unidad espiritual y doctrinal cuando se usa con intenci\u00f3n y no solo como costumbre.<\/span><\/p>\n<ol>\n<li><b> Integrarlo en el orden del culto sab\u00e1tico<\/b><\/li>\n<\/ol>\n<p><span style=\"font-weight: 400;\">El Padre Nuestro puede tener distintos lugares dentro del programa, por ejemplo:<\/span><\/p>\n<ul>\n<li style=\"font-weight: 400;\" aria-level=\"1\"><b>Como oraci\u00f3n de apertura<\/b><span style=\"font-weight: 400;\">, despu\u00e9s de un breve llamado a concentrar la mente en Dios, resaltando las primeras frases centradas en su nombre y su Reino.<\/span><\/li>\n<li style=\"font-weight: 400;\" aria-level=\"1\"><b>Como respuesta al serm\u00f3n<\/b><span style=\"font-weight: 400;\">, conectando el mensaje predicado con las peticiones del Padre Nuestro.<\/span><\/li>\n<li style=\"font-weight: 400;\" aria-level=\"1\"><b>Como parte del momento de intercesi\u00f3n<\/b><span style=\"font-weight: 400;\">, or\u00e1ndolo en conjunto y luego ampliando con peticiones espec\u00edficas por la iglesia, el pa\u00eds y la misi\u00f3n.<\/span><\/li>\n<\/ul>\n<p><span style=\"font-weight: 400;\">Lo importante es evitar que se convierta en una repetici\u00f3n sin reflexi\u00f3n. El l\u00edder o anciano puede, antes de orarlo, recordar brevemente un aspecto, por ejemplo, \u201cal orar hoy \u2018venga tu Reino\u2019 pensemos en la misi\u00f3n que Dios nos conf\u00eda en nuestro barrio\u201d.<\/span><\/p>\n<ol start=\"2\">\n<li><b> Reuniones de oraci\u00f3n guiadas por el Padre Nuestro<\/b><\/li>\n<\/ol>\n<p><span style=\"font-weight: 400;\">Una din\u00e1mica \u00fatil para reuniones de oraci\u00f3n de medio de semana es estructurar todo el tiempo en torno a las frases del Padre Nuestro. Un esquema posible:<\/span><\/p>\n<ol>\n<li style=\"font-weight: 400;\" aria-level=\"1\"><span style=\"font-weight: 400;\">Lectura grupal del Padre Nuestro.<\/span><\/li>\n<li style=\"font-weight: 400;\" aria-level=\"1\"><span style=\"font-weight: 400;\">Divisi\u00f3n del tiempo en bloques, cada uno dedicado a una frase o grupo de frases.<\/span><\/li>\n<li style=\"font-weight: 400;\" aria-level=\"1\"><span style=\"font-weight: 400;\">En cada bloque, una breve reflexi\u00f3n b\u00edblica y luego oraci\u00f3n en grupos peque\u00f1os o en plenaria.<\/span><\/li>\n<\/ol>\n<p><span style=\"font-weight: 400;\">Por ejemplo, un bloque puede centrarse en \u201csantificado sea tu nombre\u201d para orar por la santidad de la iglesia, otro en \u201cel pan nuestro de cada d\u00eda\u201d para presentar necesidades concretas de empleo o salud, y otro en \u201cl\u00edbranos del mal\u201d para interceder por j\u00f3venes frente a tentaciones espec\u00edficas.<\/span><\/p>\n<ol start=\"3\">\n<li><b> Cuidar el equilibrio en la adoraci\u00f3n congregacional<\/b><\/li>\n<\/ol>\n<p><span style=\"font-weight: 400;\">El Padre Nuestro puede servir como \u201cterm\u00f3metro\u201d de la vida de oraci\u00f3n de la iglesia. Los l\u00edderes pueden preguntarse peri\u00f3dicamente:<\/span><\/p>\n<ul>\n<li style=\"font-weight: 400;\" aria-level=\"1\"><span style=\"font-weight: 400;\">\u00bfNuestras oraciones p\u00fablicas incluyen adoraci\u00f3n y no solo listas de pedidos?<\/span><\/li>\n<li style=\"font-weight: 400;\" aria-level=\"1\"><span style=\"font-weight: 400;\">\u00bfDamos espacio al arrepentimiento y al perd\u00f3n, o evitamos esos temas?<\/span><\/li>\n<li style=\"font-weight: 400;\" aria-level=\"1\"><span style=\"font-weight: 400;\">\u00bfRecordamos el Reino que viene y la voluntad de Dios, o nos quedamos en preocupaciones inmediatas?<\/span><\/li>\n<\/ul>\n<p><span style=\"font-weight: 400;\">Usar la estructura del Padre Nuestro para revisar la pr\u00e1ctica congregacional ayuda a mantener una adoraci\u00f3n centrada en Dios, s\u00f3lida b\u00edblicamente y sensible a las necesidades reales.<\/span><\/p>\n<h3><b>El Padre Nuestro en la ense\u00f1anza b\u00edblica y la formaci\u00f3n de la iglesia<\/b><\/h3>\n<p><span style=\"font-weight: 400;\">M\u00e1s all\u00e1 de la oraci\u00f3n en s\u00ed, el Padre Nuestro es una herramienta did\u00e1ctica que la iglesia puede usar en la Escuela Sab\u00e1tica, en clases b\u00edblicas y en la formaci\u00f3n de nuevos creyentes.<\/span><\/p>\n<ol>\n<li><b> Serie de estudios b\u00edblicos sobre el Padre Nuestro<\/b><\/li>\n<\/ol>\n<p><span style=\"font-weight: 400;\">La iglesia local puede preparar una serie de estudios para Escuela Sab\u00e1tica, grupos peque\u00f1os o clases de doctrina, siguiendo las frases del Padre Nuestro como \u00edndice. Un posible marco:<\/span><\/p>\n<ul>\n<li style=\"font-weight: 400;\" aria-level=\"1\"><span style=\"font-weight: 400;\">Estudio 1, \u201cPadre nuestro que est\u00e1s en los cielos\u201d. Identidad de Dios como Padre, relaci\u00f3n filial, vida de oraci\u00f3n.<\/span><\/li>\n<li style=\"font-weight: 400;\" aria-level=\"1\"><span style=\"font-weight: 400;\">Estudio 2, \u201cSantificado sea tu nombre\u201d. Santidad de Dios, car\u00e1cter divino, vida coherente.<\/span><\/li>\n<li style=\"font-weight: 400;\" aria-level=\"1\"><span style=\"font-weight: 400;\">Estudio 3, \u201cVenga tu Reino, h\u00e1gase tu voluntad\u201d. Reino de Dios, segunda venida, obediencia.<\/span><\/li>\n<li style=\"font-weight: 400;\" aria-level=\"1\"><span style=\"font-weight: 400;\">Estudio 4, \u201cEl pan nuestro de cada d\u00eda\u201d. Dependencia, mayordom\u00eda, gratitud.<\/span><\/li>\n<li style=\"font-weight: 400;\" aria-level=\"1\"><span style=\"font-weight: 400;\">Estudio 5, \u201cPerd\u00f3nanos nuestras deudas\u201d. Justificaci\u00f3n, perd\u00f3n, reconciliaci\u00f3n con otros.<\/span><\/li>\n<li style=\"font-weight: 400;\" aria-level=\"1\"><span style=\"font-weight: 400;\">Estudio 6, \u201cNo nos metas en tentaci\u00f3n, l\u00edbranos del mal\u201d. Gran conflicto, tentaci\u00f3n, victoria en Cristo.<\/span><\/li>\n<\/ul>\n<p><span style=\"font-weight: 400;\">Este recorrido ofrece una teolog\u00eda compacta, pero muy profunda, centrada en las palabras de Jes\u00fas. Quien participe en una serie as\u00ed no solo memoriza una oraci\u00f3n, tambi\u00e9n fortalece su comprensi\u00f3n b\u00edblica. Si la iglesia quiere ampliar estos temas, puede complementar con recursos que traten sobre la historia y estructura de la Escritura, por ejemplo materiales basados en la diferencia entre<\/span><a href=\"https:\/\/cleefbible.com\/fr\/difference-entre-lancien-et-le-nouveau-testament\/\"> <span style=\"font-weight: 400;\">Ancien et Nouveau Testament<\/span><\/a><span style=\"font-weight: 400;\">.<\/span><\/p>\n<ol start=\"2\">\n<li><b> Formaci\u00f3n de nuevos miembros y j\u00f3venes<\/b><\/li>\n<\/ol>\n<p><span style=\"font-weight: 400;\">El Padre Nuestro puede ser parte de los cursos de preparaci\u00f3n para bautismo o de formaci\u00f3n juvenil. En este contexto se puede usar como:<\/span><\/p>\n<ul>\n<li style=\"font-weight: 400;\" aria-level=\"1\"><b>Resumen pr\u00e1ctico<\/b><span style=\"font-weight: 400;\"> de la relaci\u00f3n con Dios Padre por medio de Jes\u00fas.<\/span><\/li>\n<li style=\"font-weight: 400;\" aria-level=\"1\"><b>Punto de partida<\/b><span style=\"font-weight: 400;\"> para explicar doctrinas claves, como el Reino, la Ley, el juicio, el perd\u00f3n y la esperanza.<\/span><\/li>\n<li style=\"font-weight: 400;\" aria-level=\"1\"><b>Gu\u00eda de vida devocional<\/b><span style=\"font-weight: 400;\">, ense\u00f1ando a los nuevos creyentes a organizar sus tiempos de oraci\u00f3n siguiendo este modelo b\u00edblico.<\/span><\/li>\n<\/ul>\n<p><span style=\"font-weight: 400;\">Esto ayuda a que la fe no se reduzca a informaci\u00f3n doctrinal, sino que desde el inicio incluya una experiencia de oraci\u00f3n s\u00f3lida y b\u00edblicamente orientada.<\/span><\/p>\n<h3><b>Fortalecer la unidad comunitaria por medio del Padre Nuestro<\/b><\/h3>\n<p><span style=\"font-weight: 400;\">Una de las riquezas del Padre Nuestro es su car\u00e1cter comunitario. No dice \u201cPadre m\u00edo\u201d, sino \u201cPadre nuestro\u201d. No pide \u201cdame\u201d, sino \u201cdanos\u201d. Usarlo de forma consciente puede fortalecer la unidad en las iglesias adventistas de tu pa\u00eds o en en mundo.<\/span><\/p>\n<ol>\n<li><b> Orar juntos por las mismas verdades<\/b><\/li>\n<\/ol>\n<p><span style=\"font-weight: 400;\">Cuando una congregaci\u00f3n entera, en distintos horarios y ministerios, usa el Padre Nuestro como base frecuente de oraci\u00f3n, se crea un lenguaje compartido. Todos se acostumbran a pensar en t\u00e9rminos de nombre santificado, Reino, voluntad de Dios, pan diario, perd\u00f3n, lucha contra el mal.<\/span><\/p>\n<p><span style=\"font-weight: 400;\">Esto reduce el riesgo de que cada grupo o ministerio corra en una direcci\u00f3n distinta. Las prioridades se alinean porque todos se exponen una y otra vez al mismo modelo que Jes\u00fas dio.<\/span><\/p>\n<ol start=\"2\">\n<li><b> Trabajar tensiones internas a la luz del perd\u00f3n y del Reino<\/b><\/li>\n<\/ol>\n<p><span style=\"font-weight: 400;\">Cuando hay conflictos congregacionales, el Padre Nuestro ofrece dos frases especialmente necesarias, \u201cperd\u00f3nanos nuestras deudas\u201d y \u201cvenga tu Reino\u201d. Integrarlas de forma intencional en procesos de di\u00e1logo y reconciliaci\u00f3n puede ayudar a:<\/span><\/p>\n<ul>\n<li style=\"font-weight: 400;\" aria-level=\"1\"><span style=\"font-weight: 400;\">Recordar que todos necesitan perd\u00f3n, no solo \u201cel otro\u201d.<\/span><\/li>\n<li style=\"font-weight: 400;\" aria-level=\"1\"><span style=\"font-weight: 400;\">Reorientar el foco, no se trata de \u201cmi\u201d victoria en el conflicto, sino de la gloria de Dios y del avance de su Reino.<\/span><\/li>\n<\/ul>\n<p><span style=\"font-weight: 400;\">As\u00ed, esta oraci\u00f3n b\u00edblica se convierte en herramienta pastoral para sanar relaciones y mantener la iglesia enfocada en Cristo.<\/span><\/p>\n<ol start=\"3\">\n<li><b> Crear h\u00e1bitos comunitarios de oraci\u00f3n<\/b><\/li>\n<\/ol>\n<p><span style=\"font-weight: 400;\">La iglesia puede establecer momentos espec\u00edficos, por ejemplo en el culto sab\u00e1tico o en reuniones de junta, para orar juntos el Padre Nuestro. No como relleno, sino como confesi\u00f3n compartida de fe y dependencia. Con el tiempo, esa pr\u00e1ctica sencilla va moldeando la cultura espiritual de la congregaci\u00f3n.<\/span><\/p>\n<p><span style=\"font-weight: 400;\">Cuando el Padre Nuestro deja de ser solo \u201cla oraci\u00f3n m\u00e1s famosa de la Biblia\u201d y se vuelve oraci\u00f3n vivida en hogares, cultos, reuniones de oraci\u00f3n y procesos de ense\u00f1anza, la comunidad cristiana y adventista en el mundo experimenta algo muy concreto, su fe se organiza alrededor de lo que Jes\u00fas consider\u00f3 central, el Padre, su Reino, su voluntad, su provisi\u00f3n, su perd\u00f3n y su victoria sobre el mal.<\/span><\/p>\n<h2><span class=\"ez-toc-section\" id=\"Comparativa_con_otras_oraciones_biblicas_importantes\"><\/span><b>Comparativa con otras oraciones b\u00edblicas importantes<\/b><span class=\"ez-toc-section-end\"><\/span><\/h2>\n<p><span style=\"font-weight: 400;\">Reconocer al Padre Nuestro como la oraci\u00f3n m\u00e1s famosa de la Biblia no significa que las dem\u00e1s oraciones b\u00edblicas sean secundarias o poco relevantes. Al contrario, la riqueza de la oraci\u00f3n cristiana se entiende mejor cuando se la coloca al lado de otras oraciones inspiradas por el Esp\u00edritu Santo en toda la Escritura. Esta mirada comparativa ofrece un panorama amplio y ayuda a ver por qu\u00e9 la oraci\u00f3n que Jes\u00fas ense\u00f1\u00f3 ocupa un lugar tan especial para la fe cristiana y, en particular, para la comunidad adventista en el mundo.<\/span><\/p>\n<h3><b>Un marco para comparar oraciones b\u00edblicas<\/b><\/h3>\n<p><span style=\"font-weight: 400;\">Para no entrar en detalles excesivos, conviene usar un marco sencillo que permita ubicar distintas oraciones b\u00edblicas sin recurrir a relatos espec\u00edficos. Puedes pensar en las grandes oraciones de la Biblia seg\u00fan algunos criterios.<\/span><\/p>\n<ul>\n<li style=\"font-weight: 400;\" aria-level=\"1\"><b>Qui\u00e9n ora<\/b><span style=\"font-weight: 400;\"> (l\u00edder, profeta, rey, creyente an\u00f3nimo).<\/span><\/li>\n<li style=\"font-weight: 400;\" aria-level=\"1\"><b>Situaci\u00f3n<\/b><span style=\"font-weight: 400;\"> (alabanza, crisis, confesi\u00f3n, intercesi\u00f3n, acci\u00f3n de gracias).<\/span><\/li>\n<li style=\"font-weight: 400;\" aria-level=\"1\"><b>Enfoque principal<\/b><span style=\"font-weight: 400;\"> (car\u00e1cter de Dios, necesidad del pueblo, arrepentimiento, adoraci\u00f3n, misi\u00f3n).<\/span><\/li>\n<li style=\"font-weight: 400;\" aria-level=\"1\"><b>Alcance<\/b><span style=\"font-weight: 400;\"> (muy personal, familiar, nacional, universal).<\/span><\/li>\n<\/ul>\n<p><span style=\"font-weight: 400;\">Si miras las oraciones b\u00edblicas con estos criterios, notar\u00e1s algo importante. La mayor\u00eda nacen como respuesta de un ser humano a una situaci\u00f3n concreta. El Padre Nuestro, en cambio, nace como ense\u00f1anza directa de Jesucristo para moldear de forma general la vida de oraci\u00f3n de sus disc\u00edpulos.<\/span><\/p>\n<h3><b>Oraciones de alabanza frente al Padre Nuestro<\/b><\/h3>\n<p><span style=\"font-weight: 400;\">En la Biblia abundan oraciones de alabanza que exaltan el car\u00e1cter de Dios como Creador, Rey y Salvador. Suelen tener un tono po\u00e9tico, con expresiones que celebran la grandeza divina, la belleza de la creaci\u00f3n y las obras poderosas de Dios en la historia de su pueblo.<\/span><\/p>\n<p><span style=\"font-weight: 400;\">Si las comparas con el Padre Nuestro, aparecen algunas semejanzas y diferencias claras.<\/span><\/p>\n<ul>\n<li style=\"font-weight: 400;\" aria-level=\"1\"><b>Semejanzas<\/b><span style=\"font-weight: 400;\">.<\/span><\/li>\n<ul>\n<li style=\"font-weight: 400;\" aria-level=\"2\"><span style=\"font-weight: 400;\">Ambas colocan a Dios al centro, no al ser humano.<\/span><\/li>\n<li style=\"font-weight: 400;\" aria-level=\"2\"><span style=\"font-weight: 400;\">Ambas invitan a la reverencia y a la confianza.<\/span><\/li>\n<\/ul>\n<li style=\"font-weight: 400;\" aria-level=\"1\"><b>Diff\u00e9rences<\/b><span style=\"font-weight: 400;\">.<\/span><\/li>\n<ul>\n<li style=\"font-weight: 400;\" aria-level=\"2\"><span style=\"font-weight: 400;\">Las oraciones de alabanza suelen desarrollarse extensamente en torno a uno o pocos atributos de Dios.<\/span><\/li>\n<li style=\"font-weight: 400;\" aria-level=\"2\"><span style=\"font-weight: 400;\">El Padre Nuestro condensa la adoraci\u00f3n en pocas palabras, \u201cPadre nuestro que est\u00e1s en los cielos, santificado sea tu nombre\u201d, y luego pasa de inmediato al Reino, la voluntad, el pan, el perd\u00f3n y la lucha espiritual.<\/span><\/li>\n<\/ul>\n<\/ul>\n<p><span style=\"font-weight: 400;\">En la pr\u00e1ctica de una iglesia adventista en el mundo, las oraciones de alabanza pueden inspirar tiempos prolongados de adoraci\u00f3n, mientras que el Padre Nuestro ofrece una base compacta que integra adoraci\u00f3n con otras dimensiones de la vida cristiana.<\/span><\/p>\n<h3><b>Oraciones de confesi\u00f3n y arrepentimiento<\/b><\/h3>\n<p><span style=\"font-weight: 400;\">La Biblia tambi\u00e9n contiene oraciones donde el creyente reconoce su pecado, admite haber quebrantado la voluntad de Dios y suplica misericordia. Son oraciones intensas, que exhiben dolor por el pecado, hambre de restauraci\u00f3n y firme confianza en la compasi\u00f3n divina.<\/span><\/p>\n<p><span style=\"font-weight: 400;\">Si se las mira a la luz del Padre Nuestro, se pueden notar rasgos complementarios.<\/span><\/p>\n<ul>\n<li style=\"font-weight: 400;\" aria-level=\"1\"><b>Centradas en la culpa humana<\/b><span style=\"font-weight: 400;\">. Estas oraciones suelen profundizar en la gravedad del pecado, en las consecuencias espirituales y comunitarias de la desobediencia.<\/span><\/li>\n<li style=\"font-weight: 400;\" aria-level=\"1\"><b>Centradas en la gracia de Dios<\/b><span style=\"font-weight: 400;\">. Insisten en el car\u00e1cter fiel del Se\u00f1or, que perdona, limpia y renueva.<\/span><\/li>\n<\/ul>\n<p><span style=\"font-weight: 400;\">El Padre Nuestro, por su parte, incluye la confesi\u00f3n de forma breve, \u201cperd\u00f3nanos nuestras deudas\u201d, y la relaciona de inmediato con la pr\u00e1ctica del perd\u00f3n hacia los dem\u00e1s. No desciende en detalles de cada falta concreta, sino que ofrece una pauta diaria. El creyente adventista puede entonces usar oraciones b\u00edblicas de confesi\u00f3n para momentos de examen profundo, y el Padre Nuestro para mantener una actitud cotidiana de arrepentimiento y gracia hacia otros.<\/span><\/p>\n<h3><b>Oraciones de intercesi\u00f3n por el pueblo<\/b><\/h3>\n<p><span style=\"font-weight: 400;\">Otro grupo importante de oraciones b\u00edblicas son las intercesoras, donde alguien se coloca delante de Dios a favor de una comunidad, de un pueblo o incluso de toda la humanidad. Estas oraciones suelen incluir.<\/span><\/p>\n<ul>\n<li style=\"font-weight: 400;\" aria-level=\"1\"><span style=\"font-weight: 400;\">Reconocimiento del pecado colectivo.<\/span><\/li>\n<li style=\"font-weight: 400;\" aria-level=\"1\"><span style=\"font-weight: 400;\">Recuerdo de las promesas de Dios.<\/span><\/li>\n<li style=\"font-weight: 400;\" aria-level=\"1\"><span style=\"font-weight: 400;\">Pleito espiritual basado en el honor de Dios y su pacto.<\/span><\/li>\n<\/ul>\n<p><span style=\"font-weight: 400;\">En comparaci\u00f3n, el Padre Nuestro no menciona situaciones hist\u00f3ricas concretas, pero s\u00ed tiene un fuerte matiz comunitario. Usa \u201cnosotros\u201d, pide pan para \u201cnosotros\u201d, perd\u00f3n para \u201cnosotros\u201d y liberaci\u00f3n para \u201cnosotros\u201d. Por eso, puede servir como marco para toda intercesi\u00f3n en la iglesia.<\/span><\/p>\n<p><span style=\"font-weight: 400;\">Por ejemplo, cuando una congregaci\u00f3n en el mundo ora por su pa\u00eds, por las autoridades o por las nuevas generaciones, puede hacerlo siguiendo la estructura del Padre Nuestro. Primero, pidiendo que el nombre de Dios sea honrado en la naci\u00f3n, luego que su Reino avance, que su voluntad se cumpla en la vida p\u00fablica, que el \u201cpan\u201d llegue a quienes sufren necesidad, que haya perd\u00f3n y reconciliaci\u00f3n y que el Se\u00f1or libre a la sociedad del mal en todas sus formas.<\/span><\/p>\n<p><span style=\"font-weight: 400;\">Si quieres profundizar en c\u00f3mo la Biblia presenta la historia de Israel, el pueblo por el que muchas de estas oraciones intercesoras surgieron, puede ayudarte revisar el contenido sobre<\/span><a href=\"https:\/\/cleefbible.com\/fr\/le-choix-disrael\/\"> <span style=\"font-weight: 400;\">la elecci\u00f3n de Israel en la Biblia<\/span><\/a><span style=\"font-weight: 400;\">.<\/span><\/p>\n<h3><b>Oraciones en momentos de crisis personal<\/b><\/h3>\n<p><span style=\"font-weight: 400;\">La Escritura tambi\u00e9n registra oraciones que nacen en momentos de angustia individual. Son s\u00faplicas intensas, a veces muy breves, que expresan miedo, dolor, soledad, persecuci\u00f3n o enfermedad. Suelen incluir:<\/span><\/p>\n<ul>\n<li style=\"font-weight: 400;\" aria-level=\"1\"><span style=\"font-weight: 400;\">Reconocimiento de la propia fragilidad.<\/span><\/li>\n<li style=\"font-weight: 400;\" aria-level=\"1\"><span style=\"font-weight: 400;\">Descripci\u00f3n sincera del sufrimiento.<\/span><\/li>\n<li style=\"font-weight: 400;\" aria-level=\"1\"><span style=\"font-weight: 400;\">Petici\u00f3n de ayuda, protecci\u00f3n o liberaci\u00f3n.<\/span><\/li>\n<li style=\"font-weight: 400;\" aria-level=\"1\"><span style=\"font-weight: 400;\">Confianza en que Dios escucha, aunque la respuesta no sea inmediata.<\/span><\/li>\n<\/ul>\n<p><span style=\"font-weight: 400;\">Si comparas estas oraciones con el Padre Nuestro, ver\u00e1s que el modelo de Jes\u00fas no se centra en una sola situaci\u00f3n extrema. Es m\u00e1s bien una estructura para todo el caminar cristiano. Sin embargo, sus peticiones contienen lo necesario para atravesar cualquier crisis.<\/span><\/p>\n<p><span style=\"font-weight: 400;\">En momentos de dolor, la frase \u201cPadre nuestro\u201d sostiene la identidad de hijo, \u201cel pan nuestro\u201d recuerda la provisi\u00f3n b\u00e1sica, \u201cperd\u00f3nanos\u201d abre camino a la limpieza interior, y \u201cl\u00edbranos del mal\u201d se vuelve un clamor directo frente a amenazas concretas. Las oraciones de crisis profundizan en la experiencia emocional, el Padre Nuestro ofrece un eje estable al que puedes volver una y otra vez cuando las emociones se desbordan.<\/span><\/p>\n<h3><b>Oraciones que expresan misi\u00f3n y entrega<\/b><\/h3>\n<p><span style=\"font-weight: 400;\">Dentro de la Biblia tambi\u00e9n encontramos oraciones que expresan disposici\u00f3n a cumplir la misi\u00f3n de Dios, a servir, a ir donde el Se\u00f1or env\u00ede, a hablar cuando \u00c9l lo ordene. Son oraciones que suelen incluir:<\/span><\/p>\n<ul>\n<li style=\"font-weight: 400;\" aria-level=\"1\"><span style=\"font-weight: 400;\">Disponibilidad personal frente al llamado divino.<\/span><\/li>\n<li style=\"font-weight: 400;\" aria-level=\"1\"><span style=\"font-weight: 400;\">Reconocimiento de la propia incapacidad.<\/span><\/li>\n<li style=\"font-weight: 400;\" aria-level=\"1\"><span style=\"font-weight: 400;\">B\u00fasqueda de la gu\u00eda y la presencia de Dios para la tarea.<\/span><\/li>\n<\/ul>\n<p><span style=\"font-weight: 400;\">Comparadas con estas, el Padre Nuestro no menciona una tarea espec\u00edfica, pero s\u00ed establece la motivaci\u00f3n principal de toda misi\u00f3n, el Reino y la voluntad de Dios. Al orar \u201cvenga tu Reino, h\u00e1gase tu voluntad, como en el cielo, as\u00ed tambi\u00e9n en la tierra\u201d, todo creyente se pone en sinton\u00eda con la misi\u00f3n que Dios tiene para su vida, su iglesia y su pa\u00eds.<\/span><\/p>\n<p><span style=\"font-weight: 400;\">En la experiencia adventista en el mundo, donde la predicaci\u00f3n del evangelio y la preparaci\u00f3n para la segunda venida de Cristo ocupan un lugar central, las oraciones de misi\u00f3n encuentran un eje en el Padre Nuestro. No se ora solo por proyectos propios, se ora por el avance del Reino de Dios y por la obediencia fiel a su voluntad revelada en la Escritura.<\/span><\/p>\n<h3><b>Oraciones prof\u00e9ticas y visi\u00f3n del gran conflicto<\/b><\/h3>\n<p><span style=\"font-weight: 400;\">Algunas oraciones b\u00edblicas se conectan con visiones prof\u00e9ticas, con la revelaci\u00f3n de lo que Dios har\u00e1 en el futuro y con la realidad del conflicto entre el bien y el mal. Estas oraciones suelen mezclar adoraci\u00f3n, temor reverente, preguntas frente al sufrimiento y esperanza en la victoria final de Dios.<\/span><\/p>\n<p><span style=\"font-weight: 400;\">En este punto, la frase del Padre Nuestro \u201cl\u00edbranos del mal\u201d se conecta de manera especial. Esta petici\u00f3n asume que el mal no es solo un problema interior del ser humano, sino una realidad que se opone al plan de Dios, y de la cual solo el Se\u00f1or puede librar de verdad. Para la comprensi\u00f3n adventista del gran conflicto, donde se reconoce una batalla espiritual que recorre toda la historia b\u00edblica, esta parte del Padre Nuestro funciona como una s\u00edntesis muy clara.<\/span><\/p>\n<p><span style=\"font-weight: 400;\">Si la iglesia en el mundo quiere ampliar esta perspectiva, puede ser \u00fatil complementar el estudio de la oraci\u00f3n de Jes\u00fas con materiales que traten la dimensi\u00f3n prof\u00e9tica y escatol\u00f3gica de la Biblia, como los que abordan el sentido de la profec\u00eda o del Apocalipsis. Una introducci\u00f3n a esta tem\u00e1tica se puede encontrar en recursos como<\/span><a href=\"https:\/\/cleefbible.com\/en\/what-is-the-apocalypse-in-the-bible\/\"> <span style=\"font-weight: 400;\">qu\u00e9 es el Apocalipsis en la Biblia<\/span><\/a><span style=\"font-weight: 400;\">, que ayudan a contextualizar la petici\u00f3n \u201cl\u00edbranos del mal\u201d dentro del panorama mayor del triunfo final de Dios.<\/span><\/p>\n<h3><b>Por qu\u00e9 el Padre Nuestro se destaca entre todas<\/b><\/h3>\n<p><span style=\"font-weight: 400;\">Al comparar el Padre Nuestro con estas otras grandes familias de oraciones b\u00edblicas, se puede ver con m\u00e1s claridad por qu\u00e9 se destaca como la oraci\u00f3n m\u00e1s famosa y, al mismo tiempo, como modelo para la vida cristiana.<\/span><\/p>\n<ul>\n<li style=\"font-weight: 400;\" aria-level=\"1\"><b>Equilibrio \u00fanico<\/b><span style=\"font-weight: 400;\">. Mientras muchas oraciones se enfocan en un aspecto particular, alabanza, confesi\u00f3n, intercesi\u00f3n, clamor en crisis, misi\u00f3n, el Padre Nuestro integra todos esos elementos en una estructura breve.<\/span><\/li>\n<li style=\"font-weight: 400;\" aria-level=\"1\"><b>Origen en labios de Jes\u00fas<\/b><span style=\"font-weight: 400;\">. Las dem\u00e1s oraciones son respuestas humanas inspiradas por el Esp\u00edritu, esta es ense\u00f1anza directa del Hijo de Dios, que conoce el coraz\u00f3n del Padre y la realidad humana sin error.<\/span><\/li>\n<li style=\"font-weight: 400;\" aria-level=\"1\"><b>Aplicaci\u00f3n universal<\/b><span style=\"font-weight: 400;\">. No depende de un contexto hist\u00f3rico espec\u00edfico, una batalla, un exilio, una enfermedad concreta. Puede orarse en cualquier \u00e9poca, cultura y circunstancia, lo que la hace especialmente apropiada para la iglesia en el mundo hoy.<\/span><\/li>\n<li style=\"font-weight: 400;\" aria-level=\"1\"><b>Profundidad teol\u00f3gica accesible<\/b><span style=\"font-weight: 400;\">. Re\u00fane temas mayores de la Biblia, Reino, voluntad de Dios, provisi\u00f3n, perd\u00f3n, conflicto con el mal, en palabras sencillas que cualquier creyente puede memorizar y meditar.<\/span><\/li>\n<li style=\"font-weight: 400;\" aria-level=\"1\"><b>Car\u00e1cter comunitario<\/b><span style=\"font-weight: 400;\">. Mientras muchas oraciones b\u00edblicas est\u00e1n en primera persona singular, el Padre Nuestro forma la conciencia de \u201cpueblo\u201d, crucial para la identidad de la comunidad adventista.<\/span><\/li>\n<\/ul>\n<p><span style=\"font-weight: 400;\">Al ver el Padre Nuestro junto a las dem\u00e1s oraciones de la Escritura, se comprende mejor su lugar especial. No reemplaza las otras oraciones, les da un marco. No cancela la diversidad de la vida de oraci\u00f3n, la ordena alrededor de lo que Jes\u00fas consider\u00f3 central. Para las iglesias adventistas en el mundo, esta comparativa es una invitaci\u00f3n a valorar toda la riqueza de la oraci\u00f3n b\u00edblica, usando el Padre Nuestro como br\u00fajula que mantiene a la comunidad centrada en Dios Padre, en su Reino, en su voluntad, en su gracia diaria y en su victoria sobre el mal.<\/span><\/p>\n<h2><span class=\"ez-toc-section\" id=\"Preguntas_frecuentes_sobre_el_Padre_Nuestro_y_sus_respuestas\"><\/span><b>Preguntas frecuentes sobre el Padre Nuestro y sus respuestas<\/b><span class=\"ez-toc-section-end\"><\/span><\/h2>\n<p><span style=\"font-weight: 400;\">Cuando se habla del Padre Nuestro como la oraci\u00f3n m\u00e1s famosa de la Biblia, surgen muchas dudas pr\u00e1cticas. Algunas tienen que ver con su uso en el culto, otras con su sentido espiritual, y otras con las diferencias entre denominaciones. A continuaci\u00f3n encontrar\u00e1s una gu\u00eda de preguntas frecuentes pensada para la realidad de la iglesia cristiana y adventista en el mundo, con respuestas claras, centradas en la Biblia, en Dios Padre y en Jesucristo.<\/span><\/p>\n<h3><b>\u00bfEs correcto repetir el Padre Nuestro de memoria en la iglesia?<\/b><\/h3>\n<p><span style=\"font-weight: 400;\">S\u00ed, es correcto, siempre que se haga con entendimiento y coraz\u00f3n sincero. Jes\u00fas ense\u00f1\u00f3 el Padre Nuestro como modelo de oraci\u00f3n. La Biblia muestra que la iglesia puede usar oraciones conocidas en forma comunitaria. El problema no est\u00e1 en la repetici\u00f3n, sino en la repetici\u00f3n vac\u00eda.<\/span><\/p>\n<p><span style=\"font-weight: 400;\">Algunas pautas para usarlo bien en el culto:<\/span><\/p>\n<ul>\n<li style=\"font-weight: 400;\" aria-level=\"1\"><b>Preparar el coraz\u00f3n<\/b><span style=\"font-weight: 400;\">, antes de orarlo, el l\u00edder puede recordar brevemente su sentido, por ejemplo, el enfoque en el Reino o en el perd\u00f3n.<\/span><\/li>\n<li style=\"font-weight: 400;\" aria-level=\"1\"><b>Evitar la rutina mec\u00e1nica<\/b><span style=\"font-weight: 400;\">, es mejor orarlo menos veces con concentraci\u00f3n, que muchas veces sin pensar en lo que se dice.<\/span><\/li>\n<li style=\"font-weight: 400;\" aria-level=\"1\"><b>Conectar con la predicaci\u00f3n<\/b><span style=\"font-weight: 400;\">, usarlo como respuesta a un mensaje sobre la santidad de Dios, la segunda venida de Cristo o la dependencia del Padre.<\/span><\/li>\n<\/ul>\n<p><span style=\"font-weight: 400;\">La clave es simple, repetirlo s\u00ed, pero con fe, reverencia y entendimiento b\u00edblico.<\/span><\/p>\n<h3><b>Si Jes\u00fas dijo \u201corad as\u00ed\u201d, \u00bfsignifica que solo debemos orar el Padre Nuestro?<\/b><\/h3>\n<p><span style=\"font-weight: 400;\">No. Cuando Jes\u00fas dice \u201corad as\u00ed\u201d, ofrece un modelo, no una \u00fanica f\u00f3rmula. La misma Biblia contiene muchas otras oraciones, tanto en el Antiguo como en el Nuevo Testamento. Los disc\u00edpulos, m\u00e1s adelante, oran con palabras propias, aunque siguen el esp\u00edritu de lo que Jes\u00fas ense\u00f1\u00f3.<\/span><\/p>\n<p><span style=\"font-weight: 400;\">El Padre Nuestro sirve como referencia para toda oraci\u00f3n:<\/span><\/p>\n<ul>\n<li style=\"font-weight: 400;\" aria-level=\"1\"><span style=\"font-weight: 400;\">Te recuerda comenzar con Dios, su nombre y su Reino.<\/span><\/li>\n<li style=\"font-weight: 400;\" aria-level=\"1\"><span style=\"font-weight: 400;\">Te gu\u00eda a incluir dependencia, perd\u00f3n y lucha espiritual.<\/span><\/li>\n<li style=\"font-weight: 400;\" aria-level=\"1\"><span style=\"font-weight: 400;\">Te ayuda a mantener un equilibrio entre adoraci\u00f3n y petici\u00f3n.<\/span><\/li>\n<\/ul>\n<p><span style=\"font-weight: 400;\">Por eso, la pr\u00e1ctica saludable es orar el Padre Nuestro, y a la vez orar espont\u00e1neamente, guiado por el Esp\u00edritu Santo y por el resto de la ense\u00f1anza b\u00edblica.<\/span><\/p>\n<h3><b>\u00bfHay diferencias entre el Padre Nuestro que aparece en distintos pasajes de la Biblia?<\/b><\/h3>\n<p><span style=\"font-weight: 400;\">En la Biblia, el Padre Nuestro se registra en m\u00e1s de un evangelio, con peque\u00f1as variaciones de palabras y extensi\u00f3n. Esto no cambia su mensaje central. Las diferencias muestran que la iglesia primitiva guard\u00f3 la ense\u00f1anza de Jes\u00fas en contextos distintos, sin perder lo esencial.<\/span><\/p>\n<p><span style=\"font-weight: 400;\">Para la vida de la iglesia en el mundo, lo importante es:<\/span><\/p>\n<ul>\n<li style=\"font-weight: 400;\" aria-level=\"1\"><span style=\"font-weight: 400;\">Respetar el texto b\u00edblico que se utiliza en la versi\u00f3n de la Biblia elegida por la congregaci\u00f3n.<\/span><\/li>\n<li style=\"font-weight: 400;\" aria-level=\"1\"><span style=\"font-weight: 400;\">Entender que el contenido principal se mantiene, Dios como Padre, su nombre santo, su Reino, su voluntad, el pan diario, el perd\u00f3n y la liberaci\u00f3n del mal.<\/span><\/li>\n<\/ul>\n<p><span style=\"font-weight: 400;\">Si te interesa ahondar en c\u00f3mo se formaron y transmitieron estos textos b\u00edblicos, puede ser \u00fatil conocer m\u00e1s sobre los<\/span><a href=\"https:\/\/cleefbible.com\/fr\/langues-de-la-bible\/\"> <span style=\"font-weight: 400;\">langues de la Bible<\/span><\/a><span style=\"font-weight: 400;\"> y el proceso de traducci\u00f3n.<\/span><\/p>\n<h3><b>\u00bfPor qu\u00e9 algunas iglesias incluyen \u201cPorque tuyo es el Reino, el poder y la gloria\u201d y otras no?<\/b><\/h3>\n<p><span style=\"font-weight: 400;\">La frase de doxolog\u00eda final, \u201cporque tuyo es el Reino, el poder y la gloria por los siglos\u201d, aparece en muchas traducciones, sobre todo en el contexto del uso lit\u00fargico de la iglesia. En algunos manuscritos antiguos se encuentra, en otros no. Esto ha llevado a que distintas versiones de la Biblia la incluyan, la coloquen en nota o la omitan en el cuerpo principal del texto.<\/span><\/p>\n<p><span style=\"font-weight: 400;\">Desde el punto de vista espiritual, la frase:<\/span><\/p>\n<ul>\n<li style=\"font-weight: 400;\" aria-level=\"1\"><span style=\"font-weight: 400;\">Es coherente con el resto de la oraci\u00f3n, ya que exalta la soberan\u00eda de Dios.<\/span><\/li>\n<li style=\"font-weight: 400;\" aria-level=\"1\"><span style=\"font-weight: 400;\">No contradice ninguna ense\u00f1anza b\u00edblica.<\/span><\/li>\n<li style=\"font-weight: 400;\" aria-level=\"1\"><span style=\"font-weight: 400;\">Ha sido usada durante siglos como cierre de adoraci\u00f3n confiada.<\/span><\/li>\n<\/ul>\n<p><span style=\"font-weight: 400;\">Una iglesia adventista en el mundo puede decidir usarla sin problema, siempre con claridad de que la autoridad est\u00e1 en la totalidad de la Escritura. Lo esencial sigue siendo el contenido principal del Padre Nuestro, que nadie discute.<\/span><\/p>\n<h3><b>\u00bfEs obligatorio usar el Padre Nuestro en cada culto sab\u00e1tico?<\/b><\/h3>\n<p><span style=\"font-weight: 400;\">No es obligatorio. La Biblia no establece un mandato de usarlo en todos los cultos. Lo que s\u00ed deja claro es la importancia de orar de acuerdo con las prioridades que Jes\u00fas ense\u00f1\u00f3. Cada congregaci\u00f3n puede discernir, en oraci\u00f3n y estudio, c\u00f3mo integrar el Padre Nuestro en su adoraci\u00f3n.<\/span><\/p>\n<p><span style=\"font-weight: 400;\">Algunas iglesias lo usan:<\/span><\/p>\n<ul>\n<li style=\"font-weight: 400;\" aria-level=\"1\"><span style=\"font-weight: 400;\">En ocasiones especiales, como parte de jornadas de oraci\u00f3n.<\/span><\/li>\n<li style=\"font-weight: 400;\" aria-level=\"1\"><span style=\"font-weight: 400;\">En series de estudio sobre la vida de Jes\u00fas.<\/span><\/li>\n<li style=\"font-weight: 400;\" aria-level=\"1\"><span style=\"font-weight: 400;\">En momentos de unidad congregacional, donde se busca un clamor com\u00fan.<\/span><\/li>\n<\/ul>\n<p><span style=\"font-weight: 400;\">Lo recomendable es que nunca se convierta en un requisito r\u00edgido, pero tampoco en algo olvidado. Usarlo con intenci\u00f3n, de forma peri\u00f3dica, ayuda a mantener la iglesia alineada con el modelo de Cristo.<\/span><\/p>\n<h3><b>\u00bfC\u00f3mo se adapta el Padre Nuestro a la realidad cultural de tu pa\u00eds sin perder su sentido b\u00edblico?<\/b><\/h3>\n<p><span style=\"font-weight: 400;\">La oraci\u00f3n misma no se adapta en el contenido, porque es Palabra de Dios. Lo que s\u00ed se adapta es la explicaci\u00f3n y la aplicaci\u00f3n. La comunidad cristiana en el mundo debe orar el mismo texto b\u00edblico, pero explicando lo que significa, por ejemplo:<\/span><\/p>\n<ul>\n<li style=\"font-weight: 400;\" aria-level=\"1\"><span style=\"font-weight: 400;\">\u201cEl pan nuestro de cada d\u00eda\u201d en un contexto de desigualdad econ\u00f3mica, desempleo o inflaci\u00f3n.<\/span><\/li>\n<li style=\"font-weight: 400;\" aria-level=\"1\"><span style=\"font-weight: 400;\">\u201cVenga tu Reino\u201d frente a crisis sociales, desconfianza en las instituciones o cambios culturales.<\/span><\/li>\n<li style=\"font-weight: 400;\" aria-level=\"1\"><span style=\"font-weight: 400;\">\u201cL\u00edbranos del mal\u201d considerando tentaciones ligadas a la tecnolog\u00eda, al consumo o a la violencia.<\/span><\/li>\n<\/ul>\n<p><span style=\"font-weight: 400;\">La adaptaci\u00f3n saludable no cambia las palabras de Jes\u00fas, sino que traduce su sentido al lenguaje de la vida diaria en el mundo. La Biblia sigue siendo la autoridad, la cultura solo es el lugar donde esa verdad se vive.<\/span><\/p>\n<h3><b>\u00bfEl Padre Nuestro es \u201ccat\u00f3lico\u201d, \u201cevang\u00e9lico\u201d o \u201cadventista\u201d?<\/b><\/h3>\n<p><span style=\"font-weight: 400;\">El Padre Nuestro es b\u00edblico. No pertenece a una denominaci\u00f3n en particular, pertenece a la ense\u00f1anza de Jesucristo para toda su iglesia. Distintas tradiciones cristianas lo han incorporado en su liturgia de maneras diversas, pero el origen es el mismo, los evangelios.<\/span><\/p>\n<p><span style=\"font-weight: 400;\">Para la iglesia adventista, que reconoce la autoridad absoluta de la Escritura, lo importante es:<\/span><\/p>\n<ul>\n<li style=\"font-weight: 400;\" aria-level=\"1\"><span style=\"font-weight: 400;\">Volver al texto b\u00edblico, sin dejarse guiar solo por tradiciones humanas.<\/span><\/li>\n<li style=\"font-weight: 400;\" aria-level=\"1\"><span style=\"font-weight: 400;\">Usar el Padre Nuestro a la luz de todo el mensaje b\u00edblico, incluyendo la comprensi\u00f3n del Reino, la Ley, el juicio, la gracia y la segunda venida.<\/span><\/li>\n<li style=\"font-weight: 400;\" aria-level=\"1\"><span style=\"font-weight: 400;\">Evitar prejuicios, recibiendo esta oraci\u00f3n como lo que es, instrucci\u00f3n directa del Se\u00f1or Jes\u00fas.<\/span><\/li>\n<\/ul>\n<p><span style=\"font-weight: 400;\">Orar el Padre Nuestro no hace a una iglesia m\u00e1s cercana o m\u00e1s lejana de una denominaci\u00f3n particular, la hace m\u00e1s cercana a la ense\u00f1anza de Cristo si lo hace con fidelidad b\u00edblica.<\/span><\/p>\n<h3><b>\u00bfSe puede usar el Padre Nuestro como \u201coraci\u00f3n de protecci\u00f3n\u201d frente al mal?<\/b><\/h3>\n<p><span style=\"font-weight: 400;\">El Padre Nuestro incluye una petici\u00f3n espec\u00edfica, \u201cno nos metas en tentaci\u00f3n, mas l\u00edbranos del mal\u201d. Esta frase, orada con fe en Jesucristo, expresa una b\u00fasqueda real de protecci\u00f3n espiritual. Sin embargo, no debe tratarse como una f\u00f3rmula m\u00e1gica.<\/span><\/p>\n<p><span style=\"font-weight: 400;\">Para una protecci\u00f3n sana y b\u00edblica conviene:<\/span><\/p>\n<ul>\n<li style=\"font-weight: 400;\" aria-level=\"1\"><span style=\"font-weight: 400;\">Orar el Padre Nuestro con confianza en la obra de Cristo, no como amuleto.<\/span><\/li>\n<li style=\"font-weight: 400;\" aria-level=\"1\"><span style=\"font-weight: 400;\">Unir la oraci\u00f3n con obediencia, alej\u00e1ndose voluntariamente de lugares, contenidos y decisiones que alimentan la tentaci\u00f3n.<\/span><\/li>\n<li style=\"font-weight: 400;\" aria-level=\"1\"><span style=\"font-weight: 400;\">Mantener una vida de estudio b\u00edblico, comuni\u00f3n y servicio, que fortalece la fe frente al ataque del enemigo.<\/span><\/li>\n<\/ul>\n<p><span style=\"font-weight: 400;\">El poder no est\u00e1 en la repetici\u00f3n de palabras, sino en el Dios al que se ora, el Padre que nos cuida en el nombre de Jes\u00fas. Si quieres profundizar en la realidad del conflicto espiritual en la Biblia, puede ayudarte revisar el contenido sobre<\/span><a href=\"https:\/\/cleefbible.com\/fr\/prophete-dans-la-bible\/\"> <span style=\"font-weight: 400;\">la figura del profeta<\/span><\/a><span style=\"font-weight: 400;\">, ya que muchos profetas afrontaron esta lucha confiando en el Se\u00f1or.<\/span><\/p>\n<h3><b>\u00bfEs apropiado ense\u00f1ar el Padre Nuestro a personas que reci\u00e9n se acercan a la fe?<\/b><\/h3>\n<p><span style=\"font-weight: 400;\">S\u00ed, es muy apropiado. El Padre Nuestro es una excelente puerta de entrada a la vida de oraci\u00f3n y al mensaje central del Evangelio. Eso s\u00ed, conviene acompa\u00f1ar la memorizaci\u00f3n con explicaci\u00f3n b\u00edblica b\u00e1sica.<\/span><\/p>\n<p><span style=\"font-weight: 400;\">Un marco \u00fatil para nuevos creyentes es presentar el Padre Nuestro como:<\/span><\/p>\n<ul>\n<li style=\"font-weight: 400;\" aria-level=\"1\"><b>Resumen de qui\u00e9n es Dios<\/b><span style=\"font-weight: 400;\">, Padre, santo, Rey, Se\u00f1or de la historia.<\/span><\/li>\n<li style=\"font-weight: 400;\" aria-level=\"1\"><b>Mapa de la vida cristiana<\/b><span style=\"font-weight: 400;\">, relaci\u00f3n con Dios, provisi\u00f3n diaria, perd\u00f3n, lucha espiritual.<\/span><\/li>\n<li style=\"font-weight: 400;\" aria-level=\"1\"><b>Modelo de oraci\u00f3n<\/b><span style=\"font-weight: 400;\">, sencillo de aprender, profundo al meditarlo.<\/span><\/li>\n<\/ul>\n<p><span style=\"font-weight: 400;\">En un curso de preparaci\u00f3n para el bautismo o de discipulado inicial, el Padre Nuestro puede ocupar varias sesiones, abordando cada frase como tema doctrinal y pr\u00e1ctico.<\/span><\/p>\n<h3><b>\u00bfQu\u00e9 hago si ya me lo s\u00e9 de memoria, pero lo siento \u201cfr\u00edo\u201d o sin vida?<\/b><\/h3>\n<p><span style=\"font-weight: 400;\">Es una experiencia com\u00fan entre creyentes que aprendieron el Padre Nuestro desde peque\u00f1os. No significa que la oraci\u00f3n tenga menos valor, significa que necesitas renovarla en tu coraz\u00f3n. Algunas sugerencias pr\u00e1cticas:<\/span><\/p>\n<ul>\n<li style=\"font-weight: 400;\" aria-level=\"1\"><b>L\u00e9elo en tu Biblia<\/b><span style=\"font-weight: 400;\">, palabra por palabra, como si fuera la primera vez.<\/span><\/li>\n<li style=\"font-weight: 400;\" aria-level=\"1\"><b>Escr\u00edbelo<\/b><span style=\"font-weight: 400;\"> en un cuaderno, dejando espacio entre frases para anotar lo que el Esp\u00edritu Santo te va mostrando.<\/span><\/li>\n<li style=\"font-weight: 400;\" aria-level=\"1\"><b>Ora una frase por d\u00eda<\/b><span style=\"font-weight: 400;\"> durante un per\u00edodo, desarroll\u00e1ndola con tus propias palabras, aplicada a tu realidad en el mundo.<\/span><\/li>\n<li style=\"font-weight: 400;\" aria-level=\"1\"><b>Comp\u00e1rtelo<\/b><span style=\"font-weight: 400;\"> con alguien, por ejemplo, ense\u00f1\u00e1ndolo a un ni\u00f1o, a un nuevo creyente o en un grupo peque\u00f1o. Ense\u00f1ar suele renovar lo que ya conoces.<\/span><\/li>\n<\/ul>\n<p><span style=\"font-weight: 400;\">Cuando vuelves al Padre Nuestro con la convicci\u00f3n de que Jes\u00fas mismo te lo est\u00e1 ense\u00f1ando hoy, la rutina cede lugar a una nueva frescura espiritual.<\/span><\/p>\n<h3><b>\u00bfEl Padre Nuestro contradice o reemplaza otras formas de oraci\u00f3n personal?<\/b><\/h3>\n<p><span style=\"font-weight: 400;\">No. El Padre Nuestro no contradice la oraci\u00f3n espont\u00e1nea, la oraci\u00f3n silenciosa, la oraci\u00f3n en grupo peque\u00f1o o la intercesi\u00f3n espec\u00edfica. M\u00e1s bien, las orienta. Puedes seguir orando por tu familia, por tu trabajo, por tu iglesia local, por la realidad del pa\u00eds, pero dejando que las prioridades del Padre Nuestro ordenen tus peticiones.<\/span><\/p>\n<p><span style=\"font-weight: 400;\">Una pauta pr\u00e1ctica es usarlo como filtro:<\/span><\/p>\n<ul>\n<li style=\"font-weight: 400;\" aria-level=\"1\"><span style=\"font-weight: 400;\">\u00bfLo que pido honra el nombre de Dios o solo mis intereses?<\/span><\/li>\n<li style=\"font-weight: 400;\" aria-level=\"1\"><span style=\"font-weight: 400;\">\u00bfLo que deseo se alinea con el Reino y la voluntad de Dios?<\/span><\/li>\n<li style=\"font-weight: 400;\" aria-level=\"1\"><span style=\"font-weight: 400;\">\u00bfEstoy pidiendo pan diario o solo acumulaci\u00f3n ego\u00edsta?<\/span><\/li>\n<li style=\"font-weight: 400;\" aria-level=\"1\"><span style=\"font-weight: 400;\">\u00bfEstoy dispuesto a perdonar mientras pido perd\u00f3n?<\/span><\/li>\n<\/ul>\n<p><span style=\"font-weight: 400;\">As\u00ed, el Padre Nuestro no anula otras oraciones, las purifica y las centra en Dios Padre, en Jesucristo y en la obra del Esp\u00edritu Santo.<\/span><\/p>\n<h3><b>\u00bfPuede el Padre Nuestro unir a creyentes de distintas denominaciones en el mundo?<\/b><\/h3>\n<p><span style=\"font-weight: 400;\">S\u00ed. Dentro del respeto a las convicciones doctrinales de cada comunidad, el Padre Nuestro ofrece un terreno com\u00fan muy valioso, porque su origen es claramente b\u00edblico y su contenido exalta a Dios y su Reino. Cuando cristianos de distintas iglesias lo oran juntos, reconocen al mismo Padre, al mismo Reino y a la misma necesidad de perd\u00f3n y liberaci\u00f3n del mal.<\/span><\/p>\n<p><span style=\"font-weight: 400;\">Para la iglesia adventista, esta apertura se vive sin ceder su identidad b\u00edblica, pero reconociendo que la oraci\u00f3n ense\u00f1ada por Jes\u00fas pertenece a todo su pueblo. Usarla con humildad y fidelidad puede ser un testimonio de amor cristiano en medio de un pa\u00eds que necesita ver unidad en torno a la Palabra de Dios y a la persona de Cristo.<\/span><\/p>\n<h2><span class=\"ez-toc-section\" id=\"Conclusion_conocer_y_practicar_la_oracion_mas_famosa_de_la_Biblia\"><\/span><b>Conclusi\u00f3n: conocer y practicar la oraci\u00f3n m\u00e1s famosa de la Biblia<\/b><span class=\"ez-toc-section-end\"><\/span><\/h2>\n<p><span style=\"font-weight: 400;\">Volver al Padre Nuestro, con la Biblia abierta y el coraz\u00f3n despierto, cambia la perspectiva. Ya no se trata de una oraci\u00f3n \u201cfamosa\u201d solo porque muchos la repiten, se trata de un <\/span><b>resumen vivo del Evangelio<\/b><span style=\"font-weight: 400;\">, puesto en palabras sencillas por Jesucristo para sus disc\u00edpulos. Para una persona cristiana y adventista en el mundo, esto tiene un valor espiritual e intelectual muy concreto.<\/span><\/p>\n<p><b>En lo espiritual<\/b><span style=\"font-weight: 400;\">, el Padre Nuestro te recuerda cada d\u00eda qui\u00e9n es Dios y qui\u00e9n eres t\u00fa. \u00c9l es Padre, Rey, santo, proveedor, perdonador y libertador del mal. T\u00fa eres hijo o hija, dependiente, necesitado de perd\u00f3n, llamado a la obediencia y parte de un pueblo. Orar as\u00ed te coloca en tu lugar correcto, lejos del orgullo y lejos de la desesperaci\u00f3n. Te sostiene entre la reverencia y la confianza.<\/span><\/p>\n<p><b>En lo intelectual<\/b><span style=\"font-weight: 400;\">, esta oraci\u00f3n ordena lo que crees. Cada frase se conecta con grandes temas b\u00edblicos, el car\u00e1cter de Dios, el Reino, la voluntad divina, la mayordom\u00eda, la justificaci\u00f3n, la santificaci\u00f3n, el gran conflicto. Estudiar el Padre Nuestro con cuidado fortalece la mente, afina el discernimiento y te ayuda a leer toda la Biblia con mejores lentes. Si deseas continuar ese camino, puede ser \u00fatil revisar recursos que explican el<\/span><a href=\"https:\/\/cleefbible.com\/fr\/signification-de-la-bible\/\"> <span style=\"font-weight: 400;\">significado de Biblia<\/span><\/a><span style=\"font-weight: 400;\"> y su autoridad para la fe.<\/span><\/p>\n<p><b>El valor para la comunidad adventista en el mundo<\/b><span style=\"font-weight: 400;\"> es evidente. Esta oraci\u00f3n:<\/span><\/p>\n<ul>\n<li style=\"font-weight: 400;\" aria-level=\"1\"><b>Unifica<\/b><span style=\"font-weight: 400;\">, porque da un lenguaje com\u00fan de fe. Todos dicen \u201cPadre nuestro\u201d, todos piden el mismo pan, todos suplican el mismo perd\u00f3n.<\/span><\/li>\n<li style=\"font-weight: 400;\" aria-level=\"1\"><b>Corrige<\/b><span style=\"font-weight: 400;\">, porque nos confronta cuando nuestras oraciones giran solo en torno a necesidades materiales, proyectos personales o preocupaciones pasajeras.<\/span><\/li>\n<li style=\"font-weight: 400;\" aria-level=\"1\"><b>Enra\u00edza<\/b><span style=\"font-weight: 400;\">, porque recuerda que la vida de iglesia no nace de ideas humanas, nace de la ense\u00f1anza directa de Cristo, conservada en la Escritura.<\/span><\/li>\n<\/ul>\n<p><span style=\"font-weight: 400;\">Cuando una iglesia adventista en el mundo hace del Padre Nuestro parte de su vida real, no solo de su memoria, suceden cosas concretas. La adoraci\u00f3n se centra m\u00e1s en Dios y menos en el espect\u00e1culo. La misi\u00f3n se entiende m\u00e1s como \u201cvenga tu Reino\u201d y menos como \u201cvenga mi plan\u201d. Los conflictos internos se abordan con m\u00e1s disposici\u00f3n a decir \u201cperd\u00f3nanos\u201d y \u201ccomo tambi\u00e9n nosotros perdonamos\u201d. La lucha diaria se vive con una conciencia m\u00e1s clara del mal y con m\u00e1s confianza en el Dios que libra.<\/span><\/p>\n<p><b>Responder de verdad a la pregunta inicial<\/b><span style=\"font-weight: 400;\"> significa ir m\u00e1s all\u00e1 de un dato. S\u00ed, ya sabemos que la oraci\u00f3n m\u00e1s famosa de la Biblia es el Padre Nuestro. Pero la pregunta m\u00e1s importante ahora es otra, <\/span><i><span style=\"font-weight: 400;\">\u00bfqu\u00e9 lugar tendr\u00e1 esta oraci\u00f3n en tu vida a partir de hoy?<\/span><\/i><span style=\"font-weight: 400;\"> Saber el \u201ccu\u00e1l\u201d no sirve de mucho si no abrazas el \u201cc\u00f3mo\u201d y el \u201cpara qu\u00e9\u201d.<\/span><\/p>\n<p><span style=\"font-weight: 400;\">El \u201cc\u00f3mo\u201d es sencillo de describir, aunque no siempre f\u00e1cil de vivir.<\/span><\/p>\n<ul>\n<li style=\"font-weight: 400;\" aria-level=\"1\"><span style=\"font-weight: 400;\">Orar con entendimiento, meditando cada parte, no corriendo de memoria.<\/span><\/li>\n<li style=\"font-weight: 400;\" aria-level=\"1\"><span style=\"font-weight: 400;\">Usarla como gu\u00eda para tus propias palabras, dejando que su orden marque tus prioridades.<\/span><\/li>\n<li style=\"font-weight: 400;\" aria-level=\"1\"><span style=\"font-weight: 400;\">Traerla a la familia, a la iglesia local, a los momentos de crisis y a los tiempos de alegr\u00eda.<\/span><\/li>\n<\/ul>\n<p><span style=\"font-weight: 400;\">El \u201cpara qu\u00e9\u201d se conecta con la intenci\u00f3n de Jes\u00fas. \u00c9l no dio esta oraci\u00f3n para que acumule polvo en la mente, la dio para formar disc\u00edpulos. Disc\u00edpulos que vivan para la gloria del Padre, que anhelen su Reino por encima de cualquier otro, que se sometan a su voluntad, que conf\u00eden en su provisi\u00f3n, que vivan en un ciclo constante de perd\u00f3n y que tomen en serio la realidad de la tentaci\u00f3n y del mal.<\/span><\/p>\n<p><b>Profundizar en la fe por medio del Padre Nuestro<\/b><span style=\"font-weight: 400;\"> tambi\u00e9n significa volver una y otra vez a las Escrituras, con humildad y decisi\u00f3n. La oraci\u00f3n y la Biblia no compiten, se necesitan mutuamente. La Biblia te muestra qui\u00e9n es el Dios al que oras, la oraci\u00f3n abre tu coraz\u00f3n para que esa verdad te transforme. Si quieres consolidar este camino, puede ayudarte a conocer m\u00e1s sobre el<\/span><a href=\"https:\/\/cleefbible.com\/fr\/epoque-de-la-redaction-de-la-bible\/\"> <span style=\"font-weight: 400;\">tiempo de escritura de la Biblia<\/span><\/a><span style=\"font-weight: 400;\">, para apreciar a\u00fan m\u00e1s la fidelidad de Dios al guiar a su pueblo a lo largo de la historia.<\/span><\/p>\n<p><span style=\"font-weight: 400;\">En el contexto mundial de 2026, con tensiones sociales, cansancio, ruido informativo y una espiritualidad muchas veces superficial, el Padre Nuestro act\u00faa como un llamado claro. Te invita a salir de la dispersi\u00f3n y volver al centro, Dios Padre, revelado en Jesucristo, que por su Esp\u00edritu sigue obrando en su iglesia.<\/span><\/p>\n<p><b>La invitaci\u00f3n queda sobre la mesa<\/b><span style=\"font-weight: 400;\">. No te conformes con saber cu\u00e1l es la oraci\u00f3n m\u00e1s famosa de la Biblia. Haz de esa oraci\u00f3n tu escuela diaria. Permite que el Esp\u00edritu Santo use cada frase para moldear tu mente, tu car\u00e1cter y tu servicio. Que en tu vida personal, en tu familia y en tu iglesia local en el mundo, se note que has estado sentado a los pies de Jes\u00fas, aprendiendo a decir con sinceridad y coherencia:<\/span><\/p>\n<p><i><span style=\"font-weight: 400;\">\u201cPadre nuestro, santificado sea tu nombre, venga tu Reino, h\u00e1gase tu voluntad.\u201d<\/span><\/i><\/p>\n<h2><span class=\"ez-toc-section\" id=\"Llamado_a_la_accion_para_la_comunidad_adventista_en_el_mundo\"><\/span><b>Llamado a la acci\u00f3n para la comunidad adventista en el mundo<\/b><span class=\"ez-toc-section-end\"><\/span><\/h2>\n<p><span style=\"font-weight: 400;\">Despu\u00e9s de recorrer el Padre Nuestro desde la Biblia, queda una pregunta directa para ti y para tu iglesia, \u00bfqu\u00e9 har\u00e1n con esta luz que Dios ya mostr\u00f3? No basta haber entendido, ahora corresponde <\/span><b>responder<\/b><span style=\"font-weight: 400;\">. Este llamado a la acci\u00f3n es para creyentes concretos, familias reales e iglesias locales en el mundo que desean honrar al Padre, seguir a Jes\u00fas y dejarse guiar por el Esp\u00edritu Santo.<\/span><\/p>\n<h3><b>1. Decide hacer del Padre Nuestro parte de tu rutina con Dios<\/b><\/h3>\n<p><span style=\"font-weight: 400;\">El primer paso es profundamente personal. No depende de la junta de iglesia ni del pastor. Depende de tu decisi\u00f3n delante del Padre.<\/span><\/p>\n<ul>\n<li style=\"font-weight: 400;\" aria-level=\"1\"><b>Comprom\u00e9tete a orar el Padre Nuestro con entendimiento<\/b><span style=\"font-weight: 400;\">, por un per\u00edodo definido, por ejemplo un ciclo de d\u00edas o semanas, meditando cada frase.<\/span><\/li>\n<li style=\"font-weight: 400;\" aria-level=\"1\"><b>Reserva un momento fijo del d\u00eda<\/b><span style=\"font-weight: 400;\"> para orar, aunque sea breve. Puede ser al iniciar la ma\u00f1ana o antes de dormir. Lo importante es la constancia, no la duraci\u00f3n.<\/span><\/li>\n<li style=\"font-weight: 400;\" aria-level=\"1\"><b>Ten tu Biblia abierta<\/b><span style=\"font-weight: 400;\"> cuando lo recites. No lo trates como una f\u00f3rmula suelta, m\u00edralo en el contexto del mensaje de Jes\u00fas.<\/span><\/li>\n<\/ul>\n<p><span style=\"font-weight: 400;\">Si te ayuda, puedes escribir la oraci\u00f3n completa en una hoja y pegarla en un lugar visible de tu casa. La idea no es decorar, es recordarte a diario que Jes\u00fas ya te mostr\u00f3 c\u00f3mo hablar con el Padre.<\/span><\/p>\n<h3><b>2. Invita a tu familia a entrar en esta misma escuela de oraci\u00f3n<\/b><\/h3>\n<p><span style=\"font-weight: 400;\">La fe se fortalece cuando se comparte en casa. No hace falta un programa complejo, hace falta intenci\u00f3n y perseverancia.<\/span><\/p>\n<ul>\n<li style=\"font-weight: 400;\" aria-level=\"1\"><b>Prop\u00f3n un peque\u00f1o \u201cproyecto de familia\u201d<\/b><span style=\"font-weight: 400;\">. Por ejemplo, dedicar una noche por semana a leer el Padre Nuestro y conversar una frase.<\/span><\/li>\n<li style=\"font-weight: 400;\" aria-level=\"1\"><b>Ayuda a los ni\u00f1os y j\u00f3venes<\/b><span style=\"font-weight: 400;\"> a descubrir que esta oraci\u00f3n no es aburrida, sino un mapa para la vida real, estudios, amistades, decisiones, redes sociales, tentaciones.<\/span><\/li>\n<li style=\"font-weight: 400;\" aria-level=\"1\"><b>Usa el Padre Nuestro para sanar<\/b><span style=\"font-weight: 400;\">. Si hay tensi\u00f3n en el hogar, deja que las frases sobre el perd\u00f3n y la voluntad de Dios marquen la conversaci\u00f3n y la oraci\u00f3n.<\/span><\/li>\n<\/ul>\n<p><span style=\"font-weight: 400;\">La meta no es que todos repitan perfecto, sino que el lenguaje del Padre Nuestro comience a impregnar la manera en que la familia piensa, decide y reacciona.<\/span><\/p>\n<h3><b>3. Prop\u00f3n en tu iglesia local un tiempo espec\u00edfico centrado en el Padre Nuestro<\/b><\/h3>\n<p><span style=\"font-weight: 400;\">Dios suele usar a personas sencillas que se atreven a sugerir pasos concretos. No necesitas un cargo para bendecir a tu congregaci\u00f3n.<\/span><\/p>\n<p><span style=\"font-weight: 400;\">Puedes acercarte con respeto a tu pastor o a los ancianos y proponer:<\/span><\/p>\n<ul>\n<li style=\"font-weight: 400;\" aria-level=\"1\"><b>Una serie corta de reuniones de oraci\u00f3n<\/b><span style=\"font-weight: 400;\"> donde cada encuentro se basa en una parte del Padre Nuestro.<\/span><\/li>\n<li style=\"font-weight: 400;\" aria-level=\"1\"><b>Un ciclo de Escuela Sab\u00e1tica o de grupos peque\u00f1os<\/b><span style=\"font-weight: 400;\"> enfocado en las frases de la oraci\u00f3n, aplicadas a la realidad mundial actual.<\/span><\/li>\n<li style=\"font-weight: 400;\" aria-level=\"1\"><b>Un momento fijo en el culto sab\u00e1tico<\/b><span style=\"font-weight: 400;\"> para orar juntos el Padre Nuestro, con una breve explicaci\u00f3n previa que evite la rutina vac\u00eda.<\/span><\/li>\n<\/ul>\n<p><span style=\"font-weight: 400;\">Si deseas fortalecer el trasfondo b\u00edblico de lo que compartes, puede ayudarte revisar materiales que explican la historia y estructura de la Biblia, como los recursos sobre los<\/span><a href=\"https:\/\/cleefbible.com\/en\/books-of-the-bible\/\"> <span style=\"font-weight: 400;\">livres de la Bible<\/span><\/a><span style=\"font-weight: 400;\"> o el<\/span><a href=\"https:\/\/cleefbible.com\/en\/time-of-writing-of-the-bible\/\"> <span style=\"font-weight: 400;\">tiempo de escritura de la Biblia<\/span><\/a><span style=\"font-weight: 400;\">. Eso te dar\u00e1 m\u00e1s claridad al presentar la importancia de una oraci\u00f3n que nace en el coraz\u00f3n mismo del evangelio.<\/span><\/p>\n<h3><b>4. Organicen en la congregaci\u00f3n un \u201ccompromiso de oraci\u00f3n comunitaria\u201d<\/b><\/h3>\n<p><span style=\"font-weight: 400;\">El Padre Nuestro es plural. Por eso, es coherente responder como cuerpo.<\/span><\/p>\n<p><span style=\"font-weight: 400;\">Algunas acciones concretas que una iglesia adventista en el mundo puede acordar son:<\/span><\/p>\n<ul>\n<li style=\"font-weight: 400;\" aria-level=\"1\"><b>Establecer un horario diario compartido<\/b><span style=\"font-weight: 400;\">, donde cada miembro, est\u00e9 donde est\u00e9, se compromete a orar el Padre Nuestro. No necesitan conectarse por internet, basta saber que a esa hora la iglesia, dispersa, se une frente al mismo Padre.<\/span><\/li>\n<li style=\"font-weight: 400;\" aria-level=\"1\"><b>Crear grupos peque\u00f1os de oraci\u00f3n<\/b><span style=\"font-weight: 400;\"> que usen el Padre Nuestro como gu\u00eda b\u00e1sica. En cada reuni\u00f3n pueden enfocarse en dos o tres frases y orar por necesidades reales del grupo y de la comunidad.<\/span><\/li>\n<li style=\"font-weight: 400;\" aria-level=\"1\"><b>Vincular el Padre Nuestro con la misi\u00f3n local<\/b><span style=\"font-weight: 400;\">. Por ejemplo, despu\u00e9s de actividades de ayuda social o de evangelismo, cerrar siempre orando conscientemente \u201cvenga tu Reino, h\u00e1gase tu voluntad\u201d por ese barrio o sector.<\/span><\/li>\n<\/ul>\n<p><span style=\"font-weight: 400;\">Estas pr\u00e1cticas sencillas, mantenidas en el tiempo, generan una cultura de oraci\u00f3n centrada en la Biblia, no en modas pasajeras.<\/span><\/p>\n<h3><b>5. Ordena tus prioridades personales seg\u00fan las frases de Jes\u00fas<\/b><\/h3>\n<p><span style=\"font-weight: 400;\">Responder al llamado del Padre Nuestro implica revisar tu agenda, tus planes y tus decisiones. Puedes tomar un tiempo a solas, con papel y l\u00e1piz, y realizar este ejercicio:<\/span><\/p>\n<ol>\n<li style=\"font-weight: 400;\" aria-level=\"1\"><b>Escribe cada frase del Padre Nuestro<\/b><span style=\"font-weight: 400;\"> dejando espacio debajo.<\/span><\/li>\n<li style=\"font-weight: 400;\" aria-level=\"1\"><b>Bajo \u201csantificado sea tu nombre\u201d<\/b><span style=\"font-weight: 400;\">, anota qu\u00e9 aspectos de tu conducta hoy honran el nombre de Dios y cu\u00e1les lo da\u00f1an.<\/span><\/li>\n<li style=\"font-weight: 400;\" aria-level=\"1\"><b>Bajo \u201cvenga tu Reino\u201d<\/b><span style=\"font-weight: 400;\">, escribe qu\u00e9 espacio ocupa el Reino de Dios en tu uso del tiempo, de los recursos y de tus talentos.<\/span><\/li>\n<li style=\"font-weight: 400;\" aria-level=\"1\"><b>Bajo \u201cel pan nuestro de cada d\u00eda\u201d<\/b><span style=\"font-weight: 400;\">, reconoce de qu\u00e9 maneras est\u00e1s confiando m\u00e1s en tus fuerzas que en la provisi\u00f3n del Padre.<\/span><\/li>\n<li style=\"font-weight: 400;\" aria-level=\"1\"><b>Bajo \u201cperd\u00f3nanos\u201d<\/b><span style=\"font-weight: 400;\">, identifica personas a las que necesitas pedir perd\u00f3n o perdonar.<\/span><\/li>\n<li style=\"font-weight: 400;\" aria-level=\"1\"><b>Bajo \u201cl\u00edbranos del mal\u201d<\/b><span style=\"font-weight: 400;\">, se\u00f1ala tentaciones concretas donde requieres vigilancia y ayuda especial del Se\u00f1or.<\/span><\/li>\n<\/ol>\n<p><span style=\"font-weight: 400;\">Este no es un ejercicio te\u00f3rico. Es un espacio de encuentro sincero con Dios. Lo que el Esp\u00edritu te muestre all\u00ed marcar\u00e1 cambios concretos que forman parte de tu respuesta pr\u00e1ctica a Jes\u00fas.<\/span><\/p>\n<h3><b>6. Usa el Padre Nuestro como criterio para toda actividad de iglesia<\/b><\/h3>\n<p><span style=\"font-weight: 400;\">La comunidad adventista en el mundo realiza muchos esfuerzos, campa\u00f1as, clases, proyectos juveniles, acciones solidarias. El llamado es a pasar todo eso por el \u201cfiltro\u201d de la oraci\u00f3n que Jes\u00fas ense\u00f1\u00f3. La junta de iglesia, los ministerios y comisiones pueden preguntarse:<\/span><\/p>\n<ul>\n<li style=\"font-weight: 400;\" aria-level=\"1\"><span style=\"font-weight: 400;\">\u00bfEste plan honra realmente el nombre de Dios o busca resaltar nombres humanos?<\/span><\/li>\n<li style=\"font-weight: 400;\" aria-level=\"1\"><span style=\"font-weight: 400;\">\u00bfContribuye al avance del Reino, o solo a mantener una estructura?<\/span><\/li>\n<li style=\"font-weight: 400;\" aria-level=\"1\"><span style=\"font-weight: 400;\">\u00bfEst\u00e1 alineado con la voluntad de Dios revelada en la Biblia, o responde principalmente a gustos personales?<\/span><\/li>\n<li style=\"font-weight: 400;\" aria-level=\"1\"><span style=\"font-weight: 400;\">\u00bfNos lleva a depender m\u00e1s de la provisi\u00f3n del Padre, o solo nos sobrecarga de actividades?<\/span><\/li>\n<li style=\"font-weight: 400;\" aria-level=\"1\"><span style=\"font-weight: 400;\">\u00bfPromueve la experiencia de perd\u00f3n y reconciliaci\u00f3n dentro de la iglesia?<\/span><\/li>\n<li style=\"font-weight: 400;\" aria-level=\"1\"><span style=\"font-weight: 400;\">\u00bfNos ayuda a tomar en serio la realidad de la tentaci\u00f3n y del mal, o act\u00faa como si no existieran?<\/span><\/li>\n<\/ul>\n<p><span style=\"font-weight: 400;\">Responder con honestidad a estas preguntas puede implicar ajustes, cancelaciones, nuevos comienzos. Pero ese proceso, vivido en oraci\u00f3n, es parte del llamado de Dios a una iglesia m\u00e1s parecida a lo que Jes\u00fas ense\u00f1\u00f3.<\/span><\/p>\n<h3><b>7. Comparte este enfoque con otras iglesias y creyentes<\/b><\/h3>\n<p><span style=\"font-weight: 400;\">El llamado no se limita a una sola congregaci\u00f3n. El mundo est\u00e1 lleno de comunidades cristianas que aman a Dios y valoran la Biblia. Dentro de tus posibilidades, puedes:<\/span><\/p>\n<ul>\n<li style=\"font-weight: 400;\" aria-level=\"1\"><b>Conversar sobre el Padre Nuestro<\/b><span style=\"font-weight: 400;\"> con amigos de otras iglesias, siempre con respeto, mostrando c\u00f3mo esta oraci\u00f3n ha bendecido tu vida y tu comunidad.<\/span><\/li>\n<li style=\"font-weight: 400;\" aria-level=\"1\"><b>Proponer instancias de oraci\u00f3n conjunta<\/b><span style=\"font-weight: 400;\"> en las que el Padre Nuestro tenga un lugar central, como se\u00f1al visible de unidad en torno a Jes\u00fas y su Palabra.<\/span><\/li>\n<li style=\"font-weight: 400;\" aria-level=\"1\"><b>Compartir recursos b\u00edblicos<\/b><span style=\"font-weight: 400;\"> que ayuden a otros a profundizar en la Escritura, recordando que el mismo Esp\u00edritu que inspir\u00f3 el Padre Nuestro inspir\u00f3 toda la Biblia.<\/span><\/li>\n<\/ul>\n<p><span style=\"font-weight: 400;\">Mientras m\u00e1s creyentes en el pa\u00eds vuelvan de coraz\u00f3n a esta oraci\u00f3n, m\u00e1s visible ser\u00e1 el testimonio de un pueblo que busca, por sobre todo, la santificaci\u00f3n del nombre de Dios y la venida de su Reino.<\/span><\/p>\n<h3><b>8. Mant\u00e9n viva la conexi\u00f3n entre Biblia y oraci\u00f3n<\/b><\/h3>\n<p><span style=\"font-weight: 400;\">El \u00faltimo llamado es a no separar lo que Dios uni\u00f3, la Palabra y la oraci\u00f3n. El Padre Nuestro es Palabra inspirada, es Biblia. Orar b\u00edblicamente requiere seguir creciendo en el conocimiento de la Escritura completa.<\/span><\/p>\n<p><span style=\"font-weight: 400;\">Algunas decisiones concretas que puedes tomar:<\/span><\/p>\n<ul>\n<li style=\"font-weight: 400;\" aria-level=\"1\"><b>Participar fielmente en espacios de estudio b\u00edblico<\/b><span style=\"font-weight: 400;\"> de tu iglesia, Escuela Sab\u00e1tica, clases, grupos de estudio.<\/span><\/li>\n<li style=\"font-weight: 400;\" aria-level=\"1\"><b>Leer sistem\u00e1ticamente la Biblia<\/b><span style=\"font-weight: 400;\">, no solo textos sueltos. Esto te permitir\u00e1 ver c\u00f3mo el Padre Nuestro encaja con el gran relato de la creaci\u00f3n, la ca\u00edda, la redenci\u00f3n y la restauraci\u00f3n.<\/span><\/li>\n<li style=\"font-weight: 400;\" aria-level=\"1\"><b>Buscar recursos confiables<\/b><span style=\"font-weight: 400;\"> que te ayuden a entender mejor el contexto hist\u00f3rico, los g\u00e9neros literarios y los temas principales de la Escritura. Esta base fortalece tu manera de orar.<\/span><\/li>\n<\/ul>\n<p><span style=\"font-weight: 400;\">La meta no es acumular informaci\u00f3n, sino que tu oraci\u00f3n y tu estudio se alimenten mutuamente. Que lo que lees en la Palabra te lleve a orar con m\u00e1s profundidad, y que lo que oras te lleve a buscar m\u00e1s la Palabra.<\/span><\/p>\n<h3><b>Un llamado directo para este tiempo en el mundo<\/b><\/h3>\n<p><span style=\"font-weight: 400;\">El contexto mundial no es sencillo. Hay cansancio, polarizaci\u00f3n, incertidumbre econ\u00f3mica, heridas sociales, dudas espirituales. Justamente por eso, la invitaci\u00f3n de Jes\u00fas a orar el Padre Nuestro suena hoy con m\u00e1s fuerza que nunca.<\/span><\/p>\n<p><b>Haz tuya esa invitaci\u00f3n. Hazla vida en tu familia. Hazla cultura en tu iglesia.<\/b><\/p>\n<p><span style=\"font-weight: 400;\">Decide hoy dar un paso concreto, aunque sea peque\u00f1o. Escoge un horario para orar el Padre Nuestro, conversa con tu familia, habla con tus l\u00edderes, prop\u00f3n un espacio de estudio. No esperes condiciones perfectas, el Padre al que te diriges ya conoce la realidad de tu pa\u00eds, de tu hogar y de tu congregaci\u00f3n. \u00c9l mismo, por medio de su Hijo, te dio las palabras. Ahora espera tu respuesta.<\/span><\/p>\n<p><span style=\"font-weight: 400;\">El llamado est\u00e1 hecho<\/span><span style=\"font-weight: 400;\">, a volver al Padre, por medio de Jesucristo, guiados por el Esp\u00edritu Santo, usando la oraci\u00f3n m\u00e1s conocida de la Biblia no como simple tradici\u00f3n, sino como camino diario de fe, obediencia y esperanza.<\/span><\/p>\n<p>&nbsp;<\/p>\n<p>[\/et_pb_text][\/et_pb_column][\/et_pb_row][\/et_pb_section]<\/p>","protected":false},"excerpt":{"rendered":"<p>Antes de responder esa pregunta, vale la pena detenerse un momento y mirar algo que atraviesa toda la Escritura de principio a fin: la oraci\u00f3n. Desde el G\u00e9nesis hasta el Apocalipsis, la Biblia muestra a hombres y mujeres que abren su coraz\u00f3n delante de Dios, que claman, alaban, confiesan, interceden y agradecen. No se trata [&hellip;]<\/p>","protected":false},"author":2,"featured_media":1176,"comment_status":"open","ping_status":"open","sticky":false,"template":"","format":"standard","meta":{"_et_pb_use_builder":"on","_et_pb_old_content":"","_et_gb_content_width":"","_monsterinsights_skip_tracking":false,"_monsterinsights_sitenote_active":false,"_monsterinsights_sitenote_note":"","_monsterinsights_sitenote_category":0,"footnotes":""},"categories":[5,109],"tags":[],"class_list":["post-1171","post","type-post","status-publish","format-standard","has-post-thumbnail","hentry","category-biblia-y-teologia","category-estudio-biblico"],"_links":{"self":[{"href":"https:\/\/cleefbible.com\/fr\/wp-json\/wp\/v2\/posts\/1171","targetHints":{"allow":["GET"]}}],"collection":[{"href":"https:\/\/cleefbible.com\/fr\/wp-json\/wp\/v2\/posts"}],"about":[{"href":"https:\/\/cleefbible.com\/fr\/wp-json\/wp\/v2\/types\/post"}],"author":[{"embeddable":true,"href":"https:\/\/cleefbible.com\/fr\/wp-json\/wp\/v2\/users\/2"}],"replies":[{"embeddable":true,"href":"https:\/\/cleefbible.com\/fr\/wp-json\/wp\/v2\/comments?post=1171"}],"version-history":[{"count":4,"href":"https:\/\/cleefbible.com\/fr\/wp-json\/wp\/v2\/posts\/1171\/revisions"}],"predecessor-version":[{"id":1178,"href":"https:\/\/cleefbible.com\/fr\/wp-json\/wp\/v2\/posts\/1171\/revisions\/1178"}],"wp:featuredmedia":[{"embeddable":true,"href":"https:\/\/cleefbible.com\/fr\/wp-json\/wp\/v2\/media\/1176"}],"wp:attachment":[{"href":"https:\/\/cleefbible.com\/fr\/wp-json\/wp\/v2\/media?parent=1171"}],"wp:term":[{"taxonomy":"category","embeddable":true,"href":"https:\/\/cleefbible.com\/fr\/wp-json\/wp\/v2\/categories?post=1171"},{"taxonomy":"post_tag","embeddable":true,"href":"https:\/\/cleefbible.com\/fr\/wp-json\/wp\/v2\/tags?post=1171"}],"curies":[{"name":"wp","href":"https:\/\/api.w.org\/{rel}","templated":true}]}}